{"id":14609,"date":"2019-04-09T12:00:46","date_gmt":"2019-04-09T10:00:46","guid":{"rendered":"https:\/\/marekkuchcinski.pl\/?p=14609"},"modified":"2019-04-09T12:13:57","modified_gmt":"2019-04-09T10:13:57","slug":"3-lata-500-plus-do-podkarpackich-rodzin-trafilo-41-mld-zl","status":"publish","type":"post","link":"https:\/\/marekkuchcinski.pl\/hu\/wydarzenia\/3-lata-500-plus-do-podkarpackich-rodzin-trafilo-41-mld-zl\/","title":{"rendered":"A \"Csal\u00e1d 500 plusz\" program h\u00e1rom \u00e9ve - 4,1 milli\u00e1rd PLN-t osztottak sz\u00e9t a podkarpatszki r\u00e9gi\u00f3ban \u00e9l\u0151 csal\u00e1dok k\u00f6z\u00f6tt"},"content":{"rendered":"<p>A Jog \u00e9s Igazs\u00e1goss\u00e1g p\u00e1rt m\u00e1r bejelentett z\u00e1szl\u00f3shaj\u00f3 projektje\na 2015-\u00f6s v\u00e1laszt\u00e1si kamp\u00e1ny sor\u00e1n - \"Csal\u00e1d 500 plusz\" - m\u00e1r h\u00e1rom \u00e9ves.<\/p>\n\n\n\n<p>A m\u00e1sodik gyermek ut\u00e1n j\u00e1r\u00f3 500 PLN kiegyenl\u00edti a fejl\u0151d\u00e9si lehet\u0151s\u00e9geket,\noktat\u00e1s, de mindenekel\u0151tt a legfiatalabbak szeg\u00e9nys\u00e9g\u00e9nek felsz\u00e1mol\u00e1sa.<\/p>\n\n\n\n<p>A Podkarpatszkaja vajdas\u00e1gban a program t\u00f6bb mint 220 ezer gyermeket \u00e9rint, \u00e9s a csal\u00e1dok m\u00e1r t\u00f6bb mint 4 milli\u00e1rd zlotyt kaptak.<\/p>\n\n\n\n<p>A program elind\u00edt\u00e1sa \u00f3ta Lengyelorsz\u00e1g-szerte 3,62 milli\u00f3 gyermek, azaz a 18 \u00e9v alatti gyermekek 52 sz\u00e1zal\u00e9ka r\u00e9szes\u00fclt a programban. A \"Csal\u00e1d 500 plusz\" teljes k\u00f6lts\u00e9ge k\u00f6zel 68 milli\u00e1rd zloty.<\/p>\n\n\n\n<p>Hatalmas sikere ellen\u00e9re a PiS nem pihen a bab\u00e9rjain. M\u00e9g er\u0151teljesebben k\u00edv\u00e1nja t\u00e1mogatni a csal\u00e1dokat, \u00e9s minden gyermek ut\u00e1n 500 zlotyt jelentett be.<\/p>\n\n\n\n<p><\/p>\n\n\n\n<figure class=\"wp-block-image\"><img fetchpriority=\"high\" decoding=\"async\" width=\"724\" height=\"1024\" src=\"https:\/\/marekkuchcinski.pl\/wp-content\/uploads\/2019\/04\/500podkarpacie-724x1024.png\" alt=\"\" class=\"wp-image-14610\" srcset=\"https:\/\/marekkuchcinski.pl\/wp-content\/uploads\/2019\/04\/500podkarpacie-724x1024.png 724w, https:\/\/marekkuchcinski.pl\/wp-content\/uploads\/2019\/04\/500podkarpacie-212x300.png 212w, https:\/\/marekkuchcinski.pl\/wp-content\/uploads\/2019\/04\/500podkarpacie-768x1086.png 768w, https:\/\/marekkuchcinski.pl\/wp-content\/uploads\/2019\/04\/500podkarpacie.png 1240w\" sizes=\"(max-width: 724px) 100vw, 724px\" \/><\/figure>\n\n\n\n<figure class=\"wp-block-embed is-type-rich is-provider-marek-kuchcinski\"><div class=\"wp-block-embed__wrapper\">\n<blockquote class=\"wp-embedded-content\" data-secret=\"xvhITGtdFn\"><a href=\"https:\/\/marekkuchcinski.pl\/hu\/wydarzenia\/pis-skutecznie-pomaga-ludziom-i-ogranicza-biede-i-nierownosci\/\">Lengyelorsz\u00e1g \u00e9len j\u00e1r az \u00e9letsz\u00ednvonal kiegyenl\u00edt\u00e9s\u00e9ben. A PiS hat\u00e9konyan cs\u00f6kkenti a gazdagok \u00e9s szeg\u00e9nyek k\u00f6z\u00f6tti k\u00fcl\u00f6nbs\u00e9geket<\/a><\/blockquote><iframe class=\"wp-embedded-content\" sandbox=\"allow-scripts\" security=\"restricted\" style=\"position: absolute; clip: rect(1px, 1px, 1px, 1px);\" title=\"&quot;Lengyelorsz\u00e1g \u00e9len j\u00e1r az \u00e9letsz\u00ednvonal kiegyenl\u00edt\u00e9s\u00e9ben. A PiS hat\u00e9konyan cs\u00f6kkenti a szeg\u00e9nyek \u00e9s a gazdagok k\u00f6z\u00f6tti szakad\u00e9kot&quot; - Marek Kuchci\u0144ski\" src=\"https:\/\/marekkuchcinski.pl\/hu\/wydarzenia\/pis-skutecznie-pomaga-ludziom-i-ogranicza-biede-i-nierownosci\/embed\/#?secret=xvhITGtdFn\" data-secret=\"xvhITGtdFn\" width=\"600\" height=\"338\" frameborder=\"0\" marginwidth=\"0\" marginheight=\"0\" scrolling=\"no\"><\/iframe>\n<\/div><\/figure>","protected":false},"excerpt":{"rendered":"<p>Sztandarowy projekt Prawa i Sprawiedliwo\u015bci, zapowiadany ju\u017c podczas kampanii wyborczej w 2015 r., \u2013 \u201eRodzina 500 plus\u201d &#8212; ma ju\u017c trzy lata. 500 z\u0142 przyznawane na drugie dziecko wyr\u00f3wnuje szanse na rozw\u00f3j, edukacj\u0119, ale przede wszystkim niweluje bied\u0119 w\u015br\u00f3d najm\u0142odszych. W wojew\u00f3dztwie podkarpackim programem obj\u0119tych jest ponad 220 tys. dzieci, a do rodzin trafi\u0142y ju\u017c [&hellip;]<\/p>","protected":false},"author":6,"featured_media":14611,"comment_status":"open","ping_status":"open","sticky":false,"template":"","format":"standard","meta":{"ngg_post_thumbnail":0,"footnotes":""},"categories":[49,82,3],"tags":[],"class_list":["post-14609","post","type-post","status-publish","format-standard","has-post-thumbnail","hentry","category-podkarpacie","category-prawo-i-sprawiedliwosc","category-wydarzenia"],"yoast_head":"<!-- This site is optimized with the Yoast SEO plugin v24.7 - https:\/\/yoast.com\/wordpress\/plugins\/seo\/ -->\n<title>Trzy lata programu &quot;Rodzina 500 plus&quot; - do podkarpackich rodzin trafi\u0142o 4,1 mld z\u0142 &#8211; Marek Kuchci\u0144ski<\/title>\n<meta name=\"robots\" content=\"index, follow, max-snippet:-1, max-image-preview:large, max-video-preview:-1\" \/>\n<link rel=\"canonical\" href=\"https:\/\/marekkuchcinski.pl\/hu\/wydarzenia\/3-lata-500-plus-do-podkarpackich-rodzin-trafilo-41-mld-zl\/\" \/>\n<meta property=\"og:locale\" content=\"hu_HU\" \/>\n<meta property=\"og:type\" content=\"article\" \/>\n<meta property=\"og:title\" content=\"Trzy lata programu &quot;Rodzina 500 plus&quot; - do podkarpackich rodzin trafi\u0142o 4,1 mld z\u0142 &#8211; Marek Kuchci\u0144ski\" \/>\n<meta property=\"og:description\" content=\"Sztandarowy projekt Prawa i Sprawiedliwo\u015bci, zapowiadany ju\u017c podczas kampanii wyborczej w 2015 r., \u2013 \u201eRodzina 500 plus\u201d &#8212; ma ju\u017c trzy lata. 500 z\u0142 przyznawane na drugie dziecko wyr\u00f3wnuje szanse na rozw\u00f3j, edukacj\u0119, ale przede wszystkim niweluje bied\u0119 w\u015br\u00f3d najm\u0142odszych. W wojew\u00f3dztwie podkarpackim programem obj\u0119tych jest ponad 220 tys. dzieci, a do rodzin trafi\u0142y ju\u017c [&hellip;]\" \/>\n<meta property=\"og:url\" content=\"https:\/\/marekkuchcinski.pl\/hu\/wydarzenia\/3-lata-500-plus-do-podkarpackich-rodzin-trafilo-41-mld-zl\/\" \/>\n<meta property=\"og:site_name\" content=\"Marek Kuchci\u0144ski\" \/>\n<meta property=\"article:published_time\" content=\"2019-04-09T10:00:46+00:00\" \/>\n<meta property=\"article:modified_time\" content=\"2019-04-09T10:13:57+00:00\" \/>\n<meta property=\"og:image\" content=\"https:\/\/marekkuchcinski.pl\/wp-content\/uploads\/2019\/04\/500podkarpacie2.png\" \/>\n\t<meta property=\"og:image:width\" content=\"1006\" \/>\n\t<meta property=\"og:image:height\" content=\"561\" \/>\n\t<meta property=\"og:image:type\" content=\"image\/png\" \/>\n<meta name=\"author\" content=\"admin\" \/>\n<meta name=\"twitter:card\" content=\"summary_large_image\" \/>\n<meta name=\"twitter:label1\" content=\"Szerz\u0151:\" \/>\n\t<meta name=\"twitter:data1\" content=\"admin\" \/>\n\t<meta name=\"twitter:label2\" content=\"Becs\u00fclt olvas\u00e1si id\u0151\" \/>\n\t<meta name=\"twitter:data2\" content=\"1 perc\" \/>\n<script type=\"application\/ld+json\" class=\"yoast-schema-graph\">{\"@context\":\"https:\/\/schema.org\",\"@graph\":[{\"@type\":\"Article\",\"@id\":\"https:\/\/marekkuchcinski.pl\/cs\/wydarzenia\/3-lata-500-plus-do-podkarpackich-rodzin-trafilo-41-mld-zl\/#article\",\"isPartOf\":{\"@id\":\"https:\/\/marekkuchcinski.pl\/cs\/wydarzenia\/3-lata-500-plus-do-podkarpackich-rodzin-trafilo-41-mld-zl\/\"},\"author\":{\"name\":\"admin\",\"@id\":\"https:\/\/marekkuchcinski.pl\/#\/schema\/person\/6f62700996b4d950b6ea2d1183b6c6be\"},\"headline\":\"Trzy lata programu &#8222;Rodzina 500 plus&#8221; &#8211; do podkarpackich rodzin trafi\u0142o 4,1 mld z\u0142\",\"datePublished\":\"2019-04-09T10:00:46+00:00\",\"dateModified\":\"2019-04-09T10:13:57+00:00\",\"mainEntityOfPage\":{\"@id\":\"https:\/\/marekkuchcinski.pl\/cs\/wydarzenia\/3-lata-500-plus-do-podkarpackich-rodzin-trafilo-41-mld-zl\/\"},\"wordCount\":125,\"commentCount\":0,\"publisher\":{\"@id\":\"https:\/\/marekkuchcinski.pl\/#organization\"},\"image\":{\"@id\":\"https:\/\/marekkuchcinski.pl\/cs\/wydarzenia\/3-lata-500-plus-do-podkarpackich-rodzin-trafilo-41-mld-zl\/#primaryimage\"},\"thumbnailUrl\":\"https:\/\/marekkuchcinski.pl\/wp-content\/uploads\/2019\/04\/500podkarpacie2.png\",\"articleSection\":[\"Podkarpacie\",\"Prawo i Sprawiedliwo\u015b\u0107\",\"Wydarzenia\"],\"inLanguage\":\"hu\",\"potentialAction\":[{\"@type\":\"CommentAction\",\"name\":\"Comment\",\"target\":[\"https:\/\/marekkuchcinski.pl\/cs\/wydarzenia\/3-lata-500-plus-do-podkarpackich-rodzin-trafilo-41-mld-zl\/#respond\"]}]},{\"@type\":\"WebPage\",\"@id\":\"https:\/\/marekkuchcinski.pl\/cs\/wydarzenia\/3-lata-500-plus-do-podkarpackich-rodzin-trafilo-41-mld-zl\/\",\"url\":\"https:\/\/marekkuchcinski.pl\/cs\/wydarzenia\/3-lata-500-plus-do-podkarpackich-rodzin-trafilo-41-mld-zl\/\",\"name\":\"Trzy lata programu \\\"Rodzina 500 plus\\\" - do podkarpackich rodzin trafi\u0142o 4,1 mld z\u0142 &#8211; Marek Kuchci\u0144ski\",\"isPartOf\":{\"@id\":\"https:\/\/marekkuchcinski.pl\/#website\"},\"primaryImageOfPage\":{\"@id\":\"https:\/\/marekkuchcinski.pl\/cs\/wydarzenia\/3-lata-500-plus-do-podkarpackich-rodzin-trafilo-41-mld-zl\/#primaryimage\"},\"image\":{\"@id\":\"https:\/\/marekkuchcinski.pl\/cs\/wydarzenia\/3-lata-500-plus-do-podkarpackich-rodzin-trafilo-41-mld-zl\/#primaryimage\"},\"thumbnailUrl\":\"https:\/\/marekkuchcinski.pl\/wp-content\/uploads\/2019\/04\/500podkarpacie2.png\",\"datePublished\":\"2019-04-09T10:00:46+00:00\",\"dateModified\":\"2019-04-09T10:13:57+00:00\",\"breadcrumb\":{\"@id\":\"https:\/\/marekkuchcinski.pl\/cs\/wydarzenia\/3-lata-500-plus-do-podkarpackich-rodzin-trafilo-41-mld-zl\/#breadcrumb\"},\"inLanguage\":\"hu\",\"potentialAction\":[{\"@type\":\"ReadAction\",\"target\":[\"https:\/\/marekkuchcinski.pl\/cs\/wydarzenia\/3-lata-500-plus-do-podkarpackich-rodzin-trafilo-41-mld-zl\/\"]}]},{\"@type\":\"ImageObject\",\"inLanguage\":\"hu\",\"@id\":\"https:\/\/marekkuchcinski.pl\/cs\/wydarzenia\/3-lata-500-plus-do-podkarpackich-rodzin-trafilo-41-mld-zl\/#primaryimage\",\"url\":\"https:\/\/marekkuchcinski.pl\/wp-content\/uploads\/2019\/04\/500podkarpacie2.png\",\"contentUrl\":\"https:\/\/marekkuchcinski.pl\/wp-content\/uploads\/2019\/04\/500podkarpacie2.png\",\"width\":1006,\"height\":561},{\"@type\":\"BreadcrumbList\",\"@id\":\"https:\/\/marekkuchcinski.pl\/cs\/wydarzenia\/3-lata-500-plus-do-podkarpackich-rodzin-trafilo-41-mld-zl\/#breadcrumb\",\"itemListElement\":[{\"@type\":\"ListItem\",\"position\":1,\"name\":\"Strona g\u0142\u00f3wna\",\"item\":\"https:\/\/marekkuchcinski.pl\/\"},{\"@type\":\"ListItem\",\"position\":2,\"name\":\"Trzy lata programu &#8220;Rodzina 500 plus&#8221; &#8211; do podkarpackich rodzin trafi\u0142o 4,1 mld z\u0142\"}]},{\"@type\":\"WebSite\",\"@id\":\"https:\/\/marekkuchcinski.pl\/#website\",\"url\":\"https:\/\/marekkuchcinski.pl\/\",\"name\":\"Marek Kuchci\u0144ski\",\"description\":\"Pose\u0142 na sejm RP &ndash; okr\u0119g nr 22\",\"publisher\":{\"@id\":\"https:\/\/marekkuchcinski.pl\/#organization\"},\"potentialAction\":[{\"@type\":\"SearchAction\",\"target\":{\"@type\":\"EntryPoint\",\"urlTemplate\":\"https:\/\/marekkuchcinski.pl\/?s={search_term_string}\"},\"query-input\":{\"@type\":\"PropertyValueSpecification\",\"valueRequired\":true,\"valueName\":\"search_term_string\"}}],\"inLanguage\":\"hu\"},{\"@type\":\"Organization\",\"@id\":\"https:\/\/marekkuchcinski.pl\/#organization\",\"name\":\"Marek Kuchci\u0144ski\",\"url\":\"https:\/\/marekkuchcinski.pl\/\",\"logo\":{\"@type\":\"ImageObject\",\"inLanguage\":\"hu\",\"@id\":\"https:\/\/marekkuchcinski.pl\/#\/schema\/logo\/image\/\",\"url\":\"https:\/\/marekkuchcinski.pl\/wp-content\/uploads\/2022\/09\/Marek.jpg\",\"contentUrl\":\"https:\/\/marekkuchcinski.pl\/wp-content\/uploads\/2022\/09\/Marek.jpg\",\"width\":1600,\"height\":971,\"caption\":\"Marek Kuchci\u0144ski\"},\"image\":{\"@id\":\"https:\/\/marekkuchcinski.pl\/#\/schema\/logo\/image\/\"}},{\"@type\":\"Person\",\"@id\":\"https:\/\/marekkuchcinski.pl\/#\/schema\/person\/6f62700996b4d950b6ea2d1183b6c6be\",\"name\":\"admin\",\"image\":{\"@type\":\"ImageObject\",\"inLanguage\":\"hu\",\"@id\":\"https:\/\/marekkuchcinski.pl\/#\/schema\/person\/image\/\",\"url\":\"https:\/\/secure.gravatar.com\/avatar\/4bab693b9d55c3d6b52c0296a8765085?s=96&d=mm&r=g\",\"contentUrl\":\"https:\/\/secure.gravatar.com\/avatar\/4bab693b9d55c3d6b52c0296a8765085?s=96&d=mm&r=g\",\"caption\":\"admin\"},\"url\":\"https:\/\/marekkuchcinski.pl\/hu\/author\/marta-olejnik\/\"}]}<\/script>\n<!-- \/ Yoast SEO plugin. -->","yoast_head_json":{"title":"Trzy lata programu \"Rodzina 500 plus\" - do podkarpackich rodzin trafi\u0142o 4,1 mld z\u0142 &#8211; Marek Kuchci\u0144ski","robots":{"index":"index","follow":"follow","max-snippet":"max-snippet:-1","max-image-preview":"max-image-preview:large","max-video-preview":"max-video-preview:-1"},"canonical":"https:\/\/marekkuchcinski.pl\/hu\/wydarzenia\/3-lata-500-plus-do-podkarpackich-rodzin-trafilo-41-mld-zl\/","og_locale":"hu_HU","og_type":"article","og_title":"Trzy lata programu \"Rodzina 500 plus\" - do podkarpackich rodzin trafi\u0142o 4,1 mld z\u0142 &#8211; Marek Kuchci\u0144ski","og_description":"Sztandarowy projekt Prawa i Sprawiedliwo\u015bci, zapowiadany ju\u017c podczas kampanii wyborczej w 2015 r., \u2013 \u201eRodzina 500 plus\u201d &#8212; ma ju\u017c trzy lata. 500 z\u0142 przyznawane na drugie dziecko wyr\u00f3wnuje szanse na rozw\u00f3j, edukacj\u0119, ale przede wszystkim niweluje bied\u0119 w\u015br\u00f3d najm\u0142odszych. W wojew\u00f3dztwie podkarpackim programem obj\u0119tych jest ponad 220 tys. dzieci, a do rodzin trafi\u0142y ju\u017c [&hellip;]","og_url":"https:\/\/marekkuchcinski.pl\/hu\/wydarzenia\/3-lata-500-plus-do-podkarpackich-rodzin-trafilo-41-mld-zl\/","og_site_name":"Marek Kuchci\u0144ski","article_published_time":"2019-04-09T10:00:46+00:00","article_modified_time":"2019-04-09T10:13:57+00:00","og_image":[{"width":1006,"height":561,"url":"https:\/\/marekkuchcinski.pl\/wp-content\/uploads\/2019\/04\/500podkarpacie2.png","type":"image\/png"}],"author":"admin","twitter_card":"summary_large_image","twitter_misc":{"Szerz\u0151:":"admin","Becs\u00fclt olvas\u00e1si id\u0151":"1 perc"},"schema":{"@context":"https:\/\/schema.org","@graph":[{"@type":"Article","@id":"https:\/\/marekkuchcinski.pl\/cs\/wydarzenia\/3-lata-500-plus-do-podkarpackich-rodzin-trafilo-41-mld-zl\/#article","isPartOf":{"@id":"https:\/\/marekkuchcinski.pl\/cs\/wydarzenia\/3-lata-500-plus-do-podkarpackich-rodzin-trafilo-41-mld-zl\/"},"author":{"name":"admin","@id":"https:\/\/marekkuchcinski.pl\/#\/schema\/person\/6f62700996b4d950b6ea2d1183b6c6be"},"headline":"Trzy lata programu &#8222;Rodzina 500 plus&#8221; &#8211; do podkarpackich rodzin trafi\u0142o 4,1 mld z\u0142","datePublished":"2019-04-09T10:00:46+00:00","dateModified":"2019-04-09T10:13:57+00:00","mainEntityOfPage":{"@id":"https:\/\/marekkuchcinski.pl\/cs\/wydarzenia\/3-lata-500-plus-do-podkarpackich-rodzin-trafilo-41-mld-zl\/"},"wordCount":125,"commentCount":0,"publisher":{"@id":"https:\/\/marekkuchcinski.pl\/#organization"},"image":{"@id":"https:\/\/marekkuchcinski.pl\/cs\/wydarzenia\/3-lata-500-plus-do-podkarpackich-rodzin-trafilo-41-mld-zl\/#primaryimage"},"thumbnailUrl":"https:\/\/marekkuchcinski.pl\/wp-content\/uploads\/2019\/04\/500podkarpacie2.png","articleSection":["Podkarpacie","Prawo i Sprawiedliwo\u015b\u0107","Wydarzenia"],"inLanguage":"hu","potentialAction":[{"@type":"CommentAction","name":"Comment","target":["https:\/\/marekkuchcinski.pl\/cs\/wydarzenia\/3-lata-500-plus-do-podkarpackich-rodzin-trafilo-41-mld-zl\/#respond"]}]},{"@type":"WebPage","@id":"https:\/\/marekkuchcinski.pl\/cs\/wydarzenia\/3-lata-500-plus-do-podkarpackich-rodzin-trafilo-41-mld-zl\/","url":"https:\/\/marekkuchcinski.pl\/cs\/wydarzenia\/3-lata-500-plus-do-podkarpackich-rodzin-trafilo-41-mld-zl\/","name":"Trzy lata programu \"Rodzina 500 plus\" - do podkarpackich rodzin trafi\u0142o 4,1 mld z\u0142 &#8211; Marek Kuchci\u0144ski","isPartOf":{"@id":"https:\/\/marekkuchcinski.pl\/#website"},"primaryImageOfPage":{"@id":"https:\/\/marekkuchcinski.pl\/cs\/wydarzenia\/3-lata-500-plus-do-podkarpackich-rodzin-trafilo-41-mld-zl\/#primaryimage"},"image":{"@id":"https:\/\/marekkuchcinski.pl\/cs\/wydarzenia\/3-lata-500-plus-do-podkarpackich-rodzin-trafilo-41-mld-zl\/#primaryimage"},"thumbnailUrl":"https:\/\/marekkuchcinski.pl\/wp-content\/uploads\/2019\/04\/500podkarpacie2.png","datePublished":"2019-04-09T10:00:46+00:00","dateModified":"2019-04-09T10:13:57+00:00","breadcrumb":{"@id":"https:\/\/marekkuchcinski.pl\/cs\/wydarzenia\/3-lata-500-plus-do-podkarpackich-rodzin-trafilo-41-mld-zl\/#breadcrumb"},"inLanguage":"hu","potentialAction":[{"@type":"ReadAction","target":["https:\/\/marekkuchcinski.pl\/cs\/wydarzenia\/3-lata-500-plus-do-podkarpackich-rodzin-trafilo-41-mld-zl\/"]}]},{"@type":"ImageObject","inLanguage":"hu","@id":"https:\/\/marekkuchcinski.pl\/cs\/wydarzenia\/3-lata-500-plus-do-podkarpackich-rodzin-trafilo-41-mld-zl\/#primaryimage","url":"https:\/\/marekkuchcinski.pl\/wp-content\/uploads\/2019\/04\/500podkarpacie2.png","contentUrl":"https:\/\/marekkuchcinski.pl\/wp-content\/uploads\/2019\/04\/500podkarpacie2.png","width":1006,"height":561},{"@type":"BreadcrumbList","@id":"https:\/\/marekkuchcinski.pl\/cs\/wydarzenia\/3-lata-500-plus-do-podkarpackich-rodzin-trafilo-41-mld-zl\/#breadcrumb","itemListElement":[{"@type":"ListItem","position":1,"name":"Strona g\u0142\u00f3wna","item":"https:\/\/marekkuchcinski.pl\/"},{"@type":"ListItem","position":2,"name":"Trzy lata programu &#8220;Rodzina 500 plus&#8221; &#8211; do podkarpackich rodzin trafi\u0142o 4,1 mld z\u0142"}]},{"@type":"WebSite","@id":"https:\/\/marekkuchcinski.pl\/#website","url":"https:\/\/marekkuchcinski.pl\/","name":"Marek Kuchci\u0144ski","description":"Pose\u0142 na sejm RP &ndash; okr\u0119g nr 22","publisher":{"@id":"https:\/\/marekkuchcinski.pl\/#organization"},"potentialAction":[{"@type":"SearchAction","target":{"@type":"EntryPoint","urlTemplate":"https:\/\/marekkuchcinski.pl\/?s={search_term_string}"},"query-input":{"@type":"PropertyValueSpecification","valueRequired":true,"valueName":"search_term_string"}}],"inLanguage":"hu"},{"@type":"Organization","@id":"https:\/\/marekkuchcinski.pl\/#organization","name":"Marek Kuchci\u0144ski","url":"https:\/\/marekkuchcinski.pl\/","logo":{"@type":"ImageObject","inLanguage":"hu","@id":"https:\/\/marekkuchcinski.pl\/#\/schema\/logo\/image\/","url":"https:\/\/marekkuchcinski.pl\/wp-content\/uploads\/2022\/09\/Marek.jpg","contentUrl":"https:\/\/marekkuchcinski.pl\/wp-content\/uploads\/2022\/09\/Marek.jpg","width":1600,"height":971,"caption":"Marek Kuchci\u0144ski"},"image":{"@id":"https:\/\/marekkuchcinski.pl\/#\/schema\/logo\/image\/"}},{"@type":"Person","@id":"https:\/\/marekkuchcinski.pl\/#\/schema\/person\/6f62700996b4d950b6ea2d1183b6c6be","name":"admin","image":{"@type":"ImageObject","inLanguage":"hu","@id":"https:\/\/marekkuchcinski.pl\/#\/schema\/person\/image\/","url":"https:\/\/secure.gravatar.com\/avatar\/4bab693b9d55c3d6b52c0296a8765085?s=96&d=mm&r=g","contentUrl":"https:\/\/secure.gravatar.com\/avatar\/4bab693b9d55c3d6b52c0296a8765085?s=96&d=mm&r=g","caption":"admin"},"url":"https:\/\/marekkuchcinski.pl\/hu\/author\/marta-olejnik\/"}]}},"_links":{"self":[{"href":"https:\/\/marekkuchcinski.pl\/hu\/wp-json\/wp\/v2\/posts\/14609","targetHints":{"allow":["GET"]}}],"collection":[{"href":"https:\/\/marekkuchcinski.pl\/hu\/wp-json\/wp\/v2\/posts"}],"about":[{"href":"https:\/\/marekkuchcinski.pl\/hu\/wp-json\/wp\/v2\/types\/post"}],"author":[{"embeddable":true,"href":"https:\/\/marekkuchcinski.pl\/hu\/wp-json\/wp\/v2\/users\/6"}],"replies":[{"embeddable":true,"href":"https:\/\/marekkuchcinski.pl\/hu\/wp-json\/wp\/v2\/comments?post=14609"}],"version-history":[{"count":8,"href":"https:\/\/marekkuchcinski.pl\/hu\/wp-json\/wp\/v2\/posts\/14609\/revisions"}],"predecessor-version":[{"id":14623,"href":"https:\/\/marekkuchcinski.pl\/hu\/wp-json\/wp\/v2\/posts\/14609\/revisions\/14623"}],"wp:featuredmedia":[{"embeddable":true,"href":"https:\/\/marekkuchcinski.pl\/hu\/wp-json\/wp\/v2\/media\/14611"}],"wp:attachment":[{"href":"https:\/\/marekkuchcinski.pl\/hu\/wp-json\/wp\/v2\/media?parent=14609"}],"wp:term":[{"taxonomy":"category","embeddable":true,"href":"https:\/\/marekkuchcinski.pl\/hu\/wp-json\/wp\/v2\/categories?post=14609"},{"taxonomy":"post_tag","embeddable":true,"href":"https:\/\/marekkuchcinski.pl\/hu\/wp-json\/wp\/v2\/tags?post=14609"}],"curies":[{"name":"wp","href":"https:\/\/api.w.org\/{rel}","templated":true}]}}