{"id":14596,"date":"2019-04-09T11:16:25","date_gmt":"2019-04-09T09:16:25","guid":{"rendered":"https:\/\/marekkuchcinski.pl\/?p=14596"},"modified":"2019-04-09T11:16:39","modified_gmt":"2019-04-09T09:16:39","slug":"wieden-pierwszy-dzien-konferencji-przewodniczacych-parlamentow-ue-z-udzialem-marszalka-sejmu","status":"publish","type":"post","link":"https:\/\/marekkuchcinski.pl\/hu\/wspolpraca-miedzynarodowa\/wieden-pierwszy-dzien-konferencji-przewodniczacych-parlamentow-ue-z-udzialem-marszalka-sejmu\/","title":{"rendered":"B\u00e9cs: az uni\u00f3s parlamenti eln\u00f6k\u00f6k konferenci\u00e1j\u00e1nak els\u0151 napja a Szejm eln\u00f6k\u00e9nek r\u00e9szv\u00e9tel\u00e9vel"},"content":{"rendered":"<p>Az Eur\u00f3pai Uni\u00f3 \u00e9s szomsz\u00e9dai k\u00f6z\u00f6tti kapcsolatok, a m\u00e1jusi eur\u00f3pai parlamenti v\u00e1laszt\u00e1sok, a nemzeti parlamentek \u00e9s az eur\u00f3pai int\u00e9zm\u00e9nyek k\u00f6z\u00f6tti egy\u00fcttm\u0171k\u00f6d\u00e9s - ezek a f\u0151 t\u00e9m\u00e1i az Eur\u00f3pai Uni\u00f3 parlamentjeinek eln\u00f6keinek h\u00e9tf\u0151n B\u00e9csben megny\u00edlt konferenci\u00e1j\u00e1nak. A lengyel parlamentet az osztr\u00e1k f\u0151v\u00e1rosban Marek Kuchci\u0144ski \u00e9s Stanis\u0142aw Karczewski, a Szejm \u00e9s a Szen\u00e1tus eln\u00f6ke k\u00e9pviseli. A konferencia \u00e9ves f\u00f3rumot biztos\u00edt a nemzeti parlamentek eur\u00f3pai strukt\u00far\u00e1ban bet\u00f6lt\u00f6tt feladatair\u00f3l, az uni\u00f3s \u00fcgyekben folytatott parlamentk\u00f6zi egy\u00fcttm\u0171k\u00f6d\u00e9sr\u0151l \u00e9s a K\u00f6z\u00f6ss\u00e9g el\u0151tt \u00e1ll\u00f3 kih\u00edv\u00e1sokr\u00f3l sz\u00f3l\u00f3 eszmecser\u00e9re.<\/p>\n\n\n\n<p>A vit\u00e1t Wolfgang Sobotka, az Osztr\u00e1k Nemzeti Tan\u00e1cs eln\u00f6ke \u00e9s Ingo App\u00e9, az Osztr\u00e1k Sz\u00f6vets\u00e9gi Tan\u00e1cs eln\u00f6ke nyitotta meg. App\u00e9 eln\u00f6k \u00far arr\u00f3l besz\u00e9l, hogy a K\u00f6z\u00f6ss\u00e9g el\u0151tt \u00e1ll\u00f3 kih\u00edv\u00e1sokkal szemben egy\u00fcttm\u0171k\u00f6d\u00e9sre van sz\u00fcks\u00e9g. - Turbulens id\u0151ket \u00e9l \u00e1t az Eur\u00f3pai Uni\u00f3. Els\u0151sorban a Brexit miatt, de m\u00e1s k\u00e9rd\u00e9sek, p\u00e9ld\u00e1ul az \u00e9ghajlatv\u00e1ltoz\u00e1s vagy a migr\u00e1ci\u00f3 miatt is. Megold\u00e1sokat csak akkor lehet tal\u00e1lni, ha parlamentk\u00f6zi p\u00e1rbesz\u00e9det folytatunk - hangs\u00falyozta. Wolfgang Sobotka viszont felh\u00edvta a figyelmet a Nyugat-Balk\u00e1n jelent\u0151s\u00e9g\u00e9re az Eur\u00f3pai Uni\u00f3 sz\u00e1m\u00e1ra. - A K\u00f6z\u00f6ss\u00e9ghez val\u00f3 k\u00f6zeled\u00e9s\u00fck tart\u00f3s stabilit\u00e1st hoz. A nemzeti parlamentek pedig fontos szerepet j\u00e1tszanak az el\u0151csatlakoz\u00e1si folyamatban - mondta. Mairead McGuinness is felsz\u00f3lalt az \u00fcl\u00e9s megnyit\u00f3j\u00e1n. Az EP els\u0151 aleln\u00f6ke t\u00f6bbek k\u00f6z\u00f6tt a k\u00f6zelg\u0151 eur\u00f3pai parlamenti v\u00e1laszt\u00e1sok jelent\u0151s\u00e9g\u00e9r\u0151l besz\u00e9lt, \u00e9s hangs\u00falyozta a nemzeti parlamentek v\u00e1laszt\u00e1si folyamatba val\u00f3 bevon\u00e1s\u00e1nak fontoss\u00e1g\u00e1t.<\/p>\n\n\n\n<p>- Ez egy er\u0151s elv\u00e1r\u00e1s minden orsz\u00e1ggal szemben: az eur\u00f3pai szellemis\u00e9get fel kell emelni, hogy az Uni\u00f3 meger\u0151s\u00edthesse egy\u00fcttm\u0171k\u00f6d\u00e9s\u00e9t\" - mondta a szejm eln\u00f6ke a konferencia sz\u00fcnet\u00e9ben \u00fajs\u00e1g\u00edr\u00f3knak. Marek Kuchci\u0144ski hozz\u00e1tette, hogy a megbesz\u00e9l\u00e9s sor\u00e1n a politikusok az egys\u00e9get \u00e9s a soksz\u00edn\u0171s\u00e9get emelt\u00e9k ki, mint az Uni\u00f3 tag\u00e1llamainak er\u0151forr\u00e1s\u00e1t. Hangs\u00falyozta tov\u00e1bb\u00e1, hogy Lengyelorsz\u00e1g akt\u00edvan r\u00e9szt vesz a t\u00e9rs\u00e9gben a j\u00f3 kapcsolatok \u00e9p\u00edt\u00e9s\u00e9ben k\u00fcl\u00f6nb\u00f6z\u0151 form\u00e1kban, t\u00f6bbek k\u00f6z\u00f6tt a Visegr\u00e1di Csoport, a Keleti Partners\u00e9g, a K\u00e1rp\u00e1ti Eur\u00f3pa, a bukaresti meg\u00e1llapod\u00e1s \u00e9s a h\u00e1romoldal\u00fa meg\u00e1llapod\u00e1s keret\u00e9ben.<\/p>\n\n\n\n<p>A konferencia h\u00e9tf\u0151i r\u00e9sze els\u0151sorban az Eur\u00f3pai Uni\u00f3 szomsz\u00e9ds\u00e1g\u00e1r\u00f3l sz\u00f3l\u00f3 vit\u00e1ra adott lehet\u0151s\u00e9get. Andrej Danko, a Szlov\u00e1k K\u00f6zt\u00e1rsas\u00e1g Nemzeti Tan\u00e1cs\u00e1nak eln\u00f6ke az \u00fcl\u00e9s ezen r\u00e9sz\u00e9ben hangs\u00falyozta a Nyugat-Balk\u00e1n EU-integr\u00e1ci\u00f3j\u00e1nak fontoss\u00e1g\u00e1t. Besz\u00e9d\u00e9nek egyik f\u0151 t\u00e9m\u00e1ja szint\u00e9n Eur\u00f3pa biztons\u00e1ga volt. - El kell kezden\u00fcnk \u00e1tfog\u00f3an foglalkozni ezzel a k\u00e9rd\u00e9ssel, \u00e9s ebben az Uni\u00f3nak jelent\u0151s szerepet kell j\u00e1tszania - jegyezte meg a szlov\u00e1k politikus. A balk\u00e1ni orsz\u00e1gok k\u00f6zeled\u00e9s\u00e9t az Uni\u00f3hoz Nikosz Voutszisz, a g\u00f6r\u00f6g parlament eln\u00f6ke is priorit\u00e1sk\u00e9nt kezelte. Robert Fico, az olasz k\u00e9pvisel\u0151h\u00e1z eln\u00f6ke viszont a migr\u00e1ci\u00f3 probl\u00e9m\u00e1j\u00e1t hangs\u00falyozta, mondv\u00e1n, hogy az Uni\u00f3 orsz\u00e1gainak egy\u00fctt kell m\u0171k\u00f6dni\u00fck ebben a k\u00e9rd\u00e9sben. Felh\u00edvta a figyelmet arra is, hogy a K\u00f6z\u00f6ss\u00e9g k\u00fcls\u0151 hat\u00e1rainak ellen\u0151rz\u00e9se ter\u00e9n egy\u00fcttm\u0171k\u00f6d\u00e9sre van sz\u00fcks\u00e9g. A vit\u00e1ban a szen\u00e1tus eln\u00f6ke is felsz\u00f3lalt. Stanis\u0142aw Karczewski szerint a szomsz\u00e9dos nemzetek sz\u00e1m\u00e1ra a tags\u00e1g lehet\u0151s\u00e9g\u00e9nek megteremt\u00e9se az Uni\u00f3 leghat\u00e9konyabb eszk\u00f6ze a k\u00f6rnyezet\u00e9re gyakorolt befoly\u00e1s\u00e1nak.<\/p>\n\n\n\n<p>A parlamenti cs\u00facstal\u00e1lkoz\u00f3 els\u0151 napj\u00e1n Marek Kuchci\u0144ski k\u00e9toldal\u00fa megbesz\u00e9l\u00e9st folytatott Viktoras Pranckietisszel, a Litv\u00e1n K\u00f6zt\u00e1rsas\u00e1g Seimas\u00e1nak eln\u00f6k\u00e9vel. A besz\u00e9lget\u00e9s a fontos t\u00f6rt\u00e9nelmi \u00e9vfordul\u00f3k k\u00f6z\u00f6s meg\u00fcnnepl\u00e9s\u00e9r\u0151l sz\u00f3lt, k\u00f6zt\u00fck a lublini uni\u00f3 al\u00e1\u00edr\u00e1s\u00e1nak 450. \u00e9vfordul\u00f3j\u00e1r\u00f3l. &nbsp;<\/p>\n\n\n\n<p>Az \u00fcl\u00e9s kedden folytat\u00f3dik. Az uni\u00f3s parlamentek eln\u00f6kei megvitatj\u00e1k a m\u00e1jusi EP-v\u00e1laszt\u00e1sokat, valamint a nemzeti parlamentek \u00e9s az eur\u00f3pai int\u00e9zm\u00e9nyek k\u00f6z\u00f6tti egy\u00fcttm\u0171k\u00f6d\u00e9s fejleszt\u00e9s\u00e9t. A konferencia e r\u00e9sz\u00e9nek egyik f\u0151 el\u0151ad\u00f3ja Marek Kuchci\u0144ski, a szejm eln\u00f6ke lesz. Rajta k\u00edv\u00fcl felsz\u00f3lal Wolfgang Sch\u00e4uble, a n\u00e9met Bundestag eln\u00f6ke, Ankie Broekers-Knol, a holland szen\u00e1tus eln\u00f6ke \u00e9s G\u00e9rard Larcher, a francia szen\u00e1tus eln\u00f6ke. Tov\u00e1bbi k\u00e9toldal\u00fa tal\u00e1lkoz\u00f3kat is terveznek a Szejm eln\u00f6ke \u00e9s az Eur\u00f3pai Parlamentek eln\u00f6kei k\u00f6z\u00f6tt.<\/p>\n\n\n\n<p>Miel\u0151tt a lengyel deleg\u00e1ci\u00f3 B\u00e9csbe \u00e9rkezett volna, megl\u00e1togatta az egykori n\u00e9met n\u00e1ci koncentr\u00e1ci\u00f3s t\u00e1borok Mauthausen-Gusen komplexum\u00e1nak eml\u00e9khelyeit. A KZ Gusen mauz\u00f3leum\u00e1n\u00e1l, annak a kremat\u00f3riumnak a maradv\u00e1nyain\u00e1l, ahol a m\u00e1sodik vil\u00e1gh\u00e1bor\u00fa alatt t\u00f6bb mint 37 000 ember halt meg, a marsallok vir\u00e1got helyeztek el, \u00e9s be\u00edrt\u00e1k magukat az eml\u00e9kk\u00f6nyvbe. \"M\u00e9lyen megrend\u00fclve a guseni hal\u00e1lt\u00e1borban t\u00f6rt\u00e9nt trag\u00e9dia borzalmait\u00f3l, tisztelettel ad\u00f3zom minden \u00e1ldozatnak, bele\u00e9rtve azt a t\u00f6bb ezer lengyelt, akik ott vesztett\u00e9k \u00e9let\u00fcket\" - \u00edrta Marek Kuchci\u0144ski. A szejm eln\u00f6ke a m\u00e9di\u00e1nak nyilatkozva viszont hangs\u00falyozta, hogy Lengyelorsz\u00e1g \u00e9s a vil\u00e1g sz\u00e1m\u00e1ra fontos, hogy eml\u00e9kezzenek a Gusen KZ-re. - Ez egy m\u00e1sodik Katyn Lengyelorsz\u00e1g \u00e9s m\u00e1s nemzetis\u00e9gek sz\u00e1m\u00e1ra, nem csak Eur\u00f3p\u00e1b\u00f3l\" - mondta.<\/p>\n\n\n\n<p>Ezt k\u00f6vet\u0151en Marek Kuchci\u0144ski \u00e9s Stanis\u0142aw Karczewski vir\u00e1gokat helyezett el a Bergkristallban elesett lengyel foglyok eml\u00e9km\u0171ve el\u0151tt, valamint a mauthauseni koncentr\u00e1ci\u00f3s t\u00e1bor lengyel \u00e1ldozatainak eml\u00e9km\u0171ve el\u0151tt. Gyerty\u00e1kat gy\u00fajtottak a lengyel cserk\u00e9szek, lengyel orvosok \u00e9s az 1944-ben a l\u00e1gerben elhunyt Henryk Slawik eml\u00e9kt\u00e1bl\u00e1i el\u0151tt is, aki kor\u00e1bban munkat\u00e1rsaival sok lengyelt \u00e9s zsid\u00f3t mentett meg a hal\u00e1lt\u00f3l Magyarorsz\u00e1gon.<\/p>\n\n\n\n<p>1940 \u00e9s 1945 k\u00f6z\u00f6tt az egykori n\u00e9met n\u00e1ci koncentr\u00e1ci\u00f3s t\u00e1borok Mauthausen-Gusen komplexum\u00e1nak foglyai k\u00f6z\u00f6tt a lengyelek alkott\u00e1k a legnagyobb csoportot. A Mauthausen-Gusen koncentr\u00e1ci\u00f3s t\u00e1bor a \"lengyel \u00e9rtelmis\u00e9g fogad\u00f3 t\u00e1borak\u00e9nt\" volt ismert, mivel t\u00f6bbek k\u00f6z\u00f6tt az Intelligenzaktion, a n\u00e9metek \u00e1ltal tervezett n\u00e9pirt\u00e1s r\u00e9szek\u00e9nt letart\u00f3ztatott embereket sz\u00e1ll\u00e1solt\u00e1k el itt, akiket a m\u00e1sodik Lengyel K\u00f6zt\u00e1rsas\u00e1g birodalomhoz csatolt ter\u00fcleteir\u0151l sz\u00e1rmaz\u00f3 lengyel elit ellen hajtottak v\u00e9gre.<\/p>\n\n\n\n<p><em>CIS<\/em><\/p>\n\n\n\n<p><em>Fot\u00f3: \u0141ukasz B\u0142asikiewicz<\/em><\/p>\n\n\n\n<ul class=\"wp-block-gallery columns-2 is-cropped wp-block-gallery-1 is-layout-flex wp-block-gallery-is-layout-flex\"><li class=\"blocks-gallery-item\"><figure><img fetchpriority=\"high\" decoding=\"async\" width=\"800\" height=\"533\" src=\"https:\/\/marekkuchcinski.pl\/wp-content\/uploads\/2019\/04\/w9.jpg\" alt=\"\" data-id=\"14598\" data-link=\"https:\/\/marekkuchcinski.pl\/?attachment_id=14598\" class=\"wp-image-14598\" srcset=\"https:\/\/marekkuchcinski.pl\/wp-content\/uploads\/2019\/04\/w9.jpg 800w, https:\/\/marekkuchcinski.pl\/wp-content\/uploads\/2019\/04\/w9-300x200.jpg 300w, https:\/\/marekkuchcinski.pl\/wp-content\/uploads\/2019\/04\/w9-768x512.jpg 768w\" sizes=\"(max-width: 800px) 100vw, 800px\" \/><\/figure><\/li><li class=\"blocks-gallery-item\"><figure><img decoding=\"async\" width=\"800\" height=\"533\" src=\"https:\/\/marekkuchcinski.pl\/wp-content\/uploads\/2019\/04\/w8.jpg\" alt=\"\" data-id=\"14599\" data-link=\"https:\/\/marekkuchcinski.pl\/?attachment_id=14599\" class=\"wp-image-14599\" srcset=\"https:\/\/marekkuchcinski.pl\/wp-content\/uploads\/2019\/04\/w8.jpg 800w, https:\/\/marekkuchcinski.pl\/wp-content\/uploads\/2019\/04\/w8-300x200.jpg 300w, https:\/\/marekkuchcinski.pl\/wp-content\/uploads\/2019\/04\/w8-768x512.jpg 768w\" sizes=\"(max-width: 800px) 100vw, 800px\" \/><\/figure><\/li><li class=\"blocks-gallery-item\"><figure><img decoding=\"async\" width=\"800\" height=\"533\" src=\"https:\/\/marekkuchcinski.pl\/wp-content\/uploads\/2019\/04\/w7.jpg\" alt=\"\" data-id=\"14600\" data-link=\"https:\/\/marekkuchcinski.pl\/?attachment_id=14600\" class=\"wp-image-14600\" srcset=\"https:\/\/marekkuchcinski.pl\/wp-content\/uploads\/2019\/04\/w7.jpg 800w, https:\/\/marekkuchcinski.pl\/wp-content\/uploads\/2019\/04\/w7-300x200.jpg 300w, https:\/\/marekkuchcinski.pl\/wp-content\/uploads\/2019\/04\/w7-768x512.jpg 768w\" sizes=\"(max-width: 800px) 100vw, 800px\" \/><\/figure><\/li><li class=\"blocks-gallery-item\"><figure><img loading=\"lazy\" decoding=\"async\" width=\"800\" height=\"533\" src=\"https:\/\/marekkuchcinski.pl\/wp-content\/uploads\/2019\/04\/w6.jpg\" alt=\"\" data-id=\"14601\" data-link=\"https:\/\/marekkuchcinski.pl\/?attachment_id=14601\" class=\"wp-image-14601\" srcset=\"https:\/\/marekkuchcinski.pl\/wp-content\/uploads\/2019\/04\/w6.jpg 800w, https:\/\/marekkuchcinski.pl\/wp-content\/uploads\/2019\/04\/w6-300x200.jpg 300w, https:\/\/marekkuchcinski.pl\/wp-content\/uploads\/2019\/04\/w6-768x512.jpg 768w\" sizes=\"(max-width: 800px) 100vw, 800px\" \/><\/figure><\/li><li class=\"blocks-gallery-item\"><figure><img loading=\"lazy\" decoding=\"async\" width=\"800\" height=\"533\" src=\"https:\/\/marekkuchcinski.pl\/wp-content\/uploads\/2019\/04\/w5.jpg\" alt=\"\" data-id=\"14602\" data-link=\"https:\/\/marekkuchcinski.pl\/?attachment_id=14602\" class=\"wp-image-14602\" srcset=\"https:\/\/marekkuchcinski.pl\/wp-content\/uploads\/2019\/04\/w5.jpg 800w, https:\/\/marekkuchcinski.pl\/wp-content\/uploads\/2019\/04\/w5-300x200.jpg 300w, https:\/\/marekkuchcinski.pl\/wp-content\/uploads\/2019\/04\/w5-768x512.jpg 768w\" sizes=\"(max-width: 800px) 100vw, 800px\" \/><\/figure><\/li><li class=\"blocks-gallery-item\"><figure><img loading=\"lazy\" decoding=\"async\" width=\"800\" height=\"533\" src=\"https:\/\/marekkuchcinski.pl\/wp-content\/uploads\/2019\/04\/W3.jpg\" alt=\"\" data-id=\"14603\" data-link=\"https:\/\/marekkuchcinski.pl\/?attachment_id=14603\" class=\"wp-image-14603\" srcset=\"https:\/\/marekkuchcinski.pl\/wp-content\/uploads\/2019\/04\/W3.jpg 800w, https:\/\/marekkuchcinski.pl\/wp-content\/uploads\/2019\/04\/W3-300x200.jpg 300w, https:\/\/marekkuchcinski.pl\/wp-content\/uploads\/2019\/04\/W3-768x512.jpg 768w\" sizes=\"(max-width: 800px) 100vw, 800px\" \/><\/figure><\/li><li class=\"blocks-gallery-item\"><figure><img loading=\"lazy\" decoding=\"async\" width=\"800\" height=\"533\" src=\"https:\/\/marekkuchcinski.pl\/wp-content\/uploads\/2019\/04\/w2.jpg\" alt=\"\" data-id=\"14604\" data-link=\"https:\/\/marekkuchcinski.pl\/?attachment_id=14604\" class=\"wp-image-14604\" srcset=\"https:\/\/marekkuchcinski.pl\/wp-content\/uploads\/2019\/04\/w2.jpg 800w, https:\/\/marekkuchcinski.pl\/wp-content\/uploads\/2019\/04\/w2-300x200.jpg 300w, https:\/\/marekkuchcinski.pl\/wp-content\/uploads\/2019\/04\/w2-768x512.jpg 768w\" sizes=\"(max-width: 800px) 100vw, 800px\" \/><\/figure><\/li><li class=\"blocks-gallery-item\"><figure><img loading=\"lazy\" decoding=\"async\" width=\"1024\" height=\"682\" src=\"https:\/\/marekkuchcinski.pl\/wp-content\/uploads\/2019\/04\/W-1-1024x682.jpg\" alt=\"\" data-id=\"14605\" data-link=\"https:\/\/marekkuchcinski.pl\/?attachment_id=14605\" class=\"wp-image-14605\" srcset=\"https:\/\/marekkuchcinski.pl\/wp-content\/uploads\/2019\/04\/W-1-1024x682.jpg 1024w, https:\/\/marekkuchcinski.pl\/wp-content\/uploads\/2019\/04\/W-1-300x200.jpg 300w, https:\/\/marekkuchcinski.pl\/wp-content\/uploads\/2019\/04\/W-1-768x511.jpg 768w, https:\/\/marekkuchcinski.pl\/wp-content\/uploads\/2019\/04\/W-1.jpg 2048w\" sizes=\"(max-width: 1024px) 100vw, 1024px\" \/><\/figure><\/li><li class=\"blocks-gallery-item\"><figure><img loading=\"lazy\" decoding=\"async\" width=\"1024\" height=\"683\" src=\"https:\/\/marekkuchcinski.pl\/wp-content\/uploads\/2019\/04\/w4-1024x683.jpg\" alt=\"\" data-id=\"14606\" data-link=\"https:\/\/marekkuchcinski.pl\/?attachment_id=14606\" class=\"wp-image-14606\" srcset=\"https:\/\/marekkuchcinski.pl\/wp-content\/uploads\/2019\/04\/w4-1024x683.jpg 1024w, https:\/\/marekkuchcinski.pl\/wp-content\/uploads\/2019\/04\/w4-300x200.jpg 300w, https:\/\/marekkuchcinski.pl\/wp-content\/uploads\/2019\/04\/w4-768x512.jpg 768w, https:\/\/marekkuchcinski.pl\/wp-content\/uploads\/2019\/04\/w4.jpg 1080w\" sizes=\"(max-width: 1024px) 100vw, 1024px\" \/><\/figure><\/li><\/ul>","protected":false},"excerpt":{"rendered":"<p>Relacje Unii Europejskiej z s\u0105siadami, majowe wybory do Parlamentu Europejskiego, wsp\u00f3\u0142praca parlament\u00f3w narodowych i instytucji europejskich \u2013 to g\u0142\u00f3wne tematy Konferencji Przewodnicz\u0105cych Parlament\u00f3w Unii Europejskiej, kt\u00f3ra rozpocz\u0119\u0142a si\u0119 w poniedzia\u0142ek w Wiedniu. Polski parlament w stolicy Austrii reprezentuj\u0105 marsza\u0142kowie Sejmu i Senatu Marek Kuchci\u0144ski i Stanis\u0142aw Karczewski. Konferencja jest corocznym forum wymiany zda\u0144 na temat [&hellip;]<\/p>","protected":false},"author":6,"featured_media":14605,"comment_status":"open","ping_status":"open","sticky":false,"template":"","format":"standard","meta":{"ngg_post_thumbnail":0,"footnotes":""},"categories":[81,50],"tags":[],"class_list":["post-14596","post","type-post","status-publish","format-standard","has-post-thumbnail","hentry","category-wiesci-z-sejmu","category-wspolpraca-miedzynarodowa"],"yoast_head":"<!-- This site is optimized with the Yoast SEO plugin v24.7 - https:\/\/yoast.com\/wordpress\/plugins\/seo\/ -->\n<title>Wiede\u0144: pierwszy dzie\u0144 Konferencji Przewodnicz\u0105cych Parlament\u00f3w UE z udzia\u0142em marsza\u0142ka Sejmu &#8211; Marek Kuchci\u0144ski<\/title>\n<meta name=\"robots\" content=\"index, follow, max-snippet:-1, max-image-preview:large, max-video-preview:-1\" \/>\n<link rel=\"canonical\" href=\"https:\/\/marekkuchcinski.pl\/hu\/wspolpraca-miedzynarodowa\/wieden-pierwszy-dzien-konferencji-przewodniczacych-parlamentow-ue-z-udzialem-marszalka-sejmu\/\" \/>\n<meta property=\"og:locale\" content=\"hu_HU\" \/>\n<meta property=\"og:type\" content=\"article\" \/>\n<meta property=\"og:title\" content=\"Wiede\u0144: pierwszy dzie\u0144 Konferencji Przewodnicz\u0105cych Parlament\u00f3w UE z udzia\u0142em marsza\u0142ka Sejmu &#8211; Marek Kuchci\u0144ski\" \/>\n<meta property=\"og:description\" content=\"Relacje Unii Europejskiej z s\u0105siadami, majowe wybory do Parlamentu Europejskiego, wsp\u00f3\u0142praca parlament\u00f3w narodowych i instytucji europejskich \u2013 to g\u0142\u00f3wne tematy Konferencji Przewodnicz\u0105cych Parlament\u00f3w Unii Europejskiej, kt\u00f3ra rozpocz\u0119\u0142a si\u0119 w poniedzia\u0142ek w Wiedniu. Polski parlament w stolicy Austrii reprezentuj\u0105 marsza\u0142kowie Sejmu i Senatu Marek Kuchci\u0144ski i Stanis\u0142aw Karczewski. Konferencja jest corocznym forum wymiany zda\u0144 na temat [&hellip;]\" \/>\n<meta property=\"og:url\" content=\"https:\/\/marekkuchcinski.pl\/hu\/wspolpraca-miedzynarodowa\/wieden-pierwszy-dzien-konferencji-przewodniczacych-parlamentow-ue-z-udzialem-marszalka-sejmu\/\" \/>\n<meta property=\"og:site_name\" content=\"Marek Kuchci\u0144ski\" \/>\n<meta property=\"article:published_time\" content=\"2019-04-09T09:16:25+00:00\" \/>\n<meta property=\"article:modified_time\" content=\"2019-04-09T09:16:39+00:00\" \/>\n<meta property=\"og:image\" content=\"https:\/\/marekkuchcinski.pl\/wp-content\/uploads\/2019\/04\/W-1.jpg\" \/>\n\t<meta property=\"og:image:width\" content=\"2048\" \/>\n\t<meta property=\"og:image:height\" content=\"1363\" \/>\n\t<meta property=\"og:image:type\" content=\"image\/jpeg\" \/>\n<meta name=\"author\" content=\"admin\" \/>\n<meta name=\"twitter:card\" content=\"summary_large_image\" \/>\n<meta name=\"twitter:label1\" content=\"Szerz\u0151:\" \/>\n\t<meta name=\"twitter:data1\" content=\"admin\" \/>\n\t<meta name=\"twitter:label2\" content=\"Becs\u00fclt olvas\u00e1si id\u0151\" \/>\n\t<meta name=\"twitter:data2\" content=\"5 perc\" \/>\n<script type=\"application\/ld+json\" class=\"yoast-schema-graph\">{\"@context\":\"https:\/\/schema.org\",\"@graph\":[{\"@type\":\"Article\",\"@id\":\"https:\/\/marekkuchcinski.pl\/en\/wspolpraca-miedzynarodowa\/wieden-pierwszy-dzien-konferencji-przewodniczacych-parlamentow-ue-z-udzialem-marszalka-sejmu\/#article\",\"isPartOf\":{\"@id\":\"https:\/\/marekkuchcinski.pl\/en\/wspolpraca-miedzynarodowa\/wieden-pierwszy-dzien-konferencji-przewodniczacych-parlamentow-ue-z-udzialem-marszalka-sejmu\/\"},\"author\":{\"name\":\"admin\",\"@id\":\"https:\/\/marekkuchcinski.pl\/#\/schema\/person\/6f62700996b4d950b6ea2d1183b6c6be\"},\"headline\":\"Wiede\u0144: pierwszy dzie\u0144 Konferencji Przewodnicz\u0105cych Parlament\u00f3w UE z udzia\u0142em marsza\u0142ka Sejmu\",\"datePublished\":\"2019-04-09T09:16:25+00:00\",\"dateModified\":\"2019-04-09T09:16:39+00:00\",\"mainEntityOfPage\":{\"@id\":\"https:\/\/marekkuchcinski.pl\/en\/wspolpraca-miedzynarodowa\/wieden-pierwszy-dzien-konferencji-przewodniczacych-parlamentow-ue-z-udzialem-marszalka-sejmu\/\"},\"wordCount\":935,\"commentCount\":0,\"publisher\":{\"@id\":\"https:\/\/marekkuchcinski.pl\/#organization\"},\"image\":{\"@id\":\"https:\/\/marekkuchcinski.pl\/en\/wspolpraca-miedzynarodowa\/wieden-pierwszy-dzien-konferencji-przewodniczacych-parlamentow-ue-z-udzialem-marszalka-sejmu\/#primaryimage\"},\"thumbnailUrl\":\"https:\/\/marekkuchcinski.pl\/wp-content\/uploads\/2019\/04\/W-1.jpg\",\"articleSection\":[\"Wie\u015bci z Sejmu\",\"Wsp\u00f3\u0142praca mi\u0119dzynarodowa\"],\"inLanguage\":\"hu\",\"potentialAction\":[{\"@type\":\"CommentAction\",\"name\":\"Comment\",\"target\":[\"https:\/\/marekkuchcinski.pl\/en\/wspolpraca-miedzynarodowa\/wieden-pierwszy-dzien-konferencji-przewodniczacych-parlamentow-ue-z-udzialem-marszalka-sejmu\/#respond\"]}]},{\"@type\":\"WebPage\",\"@id\":\"https:\/\/marekkuchcinski.pl\/en\/wspolpraca-miedzynarodowa\/wieden-pierwszy-dzien-konferencji-przewodniczacych-parlamentow-ue-z-udzialem-marszalka-sejmu\/\",\"url\":\"https:\/\/marekkuchcinski.pl\/en\/wspolpraca-miedzynarodowa\/wieden-pierwszy-dzien-konferencji-przewodniczacych-parlamentow-ue-z-udzialem-marszalka-sejmu\/\",\"name\":\"Wiede\u0144: pierwszy dzie\u0144 Konferencji Przewodnicz\u0105cych Parlament\u00f3w UE z udzia\u0142em marsza\u0142ka Sejmu &#8211; Marek Kuchci\u0144ski\",\"isPartOf\":{\"@id\":\"https:\/\/marekkuchcinski.pl\/#website\"},\"primaryImageOfPage\":{\"@id\":\"https:\/\/marekkuchcinski.pl\/en\/wspolpraca-miedzynarodowa\/wieden-pierwszy-dzien-konferencji-przewodniczacych-parlamentow-ue-z-udzialem-marszalka-sejmu\/#primaryimage\"},\"image\":{\"@id\":\"https:\/\/marekkuchcinski.pl\/en\/wspolpraca-miedzynarodowa\/wieden-pierwszy-dzien-konferencji-przewodniczacych-parlamentow-ue-z-udzialem-marszalka-sejmu\/#primaryimage\"},\"thumbnailUrl\":\"https:\/\/marekkuchcinski.pl\/wp-content\/uploads\/2019\/04\/W-1.jpg\",\"datePublished\":\"2019-04-09T09:16:25+00:00\",\"dateModified\":\"2019-04-09T09:16:39+00:00\",\"breadcrumb\":{\"@id\":\"https:\/\/marekkuchcinski.pl\/en\/wspolpraca-miedzynarodowa\/wieden-pierwszy-dzien-konferencji-przewodniczacych-parlamentow-ue-z-udzialem-marszalka-sejmu\/#breadcrumb\"},\"inLanguage\":\"hu\",\"potentialAction\":[{\"@type\":\"ReadAction\",\"target\":[\"https:\/\/marekkuchcinski.pl\/en\/wspolpraca-miedzynarodowa\/wieden-pierwszy-dzien-konferencji-przewodniczacych-parlamentow-ue-z-udzialem-marszalka-sejmu\/\"]}]},{\"@type\":\"ImageObject\",\"inLanguage\":\"hu\",\"@id\":\"https:\/\/marekkuchcinski.pl\/en\/wspolpraca-miedzynarodowa\/wieden-pierwszy-dzien-konferencji-przewodniczacych-parlamentow-ue-z-udzialem-marszalka-sejmu\/#primaryimage\",\"url\":\"https:\/\/marekkuchcinski.pl\/wp-content\/uploads\/2019\/04\/W-1.jpg\",\"contentUrl\":\"https:\/\/marekkuchcinski.pl\/wp-content\/uploads\/2019\/04\/W-1.jpg\",\"width\":2048,\"height\":1363},{\"@type\":\"BreadcrumbList\",\"@id\":\"https:\/\/marekkuchcinski.pl\/en\/wspolpraca-miedzynarodowa\/wieden-pierwszy-dzien-konferencji-przewodniczacych-parlamentow-ue-z-udzialem-marszalka-sejmu\/#breadcrumb\",\"itemListElement\":[{\"@type\":\"ListItem\",\"position\":1,\"name\":\"Strona g\u0142\u00f3wna\",\"item\":\"https:\/\/marekkuchcinski.pl\/\"},{\"@type\":\"ListItem\",\"position\":2,\"name\":\"Wiede\u0144: pierwszy dzie\u0144 Konferencji Przewodnicz\u0105cych Parlament\u00f3w UE z udzia\u0142em marsza\u0142ka Sejmu\"}]},{\"@type\":\"WebSite\",\"@id\":\"https:\/\/marekkuchcinski.pl\/#website\",\"url\":\"https:\/\/marekkuchcinski.pl\/\",\"name\":\"Marek Kuchci\u0144ski\",\"description\":\"Pose\u0142 na sejm RP &ndash; okr\u0119g nr 22\",\"publisher\":{\"@id\":\"https:\/\/marekkuchcinski.pl\/#organization\"},\"potentialAction\":[{\"@type\":\"SearchAction\",\"target\":{\"@type\":\"EntryPoint\",\"urlTemplate\":\"https:\/\/marekkuchcinski.pl\/?s={search_term_string}\"},\"query-input\":{\"@type\":\"PropertyValueSpecification\",\"valueRequired\":true,\"valueName\":\"search_term_string\"}}],\"inLanguage\":\"hu\"},{\"@type\":\"Organization\",\"@id\":\"https:\/\/marekkuchcinski.pl\/#organization\",\"name\":\"Marek Kuchci\u0144ski\",\"url\":\"https:\/\/marekkuchcinski.pl\/\",\"logo\":{\"@type\":\"ImageObject\",\"inLanguage\":\"hu\",\"@id\":\"https:\/\/marekkuchcinski.pl\/#\/schema\/logo\/image\/\",\"url\":\"https:\/\/marekkuchcinski.pl\/wp-content\/uploads\/2022\/09\/Marek.jpg\",\"contentUrl\":\"https:\/\/marekkuchcinski.pl\/wp-content\/uploads\/2022\/09\/Marek.jpg\",\"width\":1600,\"height\":971,\"caption\":\"Marek Kuchci\u0144ski\"},\"image\":{\"@id\":\"https:\/\/marekkuchcinski.pl\/#\/schema\/logo\/image\/\"}},{\"@type\":\"Person\",\"@id\":\"https:\/\/marekkuchcinski.pl\/#\/schema\/person\/6f62700996b4d950b6ea2d1183b6c6be\",\"name\":\"admin\",\"image\":{\"@type\":\"ImageObject\",\"inLanguage\":\"hu\",\"@id\":\"https:\/\/marekkuchcinski.pl\/#\/schema\/person\/image\/\",\"url\":\"https:\/\/secure.gravatar.com\/avatar\/4bab693b9d55c3d6b52c0296a8765085?s=96&d=mm&r=g\",\"contentUrl\":\"https:\/\/secure.gravatar.com\/avatar\/4bab693b9d55c3d6b52c0296a8765085?s=96&d=mm&r=g\",\"caption\":\"admin\"},\"url\":\"https:\/\/marekkuchcinski.pl\/hu\/author\/marta-olejnik\/\"}]}<\/script>\n<!-- \/ Yoast SEO plugin. -->","yoast_head_json":{"title":"Wiede\u0144: pierwszy dzie\u0144 Konferencji Przewodnicz\u0105cych Parlament\u00f3w UE z udzia\u0142em marsza\u0142ka Sejmu &#8211; Marek Kuchci\u0144ski","robots":{"index":"index","follow":"follow","max-snippet":"max-snippet:-1","max-image-preview":"max-image-preview:large","max-video-preview":"max-video-preview:-1"},"canonical":"https:\/\/marekkuchcinski.pl\/hu\/wspolpraca-miedzynarodowa\/wieden-pierwszy-dzien-konferencji-przewodniczacych-parlamentow-ue-z-udzialem-marszalka-sejmu\/","og_locale":"hu_HU","og_type":"article","og_title":"Wiede\u0144: pierwszy dzie\u0144 Konferencji Przewodnicz\u0105cych Parlament\u00f3w UE z udzia\u0142em marsza\u0142ka Sejmu &#8211; Marek Kuchci\u0144ski","og_description":"Relacje Unii Europejskiej z s\u0105siadami, majowe wybory do Parlamentu Europejskiego, wsp\u00f3\u0142praca parlament\u00f3w narodowych i instytucji europejskich \u2013 to g\u0142\u00f3wne tematy Konferencji Przewodnicz\u0105cych Parlament\u00f3w Unii Europejskiej, kt\u00f3ra rozpocz\u0119\u0142a si\u0119 w poniedzia\u0142ek w Wiedniu. Polski parlament w stolicy Austrii reprezentuj\u0105 marsza\u0142kowie Sejmu i Senatu Marek Kuchci\u0144ski i Stanis\u0142aw Karczewski. Konferencja jest corocznym forum wymiany zda\u0144 na temat [&hellip;]","og_url":"https:\/\/marekkuchcinski.pl\/hu\/wspolpraca-miedzynarodowa\/wieden-pierwszy-dzien-konferencji-przewodniczacych-parlamentow-ue-z-udzialem-marszalka-sejmu\/","og_site_name":"Marek Kuchci\u0144ski","article_published_time":"2019-04-09T09:16:25+00:00","article_modified_time":"2019-04-09T09:16:39+00:00","og_image":[{"width":2048,"height":1363,"url":"https:\/\/marekkuchcinski.pl\/wp-content\/uploads\/2019\/04\/W-1.jpg","type":"image\/jpeg"}],"author":"admin","twitter_card":"summary_large_image","twitter_misc":{"Szerz\u0151:":"admin","Becs\u00fclt olvas\u00e1si id\u0151":"5 perc"},"schema":{"@context":"https:\/\/schema.org","@graph":[{"@type":"Article","@id":"https:\/\/marekkuchcinski.pl\/en\/wspolpraca-miedzynarodowa\/wieden-pierwszy-dzien-konferencji-przewodniczacych-parlamentow-ue-z-udzialem-marszalka-sejmu\/#article","isPartOf":{"@id":"https:\/\/marekkuchcinski.pl\/en\/wspolpraca-miedzynarodowa\/wieden-pierwszy-dzien-konferencji-przewodniczacych-parlamentow-ue-z-udzialem-marszalka-sejmu\/"},"author":{"name":"admin","@id":"https:\/\/marekkuchcinski.pl\/#\/schema\/person\/6f62700996b4d950b6ea2d1183b6c6be"},"headline":"Wiede\u0144: pierwszy dzie\u0144 Konferencji Przewodnicz\u0105cych Parlament\u00f3w UE z udzia\u0142em marsza\u0142ka Sejmu","datePublished":"2019-04-09T09:16:25+00:00","dateModified":"2019-04-09T09:16:39+00:00","mainEntityOfPage":{"@id":"https:\/\/marekkuchcinski.pl\/en\/wspolpraca-miedzynarodowa\/wieden-pierwszy-dzien-konferencji-przewodniczacych-parlamentow-ue-z-udzialem-marszalka-sejmu\/"},"wordCount":935,"commentCount":0,"publisher":{"@id":"https:\/\/marekkuchcinski.pl\/#organization"},"image":{"@id":"https:\/\/marekkuchcinski.pl\/en\/wspolpraca-miedzynarodowa\/wieden-pierwszy-dzien-konferencji-przewodniczacych-parlamentow-ue-z-udzialem-marszalka-sejmu\/#primaryimage"},"thumbnailUrl":"https:\/\/marekkuchcinski.pl\/wp-content\/uploads\/2019\/04\/W-1.jpg","articleSection":["Wie\u015bci z Sejmu","Wsp\u00f3\u0142praca mi\u0119dzynarodowa"],"inLanguage":"hu","potentialAction":[{"@type":"CommentAction","name":"Comment","target":["https:\/\/marekkuchcinski.pl\/en\/wspolpraca-miedzynarodowa\/wieden-pierwszy-dzien-konferencji-przewodniczacych-parlamentow-ue-z-udzialem-marszalka-sejmu\/#respond"]}]},{"@type":"WebPage","@id":"https:\/\/marekkuchcinski.pl\/en\/wspolpraca-miedzynarodowa\/wieden-pierwszy-dzien-konferencji-przewodniczacych-parlamentow-ue-z-udzialem-marszalka-sejmu\/","url":"https:\/\/marekkuchcinski.pl\/en\/wspolpraca-miedzynarodowa\/wieden-pierwszy-dzien-konferencji-przewodniczacych-parlamentow-ue-z-udzialem-marszalka-sejmu\/","name":"Wiede\u0144: pierwszy dzie\u0144 Konferencji Przewodnicz\u0105cych Parlament\u00f3w UE z udzia\u0142em marsza\u0142ka Sejmu &#8211; Marek Kuchci\u0144ski","isPartOf":{"@id":"https:\/\/marekkuchcinski.pl\/#website"},"primaryImageOfPage":{"@id":"https:\/\/marekkuchcinski.pl\/en\/wspolpraca-miedzynarodowa\/wieden-pierwszy-dzien-konferencji-przewodniczacych-parlamentow-ue-z-udzialem-marszalka-sejmu\/#primaryimage"},"image":{"@id":"https:\/\/marekkuchcinski.pl\/en\/wspolpraca-miedzynarodowa\/wieden-pierwszy-dzien-konferencji-przewodniczacych-parlamentow-ue-z-udzialem-marszalka-sejmu\/#primaryimage"},"thumbnailUrl":"https:\/\/marekkuchcinski.pl\/wp-content\/uploads\/2019\/04\/W-1.jpg","datePublished":"2019-04-09T09:16:25+00:00","dateModified":"2019-04-09T09:16:39+00:00","breadcrumb":{"@id":"https:\/\/marekkuchcinski.pl\/en\/wspolpraca-miedzynarodowa\/wieden-pierwszy-dzien-konferencji-przewodniczacych-parlamentow-ue-z-udzialem-marszalka-sejmu\/#breadcrumb"},"inLanguage":"hu","potentialAction":[{"@type":"ReadAction","target":["https:\/\/marekkuchcinski.pl\/en\/wspolpraca-miedzynarodowa\/wieden-pierwszy-dzien-konferencji-przewodniczacych-parlamentow-ue-z-udzialem-marszalka-sejmu\/"]}]},{"@type":"ImageObject","inLanguage":"hu","@id":"https:\/\/marekkuchcinski.pl\/en\/wspolpraca-miedzynarodowa\/wieden-pierwszy-dzien-konferencji-przewodniczacych-parlamentow-ue-z-udzialem-marszalka-sejmu\/#primaryimage","url":"https:\/\/marekkuchcinski.pl\/wp-content\/uploads\/2019\/04\/W-1.jpg","contentUrl":"https:\/\/marekkuchcinski.pl\/wp-content\/uploads\/2019\/04\/W-1.jpg","width":2048,"height":1363},{"@type":"BreadcrumbList","@id":"https:\/\/marekkuchcinski.pl\/en\/wspolpraca-miedzynarodowa\/wieden-pierwszy-dzien-konferencji-przewodniczacych-parlamentow-ue-z-udzialem-marszalka-sejmu\/#breadcrumb","itemListElement":[{"@type":"ListItem","position":1,"name":"Strona g\u0142\u00f3wna","item":"https:\/\/marekkuchcinski.pl\/"},{"@type":"ListItem","position":2,"name":"Wiede\u0144: pierwszy dzie\u0144 Konferencji Przewodnicz\u0105cych Parlament\u00f3w UE z udzia\u0142em marsza\u0142ka Sejmu"}]},{"@type":"WebSite","@id":"https:\/\/marekkuchcinski.pl\/#website","url":"https:\/\/marekkuchcinski.pl\/","name":"Marek Kuchci\u0144ski","description":"Pose\u0142 na sejm RP &ndash; okr\u0119g nr 22","publisher":{"@id":"https:\/\/marekkuchcinski.pl\/#organization"},"potentialAction":[{"@type":"SearchAction","target":{"@type":"EntryPoint","urlTemplate":"https:\/\/marekkuchcinski.pl\/?s={search_term_string}"},"query-input":{"@type":"PropertyValueSpecification","valueRequired":true,"valueName":"search_term_string"}}],"inLanguage":"hu"},{"@type":"Organization","@id":"https:\/\/marekkuchcinski.pl\/#organization","name":"Marek Kuchci\u0144ski","url":"https:\/\/marekkuchcinski.pl\/","logo":{"@type":"ImageObject","inLanguage":"hu","@id":"https:\/\/marekkuchcinski.pl\/#\/schema\/logo\/image\/","url":"https:\/\/marekkuchcinski.pl\/wp-content\/uploads\/2022\/09\/Marek.jpg","contentUrl":"https:\/\/marekkuchcinski.pl\/wp-content\/uploads\/2022\/09\/Marek.jpg","width":1600,"height":971,"caption":"Marek Kuchci\u0144ski"},"image":{"@id":"https:\/\/marekkuchcinski.pl\/#\/schema\/logo\/image\/"}},{"@type":"Person","@id":"https:\/\/marekkuchcinski.pl\/#\/schema\/person\/6f62700996b4d950b6ea2d1183b6c6be","name":"admin","image":{"@type":"ImageObject","inLanguage":"hu","@id":"https:\/\/marekkuchcinski.pl\/#\/schema\/person\/image\/","url":"https:\/\/secure.gravatar.com\/avatar\/4bab693b9d55c3d6b52c0296a8765085?s=96&d=mm&r=g","contentUrl":"https:\/\/secure.gravatar.com\/avatar\/4bab693b9d55c3d6b52c0296a8765085?s=96&d=mm&r=g","caption":"admin"},"url":"https:\/\/marekkuchcinski.pl\/hu\/author\/marta-olejnik\/"}]}},"_links":{"self":[{"href":"https:\/\/marekkuchcinski.pl\/hu\/wp-json\/wp\/v2\/posts\/14596","targetHints":{"allow":["GET"]}}],"collection":[{"href":"https:\/\/marekkuchcinski.pl\/hu\/wp-json\/wp\/v2\/posts"}],"about":[{"href":"https:\/\/marekkuchcinski.pl\/hu\/wp-json\/wp\/v2\/types\/post"}],"author":[{"embeddable":true,"href":"https:\/\/marekkuchcinski.pl\/hu\/wp-json\/wp\/v2\/users\/6"}],"replies":[{"embeddable":true,"href":"https:\/\/marekkuchcinski.pl\/hu\/wp-json\/wp\/v2\/comments?post=14596"}],"version-history":[{"count":3,"href":"https:\/\/marekkuchcinski.pl\/hu\/wp-json\/wp\/v2\/posts\/14596\/revisions"}],"predecessor-version":[{"id":14608,"href":"https:\/\/marekkuchcinski.pl\/hu\/wp-json\/wp\/v2\/posts\/14596\/revisions\/14608"}],"wp:featuredmedia":[{"embeddable":true,"href":"https:\/\/marekkuchcinski.pl\/hu\/wp-json\/wp\/v2\/media\/14605"}],"wp:attachment":[{"href":"https:\/\/marekkuchcinski.pl\/hu\/wp-json\/wp\/v2\/media?parent=14596"}],"wp:term":[{"taxonomy":"category","embeddable":true,"href":"https:\/\/marekkuchcinski.pl\/hu\/wp-json\/wp\/v2\/categories?post=14596"},{"taxonomy":"post_tag","embeddable":true,"href":"https:\/\/marekkuchcinski.pl\/hu\/wp-json\/wp\/v2\/tags?post=14596"}],"curies":[{"name":"wp","href":"https:\/\/api.w.org\/{rel}","templated":true}]}}