{"id":14590,"date":"2019-04-07T20:04:14","date_gmt":"2019-04-07T18:04:14","guid":{"rendered":"https:\/\/marekkuchcinski.pl\/?p=14590"},"modified":"2019-04-07T20:04:16","modified_gmt":"2019-04-07T18:04:16","slug":"xxi-sejmik-folklorystyczny-zwiazany-z-obchodami-swiat-wielkanocnych","status":"publish","type":"post","link":"https:\/\/marekkuchcinski.pl\/hu\/bez-kategorii\/lms\/xxi-sejmik-folklorystyczny-zwiazany-z-obchodami-swiat-wielkanocnych\/","title":{"rendered":"XXI. H\u00fasv\u00e9ti N\u00e9pi Fesztiv\u00e1l"},"content":{"rendered":"<p class=\"wp-block-paragraph\"><strong><em>Mr<br> Wac\u0142aw Paw\u0142owski<br> Krzywcza Gmina Voitja <br> <\/em><\/strong><\/p>\n\n\n\n<p class=\"wp-block-paragraph\"><em>Kedves\nF\u0151polg\u00e1rmester \u00far,<\/em><\/p>\n\n\n\n<p class=\"wp-block-paragraph\"><em>Nagyon sz\u00e9pen k\u00f6sz\u00f6n\u00f6m, hogy\na h\u00fasv\u00e9ti \u00fcnneps\u00e9gekkel kapcsolatos megh\u00edv\u00f3 a 21. n\u00e9pi szejmikre.\nH\u00fasv\u00e9t. Mivel nem tudok r\u00e9szt venni, szeretn\u00e9m megragadni az alkalmat, hogy \u00fcdv\u00f6z\u00f6ljem a k\u00f6vetkez\u0151ket\nminden r\u00e9sztvev\u0151nek.<\/em><\/p>\n\n\n\n<p class=\"wp-block-paragraph\"><em>A h\u00fasv\u00e9t k\u00fcl\u00f6nleges id\u0151szak,\namikor a szimbolikus vall\u00e1si r\u00edtusok, a n\u00e9pi hagyom\u00e1nyok \u00e9s a term\u00e9szet \u00fajj\u00e1sz\u00fclet\u00e9se\negybefon\u00f3dnak. \u0150si szok\u00e1sok megeml\u00e9keznek a fontos kereszt\u00e9ny\nesem\u00e9nyek, valamint a term\u00e9szetes v\u00e1ltoz\u00e1sok kiemel\u00e9se. <br>\na term\u00e9szetben. <\/em><\/p>\n\n\n\n<p class=\"wp-block-paragraph\"><em>\u00d6r\u00fcl\u00f6k, hogy minden \u00e9vben\nfolkl\u00f3rfesztiv\u00e1lt szervezel, amelyen a legfiatalabbaknak\nlehet\u0151s\u00e9g az \u0151si szok\u00e1sok megismer\u00e9s\u00e9re. Ez az\u00e9rt van \u00edgy, mert ez \u00f6r\u00f6ks\u00e9g\u00fcnk fontos r\u00e9sze.\n\u00e9vsz\u00e1zadokon \u00e1t a j\u00f6v\u0151 nemzed\u00e9keinek.  Fogadj\u00e1k sz\u00edv\u00e9lyes j\u00f3k\u00edv\u00e1ns\u00e1gainkat a kellemes hangulathoz \u00e9s a j\u00f3 sz\u00f3rakoz\u00e1shoz.\nkellemes l\u00e9gk\u00f6r \u00e9s j\u00f3 sz\u00f3rakoz\u00e1s. Gratul\u00e1lunk a h\u00fasv\u00e9ti versenyek nyerteseinek.<\/em><\/p>\n\n\n\n<p class=\"wp-block-paragraph\"><em>A k\u00f6zelg\u0151 \u00fcnnepek alkalm\u00e1b\u00f3l k\u00edv\u00e1nom \u00d6n\u00f6knek.\nhogy meg\u00e9lj\u00e9tek ezt a k\u00fcl\u00f6nleges id\u0151szakot <br>\naz \u00f6r\u00f6m, a k\u00f6lcs\u00f6n\u00f6s meg\u00e9rt\u00e9s szellem\u00e9ben\n\u00e9s a rem\u00e9ny. <\/em><\/p>\n\n\n\n<p class=\"wp-block-paragraph\"><em>\u00dcdv\u00f6zlettel \u00e9s legjobb k\u00edv\u00e1ns\u00e1gokkal\n\u00dcdv\u00f6zlettel.<\/em><\/p>\n\n\n\n<p class=\"wp-block-paragraph\"><em>&nbsp;&nbsp;&nbsp; Marek Kuchci\u0144ski&nbsp; <\/em><\/p>","protected":false},"excerpt":{"rendered":"<p>Pan Wac\u0142aw Paw\u0142owski W\u00f3jt Gminy Krzywcza Szanowny Panie W\u00f3jcie, pragn\u0119 serdecznie podzi\u0119kowa\u0107 za zaproszenie na XXI Sejmik Folklorystyczny zwi\u0105zany z obchodami \u015awi\u0105t Wielkanocnych. Nie mog\u0105c wzi\u0105\u0107 w nim udzia\u0142u, t\u0105 drog\u0105 chcia\u0142bym pozdrowi\u0107 wszystkich uczestnik\u00f3w. \u015awi\u0119ta wielkanocne to wyj\u0105tkowy czas, kiedy symboliczne obrz\u0119dy religijne, tradycja ludowa i odradzaj\u0105ca przyroda splataj\u0105 si\u0119 w jedno. Dawne zwyczaje [&hellip;]<\/p>\n","protected":false},"author":6,"featured_media":14113,"comment_status":"open","ping_status":"open","sticky":false,"template":"","format":"standard","meta":{"ngg_post_thumbnail":0,"footnotes":""},"categories":[104],"tags":[],"class_list":["post-14590","post","type-post","status-publish","format-standard","has-post-thumbnail","hentry","category-lms"],"_links":{"self":[{"href":"https:\/\/marekkuchcinski.pl\/hu\/wp-json\/wp\/v2\/posts\/14590","targetHints":{"allow":["GET"]}}],"collection":[{"href":"https:\/\/marekkuchcinski.pl\/hu\/wp-json\/wp\/v2\/posts"}],"about":[{"href":"https:\/\/marekkuchcinski.pl\/hu\/wp-json\/wp\/v2\/types\/post"}],"author":[{"embeddable":true,"href":"https:\/\/marekkuchcinski.pl\/hu\/wp-json\/wp\/v2\/users\/6"}],"replies":[{"embeddable":true,"href":"https:\/\/marekkuchcinski.pl\/hu\/wp-json\/wp\/v2\/comments?post=14590"}],"version-history":[{"count":1,"href":"https:\/\/marekkuchcinski.pl\/hu\/wp-json\/wp\/v2\/posts\/14590\/revisions"}],"predecessor-version":[{"id":14591,"href":"https:\/\/marekkuchcinski.pl\/hu\/wp-json\/wp\/v2\/posts\/14590\/revisions\/14591"}],"wp:featuredmedia":[{"embeddable":true,"href":"https:\/\/marekkuchcinski.pl\/hu\/wp-json\/wp\/v2\/media\/14113"}],"wp:attachment":[{"href":"https:\/\/marekkuchcinski.pl\/hu\/wp-json\/wp\/v2\/media?parent=14590"}],"wp:term":[{"taxonomy":"category","embeddable":true,"href":"https:\/\/marekkuchcinski.pl\/hu\/wp-json\/wp\/v2\/categories?post=14590"},{"taxonomy":"post_tag","embeddable":true,"href":"https:\/\/marekkuchcinski.pl\/hu\/wp-json\/wp\/v2\/tags?post=14590"}],"curies":[{"name":"wp","href":"https:\/\/api.w.org\/{rel}","templated":true}]}}