{"id":14587,"date":"2019-04-07T19:59:43","date_gmt":"2019-04-07T17:59:43","guid":{"rendered":"https:\/\/marekkuchcinski.pl\/?p=14587"},"modified":"2019-04-07T20:06:19","modified_gmt":"2019-04-07T18:06:19","slug":"uroczyste-obchody-upamietniajace-9-rocznice-tragedii-smolenskiej-i-79-rocznice-mordu-katynskiego","status":"publish","type":"post","link":"https:\/\/marekkuchcinski.pl\/hu\/bez-kategorii\/lms\/uroczyste-obchody-upamietniajace-9-rocznice-tragedii-smolenskiej-i-79-rocznice-mordu-katynskiego\/","title":{"rendered":"\u00dcnnep\u00e9lyes megeml\u00e9kez\u00e9s a szmolenszki trag\u00e9dia 9. \u00e9s a katyni m\u00e9sz\u00e1rl\u00e1s 79. \u00e9vfordul\u00f3j\u00e1r\u00f3l"},"content":{"rendered":"<p class=\"wp-block-paragraph\"><strong>&nbsp;&nbsp; Barbara Bartu\u015b asszony<\/strong><\/p>\n\n\n\n<p class=\"wp-block-paragraph\"><strong>&nbsp;&nbsp; A lengyel parlament tagja<\/strong><\/p>\n\n\n\n<p class=\"wp-block-paragraph\"><strong>&nbsp;&nbsp; Powiat Board <\/strong><\/p>\n\n\n\n<p class=\"wp-block-paragraph\"><strong>&nbsp;&nbsp; Jog \u00e9s igazs\u00e1gszolg\u00e1ltat\u00e1s <\/strong><\/p>\n\n\n\n<p class=\"wp-block-paragraph\"><strong>&nbsp;&nbsp; Gorlice v\u00e1ros\u00e1ban<\/strong><\/p>\n\n\n\n<p class=\"wp-block-paragraph\"><strong>&nbsp;&nbsp; V\u00e1rosunk Egyes\u00fclet <\/strong><\/p>\n\n\n\n<p class=\"wp-block-paragraph\">H\u00f6lgyeim \u00e9s uraim! <\/p>\n\n\n\n<p class=\"wp-block-paragraph\">K\u00f6sz\u00f6nj\u00fck megh\u00edv\u00e1sukat az \u00fcnnep\u00e9lyes megeml\u00e9kez\u00e9sre a 9. \u00e9vfordul\u00f3 alkalm\u00e1b\u00f3l.\na szmolenszki trag\u00e9dia \u00e9s a katyni m\u00e9sz\u00e1rl\u00e1s 79. \u00e9vfordul\u00f3ja. <\/p>\n\n\n\n<p class=\"wp-block-paragraph\"><a>Az im\u00e1ds\u00e1gos \u00e1lmodoz\u00e1s egyed\u00fcl\u00e1ll\u00f3 m\u00f3don egyes\u00edti az embereket.\na h\u00edv\u0151k, p<\/a>A rendezv\u00e9ny eml\u00e9keztet minket k\u00f6z\u00f6s eszm\u00e9inkre, \u00e9s m\u00e9lyen elgondolkodtat benn\u00fcnket a k\u00f6vetkez\u0151kr\u0151l\nNeh\u00e9z t\u00f6rt\u00e9nelm\u00fcnk, valamint az emberek, akiket a j\u00f3\u00e9rt val\u00f3 agg\u00f3d\u00e1s egyes\u00edtett.\nA ki\u00e1ll\u00edt\u00e1s kiv\u00e1l\u00f3 p\u00e9ld\u00e1ja annak, hogy mindannyian b\u00fcszk\u00e9k lehet\u00fcnk k\u00f6z\u00f6s t\u00f6rt\u00e9nelm\u00fcnkre \u00e9s a hazafias \u00e9rt\u00e9kek ir\u00e1nti elk\u00f6telezetts\u00e9g\u00fcnkre. <\/p>\n\n\n\n<p class=\"wp-block-paragraph\">Ezen az \u00e9vfordul\u00f3n megeml\u00e9kez\u00fcnk a Lengyel K\u00f6zt\u00e1rsas\u00e1g n\u00e9hai eln\u00f6k\u00e9r\u0151l, Lech professzorr\u00f3l.\nKaczy\u0144ski \u00e9s feles\u00e9ge, Maria, valamint az \u00f6sszes \u00e1ldozatot a\nSzmolenszki katasztr\u00f3fa. A szok\u00e1sosn\u00e1l is jobban \u00e9rezz\u00fck a bar\u00e1taink \u00e1ltal hagyott \u0171rt.\na sz\u00edv\u00fcnknek kedves bar\u00e1tok \u00e9s koll\u00e9g\u00e1k. Az \u0151 tragikus hal\u00e1luk is\nTragikus hal\u00e1luk arra is \u00f6szt\u00f6n\u00f6z benn\u00fcnket, hogy elgondolkodjunk eredm\u00e9nyeiken. <\/p>\n\n\n\n<p class=\"wp-block-paragraph\">A n\u00e9hai Lech Kaczy\u0144ski hagyat\u00e9ka inspir\u00e1l\u00f3an hat r\u00e1nk,\n\u00e9s egy\u00fattal k\u00f6teless\u00e9g\u00fcnk is a m\u00falt fel\u00e9, azok fel\u00e9, akik harcoltak a m\u00falt\u00e9rt.\nszabads\u00e1g. M\u00e9g nagyobb tisztelettel hajtunk fejet az \u00e1ldozatok el\u0151tt.\nKaty\u0144 - az NKVD \u00e1ltal meggyilkolt lengyelek. <\/p>\n\n\n\n<p class=\"wp-block-paragraph\">Szeretn\u00e9k k\u00f6sz\u00f6netet mondani a gorlicei \u00fcnneps\u00e9gek szervez\u0151inek.\nh\u0151seink eml\u00e9k\u00e9nek \u00e1pol\u00e1s\u00e1\u00e9rt. <\/p>\n\n\n\n<p class=\"wp-block-paragraph\">&nbsp;&nbsp;&nbsp;&nbsp;&nbsp;&nbsp;&nbsp;&nbsp;&nbsp;&nbsp;&nbsp;&nbsp;&nbsp;&nbsp;&nbsp;&nbsp;&nbsp;&nbsp;&nbsp;&nbsp;&nbsp;&nbsp;&nbsp;&nbsp;&nbsp;&nbsp;&nbsp;&nbsp;&nbsp;&nbsp;&nbsp;&nbsp;&nbsp;&nbsp;&nbsp;&nbsp;&nbsp;&nbsp;&nbsp;&nbsp;&nbsp;&nbsp;&nbsp;&nbsp;&nbsp;&nbsp;&nbsp;&nbsp;&nbsp;&nbsp;&nbsp;&nbsp;&nbsp;&nbsp;&nbsp;&nbsp;&nbsp;&nbsp;&nbsp;&nbsp;&nbsp;&nbsp;&nbsp;&nbsp;&nbsp;&nbsp;&nbsp;&nbsp;&nbsp;&nbsp;&nbsp;&nbsp;&nbsp;&nbsp;&nbsp;&nbsp;&nbsp;&nbsp;&nbsp;&nbsp;&nbsp;&nbsp; Z\n\u00dcdv\u00f6zlettel <\/p>\n\n\n\n<p class=\"wp-block-paragraph\">&nbsp;&nbsp;&nbsp;&nbsp;&nbsp;&nbsp;&nbsp;&nbsp;&nbsp;&nbsp;&nbsp;&nbsp;&nbsp;&nbsp;&nbsp;&nbsp;&nbsp;&nbsp;&nbsp;&nbsp;&nbsp;&nbsp;&nbsp;&nbsp;&nbsp;&nbsp;&nbsp;&nbsp;&nbsp;&nbsp;&nbsp;&nbsp;&nbsp;&nbsp;&nbsp;&nbsp;&nbsp;&nbsp;&nbsp;&nbsp;&nbsp;&nbsp;&nbsp;&nbsp;&nbsp;&nbsp;&nbsp;&nbsp;&nbsp;&nbsp;&nbsp;&nbsp;&nbsp;&nbsp;&nbsp;&nbsp;&nbsp;&nbsp;&nbsp;&nbsp;&nbsp;&nbsp;&nbsp;&nbsp;&nbsp;&nbsp;\n&nbsp;&nbsp;&nbsp;&nbsp;&nbsp;&nbsp;&nbsp;&nbsp;&nbsp;&nbsp;&nbsp;&nbsp;&nbsp;&nbsp;&nbsp;&nbsp;&nbsp;&nbsp;&nbsp;Marek\nKuchci\u0144ski <\/p>","protected":false},"excerpt":{"rendered":"<p>&nbsp;&nbsp; Pani Barbara Bartu\u015b &nbsp;&nbsp; Pose\u0142 na Sejm RP &nbsp;&nbsp; Zarz\u0105d Powiatowy &nbsp;&nbsp; Prawa i Sprawiedliwo\u015bci &nbsp;&nbsp; w Gorlicach &nbsp;&nbsp; Stowarzyszenie \u201eNasze Miasto\u201d Szanowni Pa\u0144stwo, dzi\u0119kuj\u0119 za zaproszenie na uroczyste obchody upami\u0119tniaj\u0105ce 9. rocznic\u0119 tragedii smole\u0144skiej i 79. rocznic\u0119 mordu katy\u0144skiego. Modlitewna zaduma w wyj\u0105tkowy spos\u00f3b jednoczy wiernych, przypomina wsp\u00f3lne idee i sk\u0142ania do g\u0142\u0119bokich [&hellip;]<\/p>\n","protected":false},"author":6,"featured_media":14113,"comment_status":"open","ping_status":"open","sticky":false,"template":"","format":"standard","meta":{"ngg_post_thumbnail":0,"footnotes":""},"categories":[104],"tags":[],"class_list":["post-14587","post","type-post","status-publish","format-standard","has-post-thumbnail","hentry","category-lms"],"_links":{"self":[{"href":"https:\/\/marekkuchcinski.pl\/hu\/wp-json\/wp\/v2\/posts\/14587","targetHints":{"allow":["GET"]}}],"collection":[{"href":"https:\/\/marekkuchcinski.pl\/hu\/wp-json\/wp\/v2\/posts"}],"about":[{"href":"https:\/\/marekkuchcinski.pl\/hu\/wp-json\/wp\/v2\/types\/post"}],"author":[{"embeddable":true,"href":"https:\/\/marekkuchcinski.pl\/hu\/wp-json\/wp\/v2\/users\/6"}],"replies":[{"embeddable":true,"href":"https:\/\/marekkuchcinski.pl\/hu\/wp-json\/wp\/v2\/comments?post=14587"}],"version-history":[{"count":1,"href":"https:\/\/marekkuchcinski.pl\/hu\/wp-json\/wp\/v2\/posts\/14587\/revisions"}],"predecessor-version":[{"id":14588,"href":"https:\/\/marekkuchcinski.pl\/hu\/wp-json\/wp\/v2\/posts\/14587\/revisions\/14588"}],"wp:featuredmedia":[{"embeddable":true,"href":"https:\/\/marekkuchcinski.pl\/hu\/wp-json\/wp\/v2\/media\/14113"}],"wp:attachment":[{"href":"https:\/\/marekkuchcinski.pl\/hu\/wp-json\/wp\/v2\/media?parent=14587"}],"wp:term":[{"taxonomy":"category","embeddable":true,"href":"https:\/\/marekkuchcinski.pl\/hu\/wp-json\/wp\/v2\/categories?post=14587"},{"taxonomy":"post_tag","embeddable":true,"href":"https:\/\/marekkuchcinski.pl\/hu\/wp-json\/wp\/v2\/tags?post=14587"}],"curies":[{"name":"wp","href":"https:\/\/api.w.org\/{rel}","templated":true}]}}