{"id":14586,"date":"2019-04-07T20:06:46","date_gmt":"2019-04-07T18:06:46","guid":{"rendered":"https:\/\/marekkuchcinski.pl\/?p=14586"},"modified":"2019-04-07T20:06:47","modified_gmt":"2019-04-07T18:06:47","slug":"uroczystosc-odsloniecia-pomnika-sp-pawla-wypycha","status":"publish","type":"post","link":"https:\/\/marekkuchcinski.pl\/hu\/bez-kategorii\/lms\/uroczystosc-odsloniecia-pomnika-sp-pawla-wypycha\/","title":{"rendered":"A n\u00e9hai Pawe\u0142 Wypych eml\u00e9km\u0171v\u00e9nek \u00fcnnep\u00e9lyes leleplez\u00e9se"},"content":{"rendered":"<p><em><strong>Ms <\/strong><\/em><strong><em>Ma\u0142gorzata Wypych<\/em><\/strong><\/p>\n\n\n\n<p><strong><em> A lengyel parlament tagja<\/em><\/strong><\/p>\n\n\n\n<p><em>&nbsp;&nbsp;&nbsp;&nbsp;&nbsp;&nbsp;&nbsp;&nbsp;&nbsp;&nbsp;&nbsp; Kedves\nEln\u00f6k asszony,<\/em><\/p>\n\n\n\n<p><em>&nbsp;&nbsp;&nbsp;&nbsp;&nbsp;&nbsp;&nbsp;&nbsp;&nbsp;&nbsp;&nbsp; nagyon\nK\u00f6sz\u00f6n\u00f6m sz\u00e9pen a megh\u00edv\u00e1st a n\u00e9hai Pawe\u0142 Wypych szobr\u00e1nak leleplez\u00e9si \u00fcnneps\u00e9g\u00e9re.\nSajn\u00e1lom, hogy kor\u00e1bbi elfoglalts\u00e1gaim miatt nem tudtam r\u00e9szt venni ezen a\nesem\u00e9ny.<\/em><\/p>\n\n\n\n<p><em>Pawe\u0142 Wypychre koll\u00e9g\u00e1i \u00e9s bar\u00e1tai \u00fagy eml\u00e9keznek majd, mint\nnagyon szorgalmas \u00e9s energikus, aki nagy felel\u0151ss\u00e9ggel \u00e9s elk\u00f6telezetts\u00e9ggel l\u00e1tta el feladatait.\nnagy felel\u0151ss\u00e9ggel \u00e9s elk\u00f6telezetts\u00e9ggel l\u00e1tta el feladatait. A k\u00f6z\u00e9let szerepl\u0151i kedvelt\u00e9k \u00e9s tisztelt\u00e9k.\na k\u00f6z\u00e9let r\u00e9sztvev\u0151i kedvelt\u00e9k \u00e9s tisztelt\u00e9k, kiegyens\u00falyozott \u00e9s megfontolt politikusnak tartott\u00e1k, ugyanakkor nyitott volt az emberek fel\u00e9.\nnyitott az emberek el\u0151tt. Nagyra becs\u00fclt\u00e9k intelligenci\u00e1j\u00e1\u00e9rt, k\u00edv\u00e1ncsis\u00e1g\u00e1\u00e9rt \u00e9s nagyfok\u00fa kedvess\u00e9g\u00e9\u00e9rt.\n<\/em><\/p>\n\n\n\n<p><em>&nbsp;&nbsp;&nbsp;&nbsp;&nbsp;&nbsp;&nbsp;&nbsp;&nbsp;&nbsp;&nbsp; Az \u0151\nkitart\u00e1s \u00e9s szorgalom mindig meggy\u0151z\u00f6tt minket arr\u00f3l, hogy nincsenek <br>\nK\u00e9pes volt v\u00e1ltoz\u00e1st el\u00e9rni, de lelkesed\u00e9s\u00e9vel \u00e9s \u0151szintes\u00e9g\u00e9vel k\u00e9pes volt megnyerni a\nLelkesed\u00e9s\u00e9vel \u00e9s \u0151szintes\u00e9g\u00e9vel mindenkit meg tudott nyerni, m\u00e9g azokat is, akik nem osztott\u00e1k politikai n\u00e9zeteit. A  weboldalon kereszt\u00fcl.\nEg\u00e9sz \u00e9let\u00e9ben szenved\u00e9lye volt a t\u00e1rsadalmi cselekv\u00e9s is.<\/em><\/p>\n\n\n\n<p><em>&nbsp;&nbsp;&nbsp;&nbsp;&nbsp;&nbsp;&nbsp;&nbsp;&nbsp;&nbsp;&nbsp; Pawe\u0142\nWypych k\u00e9ts\u00e9gtelen\u00fcl olyan szem\u00e9lyis\u00e9g volt, aki, mik\u00f6zben meg\u00edrta \u00e9lete k\u00fcl\u00f6nb\u00f6z\u0151 oldalait,\nj\u00f3l meg\u00e9rtette a k\u00f6zj\u00f3 l\u00e9nyeg\u00e9t. Cserk\u00e9szk\u00e9nt, \u00f6nkorm\u00e1nyzati tiszts\u00e9gvisel\u0151k\u00e9nt \u00e9s politikusk\u00e9nt\nHozz\u00e1\u00e1ll\u00e1s\u00e1val \u00e9s tetteivel mindig egy fontos \u00fczenetet k\u00f6zvet\u00edtett - meg kell\nB\u00e1tran kell dolgoznunk abban a hitben, hogy er\u0151fesz\u00edt\u00e9seinknek akkor van a legt\u00f6bb \u00e9rtelme, ha m\u00e1sok jav\u00e1t szolg\u00e1lj\u00e1k,\nha az m\u00e1sok jav\u00e1t szolg\u00e1lja. <\/em><\/p>\n\n\n\n<p><em>&nbsp;&nbsp;&nbsp;&nbsp;&nbsp;&nbsp;&nbsp;&nbsp;&nbsp;&nbsp;&nbsp; M\u00e9lyen\nM\u00e9lyen hiszem, hogy az oss\u00f3wi eml\u00e9km\u0171 nemcsak Pawe\u0142 Wypchnek \u00e1ll\u00edt majd eml\u00e9ket,\nde egyben a h\u00e1la kifejez\u00e9se is marad mindaz\u00e9rt, amit tett, a h\u00e1la \u00e9rz\u00e9s\u00e9vel.\nfelel\u0151ss\u00e9g a k\u00f6zj\u00f3\u00e9rt \u00e9s a haz\u00e1\u00e9rt.<\/em><\/p>\n\n\n\n<p><em>&nbsp;&nbsp;&nbsp;&nbsp;&nbsp;&nbsp;&nbsp;&nbsp;&nbsp;&nbsp;&nbsp;&nbsp;&nbsp;&nbsp;&nbsp;&nbsp;&nbsp;&nbsp;&nbsp;&nbsp;&nbsp;&nbsp;&nbsp;&nbsp;&nbsp;&nbsp;&nbsp;&nbsp;&nbsp;&nbsp;&nbsp;&nbsp;&nbsp;&nbsp;&nbsp;&nbsp;&nbsp;&nbsp;&nbsp;&nbsp;&nbsp;&nbsp;&nbsp;&nbsp;&nbsp;&nbsp;&nbsp;&nbsp;&nbsp;&nbsp;&nbsp;&nbsp;&nbsp;&nbsp;&nbsp;&nbsp;&nbsp;&nbsp;&nbsp;&nbsp;&nbsp;&nbsp;&nbsp;&nbsp;&nbsp;&nbsp;&nbsp;&nbsp;&nbsp;&nbsp;&nbsp;&nbsp;&nbsp;&nbsp;&nbsp;&nbsp;&nbsp;&nbsp;&nbsp;&nbsp;&nbsp;&nbsp; Z\n\u00dcdv\u00f6zlettel<\/em><\/p>\n\n\n\n<p><em>&nbsp;&nbsp;&nbsp;&nbsp;&nbsp;&nbsp;&nbsp;&nbsp;&nbsp;&nbsp;&nbsp;&nbsp;&nbsp;&nbsp;&nbsp;&nbsp;&nbsp;&nbsp;&nbsp;&nbsp;&nbsp;&nbsp;&nbsp;&nbsp;&nbsp;&nbsp;&nbsp;&nbsp;&nbsp;&nbsp;&nbsp;&nbsp;&nbsp;&nbsp;&nbsp;&nbsp;&nbsp;&nbsp;&nbsp;&nbsp;&nbsp;&nbsp;&nbsp;&nbsp;&nbsp;&nbsp;&nbsp;&nbsp;&nbsp;&nbsp;&nbsp;&nbsp;&nbsp;&nbsp;&nbsp;&nbsp;&nbsp;&nbsp;&nbsp;&nbsp;&nbsp;&nbsp;&nbsp;&nbsp;&nbsp;&nbsp;&nbsp;&nbsp;&nbsp;&nbsp;&nbsp;&nbsp;&nbsp;&nbsp;&nbsp;&nbsp;&nbsp;&nbsp;&nbsp;&nbsp;&nbsp;&nbsp; &nbsp; Marek Kuchci\u0144ski<\/em><\/p>","protected":false},"excerpt":{"rendered":"<p>Pani Ma\u0142gorzata Wypych Pose\u0142 na Sejm RP &nbsp;&nbsp;&nbsp;&nbsp;&nbsp;&nbsp;&nbsp;&nbsp;&nbsp;&nbsp;&nbsp; Szanowna Pani Pose\u0142, &nbsp;&nbsp;&nbsp;&nbsp;&nbsp;&nbsp;&nbsp;&nbsp;&nbsp;&nbsp;&nbsp; bardzo dzi\u0119kuj\u0119 za zaproszenie na uroczysto\u015b\u0107 ods\u0142oni\u0119cia pomnika \u015bp. Paw\u0142a Wypycha. \u017ba\u0142uj\u0119, \u017ce wcze\u015bniejsze zobowi\u0105zania nie pozwalaj\u0105 mi na udzia\u0142 w tym wydarzeniu. W pami\u0119ci swoich koleg\u00f3w i znajomych Pawe\u0142 Wypych zapisa\u0142 si\u0119 jako cz\u0142owiek bardzo pracowity i pe\u0142en energii, kt\u00f3ry z wielk\u0105 [&hellip;]<\/p>","protected":false},"author":6,"featured_media":0,"comment_status":"open","ping_status":"open","sticky":false,"template":"","format":"standard","meta":{"ngg_post_thumbnail":0,"footnotes":""},"categories":[104],"tags":[],"class_list":["post-14586","post","type-post","status-publish","format-standard","hentry","category-lms"],"yoast_head":"<!-- This site is optimized with the Yoast SEO plugin v24.7 - https:\/\/yoast.com\/wordpress\/plugins\/seo\/ -->\n<title>Uroczysto\u015b\u0107 ods\u0142oni\u0119cia pomnika \u015bp. Paw\u0142a Wypycha &#8211; Marek Kuchci\u0144ski<\/title>\n<meta name=\"robots\" content=\"index, follow, max-snippet:-1, max-image-preview:large, max-video-preview:-1\" \/>\n<link rel=\"canonical\" href=\"https:\/\/marekkuchcinski.pl\/hu\/bez-kategorii\/lms\/uroczystosc-odsloniecia-pomnika-sp-pawla-wypycha\/\" \/>\n<meta property=\"og:locale\" content=\"hu_HU\" \/>\n<meta property=\"og:type\" content=\"article\" \/>\n<meta property=\"og:title\" content=\"Uroczysto\u015b\u0107 ods\u0142oni\u0119cia pomnika \u015bp. Paw\u0142a Wypycha &#8211; Marek Kuchci\u0144ski\" \/>\n<meta property=\"og:description\" content=\"Pani Ma\u0142gorzata Wypych Pose\u0142 na Sejm RP &nbsp;&nbsp;&nbsp;&nbsp;&nbsp;&nbsp;&nbsp;&nbsp;&nbsp;&nbsp;&nbsp; Szanowna Pani Pose\u0142, &nbsp;&nbsp;&nbsp;&nbsp;&nbsp;&nbsp;&nbsp;&nbsp;&nbsp;&nbsp;&nbsp; bardzo dzi\u0119kuj\u0119 za zaproszenie na uroczysto\u015b\u0107 ods\u0142oni\u0119cia pomnika \u015bp. Paw\u0142a Wypycha. \u017ba\u0142uj\u0119, \u017ce wcze\u015bniejsze zobowi\u0105zania nie pozwalaj\u0105 mi na udzia\u0142 w tym wydarzeniu. W pami\u0119ci swoich koleg\u00f3w i znajomych Pawe\u0142 Wypych zapisa\u0142 si\u0119 jako cz\u0142owiek bardzo pracowity i pe\u0142en energii, kt\u00f3ry z wielk\u0105 [&hellip;]\" \/>\n<meta property=\"og:url\" content=\"https:\/\/marekkuchcinski.pl\/hu\/bez-kategorii\/lms\/uroczystosc-odsloniecia-pomnika-sp-pawla-wypycha\/\" \/>\n<meta property=\"og:site_name\" content=\"Marek Kuchci\u0144ski\" \/>\n<meta property=\"article:published_time\" content=\"2019-04-07T18:06:46+00:00\" \/>\n<meta property=\"article:modified_time\" content=\"2019-04-07T18:06:47+00:00\" \/>\n<meta property=\"og:image\" content=\"https:\/\/marekkuchcinski.pl\/wp-content\/uploads\/2022\/09\/Marek.jpg\" \/>\n\t<meta property=\"og:image:width\" content=\"1600\" \/>\n\t<meta property=\"og:image:height\" content=\"971\" \/>\n\t<meta property=\"og:image:type\" content=\"image\/jpeg\" \/>\n<meta name=\"author\" content=\"admin\" \/>\n<meta name=\"twitter:card\" content=\"summary_large_image\" \/>\n<meta name=\"twitter:label1\" content=\"Szerz\u0151:\" \/>\n\t<meta name=\"twitter:data1\" content=\"admin\" \/>\n\t<meta name=\"twitter:label2\" content=\"Becs\u00fclt olvas\u00e1si id\u0151\" \/>\n\t<meta name=\"twitter:data2\" content=\"2 perc\" \/>\n<script type=\"application\/ld+json\" class=\"yoast-schema-graph\">{\"@context\":\"https:\/\/schema.org\",\"@graph\":[{\"@type\":\"Article\",\"@id\":\"https:\/\/marekkuchcinski.pl\/sk\/bez-kategorii\/lms\/uroczystosc-odsloniecia-pomnika-sp-pawla-wypycha\/#article\",\"isPartOf\":{\"@id\":\"https:\/\/marekkuchcinski.pl\/sk\/bez-kategorii\/lms\/uroczystosc-odsloniecia-pomnika-sp-pawla-wypycha\/\"},\"author\":{\"name\":\"admin\",\"@id\":\"https:\/\/marekkuchcinski.pl\/#\/schema\/person\/6f62700996b4d950b6ea2d1183b6c6be\"},\"headline\":\"Uroczysto\u015b\u0107 ods\u0142oni\u0119cia pomnika \u015bp. Paw\u0142a Wypycha\",\"datePublished\":\"2019-04-07T18:06:46+00:00\",\"dateModified\":\"2019-04-07T18:06:47+00:00\",\"mainEntityOfPage\":{\"@id\":\"https:\/\/marekkuchcinski.pl\/sk\/bez-kategorii\/lms\/uroczystosc-odsloniecia-pomnika-sp-pawla-wypycha\/\"},\"wordCount\":496,\"commentCount\":0,\"publisher\":{\"@id\":\"https:\/\/marekkuchcinski.pl\/#organization\"},\"articleSection\":[\"Listy Marsza\u0142ka Sejmu\"],\"inLanguage\":\"hu\",\"potentialAction\":[{\"@type\":\"CommentAction\",\"name\":\"Comment\",\"target\":[\"https:\/\/marekkuchcinski.pl\/sk\/bez-kategorii\/lms\/uroczystosc-odsloniecia-pomnika-sp-pawla-wypycha\/#respond\"]}]},{\"@type\":\"WebPage\",\"@id\":\"https:\/\/marekkuchcinski.pl\/sk\/bez-kategorii\/lms\/uroczystosc-odsloniecia-pomnika-sp-pawla-wypycha\/\",\"url\":\"https:\/\/marekkuchcinski.pl\/sk\/bez-kategorii\/lms\/uroczystosc-odsloniecia-pomnika-sp-pawla-wypycha\/\",\"name\":\"Uroczysto\u015b\u0107 ods\u0142oni\u0119cia pomnika \u015bp. Paw\u0142a Wypycha &#8211; Marek Kuchci\u0144ski\",\"isPartOf\":{\"@id\":\"https:\/\/marekkuchcinski.pl\/#website\"},\"datePublished\":\"2019-04-07T18:06:46+00:00\",\"dateModified\":\"2019-04-07T18:06:47+00:00\",\"breadcrumb\":{\"@id\":\"https:\/\/marekkuchcinski.pl\/sk\/bez-kategorii\/lms\/uroczystosc-odsloniecia-pomnika-sp-pawla-wypycha\/#breadcrumb\"},\"inLanguage\":\"hu\",\"potentialAction\":[{\"@type\":\"ReadAction\",\"target\":[\"https:\/\/marekkuchcinski.pl\/sk\/bez-kategorii\/lms\/uroczystosc-odsloniecia-pomnika-sp-pawla-wypycha\/\"]}]},{\"@type\":\"BreadcrumbList\",\"@id\":\"https:\/\/marekkuchcinski.pl\/sk\/bez-kategorii\/lms\/uroczystosc-odsloniecia-pomnika-sp-pawla-wypycha\/#breadcrumb\",\"itemListElement\":[{\"@type\":\"ListItem\",\"position\":1,\"name\":\"Strona g\u0142\u00f3wna\",\"item\":\"https:\/\/marekkuchcinski.pl\/\"},{\"@type\":\"ListItem\",\"position\":2,\"name\":\"Uroczysto\u015b\u0107 ods\u0142oni\u0119cia pomnika \u015bp. Paw\u0142a Wypycha\"}]},{\"@type\":\"WebSite\",\"@id\":\"https:\/\/marekkuchcinski.pl\/#website\",\"url\":\"https:\/\/marekkuchcinski.pl\/\",\"name\":\"Marek Kuchci\u0144ski\",\"description\":\"Pose\u0142 na sejm RP &ndash; okr\u0119g nr 22\",\"publisher\":{\"@id\":\"https:\/\/marekkuchcinski.pl\/#organization\"},\"potentialAction\":[{\"@type\":\"SearchAction\",\"target\":{\"@type\":\"EntryPoint\",\"urlTemplate\":\"https:\/\/marekkuchcinski.pl\/?s={search_term_string}\"},\"query-input\":{\"@type\":\"PropertyValueSpecification\",\"valueRequired\":true,\"valueName\":\"search_term_string\"}}],\"inLanguage\":\"hu\"},{\"@type\":\"Organization\",\"@id\":\"https:\/\/marekkuchcinski.pl\/#organization\",\"name\":\"Marek Kuchci\u0144ski\",\"url\":\"https:\/\/marekkuchcinski.pl\/\",\"logo\":{\"@type\":\"ImageObject\",\"inLanguage\":\"hu\",\"@id\":\"https:\/\/marekkuchcinski.pl\/#\/schema\/logo\/image\/\",\"url\":\"https:\/\/marekkuchcinski.pl\/wp-content\/uploads\/2022\/09\/Marek.jpg\",\"contentUrl\":\"https:\/\/marekkuchcinski.pl\/wp-content\/uploads\/2022\/09\/Marek.jpg\",\"width\":1600,\"height\":971,\"caption\":\"Marek Kuchci\u0144ski\"},\"image\":{\"@id\":\"https:\/\/marekkuchcinski.pl\/#\/schema\/logo\/image\/\"}},{\"@type\":\"Person\",\"@id\":\"https:\/\/marekkuchcinski.pl\/#\/schema\/person\/6f62700996b4d950b6ea2d1183b6c6be\",\"name\":\"admin\",\"image\":{\"@type\":\"ImageObject\",\"inLanguage\":\"hu\",\"@id\":\"https:\/\/marekkuchcinski.pl\/#\/schema\/person\/image\/\",\"url\":\"https:\/\/secure.gravatar.com\/avatar\/4bab693b9d55c3d6b52c0296a8765085?s=96&d=mm&r=g\",\"contentUrl\":\"https:\/\/secure.gravatar.com\/avatar\/4bab693b9d55c3d6b52c0296a8765085?s=96&d=mm&r=g\",\"caption\":\"admin\"},\"url\":\"https:\/\/marekkuchcinski.pl\/hu\/author\/marta-olejnik\/\"}]}<\/script>\n<!-- \/ Yoast SEO plugin. -->","yoast_head_json":{"title":"Uroczysto\u015b\u0107 ods\u0142oni\u0119cia pomnika \u015bp. Paw\u0142a Wypycha &#8211; Marek Kuchci\u0144ski","robots":{"index":"index","follow":"follow","max-snippet":"max-snippet:-1","max-image-preview":"max-image-preview:large","max-video-preview":"max-video-preview:-1"},"canonical":"https:\/\/marekkuchcinski.pl\/hu\/bez-kategorii\/lms\/uroczystosc-odsloniecia-pomnika-sp-pawla-wypycha\/","og_locale":"hu_HU","og_type":"article","og_title":"Uroczysto\u015b\u0107 ods\u0142oni\u0119cia pomnika \u015bp. Paw\u0142a Wypycha &#8211; Marek Kuchci\u0144ski","og_description":"Pani Ma\u0142gorzata Wypych Pose\u0142 na Sejm RP &nbsp;&nbsp;&nbsp;&nbsp;&nbsp;&nbsp;&nbsp;&nbsp;&nbsp;&nbsp;&nbsp; Szanowna Pani Pose\u0142, &nbsp;&nbsp;&nbsp;&nbsp;&nbsp;&nbsp;&nbsp;&nbsp;&nbsp;&nbsp;&nbsp; bardzo dzi\u0119kuj\u0119 za zaproszenie na uroczysto\u015b\u0107 ods\u0142oni\u0119cia pomnika \u015bp. Paw\u0142a Wypycha. \u017ba\u0142uj\u0119, \u017ce wcze\u015bniejsze zobowi\u0105zania nie pozwalaj\u0105 mi na udzia\u0142 w tym wydarzeniu. W pami\u0119ci swoich koleg\u00f3w i znajomych Pawe\u0142 Wypych zapisa\u0142 si\u0119 jako cz\u0142owiek bardzo pracowity i pe\u0142en energii, kt\u00f3ry z wielk\u0105 [&hellip;]","og_url":"https:\/\/marekkuchcinski.pl\/hu\/bez-kategorii\/lms\/uroczystosc-odsloniecia-pomnika-sp-pawla-wypycha\/","og_site_name":"Marek Kuchci\u0144ski","article_published_time":"2019-04-07T18:06:46+00:00","article_modified_time":"2019-04-07T18:06:47+00:00","og_image":[{"width":1600,"height":971,"url":"https:\/\/marekkuchcinski.pl\/wp-content\/uploads\/2022\/09\/Marek.jpg","type":"image\/jpeg"}],"author":"admin","twitter_card":"summary_large_image","twitter_misc":{"Szerz\u0151:":"admin","Becs\u00fclt olvas\u00e1si id\u0151":"2 perc"},"schema":{"@context":"https:\/\/schema.org","@graph":[{"@type":"Article","@id":"https:\/\/marekkuchcinski.pl\/sk\/bez-kategorii\/lms\/uroczystosc-odsloniecia-pomnika-sp-pawla-wypycha\/#article","isPartOf":{"@id":"https:\/\/marekkuchcinski.pl\/sk\/bez-kategorii\/lms\/uroczystosc-odsloniecia-pomnika-sp-pawla-wypycha\/"},"author":{"name":"admin","@id":"https:\/\/marekkuchcinski.pl\/#\/schema\/person\/6f62700996b4d950b6ea2d1183b6c6be"},"headline":"Uroczysto\u015b\u0107 ods\u0142oni\u0119cia pomnika \u015bp. Paw\u0142a Wypycha","datePublished":"2019-04-07T18:06:46+00:00","dateModified":"2019-04-07T18:06:47+00:00","mainEntityOfPage":{"@id":"https:\/\/marekkuchcinski.pl\/sk\/bez-kategorii\/lms\/uroczystosc-odsloniecia-pomnika-sp-pawla-wypycha\/"},"wordCount":496,"commentCount":0,"publisher":{"@id":"https:\/\/marekkuchcinski.pl\/#organization"},"articleSection":["Listy Marsza\u0142ka Sejmu"],"inLanguage":"hu","potentialAction":[{"@type":"CommentAction","name":"Comment","target":["https:\/\/marekkuchcinski.pl\/sk\/bez-kategorii\/lms\/uroczystosc-odsloniecia-pomnika-sp-pawla-wypycha\/#respond"]}]},{"@type":"WebPage","@id":"https:\/\/marekkuchcinski.pl\/sk\/bez-kategorii\/lms\/uroczystosc-odsloniecia-pomnika-sp-pawla-wypycha\/","url":"https:\/\/marekkuchcinski.pl\/sk\/bez-kategorii\/lms\/uroczystosc-odsloniecia-pomnika-sp-pawla-wypycha\/","name":"Uroczysto\u015b\u0107 ods\u0142oni\u0119cia pomnika \u015bp. Paw\u0142a Wypycha &#8211; Marek Kuchci\u0144ski","isPartOf":{"@id":"https:\/\/marekkuchcinski.pl\/#website"},"datePublished":"2019-04-07T18:06:46+00:00","dateModified":"2019-04-07T18:06:47+00:00","breadcrumb":{"@id":"https:\/\/marekkuchcinski.pl\/sk\/bez-kategorii\/lms\/uroczystosc-odsloniecia-pomnika-sp-pawla-wypycha\/#breadcrumb"},"inLanguage":"hu","potentialAction":[{"@type":"ReadAction","target":["https:\/\/marekkuchcinski.pl\/sk\/bez-kategorii\/lms\/uroczystosc-odsloniecia-pomnika-sp-pawla-wypycha\/"]}]},{"@type":"BreadcrumbList","@id":"https:\/\/marekkuchcinski.pl\/sk\/bez-kategorii\/lms\/uroczystosc-odsloniecia-pomnika-sp-pawla-wypycha\/#breadcrumb","itemListElement":[{"@type":"ListItem","position":1,"name":"Strona g\u0142\u00f3wna","item":"https:\/\/marekkuchcinski.pl\/"},{"@type":"ListItem","position":2,"name":"Uroczysto\u015b\u0107 ods\u0142oni\u0119cia pomnika \u015bp. Paw\u0142a Wypycha"}]},{"@type":"WebSite","@id":"https:\/\/marekkuchcinski.pl\/#website","url":"https:\/\/marekkuchcinski.pl\/","name":"Marek Kuchci\u0144ski","description":"Pose\u0142 na sejm RP &ndash; okr\u0119g nr 22","publisher":{"@id":"https:\/\/marekkuchcinski.pl\/#organization"},"potentialAction":[{"@type":"SearchAction","target":{"@type":"EntryPoint","urlTemplate":"https:\/\/marekkuchcinski.pl\/?s={search_term_string}"},"query-input":{"@type":"PropertyValueSpecification","valueRequired":true,"valueName":"search_term_string"}}],"inLanguage":"hu"},{"@type":"Organization","@id":"https:\/\/marekkuchcinski.pl\/#organization","name":"Marek Kuchci\u0144ski","url":"https:\/\/marekkuchcinski.pl\/","logo":{"@type":"ImageObject","inLanguage":"hu","@id":"https:\/\/marekkuchcinski.pl\/#\/schema\/logo\/image\/","url":"https:\/\/marekkuchcinski.pl\/wp-content\/uploads\/2022\/09\/Marek.jpg","contentUrl":"https:\/\/marekkuchcinski.pl\/wp-content\/uploads\/2022\/09\/Marek.jpg","width":1600,"height":971,"caption":"Marek Kuchci\u0144ski"},"image":{"@id":"https:\/\/marekkuchcinski.pl\/#\/schema\/logo\/image\/"}},{"@type":"Person","@id":"https:\/\/marekkuchcinski.pl\/#\/schema\/person\/6f62700996b4d950b6ea2d1183b6c6be","name":"admin","image":{"@type":"ImageObject","inLanguage":"hu","@id":"https:\/\/marekkuchcinski.pl\/#\/schema\/person\/image\/","url":"https:\/\/secure.gravatar.com\/avatar\/4bab693b9d55c3d6b52c0296a8765085?s=96&d=mm&r=g","contentUrl":"https:\/\/secure.gravatar.com\/avatar\/4bab693b9d55c3d6b52c0296a8765085?s=96&d=mm&r=g","caption":"admin"},"url":"https:\/\/marekkuchcinski.pl\/hu\/author\/marta-olejnik\/"}]}},"_links":{"self":[{"href":"https:\/\/marekkuchcinski.pl\/hu\/wp-json\/wp\/v2\/posts\/14586","targetHints":{"allow":["GET"]}}],"collection":[{"href":"https:\/\/marekkuchcinski.pl\/hu\/wp-json\/wp\/v2\/posts"}],"about":[{"href":"https:\/\/marekkuchcinski.pl\/hu\/wp-json\/wp\/v2\/types\/post"}],"author":[{"embeddable":true,"href":"https:\/\/marekkuchcinski.pl\/hu\/wp-json\/wp\/v2\/users\/6"}],"replies":[{"embeddable":true,"href":"https:\/\/marekkuchcinski.pl\/hu\/wp-json\/wp\/v2\/comments?post=14586"}],"version-history":[{"count":1,"href":"https:\/\/marekkuchcinski.pl\/hu\/wp-json\/wp\/v2\/posts\/14586\/revisions"}],"predecessor-version":[{"id":14593,"href":"https:\/\/marekkuchcinski.pl\/hu\/wp-json\/wp\/v2\/posts\/14586\/revisions\/14593"}],"wp:attachment":[{"href":"https:\/\/marekkuchcinski.pl\/hu\/wp-json\/wp\/v2\/media?parent=14586"}],"wp:term":[{"taxonomy":"category","embeddable":true,"href":"https:\/\/marekkuchcinski.pl\/hu\/wp-json\/wp\/v2\/categories?post=14586"},{"taxonomy":"post_tag","embeddable":true,"href":"https:\/\/marekkuchcinski.pl\/hu\/wp-json\/wp\/v2\/tags?post=14586"}],"curies":[{"name":"wp","href":"https:\/\/api.w.org\/{rel}","templated":true}]}}