{"id":14584,"date":"2019-04-07T20:08:03","date_gmt":"2019-04-07T18:08:03","guid":{"rendered":"https:\/\/marekkuchcinski.pl\/?p=14584"},"modified":"2019-04-07T20:08:05","modified_gmt":"2019-04-07T18:08:05","slug":"v-forum-kobiet-podkarpacia-im-dr-grazyny-gesickiej-kobiety-w-100-lecie-niepodleglosci","status":"publish","type":"post","link":"https:\/\/marekkuchcinski.pl\/hu\/bez-kategorii\/lms\/v-forum-kobiet-podkarpacia-im-dr-grazyny-gesickiej-kobiety-w-100-lecie-niepodleglosci\/","title":{"rendered":"A Podkarpacie r\u00e9gi\u00f3 N\u0151i F\u00f3rum\u00e1nak 5., Dr. Gra\u017cyna G\u0119sicka \"N\u0151k a f\u00fcggetlens\u00e9g 100. \u00e9vfordul\u00f3j\u00e1n\" c\u00edm\u0171 rendezv\u00e9nye."},"content":{"rendered":"<p><em>&nbsp;&nbsp;&nbsp;&nbsp;&nbsp;&nbsp;&nbsp;&nbsp;&nbsp;&nbsp;&nbsp;&nbsp;&nbsp;&nbsp;&nbsp;&nbsp;&nbsp;&nbsp;&nbsp;&nbsp;&nbsp;&nbsp;&nbsp;&nbsp;&nbsp;&nbsp;&nbsp;&nbsp;&nbsp;&nbsp;&nbsp;&nbsp;&nbsp;&nbsp;&nbsp;&nbsp;&nbsp;&nbsp;&nbsp;&nbsp;&nbsp;&nbsp;&nbsp;&nbsp;&nbsp;&nbsp;&nbsp;&nbsp;&nbsp;&nbsp;&nbsp;&nbsp;&nbsp;&nbsp;&nbsp;&nbsp;&nbsp;&nbsp;&nbsp;&nbsp;&nbsp;&nbsp;&nbsp;&nbsp;&nbsp;&nbsp;&nbsp;&nbsp;&nbsp;&nbsp;&nbsp;&nbsp;&nbsp;&nbsp;&nbsp;&nbsp;&nbsp;&nbsp;&nbsp;&nbsp;&nbsp;&nbsp; <strong>Ms<\/strong><\/em><\/p>\n\n\n\n<p><strong><em>Prof. Dr. J\u00f3zefa Hrynkiewicz<\/em><\/strong><\/p>\n\n\n\n<p><strong><em>A lengyel parlament tagja<\/em><\/strong><\/p>\n\n\n\n<p><em>&nbsp;&nbsp;&nbsp;&nbsp;&nbsp;&nbsp;&nbsp;&nbsp;&nbsp;&nbsp;&nbsp; Kedves\nEln\u00f6k asszony,<\/em><\/p>\n\n\n\n<p><em>&nbsp;&nbsp;&nbsp;&nbsp;&nbsp;&nbsp;&nbsp;&nbsp;&nbsp;&nbsp;&nbsp; nagyon\nk\u00f6sz\u00f6nj\u00fck a megh\u00edv\u00e1st a Dr. Gra\u017cyna G\u0119sicka Gergelyr\u0151l elnevezett 5. Podkarpatszka-vid\u00e9ki N\u0151i F\u00f3rumra.\n\"A n\u0151k a f\u00fcggetlens\u00e9g 100. \u00e9vfordul\u00f3j\u00e1n\". Nem tud r\u00e9szt venni ezen az esem\u00e9nyen,\nSzeretn\u00e9m \u00fcdv\u00f6zletemet k\u00fcldeni minden r\u00e9sztvev\u0151nek \u00e9s megh\u00edvott vend\u00e9gnek.<\/em><\/p>\n\n\n\n<p><em>&nbsp;&nbsp;&nbsp;&nbsp;&nbsp;&nbsp;&nbsp;&nbsp;&nbsp;&nbsp;&nbsp; \u00d6r\u00fcl\u00f6k, hogy\nhogy a f\u00f3rum a r\u00e9gi\u00f3nkban a fontos tal\u00e1lkoz\u00f3k napt\u00e1r\u00e1nak r\u00e9sz\u00e9v\u00e9 v\u00e1lt. Azt hiszem.\nmert \u00fagy gondolom, hogy a n\u0151kkel \u00e9s a t\u00e1rsadalmi \u00e9s k\u00f6z\u00e9letben elfoglalt hely\u00fckkel kapcsolatos k\u00e9rd\u00e9sekben minden hangot meg kell sz\u00f3laltatni\nt\u00e1mogat\u00e1sra \u00e9rdemes.<\/em><\/p>\n\n\n\n<p><em>&nbsp;&nbsp;&nbsp;&nbsp;&nbsp;&nbsp;&nbsp;&nbsp;&nbsp;&nbsp;&nbsp; Ann\u00e1l ink\u00e1bb\nAnn\u00e1l is ink\u00e1bb, mivel haz\u00e1nk f\u00fcggetlens\u00e9g\u00e9nek sz\u00e1zadik \u00e9vfordul\u00f3ja alkalm\u00e1b\u00f3l rendezett \u00fcnneps\u00e9gek, egy k\u00fcl\u00f6nleges\nHaz\u00e1nk f\u00fcggetlens\u00e9g\u00e9nek sz\u00e1zadik \u00e9vfordul\u00f3ja alkalm\u00e1b\u00f3l rendezett \u00fcnneps\u00e9gek k\u00fcl\u00f6n\u00f6s m\u00f3don tudatos\u00edtott\u00e1k benn\u00fcnk, hogy nem lett volna f\u00fcggetlen, er\u0151s \u00e9s demokratikus orsz\u00e1g.\nLengyelorsz\u00e1g nem lett volna f\u00fcggetlen, er\u0151s \u00e9s demokratikus a lengyel n\u0151k nemzed\u00e9keinek r\u00e9szv\u00e9tele n\u00e9lk\u00fcl, akiknek nem kellett szemben\u00e9zni\u00fck a nem\nnem csak a neh\u00e9z mindennapi \u00e9letet a feloszt\u00e1sok, a h\u00e1bor\u00fa \u00e9s az elnyom\u00e1s k\u00f6zepette, de\nakik a f\u00e9rfiakhoz hasonl\u00f3an akt\u00edvan harcoltak a szabads\u00e1g\u00e9rt. <\/em><\/p>\n\n\n\n<p><em>A tavalyi \u00e9v volt az utols\u00f3\nsz\u00e1z \u00e9v telt el egy olyan d\u00f6nt\u00e9st\u0151l, amely v\u00e9g\u00e9rv\u00e9nyesen megv\u00e1ltoztatta a lengyel t\u00e1rsadalom form\u00e1j\u00e1t. Lengyelorsz\u00e1g\nLengyelorsz\u00e1g volt az egyik els\u0151 olyan orsz\u00e1g a vil\u00e1gon, ahol a n\u0151k teljes jog\u00fav\u00e1 v\u00e1ltak.\nA lengyel n\u0151k v\u00e1laszt\u00f3joga a vil\u00e1gon az egyik els\u0151 olyan orsz\u00e1g volt, ahol a n\u0151k teljes v\u00e1laszt\u00f3jogot kaptak. Ez nemcsak a f\u00fcggetlens\u00e9g aty\u00e1inak, hanem a t\u00e1rsadalom eg\u00e9sz\u00e9nek kiv\u00e9teles \u00e9retts\u00e9g\u00e9r\u0151l tan\u00faskodik.\nEz kiv\u00e9teles \u00e9retts\u00e9gr\u0151l tan\u00faskodik - nemcsak a f\u00fcggetlens\u00e9g aty\u00e1inak, hanem az eg\u00e9sz t\u00e1rsadalomnak is. Ez\u00e9rt a K\u00f6zt\u00e1rsas\u00e1g Szejmje a k\u00f6vetkez\u0151 hat\u00e1rozatot hozta\na Lengyel K\u00f6zt\u00e1rsas\u00e1g azon szem\u00e9lyek elismer\u00e9sek\u00e9nt, akik hozz\u00e1j\u00e1rultak az ilyen jogszab\u00e1lyi v\u00e1ltoz\u00e1sokhoz\nhozz\u00e1j\u00e1rult az ilyen jogszab\u00e1lyi v\u00e1ltoz\u00e1sokhoz, \u00e9s mindenekel\u0151tt a sok b\u00f6lcs, b\u00e1tor \u00e9s elsz\u00e1nt\naz egyenl\u0151 jogok\u00e9rt k\u00fczd\u0151 n\u0151k - 2018-at a n\u0151k jogainak \u00e9v\u00e9v\u00e9 nyilv\u00e1n\u00edtotta. <\/em><\/p>\n\n\n\n<p><em>Ma, amikor tan\u00fai vagyunk\na t\u00e1rsadalmi tudatban v\u00e9gbemen\u0151 \u00f3ri\u00e1si v\u00e1ltoz\u00e1sok, amelyek megt\u00f6rnek\nsztereot\u00edpi\u00e1k a n\u0151kr\u0151l alkotott k\u00e9pet illet\u0151en, \u00e9rdemes utalni ezekre a\n\u00c9rdemes hivatkozni ezekre a t\u00f6rt\u00e9nelmi tapasztalatokra. Ez az\u00e9rt van \u00edgy, mert sok inspir\u00e1l\u00f3 elm\u00e9lked\u00e9shez j\u00e1rulhatnak hozz\u00e1.\nreflexi\u00f3k.<\/em><\/p>\n\n\n\n<p><em>&nbsp;&nbsp;&nbsp;&nbsp;&nbsp;&nbsp;&nbsp;&nbsp;&nbsp;&nbsp;&nbsp; A  haszn\u00e1lata\nSzeretn\u00e9m megragadni az alkalmat, hogy k\u00f6sz\u00f6netet mondjak a Podkarpackie F\u00f3rum szervez\u0151inek a k\u00f6vetkez\u0151k\u00e9rt\nkezdem\u00e9nyez\u00e9st \u00e9s er\u0151fesz\u00edt\u00e9st ennek az \u00e9rt\u00e9kes v\u00e1llalkoz\u00e1snak az el\u0151k\u00e9sz\u00edt\u00e9s\u00e9re. Minden h\u00f6lgynek\nakik p\u00e9ld\u00e1t mutatnak a k\u00f6rnyezet integr\u00e1l\u00e1s\u00e1ban, \u00e9s szenved\u00e9llyel \u00e9s nagy elk\u00f6telezetts\u00e9ggel szentelik magukat a munk\u00e1juknak - szeretn\u00e9m kifejezni elismer\u00e9semet.\nSzeretn\u00e9m kifejezni elismer\u00e9semet minden h\u00f6lgynek, akik p\u00e9ld\u00e1t mutatnak a k\u00f6z\u00f6ss\u00e9gbe val\u00f3 beilleszked\u00e9sben, \u00e9s szenved\u00e9lyesen \u00e9s nagy elk\u00f6telezetts\u00e9ggel szentelik magukat a munk\u00e1juknak. \u00c9n is\nMeggy\u0151z\u0151d\u00e9sem, hogy ez a tal\u00e1lkoz\u00f3, ak\u00e1rcsak a kor\u00e1bbiak, kiv\u00e1l\u00f3an alkalmas lesz arra, hogy\nMeggy\u0151z\u0151d\u00e9sem tov\u00e1bb\u00e1, hogy ez a tal\u00e1lkoz\u00f3 - a kor\u00e1bbiak p\u00e9ld\u00e1j\u00e1t k\u00f6vetve - kiv\u00e1l\u00f3 lehet\u0151s\u00e9g lesz a helyi t\u00e1rsadalmat szolg\u00e1l\u00f3 kreat\u00edv \u00e9s akt\u00edv n\u0151k t\u00e1mogat\u00e1s\u00e1ra.\nhelyi t\u00e1rsadalom. <\/em><\/p>\n\n\n\n<p><em>&nbsp;&nbsp;&nbsp;&nbsp;&nbsp;&nbsp;&nbsp;&nbsp;&nbsp;&nbsp;&nbsp; K\u00edv\u00e1ns\u00e1g\nkitart\u00e1sodat \u00e9s elsz\u00e1nts\u00e1godat tov\u00e1bbi tev\u00e9kenys\u00e9gedben, szeretn\u00e9m kifejezni\ntisztelet.<\/em><\/p>\n\n\n\n<p><em>&nbsp;&nbsp;&nbsp;&nbsp;&nbsp;&nbsp;&nbsp;&nbsp;&nbsp;&nbsp;&nbsp;&nbsp;&nbsp;&nbsp;&nbsp;&nbsp;&nbsp;&nbsp;&nbsp;&nbsp;&nbsp;&nbsp;&nbsp;&nbsp;&nbsp;&nbsp;&nbsp;&nbsp;&nbsp;&nbsp;&nbsp;&nbsp;&nbsp;&nbsp;&nbsp;&nbsp;&nbsp;&nbsp;&nbsp;&nbsp;&nbsp;&nbsp;&nbsp;&nbsp;&nbsp;&nbsp;&nbsp;&nbsp;&nbsp;&nbsp;&nbsp;&nbsp;&nbsp;&nbsp;&nbsp;&nbsp;&nbsp;&nbsp;&nbsp;&nbsp;&nbsp;&nbsp;&nbsp;&nbsp;&nbsp;&nbsp;&nbsp;&nbsp;&nbsp;&nbsp;&nbsp;&nbsp;&nbsp;&nbsp;&nbsp;&nbsp;&nbsp;&nbsp;&nbsp;&nbsp;&nbsp;&nbsp;&nbsp;&nbsp;&nbsp;&nbsp;&nbsp;&nbsp;&nbsp;&nbsp;&nbsp;&nbsp;&nbsp; Marek\nKuchci\u0144ski<\/em><\/p>","protected":false},"excerpt":{"rendered":"<p>&nbsp;&nbsp;&nbsp;&nbsp;&nbsp;&nbsp;&nbsp;&nbsp;&nbsp;&nbsp;&nbsp;&nbsp;&nbsp;&nbsp;&nbsp;&nbsp;&nbsp;&nbsp;&nbsp;&nbsp;&nbsp;&nbsp;&nbsp;&nbsp;&nbsp;&nbsp;&nbsp;&nbsp;&nbsp;&nbsp;&nbsp;&nbsp;&nbsp;&nbsp;&nbsp;&nbsp;&nbsp;&nbsp;&nbsp;&nbsp;&nbsp;&nbsp;&nbsp;&nbsp;&nbsp;&nbsp;&nbsp;&nbsp;&nbsp;&nbsp;&nbsp;&nbsp;&nbsp;&nbsp;&nbsp;&nbsp;&nbsp;&nbsp;&nbsp;&nbsp;&nbsp;&nbsp;&nbsp;&nbsp;&nbsp;&nbsp;&nbsp;&nbsp;&nbsp;&nbsp;&nbsp;&nbsp;&nbsp;&nbsp;&nbsp;&nbsp;&nbsp;&nbsp;&nbsp;&nbsp;&nbsp;&nbsp; Pani prof. dr hab. J\u00f3zefa Hrynkiewicz Pose\u0142 na Sejm RP &nbsp;&nbsp;&nbsp;&nbsp;&nbsp;&nbsp;&nbsp;&nbsp;&nbsp;&nbsp;&nbsp; Szanowna Pani Pose\u0142, &nbsp;&nbsp;&nbsp;&nbsp;&nbsp;&nbsp;&nbsp;&nbsp;&nbsp;&nbsp;&nbsp; bardzo dzi\u0119kuj\u0119 za zaproszenie na V Forum Kobiet Podkarpacia im. dr Gra\u017cyny G\u0119sickiej \u201eKobiety w 100-lecie Niepodleg\u0142o\u015bci\u201d. Nie mog\u0105c wzi\u0105\u0107 udzia\u0142u w tym wydarzeniu, t\u0105 drog\u0105 pozdrawiam wszystkie uczestniczki oraz zaproszonych go\u015bci. &nbsp;&nbsp;&nbsp;&nbsp;&nbsp;&nbsp;&nbsp;&nbsp;&nbsp;&nbsp;&nbsp; Ciesz\u0119 si\u0119, \u017ce Forum wpisa\u0142o si\u0119 [&hellip;]<\/p>","protected":false},"author":6,"featured_media":0,"comment_status":"open","ping_status":"open","sticky":false,"template":"","format":"standard","meta":{"ngg_post_thumbnail":0,"footnotes":""},"categories":[104],"tags":[],"class_list":["post-14584","post","type-post","status-publish","format-standard","hentry","category-lms"],"yoast_head":"<!-- This site is optimized with the Yoast SEO plugin v24.7 - https:\/\/yoast.com\/wordpress\/plugins\/seo\/ -->\n<title>V Forum Kobiet Podkarpacia im. dr Gra\u017cyny G\u0119sickiej \u201eKobiety w 100-lecie Niepodleg\u0142o\u015bci\u201d &#8211; Marek Kuchci\u0144ski<\/title>\n<meta name=\"robots\" content=\"index, follow, max-snippet:-1, max-image-preview:large, max-video-preview:-1\" \/>\n<link rel=\"canonical\" href=\"https:\/\/marekkuchcinski.pl\/hu\/bez-kategorii\/lms\/v-forum-kobiet-podkarpacia-im-dr-grazyny-gesickiej-kobiety-w-100-lecie-niepodleglosci\/\" \/>\n<meta property=\"og:locale\" content=\"hu_HU\" \/>\n<meta property=\"og:type\" content=\"article\" \/>\n<meta property=\"og:title\" content=\"V Forum Kobiet Podkarpacia im. dr Gra\u017cyny G\u0119sickiej \u201eKobiety w 100-lecie Niepodleg\u0142o\u015bci\u201d &#8211; Marek Kuchci\u0144ski\" \/>\n<meta property=\"og:description\" content=\"&nbsp;&nbsp;&nbsp;&nbsp;&nbsp;&nbsp;&nbsp;&nbsp;&nbsp;&nbsp;&nbsp;&nbsp;&nbsp;&nbsp;&nbsp;&nbsp;&nbsp;&nbsp;&nbsp;&nbsp;&nbsp;&nbsp;&nbsp;&nbsp;&nbsp;&nbsp;&nbsp;&nbsp;&nbsp;&nbsp;&nbsp;&nbsp;&nbsp;&nbsp;&nbsp;&nbsp;&nbsp;&nbsp;&nbsp;&nbsp;&nbsp;&nbsp;&nbsp;&nbsp;&nbsp;&nbsp;&nbsp;&nbsp;&nbsp;&nbsp;&nbsp;&nbsp;&nbsp;&nbsp;&nbsp;&nbsp;&nbsp;&nbsp;&nbsp;&nbsp;&nbsp;&nbsp;&nbsp;&nbsp;&nbsp;&nbsp;&nbsp;&nbsp;&nbsp;&nbsp;&nbsp;&nbsp;&nbsp;&nbsp;&nbsp;&nbsp;&nbsp;&nbsp;&nbsp;&nbsp;&nbsp;&nbsp; Pani prof. dr hab. J\u00f3zefa Hrynkiewicz Pose\u0142 na Sejm RP &nbsp;&nbsp;&nbsp;&nbsp;&nbsp;&nbsp;&nbsp;&nbsp;&nbsp;&nbsp;&nbsp; Szanowna Pani Pose\u0142, &nbsp;&nbsp;&nbsp;&nbsp;&nbsp;&nbsp;&nbsp;&nbsp;&nbsp;&nbsp;&nbsp; bardzo dzi\u0119kuj\u0119 za zaproszenie na V Forum Kobiet Podkarpacia im. dr Gra\u017cyny G\u0119sickiej \u201eKobiety w 100-lecie Niepodleg\u0142o\u015bci\u201d. Nie mog\u0105c wzi\u0105\u0107 udzia\u0142u w tym wydarzeniu, t\u0105 drog\u0105 pozdrawiam wszystkie uczestniczki oraz zaproszonych go\u015bci. &nbsp;&nbsp;&nbsp;&nbsp;&nbsp;&nbsp;&nbsp;&nbsp;&nbsp;&nbsp;&nbsp; Ciesz\u0119 si\u0119, \u017ce Forum wpisa\u0142o si\u0119 [&hellip;]\" \/>\n<meta property=\"og:url\" content=\"https:\/\/marekkuchcinski.pl\/hu\/bez-kategorii\/lms\/v-forum-kobiet-podkarpacia-im-dr-grazyny-gesickiej-kobiety-w-100-lecie-niepodleglosci\/\" \/>\n<meta property=\"og:site_name\" content=\"Marek Kuchci\u0144ski\" \/>\n<meta property=\"article:published_time\" content=\"2019-04-07T18:08:03+00:00\" \/>\n<meta property=\"article:modified_time\" content=\"2019-04-07T18:08:05+00:00\" \/>\n<meta property=\"og:image\" content=\"https:\/\/marekkuchcinski.pl\/wp-content\/uploads\/2022\/09\/Marek.jpg\" \/>\n\t<meta property=\"og:image:width\" content=\"1600\" \/>\n\t<meta property=\"og:image:height\" content=\"971\" \/>\n\t<meta property=\"og:image:type\" content=\"image\/jpeg\" \/>\n<meta name=\"author\" content=\"admin\" \/>\n<meta name=\"twitter:card\" content=\"summary_large_image\" \/>\n<meta name=\"twitter:label1\" content=\"Szerz\u0151:\" \/>\n\t<meta name=\"twitter:data1\" content=\"admin\" \/>\n\t<meta name=\"twitter:label2\" content=\"Becs\u00fclt olvas\u00e1si id\u0151\" \/>\n\t<meta name=\"twitter:data2\" content=\"3 perc\" \/>\n<script type=\"application\/ld+json\" class=\"yoast-schema-graph\">{\"@context\":\"https:\/\/schema.org\",\"@graph\":[{\"@type\":\"Article\",\"@id\":\"https:\/\/marekkuchcinski.pl\/cs\/bez-kategorii\/lms\/v-forum-kobiet-podkarpacia-im-dr-grazyny-gesickiej-kobiety-w-100-lecie-niepodleglosci\/#article\",\"isPartOf\":{\"@id\":\"https:\/\/marekkuchcinski.pl\/cs\/bez-kategorii\/lms\/v-forum-kobiet-podkarpacia-im-dr-grazyny-gesickiej-kobiety-w-100-lecie-niepodleglosci\/\"},\"author\":{\"name\":\"admin\",\"@id\":\"https:\/\/marekkuchcinski.pl\/#\/schema\/person\/6f62700996b4d950b6ea2d1183b6c6be\"},\"headline\":\"V Forum Kobiet Podkarpacia im. dr Gra\u017cyny G\u0119sickiej \u201eKobiety w 100-lecie Niepodleg\u0142o\u015bci\u201d\",\"datePublished\":\"2019-04-07T18:08:03+00:00\",\"dateModified\":\"2019-04-07T18:08:05+00:00\",\"mainEntityOfPage\":{\"@id\":\"https:\/\/marekkuchcinski.pl\/cs\/bez-kategorii\/lms\/v-forum-kobiet-podkarpacia-im-dr-grazyny-gesickiej-kobiety-w-100-lecie-niepodleglosci\/\"},\"wordCount\":666,\"commentCount\":0,\"publisher\":{\"@id\":\"https:\/\/marekkuchcinski.pl\/#organization\"},\"articleSection\":[\"Listy Marsza\u0142ka Sejmu\"],\"inLanguage\":\"hu\",\"potentialAction\":[{\"@type\":\"CommentAction\",\"name\":\"Comment\",\"target\":[\"https:\/\/marekkuchcinski.pl\/cs\/bez-kategorii\/lms\/v-forum-kobiet-podkarpacia-im-dr-grazyny-gesickiej-kobiety-w-100-lecie-niepodleglosci\/#respond\"]}]},{\"@type\":\"WebPage\",\"@id\":\"https:\/\/marekkuchcinski.pl\/cs\/bez-kategorii\/lms\/v-forum-kobiet-podkarpacia-im-dr-grazyny-gesickiej-kobiety-w-100-lecie-niepodleglosci\/\",\"url\":\"https:\/\/marekkuchcinski.pl\/cs\/bez-kategorii\/lms\/v-forum-kobiet-podkarpacia-im-dr-grazyny-gesickiej-kobiety-w-100-lecie-niepodleglosci\/\",\"name\":\"V Forum Kobiet Podkarpacia im. dr Gra\u017cyny G\u0119sickiej \u201eKobiety w 100-lecie Niepodleg\u0142o\u015bci\u201d &#8211; Marek Kuchci\u0144ski\",\"isPartOf\":{\"@id\":\"https:\/\/marekkuchcinski.pl\/#website\"},\"datePublished\":\"2019-04-07T18:08:03+00:00\",\"dateModified\":\"2019-04-07T18:08:05+00:00\",\"breadcrumb\":{\"@id\":\"https:\/\/marekkuchcinski.pl\/cs\/bez-kategorii\/lms\/v-forum-kobiet-podkarpacia-im-dr-grazyny-gesickiej-kobiety-w-100-lecie-niepodleglosci\/#breadcrumb\"},\"inLanguage\":\"hu\",\"potentialAction\":[{\"@type\":\"ReadAction\",\"target\":[\"https:\/\/marekkuchcinski.pl\/cs\/bez-kategorii\/lms\/v-forum-kobiet-podkarpacia-im-dr-grazyny-gesickiej-kobiety-w-100-lecie-niepodleglosci\/\"]}]},{\"@type\":\"BreadcrumbList\",\"@id\":\"https:\/\/marekkuchcinski.pl\/cs\/bez-kategorii\/lms\/v-forum-kobiet-podkarpacia-im-dr-grazyny-gesickiej-kobiety-w-100-lecie-niepodleglosci\/#breadcrumb\",\"itemListElement\":[{\"@type\":\"ListItem\",\"position\":1,\"name\":\"Strona g\u0142\u00f3wna\",\"item\":\"https:\/\/marekkuchcinski.pl\/\"},{\"@type\":\"ListItem\",\"position\":2,\"name\":\"V Forum Kobiet Podkarpacia im. dr Gra\u017cyny G\u0119sickiej \u201eKobiety w 100-lecie Niepodleg\u0142o\u015bci\u201d\"}]},{\"@type\":\"WebSite\",\"@id\":\"https:\/\/marekkuchcinski.pl\/#website\",\"url\":\"https:\/\/marekkuchcinski.pl\/\",\"name\":\"Marek Kuchci\u0144ski\",\"description\":\"Pose\u0142 na sejm RP &ndash; okr\u0119g nr 22\",\"publisher\":{\"@id\":\"https:\/\/marekkuchcinski.pl\/#organization\"},\"potentialAction\":[{\"@type\":\"SearchAction\",\"target\":{\"@type\":\"EntryPoint\",\"urlTemplate\":\"https:\/\/marekkuchcinski.pl\/?s={search_term_string}\"},\"query-input\":{\"@type\":\"PropertyValueSpecification\",\"valueRequired\":true,\"valueName\":\"search_term_string\"}}],\"inLanguage\":\"hu\"},{\"@type\":\"Organization\",\"@id\":\"https:\/\/marekkuchcinski.pl\/#organization\",\"name\":\"Marek Kuchci\u0144ski\",\"url\":\"https:\/\/marekkuchcinski.pl\/\",\"logo\":{\"@type\":\"ImageObject\",\"inLanguage\":\"hu\",\"@id\":\"https:\/\/marekkuchcinski.pl\/#\/schema\/logo\/image\/\",\"url\":\"https:\/\/marekkuchcinski.pl\/wp-content\/uploads\/2022\/09\/Marek.jpg\",\"contentUrl\":\"https:\/\/marekkuchcinski.pl\/wp-content\/uploads\/2022\/09\/Marek.jpg\",\"width\":1600,\"height\":971,\"caption\":\"Marek Kuchci\u0144ski\"},\"image\":{\"@id\":\"https:\/\/marekkuchcinski.pl\/#\/schema\/logo\/image\/\"}},{\"@type\":\"Person\",\"@id\":\"https:\/\/marekkuchcinski.pl\/#\/schema\/person\/6f62700996b4d950b6ea2d1183b6c6be\",\"name\":\"admin\",\"image\":{\"@type\":\"ImageObject\",\"inLanguage\":\"hu\",\"@id\":\"https:\/\/marekkuchcinski.pl\/#\/schema\/person\/image\/\",\"url\":\"https:\/\/secure.gravatar.com\/avatar\/4bab693b9d55c3d6b52c0296a8765085?s=96&d=mm&r=g\",\"contentUrl\":\"https:\/\/secure.gravatar.com\/avatar\/4bab693b9d55c3d6b52c0296a8765085?s=96&d=mm&r=g\",\"caption\":\"admin\"},\"url\":\"https:\/\/marekkuchcinski.pl\/hu\/author\/marta-olejnik\/\"}]}<\/script>\n<!-- \/ Yoast SEO plugin. -->","yoast_head_json":{"title":"V Forum Kobiet Podkarpacia im. dr Gra\u017cyny G\u0119sickiej \u201eKobiety w 100-lecie Niepodleg\u0142o\u015bci\u201d &#8211; Marek Kuchci\u0144ski","robots":{"index":"index","follow":"follow","max-snippet":"max-snippet:-1","max-image-preview":"max-image-preview:large","max-video-preview":"max-video-preview:-1"},"canonical":"https:\/\/marekkuchcinski.pl\/hu\/bez-kategorii\/lms\/v-forum-kobiet-podkarpacia-im-dr-grazyny-gesickiej-kobiety-w-100-lecie-niepodleglosci\/","og_locale":"hu_HU","og_type":"article","og_title":"V Forum Kobiet Podkarpacia im. dr Gra\u017cyny G\u0119sickiej \u201eKobiety w 100-lecie Niepodleg\u0142o\u015bci\u201d &#8211; Marek Kuchci\u0144ski","og_description":"&nbsp;&nbsp;&nbsp;&nbsp;&nbsp;&nbsp;&nbsp;&nbsp;&nbsp;&nbsp;&nbsp;&nbsp;&nbsp;&nbsp;&nbsp;&nbsp;&nbsp;&nbsp;&nbsp;&nbsp;&nbsp;&nbsp;&nbsp;&nbsp;&nbsp;&nbsp;&nbsp;&nbsp;&nbsp;&nbsp;&nbsp;&nbsp;&nbsp;&nbsp;&nbsp;&nbsp;&nbsp;&nbsp;&nbsp;&nbsp;&nbsp;&nbsp;&nbsp;&nbsp;&nbsp;&nbsp;&nbsp;&nbsp;&nbsp;&nbsp;&nbsp;&nbsp;&nbsp;&nbsp;&nbsp;&nbsp;&nbsp;&nbsp;&nbsp;&nbsp;&nbsp;&nbsp;&nbsp;&nbsp;&nbsp;&nbsp;&nbsp;&nbsp;&nbsp;&nbsp;&nbsp;&nbsp;&nbsp;&nbsp;&nbsp;&nbsp;&nbsp;&nbsp;&nbsp;&nbsp;&nbsp;&nbsp; Pani prof. dr hab. J\u00f3zefa Hrynkiewicz Pose\u0142 na Sejm RP &nbsp;&nbsp;&nbsp;&nbsp;&nbsp;&nbsp;&nbsp;&nbsp;&nbsp;&nbsp;&nbsp; Szanowna Pani Pose\u0142, &nbsp;&nbsp;&nbsp;&nbsp;&nbsp;&nbsp;&nbsp;&nbsp;&nbsp;&nbsp;&nbsp; bardzo dzi\u0119kuj\u0119 za zaproszenie na V Forum Kobiet Podkarpacia im. dr Gra\u017cyny G\u0119sickiej \u201eKobiety w 100-lecie Niepodleg\u0142o\u015bci\u201d. Nie mog\u0105c wzi\u0105\u0107 udzia\u0142u w tym wydarzeniu, t\u0105 drog\u0105 pozdrawiam wszystkie uczestniczki oraz zaproszonych go\u015bci. &nbsp;&nbsp;&nbsp;&nbsp;&nbsp;&nbsp;&nbsp;&nbsp;&nbsp;&nbsp;&nbsp; Ciesz\u0119 si\u0119, \u017ce Forum wpisa\u0142o si\u0119 [&hellip;]","og_url":"https:\/\/marekkuchcinski.pl\/hu\/bez-kategorii\/lms\/v-forum-kobiet-podkarpacia-im-dr-grazyny-gesickiej-kobiety-w-100-lecie-niepodleglosci\/","og_site_name":"Marek Kuchci\u0144ski","article_published_time":"2019-04-07T18:08:03+00:00","article_modified_time":"2019-04-07T18:08:05+00:00","og_image":[{"width":1600,"height":971,"url":"https:\/\/marekkuchcinski.pl\/wp-content\/uploads\/2022\/09\/Marek.jpg","type":"image\/jpeg"}],"author":"admin","twitter_card":"summary_large_image","twitter_misc":{"Szerz\u0151:":"admin","Becs\u00fclt olvas\u00e1si id\u0151":"3 perc"},"schema":{"@context":"https:\/\/schema.org","@graph":[{"@type":"Article","@id":"https:\/\/marekkuchcinski.pl\/cs\/bez-kategorii\/lms\/v-forum-kobiet-podkarpacia-im-dr-grazyny-gesickiej-kobiety-w-100-lecie-niepodleglosci\/#article","isPartOf":{"@id":"https:\/\/marekkuchcinski.pl\/cs\/bez-kategorii\/lms\/v-forum-kobiet-podkarpacia-im-dr-grazyny-gesickiej-kobiety-w-100-lecie-niepodleglosci\/"},"author":{"name":"admin","@id":"https:\/\/marekkuchcinski.pl\/#\/schema\/person\/6f62700996b4d950b6ea2d1183b6c6be"},"headline":"V Forum Kobiet Podkarpacia im. dr Gra\u017cyny G\u0119sickiej \u201eKobiety w 100-lecie Niepodleg\u0142o\u015bci\u201d","datePublished":"2019-04-07T18:08:03+00:00","dateModified":"2019-04-07T18:08:05+00:00","mainEntityOfPage":{"@id":"https:\/\/marekkuchcinski.pl\/cs\/bez-kategorii\/lms\/v-forum-kobiet-podkarpacia-im-dr-grazyny-gesickiej-kobiety-w-100-lecie-niepodleglosci\/"},"wordCount":666,"commentCount":0,"publisher":{"@id":"https:\/\/marekkuchcinski.pl\/#organization"},"articleSection":["Listy Marsza\u0142ka Sejmu"],"inLanguage":"hu","potentialAction":[{"@type":"CommentAction","name":"Comment","target":["https:\/\/marekkuchcinski.pl\/cs\/bez-kategorii\/lms\/v-forum-kobiet-podkarpacia-im-dr-grazyny-gesickiej-kobiety-w-100-lecie-niepodleglosci\/#respond"]}]},{"@type":"WebPage","@id":"https:\/\/marekkuchcinski.pl\/cs\/bez-kategorii\/lms\/v-forum-kobiet-podkarpacia-im-dr-grazyny-gesickiej-kobiety-w-100-lecie-niepodleglosci\/","url":"https:\/\/marekkuchcinski.pl\/cs\/bez-kategorii\/lms\/v-forum-kobiet-podkarpacia-im-dr-grazyny-gesickiej-kobiety-w-100-lecie-niepodleglosci\/","name":"V Forum Kobiet Podkarpacia im. dr Gra\u017cyny G\u0119sickiej \u201eKobiety w 100-lecie Niepodleg\u0142o\u015bci\u201d &#8211; Marek Kuchci\u0144ski","isPartOf":{"@id":"https:\/\/marekkuchcinski.pl\/#website"},"datePublished":"2019-04-07T18:08:03+00:00","dateModified":"2019-04-07T18:08:05+00:00","breadcrumb":{"@id":"https:\/\/marekkuchcinski.pl\/cs\/bez-kategorii\/lms\/v-forum-kobiet-podkarpacia-im-dr-grazyny-gesickiej-kobiety-w-100-lecie-niepodleglosci\/#breadcrumb"},"inLanguage":"hu","potentialAction":[{"@type":"ReadAction","target":["https:\/\/marekkuchcinski.pl\/cs\/bez-kategorii\/lms\/v-forum-kobiet-podkarpacia-im-dr-grazyny-gesickiej-kobiety-w-100-lecie-niepodleglosci\/"]}]},{"@type":"BreadcrumbList","@id":"https:\/\/marekkuchcinski.pl\/cs\/bez-kategorii\/lms\/v-forum-kobiet-podkarpacia-im-dr-grazyny-gesickiej-kobiety-w-100-lecie-niepodleglosci\/#breadcrumb","itemListElement":[{"@type":"ListItem","position":1,"name":"Strona g\u0142\u00f3wna","item":"https:\/\/marekkuchcinski.pl\/"},{"@type":"ListItem","position":2,"name":"V Forum Kobiet Podkarpacia im. dr Gra\u017cyny G\u0119sickiej \u201eKobiety w 100-lecie Niepodleg\u0142o\u015bci\u201d"}]},{"@type":"WebSite","@id":"https:\/\/marekkuchcinski.pl\/#website","url":"https:\/\/marekkuchcinski.pl\/","name":"Marek Kuchci\u0144ski","description":"Pose\u0142 na sejm RP &ndash; okr\u0119g nr 22","publisher":{"@id":"https:\/\/marekkuchcinski.pl\/#organization"},"potentialAction":[{"@type":"SearchAction","target":{"@type":"EntryPoint","urlTemplate":"https:\/\/marekkuchcinski.pl\/?s={search_term_string}"},"query-input":{"@type":"PropertyValueSpecification","valueRequired":true,"valueName":"search_term_string"}}],"inLanguage":"hu"},{"@type":"Organization","@id":"https:\/\/marekkuchcinski.pl\/#organization","name":"Marek Kuchci\u0144ski","url":"https:\/\/marekkuchcinski.pl\/","logo":{"@type":"ImageObject","inLanguage":"hu","@id":"https:\/\/marekkuchcinski.pl\/#\/schema\/logo\/image\/","url":"https:\/\/marekkuchcinski.pl\/wp-content\/uploads\/2022\/09\/Marek.jpg","contentUrl":"https:\/\/marekkuchcinski.pl\/wp-content\/uploads\/2022\/09\/Marek.jpg","width":1600,"height":971,"caption":"Marek Kuchci\u0144ski"},"image":{"@id":"https:\/\/marekkuchcinski.pl\/#\/schema\/logo\/image\/"}},{"@type":"Person","@id":"https:\/\/marekkuchcinski.pl\/#\/schema\/person\/6f62700996b4d950b6ea2d1183b6c6be","name":"admin","image":{"@type":"ImageObject","inLanguage":"hu","@id":"https:\/\/marekkuchcinski.pl\/#\/schema\/person\/image\/","url":"https:\/\/secure.gravatar.com\/avatar\/4bab693b9d55c3d6b52c0296a8765085?s=96&d=mm&r=g","contentUrl":"https:\/\/secure.gravatar.com\/avatar\/4bab693b9d55c3d6b52c0296a8765085?s=96&d=mm&r=g","caption":"admin"},"url":"https:\/\/marekkuchcinski.pl\/hu\/author\/marta-olejnik\/"}]}},"_links":{"self":[{"href":"https:\/\/marekkuchcinski.pl\/hu\/wp-json\/wp\/v2\/posts\/14584","targetHints":{"allow":["GET"]}}],"collection":[{"href":"https:\/\/marekkuchcinski.pl\/hu\/wp-json\/wp\/v2\/posts"}],"about":[{"href":"https:\/\/marekkuchcinski.pl\/hu\/wp-json\/wp\/v2\/types\/post"}],"author":[{"embeddable":true,"href":"https:\/\/marekkuchcinski.pl\/hu\/wp-json\/wp\/v2\/users\/6"}],"replies":[{"embeddable":true,"href":"https:\/\/marekkuchcinski.pl\/hu\/wp-json\/wp\/v2\/comments?post=14584"}],"version-history":[{"count":1,"href":"https:\/\/marekkuchcinski.pl\/hu\/wp-json\/wp\/v2\/posts\/14584\/revisions"}],"predecessor-version":[{"id":14595,"href":"https:\/\/marekkuchcinski.pl\/hu\/wp-json\/wp\/v2\/posts\/14584\/revisions\/14595"}],"wp:attachment":[{"href":"https:\/\/marekkuchcinski.pl\/hu\/wp-json\/wp\/v2\/media?parent=14584"}],"wp:term":[{"taxonomy":"category","embeddable":true,"href":"https:\/\/marekkuchcinski.pl\/hu\/wp-json\/wp\/v2\/categories?post=14584"},{"taxonomy":"post_tag","embeddable":true,"href":"https:\/\/marekkuchcinski.pl\/hu\/wp-json\/wp\/v2\/tags?post=14584"}],"curies":[{"name":"wp","href":"https:\/\/api.w.org\/{rel}","templated":true}]}}