{"id":14517,"date":"2019-04-04T21:16:09","date_gmt":"2019-04-04T19:16:09","guid":{"rendered":"https:\/\/marekkuchcinski.pl\/?p=14517"},"modified":"2019-04-10T13:00:26","modified_gmt":"2019-04-10T11:00:26","slug":"sejm-uchwalil-trzynasta-emeryture-marszalek-kuchcinski-dotrzymujemy-slowa-wychodzimy-naprzeciw-wieloletnim-zaniedbaniom-wobec-osob-starszych","status":"publish","type":"post","link":"https:\/\/marekkuchcinski.pl\/hu\/wydarzenia\/sejm-uchwalil-trzynasta-emeryture-marszalek-kuchcinski-dotrzymujemy-slowa-wychodzimy-naprzeciw-wieloletnim-zaniedbaniom-wobec-osob-starszych\/","title":{"rendered":"A Szejm elfogadta a \"tizenharmadik nyugd\u00edjat\". Kuchci\u0144ski h\u00e1zeln\u00f6k: Mi tartjuk a szavunkat. Az id\u0151sek hossz\u00fa ideje tart\u00f3 elhanyagol\u00e1s\u00e1val foglalkozunk."},"content":{"rendered":"<p><strong>A Szejm 79. \u00fcl\u00e9s\u00e9n elfogadta az \"Emerytura plusz\" t\u00f6rv\u00e9nyt. A nyugd\u00edjasoknak \u00e9s nyugd\u00edjasoknak ny\u00fajtott juttat\u00e1s a tizenharmadik nyugd\u00edj egyszeri kifizet\u00e9s\u00e9b\u0151l \u00e1ll, amelynek \u00f6sszege brutt\u00f3 1100 PLN (nett\u00f3 888,25 PLN).&nbsp;<\/strong><\/p>\n\n\n\n<p>A t\u00f6rv\u00e9ny indokl\u00e1s\u00e1ban a csal\u00e1d\u00fcgyi miniszt\u00e9rium kifejti, hogy az egyszeri p\u00e9nzbeli juttat\u00e1s c\u00e9lja a nyugd\u00edjasok seg\u00edt\u00e9se mellett kifejezetten a t\u00e1rsadalom vagyoni egyenl\u0151tlens\u00e9geinek cs\u00f6kkent\u00e9se. Annak ellen\u00e9re, hogy az elm\u00falt \u00e9vekben sz\u00e1mos v\u00e1ltoztat\u00e1st hajtottak v\u00e9gre a nyugd\u00edjell\u00e1t\u00e1sok szintj\u00e9nek v\u00e9delme \u00e9rdek\u00e9ben, ezt a t\u00e1mogat\u00e1st m\u00e9g mindig el\u00e9gtelennek tartj\u00e1k. A 13. nyugd\u00edj t\u00f6bb mint 9,8 milli\u00f3 id\u0151skor\u00fa \u00e1llampolg\u00e1rnak j\u00e1r majd, k\u00f6zt\u00fck k\u00f6zel 7 milli\u00f3 nyugd\u00edjasnak \u00e9s t\u00f6bb mint 2,5 milli\u00f3 rokkantnyugd\u00edjasnak. <\/p>\n\n\n\n<p>N\u00e9h\u00e1ny tucat perccel azut\u00e1n, hogy a t\u00f6rv\u00e9nyjavaslatot a parlament elfogadta, a szejm eln\u00f6ke a szen\u00e1tus eln\u00f6k\u00e9nek \u00e9s a minisztereln\u00f6knek a k\u00eds\u00e9ret\u00e9ben tal\u00e1lkozott a jasienieci id\u0151sekkel. Marek Kuchci\u0144ski szerint a PiS tartja a szav\u00e1t, gondol a jelenre \u00e9s a j\u00f6v\u0151 gener\u00e1ci\u00f3ira egyar\u00e1nt.  <\/p>\n\n\n\n<p>- A Tizenh\u00e1rom egy tisztelg\u00e9s ap\u00e1ink, nagyap\u00e1ink, a nemzed\u00e9kek el\u0151tt, akik felneveltek minket a mai feladatokra \u00e9s felel\u0151ss\u00e9gre. Keress\u00fck a m\u00f3dj\u00e1t annak, hogy t\u00e1mogassuk azokat, akiknek a legnagyobb sz\u00fcks\u00e9g\u00fck van r\u00e1. Lech Kaczy\u0144ski sok \u00e9vvel ezel\u0151tt azt mondta, hogy a szolidarit\u00e1st a megoszt\u00e1s k\u00e9pess\u00e9gek\u00e9nt k\u00e9pzelte el. Mostan\u00e1ig a Lengyelorsz\u00e1g k\u00fcl\u00f6nb\u00f6z\u0151 r\u00e9szein \u00e9l\u0151 id\u0151s emberek nem kaptak t\u00e1mogat\u00e1st. A Jog \u00e9s Igazs\u00e1goss\u00e1g p\u00e1rt ezt a r\u00e9g\u00f3ta fenn\u00e1ll\u00f3 elmarad\u00e1st kezeli - hangs\u00falyozta Kuchci\u0144ski. <br><\/p>\n\n\n\n<p>Az id\u0151sek olyan csoportot alkotnak, amelynek k\u00fcl\u00f6n\u00f6sen nagy sz\u00fcks\u00e9ge van az \u00e1llami t\u00e1mogat\u00e1sra. A Csal\u00e1d\u00fcgyi Miniszt\u00e9rium, figyelembe v\u00e9ve a lengyel t\u00e1rsadalom demogr\u00e1fiai v\u00e1ltoz\u00e1sait, k\u00f6vetkezetesen v\u00e9grehajtja az id\u0151s\u00fcgyi politik\u00e1t az id\u0151sek t\u00e1mogat\u00e1s\u00e1t \u00e9s fejleszt\u00e9s\u00e9t c\u00e9lz\u00f3 programok bevezet\u00e9s\u00e9vel, mint p\u00e9ld\u00e1ul:<\/p>\n\n\n\n<p class=\"has-text-color has-vivid-red-color\"><strong>Helyre\u00e1ll\u00edt\u00e1sa\na nyugd\u00edjkorhat\u00e1r: 60 \u00e9v a n\u0151kn\u00e9l, 65 \u00e9v a f\u00e9rfiakn\u00e1l<\/strong><\/p>\n\n\n\n<p>A t\u00f6rv\u00e9ny csak azt a minim\u00e1lis \u00e9letkort hat\u00e1rozza meg, amelyben\naz \u00f6regs\u00e9gi nyugd\u00edjra val\u00f3 jogosults\u00e1g. Lehet\u0151v\u00e9 teszi minden biztos\u00edtott sz\u00e1m\u00e1ra, hogy\nmaguk d\u00f6ntenek arr\u00f3l, hogy mikor hagyj\u00e1k abba a munk\u00e1t <\/p>\n\n\n\n<p class=\"has-text-color has-vivid-red-color\"><strong>A \"Medicines 75 Plus\" projekt, azaz ingyenes gy\u00f3gyszerek az id\u0151sek sz\u00e1m\u00e1ra.\n75 \u00e9v felettiek<\/strong><\/p>\n\n\n\n<ul class=\"wp-block-list\"><li><strong>2,2 milli\u00f3&nbsp;<\/strong>az id\u0151sek m\u00e1r r\u00e9szes\u00fcltek\ningyenes gy\u00f3gyszerek<\/li><li><strong>564 milli\u00f3\nPLN<\/strong>&nbsp;a\nprojekt 2017-ben<\/li><li><strong>40 milli\u00f3&nbsp;<\/strong>ingyenesen kiadott gy\u00f3gyszercsomagok\nid\u0151sek sz\u00e1m\u00e1ra<\/li><li><strong>15<\/strong>&nbsp;<strong>milli\u00f3<\/strong>&nbsp;megval\u00f3sult\n\"S\" jogosults\u00e1gi k\u00f3ddal ell\u00e1tott receptek<\/li><li><strong>1530 t\u00e9tel<\/strong>&nbsp;a gy\u00f3gyszerek list\u00e1j\u00e1n\n75 plusz<\/li><\/ul>\n\n\n\n<p class=\"has-text-color has-vivid-red-color\"><strong>T\u00f6bb\u00e9ves program\n\"Senior Plus\" program a 2015-2020 k\u00f6z\u00f6tti id\u0151szakra<\/strong><\/p>\n\n\n\n<p>A program a helyi \u00f6nkorm\u00e1nyzatoknak sz\u00f3l.\nhelyi \u00f6nkorm\u00e1nyzati egys\u00e9gek. C\u00e9lja a t\u00e1rsadalmi \u00e9letben val\u00f3 akt\u00edv r\u00e9szv\u00e9tel n\u00f6vel\u00e9se.\naz id\u0151sek t\u00e1rsadalmi \u00e9lete a \"Senior+\" nappali ell\u00e1t\u00f3 k\u00f6zpontok \u00e9s klubok h\u00e1l\u00f3zat\u00e1nak ki\u00e9p\u00edt\u00e9s\u00e9vel\n\"Senior+\"<strong><\/strong><\/p>\n\n\n\n<p class=\"has-text-color has-vivid-red-color\"><strong>Accessibility Plus program <\/strong><\/p>\n\n\n\n<p><strong>23 milli\u00e1rd<\/strong> A PLN-t t\u00f6bbek k\u00f6z\u00f6tt a k\u00f6vetkez\u0151kre k\u00fcl\u00f6n\u00edtett\u00e9k el\n\u00e9p\u00edt\u00e9szeti akad\u00e1lyok elt\u00e1vol\u00edt\u00e1sa. A projekt c\u00e9lja az \u00e9letk\u00f6r\u00fclm\u00e9nyek jav\u00edt\u00e1sa.\naz id\u0151s, gyeng\u00e9nl\u00e1t\u00f3 \u00e9s fogyat\u00e9kkal \u00e9l\u0151 emberek \u00e9letk\u00f6r\u00fclm\u00e9nyei<\/p>\n\n\n\n<p class=\"has-text-color has-vivid-red-color\"><strong>Nyugd\u00edjkiigaz\u00edt\u00e1s <\/strong><\/p>\n\n\n\n<p>A legalacsonyabb juttat\u00e1sokat a k\u00f6vetkez\u0151kre emelik\n1100 PLN-re (1029,80 PLN-r\u0151l), illetve 825 PLN-re (a legalacsonyabb r\u00e9szleges rokkants\u00e1gi ell\u00e1t\u00e1s eset\u00e9ben).\nr\u00e9szleges munkak\u00e9ptelens\u00e9g)<\/p>\n\n\n\n<p>A ZUS \u00e1ltal kifizetett nyugd\u00edjak a valoriz\u00e1ci\u00f3s indexszel - 2,86 sz\u00e1zal\u00e9kkal, de legal\u00e1bb 70 zlotyval - emelkednek. <\/p>\n\n\n\n<p class=\"has-text-color has-vivid-red-color\"><strong>A PKS vissza\u00e1ll\u00edt\u00e1sa<\/strong><\/p>\n\n\n\n<p>A buszk\u00f6zleked\u00e9st vissza\u00e1ll\u00edt\u00f3 t\u00f6rv\u00e9ny a fordul\u00f3ban l\u00e9p hat\u00e1lyba.\nId\u00e9n \u00e1prilis\/m\u00e1jus. A k\u00f6vetkez\u0151knek akt\u00edvan r\u00e9szt kell venni\u00fck a v\u00e9grehajt\u00e1sban\nhelyi \u00f6nkorm\u00e1nyzatok.<\/p>\n\n\n\n<p>A k\u00f6zleked\u00e9si kirekeszt\u00e9s elleni k\u00fczdelem k\u00e9tf\u00e9le m\u00f3don val\u00f3sul meg:\naz \u00dat\u00fcgyi Alapon kereszt\u00fcl, valamint a k\u00f6zleked\u00e9si kapcsolatok helyre\u00e1ll\u00edt\u00e1sa, ahol azok\nA k\u00f6zleked\u00e9si kirekeszt\u00e9s elleni k\u00fczdelem k\u00e9tf\u00e9le m\u00f3don fog zajlani: az \u00datalapon kereszt\u00fcl, valamint a k\u00f6zleked\u00e9si kapcsolatok helyre\u00e1ll\u00edt\u00e1s\u00e1val, ahol azok \u00e9letk\u00e9pess\u00e9g\u00fck hi\u00e1nya miatt megsz\u0171ntek.<em><strong><\/strong><\/em><\/p>\n\n\n\n<p class=\"has-text-color has-vivid-red-color\"><strong>\"Az id\u0151sekkel kapcsolatos szoci\u00e1lpolitika 2030\" <\/strong><\/p>\n\n\n\n<p><strong>A Miniszterek Tan\u00e1csa \u00e1ltal 26-\u00e1n elfogadott\n2018. okt\u00f3ber, <\/strong><strong>dokumentum\nrendelkezik:<\/strong><\/p>\n\n\n\n<ul class=\"wp-block-list\"><li>Az id\u0151skor pozit\u00edv meg\u00edt\u00e9l\u00e9s\u00e9nek kialak\u00edt\u00e1sa a t\u00e1rsadalomban.<\/li><li>R\u00e9szv\u00e9tel a k\u00f6z\u00f6ss\u00e9gi \u00e9letben \u00e9s a polg\u00e1ri, t\u00e1rsadalmi, kultur\u00e1lis, m\u0171v\u00e9szeti, sport \u00e9s vall\u00e1si tev\u00e9kenys\u00e9gek minden form\u00e1j\u00e1nak t\u00e1mogat\u00e1sa.<\/li><li>Az id\u0151sek mint a gazdas\u00e1gi \u00e9let \u00e9s a munkaer\u0151piac akt\u00edv r\u00e9sztvev\u0151i potenci\u00e1lj\u00e1nak kihaszn\u00e1l\u00e1s\u00e1hoz sz\u00fcks\u00e9ges felt\u00e9telek megteremt\u00e9se, pszichofizikai k\u00e9pess\u00e9geikhez \u00e9s csal\u00e1di helyzet\u00fckh\u00f6z igazodva.<\/li><li>Eg\u00e9szs\u00e9gfejleszt\u00e9s, betegs\u00e9gmegel\u0151z\u00e9s, diagn\u00f3zishoz, kezel\u00e9shez \u00e9s rehabilit\u00e1ci\u00f3hoz val\u00f3 hozz\u00e1f\u00e9r\u00e9s.<\/li><li>A fizikai biztons\u00e1g n\u00f6vel\u00e9se - az id\u0151sek elleni er\u0151szak \u00e9s elhanyagol\u00e1s elleni k\u00fczdelem.<\/li><li>A szolidarit\u00e1s \u00e9s a gener\u00e1ci\u00f3k k\u00f6z\u00f6tti integr\u00e1ci\u00f3 felt\u00e9teleinek megteremt\u00e9se.<\/li><li>Az id\u0151skori oktat\u00e1sra ir\u00e1nyul\u00f3 tev\u00e9kenys\u00e9gek (gondoz\u00f3 \u00e9s eg\u00e9szs\u00e9g\u00fcgyi szem\u00e9lyzet), az id\u0151skorig (az eg\u00e9sz t\u00e1rsadalom), az id\u0151skoron kereszt\u00fcl (a legfiatalabb gener\u00e1ci\u00f3t\u00f3l kezdve) \u00e9s az id\u0151skori oktat\u00e1s (id\u0151sek).&nbsp;<\/li><li>A m\u00e1sokt\u00f3l val\u00f3 f\u00fcgg\u0151s\u00e9g cs\u00f6kkent\u00e9se a f\u00fcggetlens\u00e9get n\u00f6vel\u0151 szolg\u00e1ltat\u00e1sokhoz val\u00f3 hozz\u00e1f\u00e9r\u00e9s megk\u00f6nny\u00edt\u00e9se \u00e9s az \u00e9letk\u00f6rnyezetnek az eltartott id\u0151sek funkcion\u00e1lis k\u00e9pess\u00e9geihez val\u00f3 igaz\u00edt\u00e1sa r\u00e9v\u00e9n.<\/li><li>Biztos\u00edtani kell a r\u00e1szorul\u00f3 id\u0151sek ig\u00e9nyeihez igaz\u00edtott eg\u00e9szs\u00e9g\u00fcgyi, rehabilit\u00e1ci\u00f3s \u00e9s \u00e1pol\u00e1si szolg\u00e1ltat\u00e1sokhoz val\u00f3 optim\u00e1lis hozz\u00e1f\u00e9r\u00e9st.<\/li><li>Az eltartott id\u0151sek sz\u00e1m\u00e1ra ny\u00fajtott k\u00f6z\u00f6ss\u00e9gi \u00e9s int\u00e9zm\u00e9nyi szolg\u00e1ltat\u00e1sok h\u00e1l\u00f3zata.<\/li><li>A r\u00e1szorul\u00f3 id\u0151sek inform\u00e1lis gondoz\u00f3inak \u00e1llami int\u00e9zm\u00e9nyek \u00e1ltal ny\u00fajtott t\u00e1mogat\u00e1si rendszere.&nbsp;<\/li><\/ul>\n\n\n\n<p><em>sz\u00f6veg\/fot\u00f3 Marta Olejnik<\/em><\/p>\n\n\n\n<figure class=\"wp-block-image\"><img fetchpriority=\"high\" decoding=\"async\" width=\"1024\" height=\"683\" src=\"https:\/\/marekkuchcinski.pl\/wp-content\/uploads\/2019\/04\/IMG_2015-1024x683.jpeg\" alt=\"\" class=\"wp-image-14521\" srcset=\"https:\/\/marekkuchcinski.pl\/wp-content\/uploads\/2019\/04\/IMG_2015-1024x683.jpeg 1024w, https:\/\/marekkuchcinski.pl\/wp-content\/uploads\/2019\/04\/IMG_2015-300x200.jpeg 300w, https:\/\/marekkuchcinski.pl\/wp-content\/uploads\/2019\/04\/IMG_2015-768x512.jpeg 768w, https:\/\/marekkuchcinski.pl\/wp-content\/uploads\/2019\/04\/IMG_2015.jpeg 2048w\" sizes=\"(max-width: 1024px) 100vw, 1024px\" \/><\/figure>\n\n\n\n<figure class=\"wp-block-image\"><img decoding=\"async\" width=\"1024\" height=\"722\" src=\"https:\/\/marekkuchcinski.pl\/wp-content\/uploads\/2019\/04\/IMG_2032-1024x722.jpeg\" alt=\"\" class=\"wp-image-14523\" srcset=\"https:\/\/marekkuchcinski.pl\/wp-content\/uploads\/2019\/04\/IMG_2032-1024x722.jpeg 1024w, https:\/\/marekkuchcinski.pl\/wp-content\/uploads\/2019\/04\/IMG_2032-300x211.jpeg 300w, https:\/\/marekkuchcinski.pl\/wp-content\/uploads\/2019\/04\/IMG_2032-768x541.jpeg 768w, https:\/\/marekkuchcinski.pl\/wp-content\/uploads\/2019\/04\/IMG_2032.jpeg 2048w\" sizes=\"(max-width: 1024px) 100vw, 1024px\" \/><\/figure>\n\n\n\n<figure class=\"wp-block-image\"><img decoding=\"async\" width=\"1024\" height=\"721\" src=\"https:\/\/marekkuchcinski.pl\/wp-content\/uploads\/2019\/04\/IMG_2072-1024x721.jpg\" alt=\"\" class=\"wp-image-14525\" srcset=\"https:\/\/marekkuchcinski.pl\/wp-content\/uploads\/2019\/04\/IMG_2072-1024x721.jpg 1024w, https:\/\/marekkuchcinski.pl\/wp-content\/uploads\/2019\/04\/IMG_2072-300x211.jpg 300w, https:\/\/marekkuchcinski.pl\/wp-content\/uploads\/2019\/04\/IMG_2072-768x541.jpg 768w, https:\/\/marekkuchcinski.pl\/wp-content\/uploads\/2019\/04\/IMG_2072.jpg 2048w\" sizes=\"(max-width: 1024px) 100vw, 1024px\" \/><\/figure>\n\n\n\n<figure class=\"wp-block-image\"><img loading=\"lazy\" decoding=\"async\" width=\"1024\" height=\"732\" src=\"https:\/\/marekkuchcinski.pl\/wp-content\/uploads\/2019\/04\/IMG_2191-1024x732.jpg\" alt=\"\" class=\"wp-image-14527\" srcset=\"https:\/\/marekkuchcinski.pl\/wp-content\/uploads\/2019\/04\/IMG_2191-1024x732.jpg 1024w, https:\/\/marekkuchcinski.pl\/wp-content\/uploads\/2019\/04\/IMG_2191-300x214.jpg 300w, https:\/\/marekkuchcinski.pl\/wp-content\/uploads\/2019\/04\/IMG_2191-768x549.jpg 768w, https:\/\/marekkuchcinski.pl\/wp-content\/uploads\/2019\/04\/IMG_2191.jpg 2048w\" sizes=\"(max-width: 1024px) 100vw, 1024px\" \/><\/figure>\n\n\n\n<figure class=\"wp-block-image\"><img loading=\"lazy\" decoding=\"async\" width=\"982\" height=\"1024\" src=\"https:\/\/marekkuchcinski.pl\/wp-content\/uploads\/2019\/04\/IMG_2263-982x1024.jpg\" alt=\"\" class=\"wp-image-14533\" srcset=\"https:\/\/marekkuchcinski.pl\/wp-content\/uploads\/2019\/04\/IMG_2263-982x1024.jpg 982w, https:\/\/marekkuchcinski.pl\/wp-content\/uploads\/2019\/04\/IMG_2263-288x300.jpg 288w, https:\/\/marekkuchcinski.pl\/wp-content\/uploads\/2019\/04\/IMG_2263-768x801.jpg 768w, https:\/\/marekkuchcinski.pl\/wp-content\/uploads\/2019\/04\/IMG_2263.jpg 1964w\" sizes=\"(max-width: 982px) 100vw, 982px\" \/><\/figure>\n\n\n\n<figure class=\"wp-block-image\"><img loading=\"lazy\" decoding=\"async\" width=\"970\" height=\"1024\" src=\"https:\/\/marekkuchcinski.pl\/wp-content\/uploads\/2019\/04\/IMG_2266-970x1024.jpg\" alt=\"\" class=\"wp-image-14534\" srcset=\"https:\/\/marekkuchcinski.pl\/wp-content\/uploads\/2019\/04\/IMG_2266-970x1024.jpg 970w, https:\/\/marekkuchcinski.pl\/wp-content\/uploads\/2019\/04\/IMG_2266-284x300.jpg 284w, https:\/\/marekkuchcinski.pl\/wp-content\/uploads\/2019\/04\/IMG_2266-768x811.jpg 768w, https:\/\/marekkuchcinski.pl\/wp-content\/uploads\/2019\/04\/IMG_2266.jpg 1940w\" sizes=\"(max-width: 970px) 100vw, 970px\" \/><\/figure>\n\n\n\n<figure class=\"wp-block-image\"><img loading=\"lazy\" decoding=\"async\" width=\"1024\" height=\"678\" src=\"https:\/\/marekkuchcinski.pl\/wp-content\/uploads\/2019\/04\/IMG_2289-1024x678.jpg\" alt=\"\" class=\"wp-image-14535\" srcset=\"https:\/\/marekkuchcinski.pl\/wp-content\/uploads\/2019\/04\/IMG_2289-1024x678.jpg 1024w, https:\/\/marekkuchcinski.pl\/wp-content\/uploads\/2019\/04\/IMG_2289-300x199.jpg 300w, https:\/\/marekkuchcinski.pl\/wp-content\/uploads\/2019\/04\/IMG_2289-768x509.jpg 768w, https:\/\/marekkuchcinski.pl\/wp-content\/uploads\/2019\/04\/IMG_2289.jpg 2048w\" sizes=\"(max-width: 1024px) 100vw, 1024px\" \/><\/figure>\n\n\n\n<figure class=\"wp-block-image\"><img loading=\"lazy\" decoding=\"async\" width=\"1024\" height=\"710\" src=\"https:\/\/marekkuchcinski.pl\/wp-content\/uploads\/2019\/04\/IMG_2258-1024x710.jpg\" alt=\"\" class=\"wp-image-14530\" srcset=\"https:\/\/marekkuchcinski.pl\/wp-content\/uploads\/2019\/04\/IMG_2258-1024x710.jpg 1024w, https:\/\/marekkuchcinski.pl\/wp-content\/uploads\/2019\/04\/IMG_2258-300x208.jpg 300w, https:\/\/marekkuchcinski.pl\/wp-content\/uploads\/2019\/04\/IMG_2258-768x532.jpg 768w, https:\/\/marekkuchcinski.pl\/wp-content\/uploads\/2019\/04\/IMG_2258.jpg 2048w\" sizes=\"(max-width: 1024px) 100vw, 1024px\" \/><\/figure>\n\n\n\n<figure class=\"wp-block-image\"><img loading=\"lazy\" decoding=\"async\" width=\"1024\" height=\"658\" src=\"https:\/\/marekkuchcinski.pl\/wp-content\/uploads\/2019\/04\/IMG_2383-1024x658.jpg\" alt=\"\" class=\"wp-image-14548\" srcset=\"https:\/\/marekkuchcinski.pl\/wp-content\/uploads\/2019\/04\/IMG_2383-1024x658.jpg 1024w, https:\/\/marekkuchcinski.pl\/wp-content\/uploads\/2019\/04\/IMG_2383-300x193.jpg 300w, https:\/\/marekkuchcinski.pl\/wp-content\/uploads\/2019\/04\/IMG_2383-768x494.jpg 768w, https:\/\/marekkuchcinski.pl\/wp-content\/uploads\/2019\/04\/IMG_2383.jpg 2048w\" sizes=\"(max-width: 1024px) 100vw, 1024px\" \/><\/figure>\n\n\n\n<figure class=\"wp-block-image\"><img loading=\"lazy\" decoding=\"async\" width=\"1024\" height=\"673\" src=\"https:\/\/marekkuchcinski.pl\/wp-content\/uploads\/2019\/04\/IMG_2385-1024x673.jpg\" alt=\"\" class=\"wp-image-14549\" srcset=\"https:\/\/marekkuchcinski.pl\/wp-content\/uploads\/2019\/04\/IMG_2385-1024x673.jpg 1024w, https:\/\/marekkuchcinski.pl\/wp-content\/uploads\/2019\/04\/IMG_2385-300x197.jpg 300w, https:\/\/marekkuchcinski.pl\/wp-content\/uploads\/2019\/04\/IMG_2385-768x505.jpg 768w, https:\/\/marekkuchcinski.pl\/wp-content\/uploads\/2019\/04\/IMG_2385.jpg 2048w\" sizes=\"(max-width: 1024px) 100vw, 1024px\" \/><\/figure>\n\n\n\n<figure class=\"wp-block-image\"><img loading=\"lazy\" decoding=\"async\" width=\"1024\" height=\"682\" src=\"https:\/\/marekkuchcinski.pl\/wp-content\/uploads\/2019\/04\/IMG_2433-1024x682.jpg\" alt=\"\" class=\"wp-image-14555\" srcset=\"https:\/\/marekkuchcinski.pl\/wp-content\/uploads\/2019\/04\/IMG_2433-1024x682.jpg 1024w, https:\/\/marekkuchcinski.pl\/wp-content\/uploads\/2019\/04\/IMG_2433-300x200.jpg 300w, https:\/\/marekkuchcinski.pl\/wp-content\/uploads\/2019\/04\/IMG_2433-768x511.jpg 768w, https:\/\/marekkuchcinski.pl\/wp-content\/uploads\/2019\/04\/IMG_2433.jpg 2048w\" sizes=\"(max-width: 1024px) 100vw, 1024px\" \/><\/figure>\n\n\n\n<figure class=\"wp-block-image\"><img loading=\"lazy\" decoding=\"async\" width=\"1024\" height=\"683\" src=\"https:\/\/marekkuchcinski.pl\/wp-content\/uploads\/2019\/04\/IMG_2451-1024x683.jpg\" alt=\"\" class=\"wp-image-14556\" srcset=\"https:\/\/marekkuchcinski.pl\/wp-content\/uploads\/2019\/04\/IMG_2451-1024x683.jpg 1024w, https:\/\/marekkuchcinski.pl\/wp-content\/uploads\/2019\/04\/IMG_2451-300x200.jpg 300w, https:\/\/marekkuchcinski.pl\/wp-content\/uploads\/2019\/04\/IMG_2451-768x512.jpg 768w, https:\/\/marekkuchcinski.pl\/wp-content\/uploads\/2019\/04\/IMG_2451.jpg 2048w\" sizes=\"(max-width: 1024px) 100vw, 1024px\" \/><\/figure>\n\n\n\n<figure class=\"wp-block-image\"><img loading=\"lazy\" decoding=\"async\" width=\"1024\" height=\"657\" src=\"https:\/\/marekkuchcinski.pl\/wp-content\/uploads\/2019\/04\/IMG_2380-1024x657.jpg\" alt=\"\" class=\"wp-image-14546\" srcset=\"https:\/\/marekkuchcinski.pl\/wp-content\/uploads\/2019\/04\/IMG_2380-1024x657.jpg 1024w, https:\/\/marekkuchcinski.pl\/wp-content\/uploads\/2019\/04\/IMG_2380-300x192.jpg 300w, https:\/\/marekkuchcinski.pl\/wp-content\/uploads\/2019\/04\/IMG_2380-768x493.jpg 768w, https:\/\/marekkuchcinski.pl\/wp-content\/uploads\/2019\/04\/IMG_2380.jpg 2048w\" sizes=\"(max-width: 1024px) 100vw, 1024px\" \/><\/figure>\n\n\n\n<figure class=\"wp-block-image\"><img loading=\"lazy\" decoding=\"async\" width=\"1024\" height=\"683\" src=\"https:\/\/marekkuchcinski.pl\/wp-content\/uploads\/2019\/04\/IMG_1978-1024x683.jpeg\" alt=\"\" class=\"wp-image-14518\" srcset=\"https:\/\/marekkuchcinski.pl\/wp-content\/uploads\/2019\/04\/IMG_1978-1024x683.jpeg 1024w, https:\/\/marekkuchcinski.pl\/wp-content\/uploads\/2019\/04\/IMG_1978-300x200.jpeg 300w, https:\/\/marekkuchcinski.pl\/wp-content\/uploads\/2019\/04\/IMG_1978-768x512.jpeg 768w, https:\/\/marekkuchcinski.pl\/wp-content\/uploads\/2019\/04\/IMG_1978.jpeg 2048w\" sizes=\"(max-width: 1024px) 100vw, 1024px\" \/><\/figure>","protected":false},"excerpt":{"rendered":"<p>Na 79. posiedzeniu Sejm przyj\u0105\u0142 ustaw\u0119 \u201eEmerytura plus\u201d. \u015awiadczenie skierowane do emeryt\u00f3w i rencist\u00f3w polega na wyp\u0142acaniu jednorazowo trzynastej emerytury w wysoko\u015bci &nbsp;1100 z\u0142 brutto (888,25 z\u0142 netto).&nbsp; W uzasadnieniu do ustawy Ministerstwo Rodziny obja\u015bnia, \u017ce celem jednorazowego \u015bwiadczenia pieni\u0119\u017cnego, obok pomocy dla emeryt\u00f3w i rencist\u00f3w, ma by\u0107 w szczeg\u00f3lno\u015bci zmniejszenie r\u00f3\u017cnic maj\u0105tkowych w spo\u0142ecze\u0144stwie. [&hellip;]<\/p>","protected":false},"author":6,"featured_media":14575,"comment_status":"open","ping_status":"open","sticky":false,"template":"","format":"standard","meta":{"ngg_post_thumbnail":0,"footnotes":""},"categories":[82,81,3],"tags":[],"class_list":["post-14517","post","type-post","status-publish","format-standard","has-post-thumbnail","hentry","category-prawo-i-sprawiedliwosc","category-wiesci-z-sejmu","category-wydarzenia"],"yoast_head":"<!-- This site is optimized with the Yoast SEO plugin v24.7 - https:\/\/yoast.com\/wordpress\/plugins\/seo\/ -->\n<title>Sejm uchwali\u0142 &quot;trzynast\u0105 emerytur\u0119&quot;. Marsza\u0142ek Kuchci\u0144ski: Dotrzymujemy s\u0142owa. Wychodzimy naprzeciw wieloletnim zaniedbaniom wobec os\u00f3b starszych &#8211; Marek Kuchci\u0144ski<\/title>\n<meta name=\"robots\" content=\"index, follow, max-snippet:-1, max-image-preview:large, max-video-preview:-1\" \/>\n<link rel=\"canonical\" href=\"https:\/\/marekkuchcinski.pl\/hu\/wydarzenia\/sejm-uchwalil-trzynasta-emeryture-marszalek-kuchcinski-dotrzymujemy-slowa-wychodzimy-naprzeciw-wieloletnim-zaniedbaniom-wobec-osob-starszych\/\" \/>\n<meta property=\"og:locale\" content=\"hu_HU\" \/>\n<meta property=\"og:type\" content=\"article\" \/>\n<meta property=\"og:title\" content=\"Sejm uchwali\u0142 &quot;trzynast\u0105 emerytur\u0119&quot;. Marsza\u0142ek Kuchci\u0144ski: Dotrzymujemy s\u0142owa. Wychodzimy naprzeciw wieloletnim zaniedbaniom wobec os\u00f3b starszych &#8211; Marek Kuchci\u0144ski\" \/>\n<meta property=\"og:description\" content=\"Na 79. posiedzeniu Sejm przyj\u0105\u0142 ustaw\u0119 \u201eEmerytura plus\u201d. \u015awiadczenie skierowane do emeryt\u00f3w i rencist\u00f3w polega na wyp\u0142acaniu jednorazowo trzynastej emerytury w wysoko\u015bci &nbsp;1100 z\u0142 brutto (888,25 z\u0142 netto).&nbsp; W uzasadnieniu do ustawy Ministerstwo Rodziny obja\u015bnia, \u017ce celem jednorazowego \u015bwiadczenia pieni\u0119\u017cnego, obok pomocy dla emeryt\u00f3w i rencist\u00f3w, ma by\u0107 w szczeg\u00f3lno\u015bci zmniejszenie r\u00f3\u017cnic maj\u0105tkowych w spo\u0142ecze\u0144stwie. [&hellip;]\" \/>\n<meta property=\"og:url\" content=\"https:\/\/marekkuchcinski.pl\/hu\/wydarzenia\/sejm-uchwalil-trzynasta-emeryture-marszalek-kuchcinski-dotrzymujemy-slowa-wychodzimy-naprzeciw-wieloletnim-zaniedbaniom-wobec-osob-starszych\/\" \/>\n<meta property=\"og:site_name\" content=\"Marek Kuchci\u0144ski\" \/>\n<meta property=\"article:published_time\" content=\"2019-04-04T19:16:09+00:00\" \/>\n<meta property=\"article:modified_time\" content=\"2019-04-10T11:00:26+00:00\" \/>\n<meta property=\"og:image\" content=\"https:\/\/marekkuchcinski.pl\/wp-content\/uploads\/2019\/04\/PSX_20190404_230243.jpg\" \/>\n\t<meta property=\"og:image:width\" content=\"2048\" \/>\n\t<meta property=\"og:image:height\" content=\"1434\" \/>\n\t<meta property=\"og:image:type\" content=\"image\/jpeg\" \/>\n<meta name=\"author\" content=\"admin\" \/>\n<meta name=\"twitter:card\" content=\"summary_large_image\" \/>\n<meta name=\"twitter:label1\" content=\"Szerz\u0151:\" \/>\n\t<meta name=\"twitter:data1\" content=\"admin\" \/>\n\t<meta name=\"twitter:label2\" content=\"Becs\u00fclt olvas\u00e1si id\u0151\" \/>\n\t<meta name=\"twitter:data2\" content=\"4 perc\" \/>\n<script type=\"application\/ld+json\" class=\"yoast-schema-graph\">{\"@context\":\"https:\/\/schema.org\",\"@graph\":[{\"@type\":\"Article\",\"@id\":\"https:\/\/marekkuchcinski.pl\/sk\/wydarzenia\/sejm-uchwalil-trzynasta-emeryture-marszalek-kuchcinski-dotrzymujemy-slowa-wychodzimy-naprzeciw-wieloletnim-zaniedbaniom-wobec-osob-starszych\/#article\",\"isPartOf\":{\"@id\":\"https:\/\/marekkuchcinski.pl\/sk\/wydarzenia\/sejm-uchwalil-trzynasta-emeryture-marszalek-kuchcinski-dotrzymujemy-slowa-wychodzimy-naprzeciw-wieloletnim-zaniedbaniom-wobec-osob-starszych\/\"},\"author\":{\"name\":\"admin\",\"@id\":\"https:\/\/marekkuchcinski.pl\/#\/schema\/person\/6f62700996b4d950b6ea2d1183b6c6be\"},\"headline\":\"Sejm uchwali\u0142 &#8222;trzynast\u0105 emerytur\u0119&#8221;. Marsza\u0142ek Kuchci\u0144ski: Dotrzymujemy s\u0142owa. Wychodzimy naprzeciw wieloletnim zaniedbaniom wobec os\u00f3b starszych\",\"datePublished\":\"2019-04-04T19:16:09+00:00\",\"dateModified\":\"2019-04-10T11:00:26+00:00\",\"mainEntityOfPage\":{\"@id\":\"https:\/\/marekkuchcinski.pl\/sk\/wydarzenia\/sejm-uchwalil-trzynasta-emeryture-marszalek-kuchcinski-dotrzymujemy-slowa-wychodzimy-naprzeciw-wieloletnim-zaniedbaniom-wobec-osob-starszych\/\"},\"wordCount\":834,\"commentCount\":0,\"publisher\":{\"@id\":\"https:\/\/marekkuchcinski.pl\/#organization\"},\"image\":{\"@id\":\"https:\/\/marekkuchcinski.pl\/sk\/wydarzenia\/sejm-uchwalil-trzynasta-emeryture-marszalek-kuchcinski-dotrzymujemy-slowa-wychodzimy-naprzeciw-wieloletnim-zaniedbaniom-wobec-osob-starszych\/#primaryimage\"},\"thumbnailUrl\":\"https:\/\/marekkuchcinski.pl\/wp-content\/uploads\/2019\/04\/PSX_20190404_230243.jpg\",\"articleSection\":[\"Prawo i Sprawiedliwo\u015b\u0107\",\"Wie\u015bci z Sejmu\",\"Wydarzenia\"],\"inLanguage\":\"hu\",\"potentialAction\":[{\"@type\":\"CommentAction\",\"name\":\"Comment\",\"target\":[\"https:\/\/marekkuchcinski.pl\/sk\/wydarzenia\/sejm-uchwalil-trzynasta-emeryture-marszalek-kuchcinski-dotrzymujemy-slowa-wychodzimy-naprzeciw-wieloletnim-zaniedbaniom-wobec-osob-starszych\/#respond\"]}]},{\"@type\":\"WebPage\",\"@id\":\"https:\/\/marekkuchcinski.pl\/sk\/wydarzenia\/sejm-uchwalil-trzynasta-emeryture-marszalek-kuchcinski-dotrzymujemy-slowa-wychodzimy-naprzeciw-wieloletnim-zaniedbaniom-wobec-osob-starszych\/\",\"url\":\"https:\/\/marekkuchcinski.pl\/sk\/wydarzenia\/sejm-uchwalil-trzynasta-emeryture-marszalek-kuchcinski-dotrzymujemy-slowa-wychodzimy-naprzeciw-wieloletnim-zaniedbaniom-wobec-osob-starszych\/\",\"name\":\"Sejm uchwali\u0142 \\\"trzynast\u0105 emerytur\u0119\\\". Marsza\u0142ek Kuchci\u0144ski: Dotrzymujemy s\u0142owa. Wychodzimy naprzeciw wieloletnim zaniedbaniom wobec os\u00f3b starszych &#8211; Marek Kuchci\u0144ski\",\"isPartOf\":{\"@id\":\"https:\/\/marekkuchcinski.pl\/#website\"},\"primaryImageOfPage\":{\"@id\":\"https:\/\/marekkuchcinski.pl\/sk\/wydarzenia\/sejm-uchwalil-trzynasta-emeryture-marszalek-kuchcinski-dotrzymujemy-slowa-wychodzimy-naprzeciw-wieloletnim-zaniedbaniom-wobec-osob-starszych\/#primaryimage\"},\"image\":{\"@id\":\"https:\/\/marekkuchcinski.pl\/sk\/wydarzenia\/sejm-uchwalil-trzynasta-emeryture-marszalek-kuchcinski-dotrzymujemy-slowa-wychodzimy-naprzeciw-wieloletnim-zaniedbaniom-wobec-osob-starszych\/#primaryimage\"},\"thumbnailUrl\":\"https:\/\/marekkuchcinski.pl\/wp-content\/uploads\/2019\/04\/PSX_20190404_230243.jpg\",\"datePublished\":\"2019-04-04T19:16:09+00:00\",\"dateModified\":\"2019-04-10T11:00:26+00:00\",\"breadcrumb\":{\"@id\":\"https:\/\/marekkuchcinski.pl\/sk\/wydarzenia\/sejm-uchwalil-trzynasta-emeryture-marszalek-kuchcinski-dotrzymujemy-slowa-wychodzimy-naprzeciw-wieloletnim-zaniedbaniom-wobec-osob-starszych\/#breadcrumb\"},\"inLanguage\":\"hu\",\"potentialAction\":[{\"@type\":\"ReadAction\",\"target\":[\"https:\/\/marekkuchcinski.pl\/sk\/wydarzenia\/sejm-uchwalil-trzynasta-emeryture-marszalek-kuchcinski-dotrzymujemy-slowa-wychodzimy-naprzeciw-wieloletnim-zaniedbaniom-wobec-osob-starszych\/\"]}]},{\"@type\":\"ImageObject\",\"inLanguage\":\"hu\",\"@id\":\"https:\/\/marekkuchcinski.pl\/sk\/wydarzenia\/sejm-uchwalil-trzynasta-emeryture-marszalek-kuchcinski-dotrzymujemy-slowa-wychodzimy-naprzeciw-wieloletnim-zaniedbaniom-wobec-osob-starszych\/#primaryimage\",\"url\":\"https:\/\/marekkuchcinski.pl\/wp-content\/uploads\/2019\/04\/PSX_20190404_230243.jpg\",\"contentUrl\":\"https:\/\/marekkuchcinski.pl\/wp-content\/uploads\/2019\/04\/PSX_20190404_230243.jpg\",\"width\":2048,\"height\":1434},{\"@type\":\"BreadcrumbList\",\"@id\":\"https:\/\/marekkuchcinski.pl\/sk\/wydarzenia\/sejm-uchwalil-trzynasta-emeryture-marszalek-kuchcinski-dotrzymujemy-slowa-wychodzimy-naprzeciw-wieloletnim-zaniedbaniom-wobec-osob-starszych\/#breadcrumb\",\"itemListElement\":[{\"@type\":\"ListItem\",\"position\":1,\"name\":\"Strona g\u0142\u00f3wna\",\"item\":\"https:\/\/marekkuchcinski.pl\/\"},{\"@type\":\"ListItem\",\"position\":2,\"name\":\"Sejm uchwali\u0142 &#8220;trzynast\u0105 emerytur\u0119&#8221;. Marsza\u0142ek Kuchci\u0144ski: Dotrzymujemy s\u0142owa. Wychodzimy naprzeciw wieloletnim zaniedbaniom wobec os\u00f3b starszych\"}]},{\"@type\":\"WebSite\",\"@id\":\"https:\/\/marekkuchcinski.pl\/#website\",\"url\":\"https:\/\/marekkuchcinski.pl\/\",\"name\":\"Marek Kuchci\u0144ski\",\"description\":\"Pose\u0142 na sejm RP &ndash; okr\u0119g nr 22\",\"publisher\":{\"@id\":\"https:\/\/marekkuchcinski.pl\/#organization\"},\"potentialAction\":[{\"@type\":\"SearchAction\",\"target\":{\"@type\":\"EntryPoint\",\"urlTemplate\":\"https:\/\/marekkuchcinski.pl\/?s={search_term_string}\"},\"query-input\":{\"@type\":\"PropertyValueSpecification\",\"valueRequired\":true,\"valueName\":\"search_term_string\"}}],\"inLanguage\":\"hu\"},{\"@type\":\"Organization\",\"@id\":\"https:\/\/marekkuchcinski.pl\/#organization\",\"name\":\"Marek Kuchci\u0144ski\",\"url\":\"https:\/\/marekkuchcinski.pl\/\",\"logo\":{\"@type\":\"ImageObject\",\"inLanguage\":\"hu\",\"@id\":\"https:\/\/marekkuchcinski.pl\/#\/schema\/logo\/image\/\",\"url\":\"https:\/\/marekkuchcinski.pl\/wp-content\/uploads\/2022\/09\/Marek.jpg\",\"contentUrl\":\"https:\/\/marekkuchcinski.pl\/wp-content\/uploads\/2022\/09\/Marek.jpg\",\"width\":1600,\"height\":971,\"caption\":\"Marek Kuchci\u0144ski\"},\"image\":{\"@id\":\"https:\/\/marekkuchcinski.pl\/#\/schema\/logo\/image\/\"}},{\"@type\":\"Person\",\"@id\":\"https:\/\/marekkuchcinski.pl\/#\/schema\/person\/6f62700996b4d950b6ea2d1183b6c6be\",\"name\":\"admin\",\"image\":{\"@type\":\"ImageObject\",\"inLanguage\":\"hu\",\"@id\":\"https:\/\/marekkuchcinski.pl\/#\/schema\/person\/image\/\",\"url\":\"https:\/\/secure.gravatar.com\/avatar\/4bab693b9d55c3d6b52c0296a8765085?s=96&d=mm&r=g\",\"contentUrl\":\"https:\/\/secure.gravatar.com\/avatar\/4bab693b9d55c3d6b52c0296a8765085?s=96&d=mm&r=g\",\"caption\":\"admin\"},\"url\":\"https:\/\/marekkuchcinski.pl\/hu\/author\/marta-olejnik\/\"}]}<\/script>\n<!-- \/ Yoast SEO plugin. -->","yoast_head_json":{"title":"Sejm uchwali\u0142 \"trzynast\u0105 emerytur\u0119\". Marsza\u0142ek Kuchci\u0144ski: Dotrzymujemy s\u0142owa. Wychodzimy naprzeciw wieloletnim zaniedbaniom wobec os\u00f3b starszych &#8211; Marek Kuchci\u0144ski","robots":{"index":"index","follow":"follow","max-snippet":"max-snippet:-1","max-image-preview":"max-image-preview:large","max-video-preview":"max-video-preview:-1"},"canonical":"https:\/\/marekkuchcinski.pl\/hu\/wydarzenia\/sejm-uchwalil-trzynasta-emeryture-marszalek-kuchcinski-dotrzymujemy-slowa-wychodzimy-naprzeciw-wieloletnim-zaniedbaniom-wobec-osob-starszych\/","og_locale":"hu_HU","og_type":"article","og_title":"Sejm uchwali\u0142 \"trzynast\u0105 emerytur\u0119\". Marsza\u0142ek Kuchci\u0144ski: Dotrzymujemy s\u0142owa. Wychodzimy naprzeciw wieloletnim zaniedbaniom wobec os\u00f3b starszych &#8211; Marek Kuchci\u0144ski","og_description":"Na 79. posiedzeniu Sejm przyj\u0105\u0142 ustaw\u0119 \u201eEmerytura plus\u201d. \u015awiadczenie skierowane do emeryt\u00f3w i rencist\u00f3w polega na wyp\u0142acaniu jednorazowo trzynastej emerytury w wysoko\u015bci &nbsp;1100 z\u0142 brutto (888,25 z\u0142 netto).&nbsp; W uzasadnieniu do ustawy Ministerstwo Rodziny obja\u015bnia, \u017ce celem jednorazowego \u015bwiadczenia pieni\u0119\u017cnego, obok pomocy dla emeryt\u00f3w i rencist\u00f3w, ma by\u0107 w szczeg\u00f3lno\u015bci zmniejszenie r\u00f3\u017cnic maj\u0105tkowych w spo\u0142ecze\u0144stwie. [&hellip;]","og_url":"https:\/\/marekkuchcinski.pl\/hu\/wydarzenia\/sejm-uchwalil-trzynasta-emeryture-marszalek-kuchcinski-dotrzymujemy-slowa-wychodzimy-naprzeciw-wieloletnim-zaniedbaniom-wobec-osob-starszych\/","og_site_name":"Marek Kuchci\u0144ski","article_published_time":"2019-04-04T19:16:09+00:00","article_modified_time":"2019-04-10T11:00:26+00:00","og_image":[{"width":2048,"height":1434,"url":"https:\/\/marekkuchcinski.pl\/wp-content\/uploads\/2019\/04\/PSX_20190404_230243.jpg","type":"image\/jpeg"}],"author":"admin","twitter_card":"summary_large_image","twitter_misc":{"Szerz\u0151:":"admin","Becs\u00fclt olvas\u00e1si id\u0151":"4 perc"},"schema":{"@context":"https:\/\/schema.org","@graph":[{"@type":"Article","@id":"https:\/\/marekkuchcinski.pl\/sk\/wydarzenia\/sejm-uchwalil-trzynasta-emeryture-marszalek-kuchcinski-dotrzymujemy-slowa-wychodzimy-naprzeciw-wieloletnim-zaniedbaniom-wobec-osob-starszych\/#article","isPartOf":{"@id":"https:\/\/marekkuchcinski.pl\/sk\/wydarzenia\/sejm-uchwalil-trzynasta-emeryture-marszalek-kuchcinski-dotrzymujemy-slowa-wychodzimy-naprzeciw-wieloletnim-zaniedbaniom-wobec-osob-starszych\/"},"author":{"name":"admin","@id":"https:\/\/marekkuchcinski.pl\/#\/schema\/person\/6f62700996b4d950b6ea2d1183b6c6be"},"headline":"Sejm uchwali\u0142 &#8222;trzynast\u0105 emerytur\u0119&#8221;. Marsza\u0142ek Kuchci\u0144ski: Dotrzymujemy s\u0142owa. Wychodzimy naprzeciw wieloletnim zaniedbaniom wobec os\u00f3b starszych","datePublished":"2019-04-04T19:16:09+00:00","dateModified":"2019-04-10T11:00:26+00:00","mainEntityOfPage":{"@id":"https:\/\/marekkuchcinski.pl\/sk\/wydarzenia\/sejm-uchwalil-trzynasta-emeryture-marszalek-kuchcinski-dotrzymujemy-slowa-wychodzimy-naprzeciw-wieloletnim-zaniedbaniom-wobec-osob-starszych\/"},"wordCount":834,"commentCount":0,"publisher":{"@id":"https:\/\/marekkuchcinski.pl\/#organization"},"image":{"@id":"https:\/\/marekkuchcinski.pl\/sk\/wydarzenia\/sejm-uchwalil-trzynasta-emeryture-marszalek-kuchcinski-dotrzymujemy-slowa-wychodzimy-naprzeciw-wieloletnim-zaniedbaniom-wobec-osob-starszych\/#primaryimage"},"thumbnailUrl":"https:\/\/marekkuchcinski.pl\/wp-content\/uploads\/2019\/04\/PSX_20190404_230243.jpg","articleSection":["Prawo i Sprawiedliwo\u015b\u0107","Wie\u015bci z Sejmu","Wydarzenia"],"inLanguage":"hu","potentialAction":[{"@type":"CommentAction","name":"Comment","target":["https:\/\/marekkuchcinski.pl\/sk\/wydarzenia\/sejm-uchwalil-trzynasta-emeryture-marszalek-kuchcinski-dotrzymujemy-slowa-wychodzimy-naprzeciw-wieloletnim-zaniedbaniom-wobec-osob-starszych\/#respond"]}]},{"@type":"WebPage","@id":"https:\/\/marekkuchcinski.pl\/sk\/wydarzenia\/sejm-uchwalil-trzynasta-emeryture-marszalek-kuchcinski-dotrzymujemy-slowa-wychodzimy-naprzeciw-wieloletnim-zaniedbaniom-wobec-osob-starszych\/","url":"https:\/\/marekkuchcinski.pl\/sk\/wydarzenia\/sejm-uchwalil-trzynasta-emeryture-marszalek-kuchcinski-dotrzymujemy-slowa-wychodzimy-naprzeciw-wieloletnim-zaniedbaniom-wobec-osob-starszych\/","name":"Sejm uchwali\u0142 \"trzynast\u0105 emerytur\u0119\". Marsza\u0142ek Kuchci\u0144ski: Dotrzymujemy s\u0142owa. Wychodzimy naprzeciw wieloletnim zaniedbaniom wobec os\u00f3b starszych &#8211; Marek Kuchci\u0144ski","isPartOf":{"@id":"https:\/\/marekkuchcinski.pl\/#website"},"primaryImageOfPage":{"@id":"https:\/\/marekkuchcinski.pl\/sk\/wydarzenia\/sejm-uchwalil-trzynasta-emeryture-marszalek-kuchcinski-dotrzymujemy-slowa-wychodzimy-naprzeciw-wieloletnim-zaniedbaniom-wobec-osob-starszych\/#primaryimage"},"image":{"@id":"https:\/\/marekkuchcinski.pl\/sk\/wydarzenia\/sejm-uchwalil-trzynasta-emeryture-marszalek-kuchcinski-dotrzymujemy-slowa-wychodzimy-naprzeciw-wieloletnim-zaniedbaniom-wobec-osob-starszych\/#primaryimage"},"thumbnailUrl":"https:\/\/marekkuchcinski.pl\/wp-content\/uploads\/2019\/04\/PSX_20190404_230243.jpg","datePublished":"2019-04-04T19:16:09+00:00","dateModified":"2019-04-10T11:00:26+00:00","breadcrumb":{"@id":"https:\/\/marekkuchcinski.pl\/sk\/wydarzenia\/sejm-uchwalil-trzynasta-emeryture-marszalek-kuchcinski-dotrzymujemy-slowa-wychodzimy-naprzeciw-wieloletnim-zaniedbaniom-wobec-osob-starszych\/#breadcrumb"},"inLanguage":"hu","potentialAction":[{"@type":"ReadAction","target":["https:\/\/marekkuchcinski.pl\/sk\/wydarzenia\/sejm-uchwalil-trzynasta-emeryture-marszalek-kuchcinski-dotrzymujemy-slowa-wychodzimy-naprzeciw-wieloletnim-zaniedbaniom-wobec-osob-starszych\/"]}]},{"@type":"ImageObject","inLanguage":"hu","@id":"https:\/\/marekkuchcinski.pl\/sk\/wydarzenia\/sejm-uchwalil-trzynasta-emeryture-marszalek-kuchcinski-dotrzymujemy-slowa-wychodzimy-naprzeciw-wieloletnim-zaniedbaniom-wobec-osob-starszych\/#primaryimage","url":"https:\/\/marekkuchcinski.pl\/wp-content\/uploads\/2019\/04\/PSX_20190404_230243.jpg","contentUrl":"https:\/\/marekkuchcinski.pl\/wp-content\/uploads\/2019\/04\/PSX_20190404_230243.jpg","width":2048,"height":1434},{"@type":"BreadcrumbList","@id":"https:\/\/marekkuchcinski.pl\/sk\/wydarzenia\/sejm-uchwalil-trzynasta-emeryture-marszalek-kuchcinski-dotrzymujemy-slowa-wychodzimy-naprzeciw-wieloletnim-zaniedbaniom-wobec-osob-starszych\/#breadcrumb","itemListElement":[{"@type":"ListItem","position":1,"name":"Strona g\u0142\u00f3wna","item":"https:\/\/marekkuchcinski.pl\/"},{"@type":"ListItem","position":2,"name":"Sejm uchwali\u0142 &#8220;trzynast\u0105 emerytur\u0119&#8221;. Marsza\u0142ek Kuchci\u0144ski: Dotrzymujemy s\u0142owa. Wychodzimy naprzeciw wieloletnim zaniedbaniom wobec os\u00f3b starszych"}]},{"@type":"WebSite","@id":"https:\/\/marekkuchcinski.pl\/#website","url":"https:\/\/marekkuchcinski.pl\/","name":"Marek Kuchci\u0144ski","description":"Pose\u0142 na sejm RP &ndash; okr\u0119g nr 22","publisher":{"@id":"https:\/\/marekkuchcinski.pl\/#organization"},"potentialAction":[{"@type":"SearchAction","target":{"@type":"EntryPoint","urlTemplate":"https:\/\/marekkuchcinski.pl\/?s={search_term_string}"},"query-input":{"@type":"PropertyValueSpecification","valueRequired":true,"valueName":"search_term_string"}}],"inLanguage":"hu"},{"@type":"Organization","@id":"https:\/\/marekkuchcinski.pl\/#organization","name":"Marek Kuchci\u0144ski","url":"https:\/\/marekkuchcinski.pl\/","logo":{"@type":"ImageObject","inLanguage":"hu","@id":"https:\/\/marekkuchcinski.pl\/#\/schema\/logo\/image\/","url":"https:\/\/marekkuchcinski.pl\/wp-content\/uploads\/2022\/09\/Marek.jpg","contentUrl":"https:\/\/marekkuchcinski.pl\/wp-content\/uploads\/2022\/09\/Marek.jpg","width":1600,"height":971,"caption":"Marek Kuchci\u0144ski"},"image":{"@id":"https:\/\/marekkuchcinski.pl\/#\/schema\/logo\/image\/"}},{"@type":"Person","@id":"https:\/\/marekkuchcinski.pl\/#\/schema\/person\/6f62700996b4d950b6ea2d1183b6c6be","name":"admin","image":{"@type":"ImageObject","inLanguage":"hu","@id":"https:\/\/marekkuchcinski.pl\/#\/schema\/person\/image\/","url":"https:\/\/secure.gravatar.com\/avatar\/4bab693b9d55c3d6b52c0296a8765085?s=96&d=mm&r=g","contentUrl":"https:\/\/secure.gravatar.com\/avatar\/4bab693b9d55c3d6b52c0296a8765085?s=96&d=mm&r=g","caption":"admin"},"url":"https:\/\/marekkuchcinski.pl\/hu\/author\/marta-olejnik\/"}]}},"_links":{"self":[{"href":"https:\/\/marekkuchcinski.pl\/hu\/wp-json\/wp\/v2\/posts\/14517","targetHints":{"allow":["GET"]}}],"collection":[{"href":"https:\/\/marekkuchcinski.pl\/hu\/wp-json\/wp\/v2\/posts"}],"about":[{"href":"https:\/\/marekkuchcinski.pl\/hu\/wp-json\/wp\/v2\/types\/post"}],"author":[{"embeddable":true,"href":"https:\/\/marekkuchcinski.pl\/hu\/wp-json\/wp\/v2\/users\/6"}],"replies":[{"embeddable":true,"href":"https:\/\/marekkuchcinski.pl\/hu\/wp-json\/wp\/v2\/comments?post=14517"}],"version-history":[{"count":17,"href":"https:\/\/marekkuchcinski.pl\/hu\/wp-json\/wp\/v2\/posts\/14517\/revisions"}],"predecessor-version":[{"id":14628,"href":"https:\/\/marekkuchcinski.pl\/hu\/wp-json\/wp\/v2\/posts\/14517\/revisions\/14628"}],"wp:featuredmedia":[{"embeddable":true,"href":"https:\/\/marekkuchcinski.pl\/hu\/wp-json\/wp\/v2\/media\/14575"}],"wp:attachment":[{"href":"https:\/\/marekkuchcinski.pl\/hu\/wp-json\/wp\/v2\/media?parent=14517"}],"wp:term":[{"taxonomy":"category","embeddable":true,"href":"https:\/\/marekkuchcinski.pl\/hu\/wp-json\/wp\/v2\/categories?post=14517"},{"taxonomy":"post_tag","embeddable":true,"href":"https:\/\/marekkuchcinski.pl\/hu\/wp-json\/wp\/v2\/tags?post=14517"}],"curies":[{"name":"wp","href":"https:\/\/api.w.org\/{rel}","templated":true}]}}