{"id":14483,"date":"2019-04-03T21:25:45","date_gmt":"2019-04-03T19:25:45","guid":{"rendered":"https:\/\/marekkuchcinski.pl\/?p=14483"},"modified":"2019-04-04T00:03:42","modified_gmt":"2019-04-03T22:03:42","slug":"marek-kuchcinski-oddal-hold-w-80-rocznice-smierci-walerego-slawka-marszalka-sejmu-premiera-zolnierza-przyjaciela-jozefa-pilsudskiego","status":"publish","type":"post","link":"https:\/\/marekkuchcinski.pl\/hu\/wydarzenia\/marek-kuchcinski-oddal-hold-w-80-rocznice-smierci-walerego-slawka-marszalka-sejmu-premiera-zolnierza-przyjaciela-jozefa-pilsudskiego\/","title":{"rendered":"Marek Kuchci\u0144ski megeml\u00e9kezett Walery S\u0142awek - a Szejm marsallja, minisztereln\u00f6k, katona, J\u00f3zef Pi\u0142sudski bar\u00e1tja - hal\u00e1l\u00e1nak 80. \u00e9vfordul\u00f3j\u00e1n."},"content":{"rendered":"<p class=\"wp-block-paragraph\">Walery S\u0142awek, m\u00e1s n\u00e9ven Gustaw hal\u00e1l\u00e1nak 80. \u00e9vfordul\u00f3j\u00e1n Marek Kuchci\u0144ski szejm marsall eml\u00e9kt\u00e1bl\u00e1t avatott, amely az ezredesnek, a szejm marsallj\u00e1nak, h\u00e1romszoros minisztereln\u00f6knek, Pi\u0142sudski marsall k\u00f6zeli munkat\u00e1rs\u00e1nak, a Feh\u00e9r Sas Rend lovagj\u00e1nak \u00e9s a Virtuti Militari Hadi Rend ez\u00fcstkeresztj\u00e9nek eml\u00e9k\u00e9re k\u00e9sz\u00fclt. <\/p>\n\n\n\n<p class=\"wp-block-paragraph\">A vars\u00f3i Szucha utcai \u00e9p\u00fcletet nem v\u00e9letlen\u00fcl v\u00e1lasztott\u00e1k. S\u0142awek ott \u00e9lt \u00e9s dolgozott. A f\u00e9rfi, akir\u0151l azt mondt\u00e1k, hogy a vele folytatott besz\u00e9lget\u00e9s fel\u00e9rt egy Pi\u0142sudski marsallal folytatott besz\u00e9lget\u00e9ssel, a PPS harci szervezet\u00e9hez tartozott, \u00e9s a lengyel l\u00e9gi\u00f3 tisztje is volt. \u00c9let\u00e9t a haz\u00e1j\u00e1nak szentelte. Ezt 1939. \u00e1prilis 2\/3-\u00e1n \u00e9jjel vette el mag\u00e1t\u00f3l. A kommunist\u00e1k arra t\u00f6rekedtek, hogy eml\u00e9k\u00e9t a szabads\u00e1g \u00e9s a Lengyelorsz\u00e1g\u00e9rt v\u00e9gzett \u00f6nzetlen szolg\u00e1lat eszm\u00e9j\u00e9vel egy\u00fctt elvesz\u00edts\u00e9k.<\/p>\n\n\n\n<p class=\"wp-block-paragraph\">Ahogy Marek Kuchci\u0144ski r\u00e1mutatott, S\u0142awek a felkel\u00e9s ethosz\u00e1nak szellem\u00e9ben nevelkedett. Ahhoz a nemzed\u00e9khez tartozott, amely Lengyelorsz\u00e1g f\u00fcggetlens\u00e9g\u00e9t hozta el. Tud\u00e1s\u00e1val \u00e9s tapasztalat\u00e1val az \u00fajj\u00e1sz\u00fcletett Lengyel K\u00f6zt\u00e1rsas\u00e1got szolg\u00e1lta. Walery S\u0142awek sz\u00e1m\u00e1ra a haza volt a legf\u0151bb j\u00f3, \u00e9s a sikeres fejl\u0151d\u00e9s\u00e9r\u0151l val\u00f3 gondoskod\u00e1s nagy kih\u00edv\u00e1s. A marsall hangs\u00falyozta, hogy az ezredes a m\u00e1sodik Lengyel K\u00f6zt\u00e1rsas\u00e1g egyik legjelent\u0151sebb alakja volt. Kijelentett \u00e1llamf\u00e9rfi volt, \u00e9s nagy elk\u00f6telezetts\u00e9ggel l\u00e1tta el feladat\u00e1t. A hatalmat k\u00fcldet\u00e9sk\u00e9nt kezelte, amelyet kell\u0151 komolys\u00e1ggal \u00e9s nagy tisztelettel kellett teljes\u00edtenie. <\/p>\n\n\n\n<p class=\"wp-block-paragraph\">Kuchci\u0144ski eml\u00e9keztetett arra, hogy Walery S\u0142awek er\u0151s \u00e9s f\u00fcggetlen Lengyelorsz\u00e1gr\u00f3l, a jog \u00e9s az igazs\u00e1goss\u00e1g Lengyelorsz\u00e1g\u00e1r\u00f3l \u00e1lmodott. \u00c9s most m\u00e1r b\u00e1tran kijelenthetj\u00fck, hogy a Walery S\u0142awek tragikus hal\u00e1l\u00e1nak 80. \u00e9vfordul\u00f3j\u00e1ra eml\u00e9kez\u0151 eml\u00e9kt\u00e1bla egy olyan emberre val\u00f3 eml\u00e9kez\u00e9s szimb\u00f3luma, aki Lengyelorsz\u00e1got szolg\u00e1lta. - Az eml\u00e9kt\u00e1bla ezen a k\u00fcl\u00f6nleges helyen elhelyezve egyfajta h\u00edd a t\u00f6rt\u00e9nelem \u00e9s a jelen k\u00f6z\u00f6tt. \u00c9kessz\u00f3l\u00f3an hangs\u00falyozza, hogy Walery S\u0142awek - a lengyel szabads\u00e1g\u00e9rt harcol\u00f3, a l\u00e9gi\u00f3 alap\u00edt\u00f3ja, a Szejm eln\u00f6ke (1938. j\u00fanius 22-27. november 1938), h\u00e1romszoros minisztereln\u00f6k - nemcsak egy monument\u00e1lis szem\u00e9lyis\u00e9g, hanem egy h\u00e9tk\u00f6znapi ember is, aki ebben az \u00e9p\u00fcletben \u00e9lt, dolgozott \u00e9s tragikusan meghalt\" - mondta a Szejm eln\u00f6ke.&nbsp; <\/p>\n\n\n\n<p class=\"wp-block-paragraph\">Az \u00fcnneps\u00e9g ut\u00e1n koszor\u00fakat helyeztek el Walery S\u0142awek s\u00edrj\u00e1n\u00e1l a vars\u00f3i Pow\u0105zki katonai temet\u0151ben. <\/p>\n\n\n\n<p class=\"wp-block-paragraph\"><em>sz\u00f6veg \/ fot\u00f3 marta olejnik<\/em><\/p>\n\n\n\n<figure class=\"wp-block-image\"><img fetchpriority=\"high\" decoding=\"async\" width=\"1024\" height=\"686\" src=\"https:\/\/marekkuchcinski.pl\/wp-content\/uploads\/2019\/04\/IMG_1256-1024x686.jpg\" alt=\"\" class=\"wp-image-14478\" srcset=\"https:\/\/marekkuchcinski.pl\/wp-content\/uploads\/2019\/04\/IMG_1256-1024x686.jpg 1024w, https:\/\/marekkuchcinski.pl\/wp-content\/uploads\/2019\/04\/IMG_1256-300x201.jpg 300w, https:\/\/marekkuchcinski.pl\/wp-content\/uploads\/2019\/04\/IMG_1256-768x515.jpg 768w, https:\/\/marekkuchcinski.pl\/wp-content\/uploads\/2019\/04\/IMG_1256.jpg 2048w\" sizes=\"(max-width: 1024px) 100vw, 1024px\" \/><\/figure>\n\n\n\n<figure class=\"wp-block-image\"><img decoding=\"async\" width=\"1024\" height=\"751\" src=\"https:\/\/marekkuchcinski.pl\/wp-content\/uploads\/2019\/04\/IMG_1278-1024x751.jpg\" alt=\"\" class=\"wp-image-14476\" srcset=\"https:\/\/marekkuchcinski.pl\/wp-content\/uploads\/2019\/04\/IMG_1278-1024x751.jpg 1024w, https:\/\/marekkuchcinski.pl\/wp-content\/uploads\/2019\/04\/IMG_1278-300x220.jpg 300w, https:\/\/marekkuchcinski.pl\/wp-content\/uploads\/2019\/04\/IMG_1278-768x563.jpg 768w, https:\/\/marekkuchcinski.pl\/wp-content\/uploads\/2019\/04\/IMG_1278.jpg 2048w\" sizes=\"(max-width: 1024px) 100vw, 1024px\" \/><\/figure>\n\n\n\n<figure class=\"wp-block-image\"><img decoding=\"async\" width=\"1024\" height=\"721\" src=\"https:\/\/marekkuchcinski.pl\/wp-content\/uploads\/2019\/04\/IMG_1284-1024x721.jpg\" alt=\"\" class=\"wp-image-14475\" srcset=\"https:\/\/marekkuchcinski.pl\/wp-content\/uploads\/2019\/04\/IMG_1284-1024x721.jpg 1024w, https:\/\/marekkuchcinski.pl\/wp-content\/uploads\/2019\/04\/IMG_1284-300x211.jpg 300w, https:\/\/marekkuchcinski.pl\/wp-content\/uploads\/2019\/04\/IMG_1284-768x541.jpg 768w, https:\/\/marekkuchcinski.pl\/wp-content\/uploads\/2019\/04\/IMG_1284.jpg 2048w\" sizes=\"(max-width: 1024px) 100vw, 1024px\" \/><\/figure>\n\n\n\n<figure class=\"wp-block-image\"><img loading=\"lazy\" decoding=\"async\" width=\"1024\" height=\"1005\" src=\"https:\/\/marekkuchcinski.pl\/wp-content\/uploads\/2019\/04\/IMG_1311-1024x1005.jpg\" alt=\"\" class=\"wp-image-14474\" srcset=\"https:\/\/marekkuchcinski.pl\/wp-content\/uploads\/2019\/04\/IMG_1311-1024x1005.jpg 1024w, https:\/\/marekkuchcinski.pl\/wp-content\/uploads\/2019\/04\/IMG_1311-300x294.jpg 300w, https:\/\/marekkuchcinski.pl\/wp-content\/uploads\/2019\/04\/IMG_1311-768x754.jpg 768w, https:\/\/marekkuchcinski.pl\/wp-content\/uploads\/2019\/04\/IMG_1311.jpg 2048w\" sizes=\"(max-width: 1024px) 100vw, 1024px\" \/><\/figure>\n\n\n\n<figure class=\"wp-block-image\"><img loading=\"lazy\" decoding=\"async\" width=\"1024\" height=\"652\" src=\"https:\/\/marekkuchcinski.pl\/wp-content\/uploads\/2019\/04\/IMG_1326-1024x652.jpg\" alt=\"\" class=\"wp-image-14473\" srcset=\"https:\/\/marekkuchcinski.pl\/wp-content\/uploads\/2019\/04\/IMG_1326-1024x652.jpg 1024w, https:\/\/marekkuchcinski.pl\/wp-content\/uploads\/2019\/04\/IMG_1326-300x191.jpg 300w, https:\/\/marekkuchcinski.pl\/wp-content\/uploads\/2019\/04\/IMG_1326-768x489.jpg 768w, https:\/\/marekkuchcinski.pl\/wp-content\/uploads\/2019\/04\/IMG_1326.jpg 2048w\" sizes=\"(max-width: 1024px) 100vw, 1024px\" \/><\/figure>\n\n\n\n<figure class=\"wp-block-image\"><img loading=\"lazy\" decoding=\"async\" width=\"1024\" height=\"683\" src=\"https:\/\/marekkuchcinski.pl\/wp-content\/uploads\/2019\/04\/IMG_1332-1024x683.jpg\" alt=\"\" class=\"wp-image-14472\" srcset=\"https:\/\/marekkuchcinski.pl\/wp-content\/uploads\/2019\/04\/IMG_1332-1024x683.jpg 1024w, https:\/\/marekkuchcinski.pl\/wp-content\/uploads\/2019\/04\/IMG_1332-300x200.jpg 300w, https:\/\/marekkuchcinski.pl\/wp-content\/uploads\/2019\/04\/IMG_1332-768x512.jpg 768w, https:\/\/marekkuchcinski.pl\/wp-content\/uploads\/2019\/04\/IMG_1332.jpg 2048w\" sizes=\"(max-width: 1024px) 100vw, 1024px\" \/><\/figure>\n\n\n\n<figure class=\"wp-block-image\"><img loading=\"lazy\" decoding=\"async\" width=\"1024\" height=\"693\" src=\"https:\/\/marekkuchcinski.pl\/wp-content\/uploads\/2019\/04\/IMG_1420-1024x693.jpg\" alt=\"\" class=\"wp-image-14471\" srcset=\"https:\/\/marekkuchcinski.pl\/wp-content\/uploads\/2019\/04\/IMG_1420-1024x693.jpg 1024w, https:\/\/marekkuchcinski.pl\/wp-content\/uploads\/2019\/04\/IMG_1420-300x203.jpg 300w, https:\/\/marekkuchcinski.pl\/wp-content\/uploads\/2019\/04\/IMG_1420-768x520.jpg 768w, https:\/\/marekkuchcinski.pl\/wp-content\/uploads\/2019\/04\/IMG_1420.jpg 2048w\" sizes=\"(max-width: 1024px) 100vw, 1024px\" \/><\/figure>\n\n\n\n<figure class=\"wp-block-image\"><img loading=\"lazy\" decoding=\"async\" width=\"1024\" height=\"688\" src=\"https:\/\/marekkuchcinski.pl\/wp-content\/uploads\/2019\/04\/IMG_1583-1024x688.jpg\" alt=\"\" class=\"wp-image-14470\" srcset=\"https:\/\/marekkuchcinski.pl\/wp-content\/uploads\/2019\/04\/IMG_1583-1024x688.jpg 1024w, https:\/\/marekkuchcinski.pl\/wp-content\/uploads\/2019\/04\/IMG_1583-300x202.jpg 300w, https:\/\/marekkuchcinski.pl\/wp-content\/uploads\/2019\/04\/IMG_1583-768x516.jpg 768w, https:\/\/marekkuchcinski.pl\/wp-content\/uploads\/2019\/04\/IMG_1583.jpg 2048w\" sizes=\"(max-width: 1024px) 100vw, 1024px\" \/><\/figure>\n\n\n\n<figure class=\"wp-block-image\"><img loading=\"lazy\" decoding=\"async\" width=\"1024\" height=\"659\" src=\"https:\/\/marekkuchcinski.pl\/wp-content\/uploads\/2019\/04\/IMG_1612-1024x659.jpg\" alt=\"\" class=\"wp-image-14469\" srcset=\"https:\/\/marekkuchcinski.pl\/wp-content\/uploads\/2019\/04\/IMG_1612-1024x659.jpg 1024w, https:\/\/marekkuchcinski.pl\/wp-content\/uploads\/2019\/04\/IMG_1612-300x193.jpg 300w, https:\/\/marekkuchcinski.pl\/wp-content\/uploads\/2019\/04\/IMG_1612-768x494.jpg 768w, https:\/\/marekkuchcinski.pl\/wp-content\/uploads\/2019\/04\/IMG_1612.jpg 2048w\" sizes=\"(max-width: 1024px) 100vw, 1024px\" \/><\/figure>\n\n\n\n<figure class=\"wp-block-image\"><img loading=\"lazy\" decoding=\"async\" width=\"1024\" height=\"646\" src=\"https:\/\/marekkuchcinski.pl\/wp-content\/uploads\/2019\/04\/IMG_1657-1024x646.jpg\" alt=\"\" class=\"wp-image-14468\" srcset=\"https:\/\/marekkuchcinski.pl\/wp-content\/uploads\/2019\/04\/IMG_1657-1024x646.jpg 1024w, https:\/\/marekkuchcinski.pl\/wp-content\/uploads\/2019\/04\/IMG_1657-300x189.jpg 300w, https:\/\/marekkuchcinski.pl\/wp-content\/uploads\/2019\/04\/IMG_1657-768x485.jpg 768w, https:\/\/marekkuchcinski.pl\/wp-content\/uploads\/2019\/04\/IMG_1657.jpg 2048w\" sizes=\"(max-width: 1024px) 100vw, 1024px\" \/><\/figure>\n\n\n\n<figure class=\"wp-block-image\"><img loading=\"lazy\" decoding=\"async\" width=\"1024\" height=\"683\" src=\"https:\/\/marekkuchcinski.pl\/wp-content\/uploads\/2019\/04\/IMG_1721-1-1024x683.jpg\" alt=\"\" class=\"wp-image-14484\" srcset=\"https:\/\/marekkuchcinski.pl\/wp-content\/uploads\/2019\/04\/IMG_1721-1-1024x683.jpg 1024w, https:\/\/marekkuchcinski.pl\/wp-content\/uploads\/2019\/04\/IMG_1721-1-300x200.jpg 300w, https:\/\/marekkuchcinski.pl\/wp-content\/uploads\/2019\/04\/IMG_1721-1-768x512.jpg 768w, https:\/\/marekkuchcinski.pl\/wp-content\/uploads\/2019\/04\/IMG_1721-1.jpg 2048w\" sizes=\"(max-width: 1024px) 100vw, 1024px\" \/><\/figure>\n\n\n\n<figure class=\"wp-block-image\"><img loading=\"lazy\" decoding=\"async\" width=\"1024\" height=\"858\" src=\"https:\/\/marekkuchcinski.pl\/wp-content\/uploads\/2019\/04\/IMG_1728-1-1024x858.jpg\" alt=\"\" class=\"wp-image-14485\" srcset=\"https:\/\/marekkuchcinski.pl\/wp-content\/uploads\/2019\/04\/IMG_1728-1-1024x858.jpg 1024w, https:\/\/marekkuchcinski.pl\/wp-content\/uploads\/2019\/04\/IMG_1728-1-300x251.jpg 300w, https:\/\/marekkuchcinski.pl\/wp-content\/uploads\/2019\/04\/IMG_1728-1-768x643.jpg 768w, https:\/\/marekkuchcinski.pl\/wp-content\/uploads\/2019\/04\/IMG_1728-1.jpg 2048w\" sizes=\"(max-width: 1024px) 100vw, 1024px\" \/><\/figure>\n\n\n\n<figure class=\"wp-block-image\"><img loading=\"lazy\" decoding=\"async\" width=\"889\" height=\"1024\" src=\"https:\/\/marekkuchcinski.pl\/wp-content\/uploads\/2019\/04\/PSX_20190403_164753-889x1024.jpg\" alt=\"\" class=\"wp-image-14505\" srcset=\"https:\/\/marekkuchcinski.pl\/wp-content\/uploads\/2019\/04\/PSX_20190403_164753-889x1024.jpg 889w, https:\/\/marekkuchcinski.pl\/wp-content\/uploads\/2019\/04\/PSX_20190403_164753-261x300.jpg 261w, https:\/\/marekkuchcinski.pl\/wp-content\/uploads\/2019\/04\/PSX_20190403_164753-768x884.jpg 768w, https:\/\/marekkuchcinski.pl\/wp-content\/uploads\/2019\/04\/PSX_20190403_164753.jpg 1778w\" sizes=\"(max-width: 889px) 100vw, 889px\" \/><\/figure>\n\n\n\n<figure class=\"wp-block-image\"><img loading=\"lazy\" decoding=\"async\" width=\"1024\" height=\"720\" src=\"https:\/\/marekkuchcinski.pl\/wp-content\/uploads\/2019\/04\/IMG_1798-1024x720.jpg\" alt=\"\" class=\"wp-image-14462\" srcset=\"https:\/\/marekkuchcinski.pl\/wp-content\/uploads\/2019\/04\/IMG_1798-1024x720.jpg 1024w, https:\/\/marekkuchcinski.pl\/wp-content\/uploads\/2019\/04\/IMG_1798-300x211.jpg 300w, https:\/\/marekkuchcinski.pl\/wp-content\/uploads\/2019\/04\/IMG_1798-768x540.jpg 768w, https:\/\/marekkuchcinski.pl\/wp-content\/uploads\/2019\/04\/IMG_1798.jpg 2048w\" sizes=\"(max-width: 1024px) 100vw, 1024px\" \/><\/figure>\n\n\n\n<figure class=\"wp-block-image\"><img loading=\"lazy\" decoding=\"async\" width=\"1024\" height=\"690\" src=\"https:\/\/marekkuchcinski.pl\/wp-content\/uploads\/2019\/04\/IMG_1802-1024x690.jpg\" alt=\"\" class=\"wp-image-14461\" srcset=\"https:\/\/marekkuchcinski.pl\/wp-content\/uploads\/2019\/04\/IMG_1802-1024x690.jpg 1024w, https:\/\/marekkuchcinski.pl\/wp-content\/uploads\/2019\/04\/IMG_1802-300x202.jpg 300w, https:\/\/marekkuchcinski.pl\/wp-content\/uploads\/2019\/04\/IMG_1802-768x517.jpg 768w, https:\/\/marekkuchcinski.pl\/wp-content\/uploads\/2019\/04\/IMG_1802.jpg 2048w\" sizes=\"(max-width: 1024px) 100vw, 1024px\" \/><\/figure>\n\n\n\n<figure class=\"wp-block-image\"><img loading=\"lazy\" decoding=\"async\" width=\"1024\" height=\"763\" src=\"https:\/\/marekkuchcinski.pl\/wp-content\/uploads\/2019\/04\/IMG_1803-1024x763.jpg\" alt=\"\" class=\"wp-image-14460\" srcset=\"https:\/\/marekkuchcinski.pl\/wp-content\/uploads\/2019\/04\/IMG_1803-1024x763.jpg 1024w, https:\/\/marekkuchcinski.pl\/wp-content\/uploads\/2019\/04\/IMG_1803-300x223.jpg 300w, https:\/\/marekkuchcinski.pl\/wp-content\/uploads\/2019\/04\/IMG_1803-768x572.jpg 768w, https:\/\/marekkuchcinski.pl\/wp-content\/uploads\/2019\/04\/IMG_1803.jpg 2048w\" sizes=\"(max-width: 1024px) 100vw, 1024px\" \/><\/figure>\n\n\n\n<figure class=\"wp-block-image\"><img loading=\"lazy\" decoding=\"async\" width=\"1024\" height=\"644\" src=\"https:\/\/marekkuchcinski.pl\/wp-content\/uploads\/2019\/04\/IMG_1853-1024x644.jpg\" alt=\"\" class=\"wp-image-14459\" srcset=\"https:\/\/marekkuchcinski.pl\/wp-content\/uploads\/2019\/04\/IMG_1853-1024x644.jpg 1024w, https:\/\/marekkuchcinski.pl\/wp-content\/uploads\/2019\/04\/IMG_1853-300x189.jpg 300w, https:\/\/marekkuchcinski.pl\/wp-content\/uploads\/2019\/04\/IMG_1853-768x483.jpg 768w, https:\/\/marekkuchcinski.pl\/wp-content\/uploads\/2019\/04\/IMG_1853.jpg 2048w\" sizes=\"(max-width: 1024px) 100vw, 1024px\" \/><\/figure>\n\n\n\n<figure class=\"wp-block-image\"><img loading=\"lazy\" decoding=\"async\" width=\"1024\" height=\"710\" src=\"https:\/\/marekkuchcinski.pl\/wp-content\/uploads\/2019\/04\/IMG_1884-1024x710.jpg\" alt=\"\" class=\"wp-image-14457\" srcset=\"https:\/\/marekkuchcinski.pl\/wp-content\/uploads\/2019\/04\/IMG_1884-1024x710.jpg 1024w, https:\/\/marekkuchcinski.pl\/wp-content\/uploads\/2019\/04\/IMG_1884-300x208.jpg 300w, https:\/\/marekkuchcinski.pl\/wp-content\/uploads\/2019\/04\/IMG_1884-768x532.jpg 768w, https:\/\/marekkuchcinski.pl\/wp-content\/uploads\/2019\/04\/IMG_1884.jpg 2048w\" sizes=\"(max-width: 1024px) 100vw, 1024px\" \/><\/figure>\n\n\n\n<figure class=\"wp-block-image\"><img loading=\"lazy\" decoding=\"async\" width=\"1024\" height=\"702\" src=\"https:\/\/marekkuchcinski.pl\/wp-content\/uploads\/2019\/04\/IMG_1751-1024x702.jpg\" alt=\"\" class=\"wp-image-14463\" srcset=\"https:\/\/marekkuchcinski.pl\/wp-content\/uploads\/2019\/04\/IMG_1751-1024x702.jpg 1024w, https:\/\/marekkuchcinski.pl\/wp-content\/uploads\/2019\/04\/IMG_1751-300x206.jpg 300w, https:\/\/marekkuchcinski.pl\/wp-content\/uploads\/2019\/04\/IMG_1751-768x526.jpg 768w, https:\/\/marekkuchcinski.pl\/wp-content\/uploads\/2019\/04\/IMG_1751.jpg 2048w\" sizes=\"(max-width: 1024px) 100vw, 1024px\" \/><\/figure>","protected":false},"excerpt":{"rendered":"<p>W 80. rocznic\u0119 \u015bmierci Walerego S\u0142awka, ps. Gustaw, Marsza\u0142ek Sejmu Marek Kuchci\u0144ski ods\u0142oni\u0142 tablic\u0119 po\u015bwi\u0119con\u0105 pu\u0142kownikowi, marsza\u0142kowi Sejmu, trzykrotnemu premierowi, bliskiemu wsp\u00f3\u0142pracownikowi marsza\u0142ka Pi\u0142sudskiego, Kawalerowi Orderu Or\u0142a Bia\u0142ego i Krzy\u017ca Srebrnego Orderu Wojennego Virtuti Militari. Budynek przy ul. Szucha w Warszawie zosta\u0142 wybrany nieprzypadkowo. S\u0142awek mieszka\u0142 tam i pracowa\u0142. Cz\u0142owiek, o kt\u00f3rym m\u00f3wiono, \u017ce rozmowa [&hellip;]<\/p>\n","protected":false},"author":6,"featured_media":14473,"comment_status":"open","ping_status":"open","sticky":false,"template":"","format":"standard","meta":{"ngg_post_thumbnail":0,"footnotes":""},"categories":[77,3],"tags":[],"class_list":["post-14483","post","type-post","status-publish","format-standard","has-post-thumbnail","hentry","category-wazne-daty","category-wydarzenia"],"_links":{"self":[{"href":"https:\/\/marekkuchcinski.pl\/hu\/wp-json\/wp\/v2\/posts\/14483","targetHints":{"allow":["GET"]}}],"collection":[{"href":"https:\/\/marekkuchcinski.pl\/hu\/wp-json\/wp\/v2\/posts"}],"about":[{"href":"https:\/\/marekkuchcinski.pl\/hu\/wp-json\/wp\/v2\/types\/post"}],"author":[{"embeddable":true,"href":"https:\/\/marekkuchcinski.pl\/hu\/wp-json\/wp\/v2\/users\/6"}],"replies":[{"embeddable":true,"href":"https:\/\/marekkuchcinski.pl\/hu\/wp-json\/wp\/v2\/comments?post=14483"}],"version-history":[{"count":15,"href":"https:\/\/marekkuchcinski.pl\/hu\/wp-json\/wp\/v2\/posts\/14483\/revisions"}],"predecessor-version":[{"id":14511,"href":"https:\/\/marekkuchcinski.pl\/hu\/wp-json\/wp\/v2\/posts\/14483\/revisions\/14511"}],"wp:attachment":[{"href":"https:\/\/marekkuchcinski.pl\/hu\/wp-json\/wp\/v2\/media?parent=14483"}],"wp:term":[{"taxonomy":"category","embeddable":true,"href":"https:\/\/marekkuchcinski.pl\/hu\/wp-json\/wp\/v2\/categories?post=14483"},{"taxonomy":"post_tag","embeddable":true,"href":"https:\/\/marekkuchcinski.pl\/hu\/wp-json\/wp\/v2\/tags?post=14483"}],"curies":[{"name":"wp","href":"https:\/\/api.w.org\/{rel}","templated":true}]}}