{"id":14400,"date":"2019-04-02T12:14:34","date_gmt":"2019-04-02T10:14:34","guid":{"rendered":"https:\/\/marekkuchcinski.pl\/?p=14400"},"modified":"2019-04-02T14:07:44","modified_gmt":"2019-04-02T12:07:44","slug":"emerytura-plus-dalsze-uszczelnianie-vat-walka-z-mafia-lekowa-zapowiedz-79-posiedzenia-sejmu%ef%bb%bf","status":"publish","type":"post","link":"https:\/\/marekkuchcinski.pl\/hu\/wydarzenia\/emerytura-plus-dalsze-uszczelnianie-vat-walka-z-mafia-lekowa-zapowiedz-79-posiedzenia-sejmu%ef%bb%bf\/","title":{"rendered":"\"Nyugd\u00edj Plusz\", az \u00e1fa tov\u00e1bbi szigor\u00edt\u00e1sa, k\u00fczdelem a drogmaffia ellen. A Szejm 79. \u00fcl\u00e9s\u00e9nek bejelent\u00e9se"},"content":{"rendered":"<p class=\"wp-block-paragraph\">\u00c1prilis 3-\u00e1n, szerd\u00e1n 10:00 \u00f3rakor kezd\u0151dik a Szejm 79. \u00fcl\u00e9se. A f\u0151 napirendi pont az \"Emerytura Plus\" projekt lesz, azaz a nyugd\u00edjasok tov\u00e1bbi t\u00e1mogat\u00e1sa 2019-ben. A napirend tov\u00e1bbi javaslatokat tartalmaz a h\u00e9a szigor\u00edt\u00e1s\u00e1ra \u00e9s a k\u00e1b\u00edt\u00f3szer-maffia visszaszor\u00edt\u00e1s\u00e1ra. A k\u00e9pvisel\u0151k az \u00c9szak-Maced\u00f3nia NATO-csatlakoz\u00e1s\u00e1r\u00f3l sz\u00f3l\u00f3 jegyz\u0151k\u00f6nyv ratifik\u00e1l\u00e1s\u00e1n is dolgozni fognak. <\/p>\n\n\n\n<p class=\"wp-block-paragraph\">A korm\u00e1ny \u00e1ltal bemutatott, az al\u00e1bbiak biztos\u00edt\u00e1s\u00e1ra vonatkoz\u00f3 projekt szerint&nbsp;<strong>\"Emerytura Plus\", ebben az \u00e9vben minden nyugd\u00edjas kieg\u00e9sz\u00edt\u0151 nyugd\u00edjat kap brutt\u00f3 1100 PLN-t, azaz 888,25 PLN-t kezenk\u00e9nt.<\/strong>. A t\u00e1mogat\u00e1s kifizet\u00e9se automatikusan, felesleges pap\u00edrmunka n\u00e9lk\u00fcl t\u00f6rt\u00e9nik, f\u00fcggetlen\u00fcl a kapott ell\u00e1t\u00e1sok \u00f6sszeg\u00e9t\u0151l. A 13. nyugd\u00edjat a k\u00f6vetkez\u0151k kapj\u00e1k&nbsp;<strong>t\u00f6bb mint 9,8 milli\u00f3 id\u0151s polg\u00e1r, k\u00f6zt\u00fck k\u00f6zel 7 milli\u00f3 nyugd\u00edjas \u00e9s t\u00f6bb mint 2,5 milli\u00f3 rokkantnyugd\u00edjas.<\/strong>. Az ell\u00e1t\u00e1st az \u00e1ltal\u00e1nos biztos\u00edt\u00e1si rendszerben r\u00e9szt vev\u0151 szem\u00e9lyek, a Mez\u0151gazdas\u00e1gi T\u00e1rsadalombiztos\u00edt\u00e1si Alap mez\u0151gazdas\u00e1gi termel\u0151i, az egyenruh\u00e1sok, a hadirokkantak \u00e9s a nyugd\u00edjasok, valamint a pedag\u00f3gusok k\u00e1rt\u00e9r\u00edt\u00e9s\u00e9ben, a nyugd\u00edj el\u0151tti juttat\u00e1sokban \u00e9s ell\u00e1t\u00e1sokban vagy a szoci\u00e1lis nyugd\u00edjban r\u00e9szes\u00fcl\u0151 szem\u00e9lyek vehetik ig\u00e9nybe. A korm\u00e1ny hangs\u00falyozza, hogy a nyugd\u00edjasok helyzet\u00e9nek \u00e9s anyagi biztons\u00e1g\u00e1nak jav\u00edt\u00e1sa \u00e9rdek\u00e9ben 2019-ben 30 \u00e9v \u00f3ta el\u0151sz\u00f6r h\u00e1romszoros int\u00e9zked\u00e9st hajtanak v\u00e9gre az id\u0151sek sz\u00e1m\u00e1ra:&nbsp;<strong>a kv\u00f3ta szerinti nyugd\u00edjkiigaz\u00edt\u00e1s, a cs\u00f6kkentett PIT \u00e9s a \"Nyugd\u00edj Plusz\" ell\u00e1t\u00e1s<\/strong>.<\/p>\n\n\n\n<p class=\"wp-block-paragraph\"><strong>Egys\u00e9ges H\u00c9A-ad\u00f3alanyok adatb\u00e1zis\u00e1nak l\u00e9trehoz\u00e1sa<\/strong>&nbsp;felt\u00e9telezi az \u00e1ru- \u00e9s szolg\u00e1ltat\u00e1si ad\u00f3r\u00f3l sz\u00f3l\u00f3 t\u00f6rv\u00e9ny javasolt m\u00f3dos\u00edt\u00e1s\u00e1t. Ez a korm\u00e1nyjavaslat Mateusz Morawiecki minisztereln\u00f6k expoz\u00e9j\u00e1nak megval\u00f3s\u00edt\u00e1s\u00e1hoz tartozik. Az \u00faj megold\u00e1sok c\u00e9lja&nbsp;<strong>a H\u00c9A-rendszer tov\u00e1bbi szigor\u00edt\u00e1sa<\/strong>. Hozz\u00e1j\u00e1rulnak tov\u00e1bb\u00e1 a v\u00e1llalkoz\u00f3k k\u00f6z\u00f6tti tisztess\u00e9ges verseny er\u0151s\u00edt\u00e9s\u00e9hez \u00e9s a sz\u00fcrke piac visszaszor\u00edt\u00e1s\u00e1hoz. A tervezet szerint a H\u00c9A-ad\u00f3alanyok list\u00e1j\u00e1t a P\u00e9nz\u00fcgyminiszt\u00e9rium honlapj\u00e1n teszik majd el\u00e9rhet\u0151v\u00e9. A nyilv\u00e1ntart\u00e1s c\u00e9lja<strong>minimaliz\u00e1lja annak kock\u00e1zat\u00e1t, hogy az ad\u00f3fizet\u0151k akaratlanul r\u00e9szt vesznek a h\u00e9a-k\u00f6rhint\u00e1kban<\/strong>.<\/p>\n\n\n\n<p class=\"wp-block-paragraph\"><strong>V\u00e9ge a Lengyelorsz\u00e1gb\u00f3l sz\u00e1rmaz\u00f3 illeg\u00e1lis gy\u00f3gyszerkivitelnek<\/strong>&nbsp;- Ez lesz a gy\u00f3gyszer\u00e9szeti t\u00f6rv\u00e9ny \u00e9s az orvosi tev\u00e9kenys\u00e9gr\u0151l sz\u00f3l\u00f3 t\u00f6rv\u00e9ny m\u00f3dos\u00edt\u00e1s\u00e1ra vonatkoz\u00f3 korm\u00e1nyzati javaslatok hat\u00e1sa. A c\u00e9l&nbsp;<strong>a drogmaffia elleni hat\u00e9kony k\u00fczdelem.<\/strong>A tervezet szigor\u00fabb szankci\u00f3kat \u00edr el\u0151 a gy\u00f3gyszerek illeg\u00e1lis kivitele eset\u00e9n. Bevezeti a gy\u00f3gyszer-nagykeresked\u0151k gy\u00f3gyszerbeszerz\u00e9s\u00e9nek tilalm\u00e1t a kiskeresked\u0151kt\u0151l,<a href=\"http:\/\/m.in\/\" target=\"_blank\" rel=\"noreferrer noopener\">t\u00f6bbek k\u00f6z\u00f6tt<\/a>. a gy\u00f3gyszert\u00e1rakban. A gy\u00f3gyszer t\u00f6rv\u00e9nyellenes megszerz\u00e9se, elidegen\u00edt\u00e9se, kivitele vagy t\u00e1rol\u00e1sa 3 h\u00f3napt\u00f3l 5 \u00e9vig terjed\u0151 szabads\u00e1gveszt\u00e9ssel b\u00fcntetend\u0151. Nagy \u00e9rt\u00e9k\u0171 b\u0171ncselekm\u00e9nyek eset\u00e9n 6 h\u00f3napt\u00f3l 8 \u00e9vig, \u00e9s ha a b\u0171ncselekm\u00e9ny a k\u00f6vetkez\u0151kkel j\u00e1r&nbsp;<strong>a Lengyelorsz\u00e1gban nem kaphat\u00f3 gy\u00f3gyszereket egyt\u0151l 10 \u00e9vig terjed\u0151 b\u00f6rt\u00f6nb\u00fcntet\u00e9ssel s\u00fajtj\u00e1k.<\/strong>.<\/p>\n\n\n\n<p class=\"wp-block-paragraph\">A Szejm egy olyan projekttel fog foglalkozni, amely a k\u00f6vetkez\u0151kre vonatkozik&nbsp;<strong>az \u00c9szak-atlanti Szerz\u0151d\u00e9shez csatolt, \u00c9szak-Maced\u00f3nia csatlakoz\u00e1s\u00e1r\u00f3l sz\u00f3l\u00f3 jegyz\u0151k\u00f6nyv ratifik\u00e1l\u00e1sa<\/strong>, amelyet 2019. febru\u00e1r 6-\u00e1n \u00edrtak al\u00e1 Br\u00fcsszelben. A korm\u00e1ny r\u00e1mutat arra, hogy a NATO b\u0151v\u00edt\u00e9si politik\u00e1ja tov\u00e1bbra is alapvet\u0151 fontoss\u00e1g\u00fa az eur\u00f3pai hat\u00e1rok \u00e9s az Eur\u00f3pa hat\u00e1rai k\u00f6r\u00fcli biztons\u00e1gi \u00e9s stabilit\u00e1si \u00f6vezet n\u00f6vel\u00e9se szempontj\u00e1b\u00f3l. A korm\u00e1ny \u00e9rt\u00e9kel\u00e9se szerint&nbsp;<strong>\u00c9szak-Maced\u00f3nia NATO-csatlakoz\u00e1sa k\u00e9zzelfoghat\u00f3 stabilit\u00e1st hozhat az eg\u00e9sz nyugat-balk\u00e1ni r\u00e9gi\u00f3 sz\u00e1m\u00e1ra, \u00e9s pozit\u00edv v\u00e1ltoz\u00e1st hozhat a Lengyelorsz\u00e1g k\u00f6r\u00fcli biztons\u00e1gi k\u00f6rnyezetben<\/strong>.<\/p>\n\n\n\n<p class=\"wp-block-paragraph\">A 79. \u00fcl\u00e9sen a Szejm a mez\u0151gazdas\u00e1gi \u00e9s vid\u00e9kfejleszt\u00e9si miniszterrel szembeni bizalmatlans\u00e1gi ind\u00edtv\u00e1nyt is megvizsg\u00e1lja.<\/p>\n\n\n\n<p class=\"wp-block-paragraph\">Az \u00fcl\u00e9s m\u00e1sodik napj\u00e1ra tervezett szavaz\u00e1sokon a Parlament a k\u00f6vetkez\u0151ket fogja elfogadni&nbsp;<a href=\"http:\/\/m.in\/\" target=\"_blank\" rel=\"noreferrer noopener\">t\u00f6bbek k\u00f6z\u00f6tt<\/a>. hat\u00e1rozat a Szem\u00e9lyes Adatv\u00e9delmi Hivatal eln\u00f6k\u00e9nek kinevez\u00e9s\u00e9r\u0151l.<\/p>\n\n\n\n<p class=\"wp-block-paragraph\">A Szejm 79. \u00fcl\u00e9s\u00e9nek teljes napirendje:&nbsp;<a href=\"http:\/\/www.sejm.gov.pl\/Sejm8.nsf\/PorzadekObrad.xsp\" target=\"_blank\" rel=\"noreferrer noopener\">http:\/\/www.sejm.gov.pl\/Sejm8.nsf\/PorzadekObrad.xsp<\/a><\/p>\n\n\n\n<p class=\"wp-block-paragraph\">Youtube vide\u00f3 el\u0151n\u00e9zet:&nbsp;<a href=\"https:\/\/www.youtube.com\/watch?v=ou9nhlm9EZQ&amp;feature=youtu.be&amp;fbclid=IwAR3Dx6DkhlrJ-jpMTVnJ5wwpzlTscYtWMQ9QLaOIWtrE5fwYIlPqEz5PbZw\" target=\"_blank\" rel=\"noreferrer noopener\">https:\/\/www.youtube.com\/watch?v=ou9nhlm9EZQ&amp;feature=youtu.be&amp;fbclid=IwAR3Dx6DkhlrJ-jpMTVnJ5wwpzlTscYtWMQ9QLaOIWtrE5fwYIlPqEz5PbZw<\/a><\/p>\n\n\n\n<p class=\"wp-block-paragraph\">Link a k\u00f6zlem\u00e9nyhez a Szejm honlapj\u00e1n:<a rel=\"noreferrer noopener\" href=\"http:\/\/sejm.gov.pl\/Sejm8.nsf\/komunikat.xsp?documentId=C39276B74F52C96DC12583CC003D02C9\" target=\"_blank\">&nbsp;http:\/\/sejm.gov.pl\/Sejm8.nsf\/komunikat.xsp?documentId=C39276B74F52C96DC12583CC003D02C9<\/a><\/p>\n\n\n\n<figure class=\"wp-block-image\"><img fetchpriority=\"high\" decoding=\"async\" width=\"1024\" height=\"722\" src=\"https:\/\/marekkuchcinski.pl\/wp-content\/uploads\/2019\/04\/na-www-sejm-1-1024x722.jpg\" alt=\"\" class=\"wp-image-14437\" srcset=\"https:\/\/marekkuchcinski.pl\/wp-content\/uploads\/2019\/04\/na-www-sejm-1-1024x722.jpg 1024w, https:\/\/marekkuchcinski.pl\/wp-content\/uploads\/2019\/04\/na-www-sejm-1-300x212.jpg 300w, https:\/\/marekkuchcinski.pl\/wp-content\/uploads\/2019\/04\/na-www-sejm-1-768x542.jpg 768w, https:\/\/marekkuchcinski.pl\/wp-content\/uploads\/2019\/04\/na-www-sejm-1.jpg 2048w\" sizes=\"(max-width: 1024px) 100vw, 1024px\" \/><figcaption><em>A Lengyel K\u00f6zt\u00e1rsas\u00e1g Szejmje\/ fot\u00f3: Marta Olejnik<\/em><\/figcaption><\/figure>","protected":false},"excerpt":{"rendered":"<p>W \u015brod\u0119 3 kwietnia o godz. 10:00 rozpocznie si\u0119 79. posiedzenie Sejmu. G\u0142\u00f3wnym punktem obrad b\u0119dzie projekt \u201eEmerytura Plus\u201d, czyli dodatkowe wsparcie dla emeryt\u00f3w i rencist\u00f3w w 2019 r. W porz\u0105dku posiedzenia tak\u017ce m.in. kolejne propozycje dotycz\u0105ce uszczelniania VAT i projekt uderzaj\u0105cy w mafi\u0119 lekow\u0105. Pos\u0142owie b\u0119d\u0105 te\u017c pracowa\u0107 nad ratyfikacj\u0105 protoko\u0142u ws. akcesji Macedonii [&hellip;]<\/p>\n","protected":false},"author":6,"featured_media":14436,"comment_status":"open","ping_status":"open","sticky":false,"template":"","format":"standard","meta":{"ngg_post_thumbnail":0,"footnotes":""},"categories":[82,81,3],"tags":[],"class_list":["post-14400","post","type-post","status-publish","format-standard","has-post-thumbnail","hentry","category-prawo-i-sprawiedliwosc","category-wiesci-z-sejmu","category-wydarzenia"],"_links":{"self":[{"href":"https:\/\/marekkuchcinski.pl\/hu\/wp-json\/wp\/v2\/posts\/14400","targetHints":{"allow":["GET"]}}],"collection":[{"href":"https:\/\/marekkuchcinski.pl\/hu\/wp-json\/wp\/v2\/posts"}],"about":[{"href":"https:\/\/marekkuchcinski.pl\/hu\/wp-json\/wp\/v2\/types\/post"}],"author":[{"embeddable":true,"href":"https:\/\/marekkuchcinski.pl\/hu\/wp-json\/wp\/v2\/users\/6"}],"replies":[{"embeddable":true,"href":"https:\/\/marekkuchcinski.pl\/hu\/wp-json\/wp\/v2\/comments?post=14400"}],"version-history":[{"count":5,"href":"https:\/\/marekkuchcinski.pl\/hu\/wp-json\/wp\/v2\/posts\/14400\/revisions"}],"predecessor-version":[{"id":14438,"href":"https:\/\/marekkuchcinski.pl\/hu\/wp-json\/wp\/v2\/posts\/14400\/revisions\/14438"}],"wp:featuredmedia":[{"embeddable":true,"href":"https:\/\/marekkuchcinski.pl\/hu\/wp-json\/wp\/v2\/media\/14436"}],"wp:attachment":[{"href":"https:\/\/marekkuchcinski.pl\/hu\/wp-json\/wp\/v2\/media?parent=14400"}],"wp:term":[{"taxonomy":"category","embeddable":true,"href":"https:\/\/marekkuchcinski.pl\/hu\/wp-json\/wp\/v2\/categories?post=14400"},{"taxonomy":"post_tag","embeddable":true,"href":"https:\/\/marekkuchcinski.pl\/hu\/wp-json\/wp\/v2\/tags?post=14400"}],"curies":[{"name":"wp","href":"https:\/\/api.w.org\/{rel}","templated":true}]}}