{"id":14317,"date":"2019-03-31T18:02:52","date_gmt":"2019-03-31T16:02:52","guid":{"rendered":"https:\/\/marekkuchcinski.pl\/?p=14317"},"modified":"2019-04-02T11:09:36","modified_gmt":"2019-04-02T09:09:36","slug":"przemyski-pis-zjednoczony-pod-wspolnym-sztandarem","status":"publish","type":"post","link":"https:\/\/marekkuchcinski.pl\/hu\/wydarzenia\/przemyski-pis-zjednoczony-pod-wspolnym-sztandarem\/","title":{"rendered":"A PiS Przemysl k\u00f6z\u00f6s z\u00e1szl\u00f3 alatt egyes\u00fclt"},"content":{"rendered":"<p><strong>Szombaton egy szentmise keret\u00e9ben a przemy\u015bli metropolita \u00e9rsek, Adam Szal \u00e9rsek felszentelte a Jog \u00e9s Igazs\u00e1goss\u00e1g p\u00e1rt z\u00e1szlaj\u00e1t.<\/strong><br><br>A 33. zsolt\u00e1rban, amelyet a pr\u00e9dik\u00e1ci\u00f3 sor\u00e1n id\u00e9zt\u00fcnk, ez \u00e1ll: \"Az \u00dar szava igaz, \u00e9s minden cselekedete megb\u00edzhat\u00f3. Szereti a t\u00f6rv\u00e9nyt \u00e9s az igazs\u00e1goss\u00e1got, a f\u00f6ld tele van az \u0151 kegyelm\u00e9vel\". A 119. zsolt\u00e1rban azt olvassuk, hogy boldogok, akiknek \u00fatja szepl\u0151telen, \u00e9s akik az ezen \u00e9rt\u00e9kek \u00e1ltal kijel\u00f6lt \u00f6sv\u00e9nyeken j\u00e1rnak\". A 140. zsolt\u00e1r \"\u00c1rul\u00f3 ellens\u00e9gek ellen\" egy\u00e9rtelm\u0171 \u00fczenetet hordoz, hogy a t\u00f6rv\u00e9ny \u00e9s az igazs\u00e1goss\u00e1g megv\u00e9di az embert elnyom\u00f3it\u00f3l... <\/p>\n\n\n\n<p>A r\u00e9gi id\u0151kben a z\u00e1szl\u00f3 seg\u00edtett a nemzeti identit\u00e1s kialak\u00edt\u00e1s\u00e1ban. A hadseregben ez egyes\u00edtette a csapatokat vezet\u0151j\u00fckkel a k\u00f6z\u00f6s c\u00e9lok fel\u00e9 vezet\u0151 \u00faton. A f\u00fcggetlens\u00e9g visszanyer\u00e9se ut\u00e1n, amikor a t\u00f6rv\u00e9nyhoz\u00f3 szejm elfogadta a nemzeti sz\u00edneket (1919. augusztus 1.), a lobog\u00f3 a k\u00f6z\u00f6ss\u00e9geket, szakmai csoportokat \u00e9s int\u00e9zm\u00e9nyeket egyes\u00edt\u0151 megk\u00fcl\u00f6nb\u00f6ztet\u0151 jell\u00e9 v\u00e1lt.<\/p>\n\n\n\n<p>A szejm eln\u00f6ke a t\u00f6rt\u00e9nelemre hivatkozva r\u00e1mutatott:<\/p>\n\n\n\n<p>Egy z\u00e1szl\u00f3, amelyr\u0151l a t\u00f6rt\u00e9n\u00e9szek azt \u00edrt\u00e1k, hogy a sanoki z\u00e1szl\u00f3, de val\u00f3j\u00e1ban a przemysli z\u00e1szl\u00f3 volt. Teh\u00e1t egy bizonyos folytonoss\u00e1ggal van dolgunk. A Jog \u00e9s Igazs\u00e1goss\u00e1g P\u00e1rt Przemysl r\u00e9gi\u00f3j\u00e1nak z\u00e1szlaja egy bizonyos szimb\u00f3lum, amely \u00f6sszek\u00f6ti a m\u00faltat, azt a nagyszer\u0171 k\u00f6tel\u00e9ket, amely z\u00e1szl\u00f3k \u00e9s lobog\u00f3k alatt \u00f6sszek\u00f6t\u00f6tt minket akkor, t\u00f6bb sz\u00e1z \u00e9vvel ezel\u0151tt, a j\u00f6v\u0151vel. <\/p>\n\n\n\n<p>Kuchci\u0144ski a Jog \u00e9s Igazs\u00e1goss\u00e1g z\u00e1szlaj\u00e1nak k\u00fclsej\u00e9re utalva elmondta, hogy az egyik oldal\u00e1n feh\u00e9r \u00e9s piros sz\u00edn\u0171, \u00e9s az \"Isten, becs\u00fclet, haza\" jelsz\u00f3 van r\u00e1h\u00edmezve, amely \u00e9vsz\u00e1zadok \u00f3ta gy\u00f6kerezik a lengyel t\u00f6rt\u00e9nelemben. A transzparens m\u00e1sik oldal\u00e1n, k\u00e9k h\u00e1tt\u00e9r el\u0151tt \"a j\u00f6v\u0151be tekint\u00fcnk\" felirat olvashat\u00f3: \"Jog \u00e9s Igazs\u00e1goss\u00e1g\".<\/p>\n\n\n\n<p>Marek Kuchci\u0144ski azt is elmondta, hogy mintegy tucatnyi h\u00f3napja minden fronton civiliz\u00e1ci\u00f3s h\u00e1bor\u00faval \u00e1llunk szemben, amely mindannyiunkat, minden csal\u00e1dot el\u00e9r, \u00e9s nemcsak orsz\u00e1gainkat \u00e9rinti, nemcsak olyan embereket \u00e9rint, akikr\u0151l eddig mindenki, m\u00e9g az ateist\u00e1k is tisztelettel besz\u00e9ltek, mint p\u00e9ld\u00e1ul II J\u00e1nos P\u00e1l Szentatya. - Ma teljesen sz\u00e9gyenteljes hangokat emelnek - mondta. - E z\u00e1szl\u00f3k alatt engedj\u00fcnk azoknak a gyal\u00e1zatos er\u0151knek, amelyek megpr\u00f3b\u00e1lnak megt\u00e1madni minket, amelyek megpr\u00f3b\u00e1lj\u00e1k elvenni a gy\u0151zelembe vetett hit\u00fcnket. Gy\u0151zni fogunk! - \u00e1llap\u00edtotta meg a Szejm eln\u00f6ke. <\/p>\n\n\n\n<p>A Podkarpatszkaja Jog \u00e9s Igazs\u00e1goss\u00e1g P\u00e1rtja id\u00e9n janu\u00e1rban adta \u00e1t a z\u00e1szl\u00f3t Marek Kuchci\u0144skinak - a Jog \u00e9s Igazs\u00e1goss\u00e1g P\u00e1rt Podkarpatszkaja Region\u00e1lis Tan\u00e1cs\u00e1nak eln\u00f6k\u00e9nek - az ostya- \u00e9s \u00faj\u00e9vi tal\u00e1lkoz\u00f3n. <\/p>\n\n\n\n<p><\/p>\n\n\n\n<figure class=\"wp-block-embed is-type-rich is-provider-marek-kuchcinski\"><div class=\"wp-block-embed__wrapper\">\n<blockquote class=\"wp-embedded-content\" data-secret=\"uRjt9IELpv\"><a href=\"https:\/\/marekkuchcinski.pl\/hu\/wydarzenia\/marek-kuchcinski-przemyslu-cel-jeden-polska-jako-dom-ktorym-zapewnione-godne-sprawiedliwe-zycie\/\">Marek Kuchci\u0144ski Przemy\u015blben: A c\u00e9l egy - Lengyelorsz\u00e1g, mint olyan otthon, ahol m\u00e9lt\u00f3s\u00e1gteljes \u00e9s igazs\u00e1gos \u00e9letet biztos\u00edtanak sz\u00e1munkra.<\/a><\/blockquote><iframe class=\"wp-embedded-content\" sandbox=\"allow-scripts\" security=\"restricted\" style=\"position: absolute; clip: rect(1px, 1px, 1px, 1px);\" title=\"&quot;Marek Kuchci\u0144ski a Przemy\u015blben: A c\u00e9l egy - Lengyelorsz\u00e1g, mint olyan otthon, ahol m\u00e9lt\u00f3s\u00e1gteljes \u00e9s igazs\u00e1gos \u00e9letet biztos\u00edtanak sz\u00e1munkra.&quot; - Marek Kuchcinski\" src=\"https:\/\/marekkuchcinski.pl\/wydarzenia\/marek-kuchcinski-przemyslu-cel-jeden-polska-jako-dom-ktorym-zapewnione-godne-sprawiedliwe-zycie\/embed\/#?secret=uRjt9IELpv\" data-secret=\"uRjt9IELpv\" width=\"600\" height=\"338\" frameborder=\"0\" marginwidth=\"0\" marginheight=\"0\" scrolling=\"no\"><\/iframe>\n<\/div><\/figure>\n\n\n\n<p><em>sz\u00f6veg\/fot\u00f3 Marta Olejnik<\/em><\/p>\n\n\n\n<figure class=\"wp-block-image is-resized\"><img fetchpriority=\"high\" decoding=\"async\" src=\"https:\/\/marekkuchcinski.pl\/wp-content\/uploads\/2019\/03\/IMG_0689-1-1024x627.jpg\" alt=\"\" class=\"wp-image-14321\" width=\"578\" height=\"353\" srcset=\"https:\/\/marekkuchcinski.pl\/wp-content\/uploads\/2019\/03\/IMG_0689-1-1024x627.jpg 1024w, https:\/\/marekkuchcinski.pl\/wp-content\/uploads\/2019\/03\/IMG_0689-1-300x184.jpg 300w, https:\/\/marekkuchcinski.pl\/wp-content\/uploads\/2019\/03\/IMG_0689-1-768x470.jpg 768w, https:\/\/marekkuchcinski.pl\/wp-content\/uploads\/2019\/03\/IMG_0689-1.jpg 2048w\" sizes=\"(max-width: 578px) 100vw, 578px\" \/><\/figure>\n\n\n\n<figure class=\"wp-block-image\"><img decoding=\"async\" width=\"1024\" height=\"688\" src=\"https:\/\/marekkuchcinski.pl\/wp-content\/uploads\/2019\/03\/IMG_0769-1024x688.jpg\" alt=\"\" class=\"wp-image-14329\" srcset=\"https:\/\/marekkuchcinski.pl\/wp-content\/uploads\/2019\/03\/IMG_0769-1024x688.jpg 1024w, https:\/\/marekkuchcinski.pl\/wp-content\/uploads\/2019\/03\/IMG_0769-300x202.jpg 300w, https:\/\/marekkuchcinski.pl\/wp-content\/uploads\/2019\/03\/IMG_0769-768x516.jpg 768w, https:\/\/marekkuchcinski.pl\/wp-content\/uploads\/2019\/03\/IMG_0769.jpg 2048w\" sizes=\"(max-width: 1024px) 100vw, 1024px\" \/><\/figure>\n\n\n\n<figure class=\"wp-block-image\"><img decoding=\"async\" width=\"1024\" height=\"932\" src=\"https:\/\/marekkuchcinski.pl\/wp-content\/uploads\/2019\/04\/IMG_0713-1024x932.jpg\" alt=\"\" class=\"wp-image-14380\" srcset=\"https:\/\/marekkuchcinski.pl\/wp-content\/uploads\/2019\/04\/IMG_0713-1024x932.jpg 1024w, https:\/\/marekkuchcinski.pl\/wp-content\/uploads\/2019\/04\/IMG_0713-300x273.jpg 300w, https:\/\/marekkuchcinski.pl\/wp-content\/uploads\/2019\/04\/IMG_0713-768x699.jpg 768w, https:\/\/marekkuchcinski.pl\/wp-content\/uploads\/2019\/04\/IMG_0713.jpg 2048w\" sizes=\"(max-width: 1024px) 100vw, 1024px\" \/><\/figure>\n\n\n\n<figure class=\"wp-block-image\"><img loading=\"lazy\" decoding=\"async\" width=\"1024\" height=\"696\" src=\"https:\/\/marekkuchcinski.pl\/wp-content\/uploads\/2019\/03\/IMG_0789-1-1024x696.jpg\" alt=\"\" class=\"wp-image-14330\" srcset=\"https:\/\/marekkuchcinski.pl\/wp-content\/uploads\/2019\/03\/IMG_0789-1-1024x696.jpg 1024w, https:\/\/marekkuchcinski.pl\/wp-content\/uploads\/2019\/03\/IMG_0789-1-300x204.jpg 300w, https:\/\/marekkuchcinski.pl\/wp-content\/uploads\/2019\/03\/IMG_0789-1-768x522.jpg 768w, https:\/\/marekkuchcinski.pl\/wp-content\/uploads\/2019\/03\/IMG_0789-1.jpg 2048w\" sizes=\"(max-width: 1024px) 100vw, 1024px\" \/><\/figure>\n\n\n\n<figure class=\"wp-block-image\"><img loading=\"lazy\" decoding=\"async\" width=\"1024\" height=\"728\" src=\"https:\/\/marekkuchcinski.pl\/wp-content\/uploads\/2019\/03\/IMG_0786-1-1024x728.jpg\" alt=\"\" class=\"wp-image-14338\" srcset=\"https:\/\/marekkuchcinski.pl\/wp-content\/uploads\/2019\/03\/IMG_0786-1-1024x728.jpg 1024w, https:\/\/marekkuchcinski.pl\/wp-content\/uploads\/2019\/03\/IMG_0786-1-300x213.jpg 300w, https:\/\/marekkuchcinski.pl\/wp-content\/uploads\/2019\/03\/IMG_0786-1-768x546.jpg 768w, https:\/\/marekkuchcinski.pl\/wp-content\/uploads\/2019\/03\/IMG_0786-1.jpg 2048w\" sizes=\"(max-width: 1024px) 100vw, 1024px\" \/><\/figure>\n\n\n\n<figure class=\"wp-block-image\"><img loading=\"lazy\" decoding=\"async\" width=\"1024\" height=\"700\" src=\"https:\/\/marekkuchcinski.pl\/wp-content\/uploads\/2019\/03\/IMG_0703-1024x700.jpg\" alt=\"\" class=\"wp-image-14328\" srcset=\"https:\/\/marekkuchcinski.pl\/wp-content\/uploads\/2019\/03\/IMG_0703-1024x700.jpg 1024w, https:\/\/marekkuchcinski.pl\/wp-content\/uploads\/2019\/03\/IMG_0703-300x205.jpg 300w, https:\/\/marekkuchcinski.pl\/wp-content\/uploads\/2019\/03\/IMG_0703-768x525.jpg 768w, https:\/\/marekkuchcinski.pl\/wp-content\/uploads\/2019\/03\/IMG_0703.jpg 2048w\" sizes=\"(max-width: 1024px) 100vw, 1024px\" \/><\/figure>\n\n\n\n<figure class=\"wp-block-image\"><img loading=\"lazy\" decoding=\"async\" width=\"1024\" height=\"710\" src=\"https:\/\/marekkuchcinski.pl\/wp-content\/uploads\/2019\/03\/IMG_0773-2-1024x710.jpg\" alt=\"\" class=\"wp-image-14331\" srcset=\"https:\/\/marekkuchcinski.pl\/wp-content\/uploads\/2019\/03\/IMG_0773-2-1024x710.jpg 1024w, https:\/\/marekkuchcinski.pl\/wp-content\/uploads\/2019\/03\/IMG_0773-2-300x208.jpg 300w, https:\/\/marekkuchcinski.pl\/wp-content\/uploads\/2019\/03\/IMG_0773-2-768x533.jpg 768w, https:\/\/marekkuchcinski.pl\/wp-content\/uploads\/2019\/03\/IMG_0773-2.jpg 2048w\" sizes=\"(max-width: 1024px) 100vw, 1024px\" \/><\/figure>\n\n\n\n<figure class=\"wp-block-image\"><img loading=\"lazy\" decoding=\"async\" width=\"1024\" height=\"667\" src=\"https:\/\/marekkuchcinski.pl\/wp-content\/uploads\/2019\/03\/IMG_0806-1-1024x667.jpg\" alt=\"\" class=\"wp-image-14332\" srcset=\"https:\/\/marekkuchcinski.pl\/wp-content\/uploads\/2019\/03\/IMG_0806-1-1024x667.jpg 1024w, https:\/\/marekkuchcinski.pl\/wp-content\/uploads\/2019\/03\/IMG_0806-1-300x195.jpg 300w, https:\/\/marekkuchcinski.pl\/wp-content\/uploads\/2019\/03\/IMG_0806-1-768x500.jpg 768w, https:\/\/marekkuchcinski.pl\/wp-content\/uploads\/2019\/03\/IMG_0806-1.jpg 2048w\" sizes=\"(max-width: 1024px) 100vw, 1024px\" \/><\/figure>\n\n\n\n<figure class=\"wp-block-image\"><img loading=\"lazy\" decoding=\"async\" width=\"1024\" height=\"745\" src=\"https:\/\/marekkuchcinski.pl\/wp-content\/uploads\/2019\/03\/IMG_0808-2-1024x745.jpg\" alt=\"\" class=\"wp-image-14335\" srcset=\"https:\/\/marekkuchcinski.pl\/wp-content\/uploads\/2019\/03\/IMG_0808-2-1024x745.jpg 1024w, https:\/\/marekkuchcinski.pl\/wp-content\/uploads\/2019\/03\/IMG_0808-2-300x218.jpg 300w, https:\/\/marekkuchcinski.pl\/wp-content\/uploads\/2019\/03\/IMG_0808-2-768x559.jpg 768w, https:\/\/marekkuchcinski.pl\/wp-content\/uploads\/2019\/03\/IMG_0808-2.jpg 2048w\" sizes=\"(max-width: 1024px) 100vw, 1024px\" \/><\/figure>\n\n\n\n<figure class=\"wp-block-image\"><img loading=\"lazy\" decoding=\"async\" width=\"1024\" height=\"682\" src=\"https:\/\/marekkuchcinski.pl\/wp-content\/uploads\/2019\/04\/IMG_0817-1-1024x682.jpg\" alt=\"\" class=\"wp-image-14378\" srcset=\"https:\/\/marekkuchcinski.pl\/wp-content\/uploads\/2019\/04\/IMG_0817-1-1024x682.jpg 1024w, https:\/\/marekkuchcinski.pl\/wp-content\/uploads\/2019\/04\/IMG_0817-1-300x200.jpg 300w, https:\/\/marekkuchcinski.pl\/wp-content\/uploads\/2019\/04\/IMG_0817-1-768x511.jpg 768w, https:\/\/marekkuchcinski.pl\/wp-content\/uploads\/2019\/04\/IMG_0817-1.jpg 2048w\" sizes=\"(max-width: 1024px) 100vw, 1024px\" \/><\/figure>\n\n\n\n<figure class=\"wp-block-image\"><img loading=\"lazy\" decoding=\"async\" width=\"1024\" height=\"683\" src=\"https:\/\/marekkuchcinski.pl\/wp-content\/uploads\/2019\/03\/IMG_0702-1024x683.jpg\" alt=\"\" class=\"wp-image-14337\" srcset=\"https:\/\/marekkuchcinski.pl\/wp-content\/uploads\/2019\/03\/IMG_0702-1024x683.jpg 1024w, https:\/\/marekkuchcinski.pl\/wp-content\/uploads\/2019\/03\/IMG_0702-300x200.jpg 300w, https:\/\/marekkuchcinski.pl\/wp-content\/uploads\/2019\/03\/IMG_0702-768x512.jpg 768w, https:\/\/marekkuchcinski.pl\/wp-content\/uploads\/2019\/03\/IMG_0702.jpg 2048w\" sizes=\"(max-width: 1024px) 100vw, 1024px\" \/><\/figure>\n\n\n\n<figure class=\"wp-block-image\"><img loading=\"lazy\" decoding=\"async\" width=\"1024\" height=\"706\" src=\"https:\/\/marekkuchcinski.pl\/wp-content\/uploads\/2019\/03\/IMG_0858-1-1024x706.jpg\" alt=\"\" class=\"wp-image-14339\" srcset=\"https:\/\/marekkuchcinski.pl\/wp-content\/uploads\/2019\/03\/IMG_0858-1-1024x706.jpg 1024w, https:\/\/marekkuchcinski.pl\/wp-content\/uploads\/2019\/03\/IMG_0858-1-300x207.jpg 300w, https:\/\/marekkuchcinski.pl\/wp-content\/uploads\/2019\/03\/IMG_0858-1-768x529.jpg 768w, https:\/\/marekkuchcinski.pl\/wp-content\/uploads\/2019\/03\/IMG_0858-1.jpg 2048w\" sizes=\"(max-width: 1024px) 100vw, 1024px\" \/><\/figure>\n\n\n\n<figure class=\"wp-block-image\"><img loading=\"lazy\" decoding=\"async\" width=\"1024\" height=\"671\" src=\"https:\/\/marekkuchcinski.pl\/wp-content\/uploads\/2019\/03\/IMG_0697-1024x671.jpg\" alt=\"\" class=\"wp-image-14349\" srcset=\"https:\/\/marekkuchcinski.pl\/wp-content\/uploads\/2019\/03\/IMG_0697-1024x671.jpg 1024w, https:\/\/marekkuchcinski.pl\/wp-content\/uploads\/2019\/03\/IMG_0697-300x196.jpg 300w, https:\/\/marekkuchcinski.pl\/wp-content\/uploads\/2019\/03\/IMG_0697-768x503.jpg 768w, https:\/\/marekkuchcinski.pl\/wp-content\/uploads\/2019\/03\/IMG_0697.jpg 2048w\" sizes=\"(max-width: 1024px) 100vw, 1024px\" \/><\/figure>\n\n\n\n<figure class=\"wp-block-image\"><img loading=\"lazy\" decoding=\"async\" width=\"1024\" height=\"749\" src=\"https:\/\/marekkuchcinski.pl\/wp-content\/uploads\/2019\/03\/IMG_0797-1024x749.jpg\" alt=\"\" class=\"wp-image-14361\" srcset=\"https:\/\/marekkuchcinski.pl\/wp-content\/uploads\/2019\/03\/IMG_0797-1024x749.jpg 1024w, https:\/\/marekkuchcinski.pl\/wp-content\/uploads\/2019\/03\/IMG_0797-300x220.jpg 300w, https:\/\/marekkuchcinski.pl\/wp-content\/uploads\/2019\/03\/IMG_0797-768x562.jpg 768w, https:\/\/marekkuchcinski.pl\/wp-content\/uploads\/2019\/03\/IMG_0797.jpg 2048w\" sizes=\"(max-width: 1024px) 100vw, 1024px\" \/><\/figure>\n\n\n\n<figure class=\"wp-block-image\"><img loading=\"lazy\" decoding=\"async\" width=\"1024\" height=\"748\" src=\"https:\/\/marekkuchcinski.pl\/wp-content\/uploads\/2019\/03\/IMG_0840-1-1024x748.jpg\" alt=\"\" class=\"wp-image-14362\" srcset=\"https:\/\/marekkuchcinski.pl\/wp-content\/uploads\/2019\/03\/IMG_0840-1-1024x748.jpg 1024w, https:\/\/marekkuchcinski.pl\/wp-content\/uploads\/2019\/03\/IMG_0840-1-300x219.jpg 300w, https:\/\/marekkuchcinski.pl\/wp-content\/uploads\/2019\/03\/IMG_0840-1-768x561.jpg 768w, https:\/\/marekkuchcinski.pl\/wp-content\/uploads\/2019\/03\/IMG_0840-1.jpg 2048w\" sizes=\"(max-width: 1024px) 100vw, 1024px\" \/><\/figure>\n\n\n\n<p><em>Fot\u00f3: Jan Warzecha<\/em><\/p>\n\n\n\n<figure class=\"wp-block-image\"><img loading=\"lazy\" decoding=\"async\" width=\"870\" height=\"1024\" src=\"https:\/\/marekkuchcinski.pl\/wp-content\/uploads\/2019\/03\/szt-870x1024.jpg\" alt=\"\" class=\"wp-image-14344\" srcset=\"https:\/\/marekkuchcinski.pl\/wp-content\/uploads\/2019\/03\/szt-870x1024.jpg 870w, https:\/\/marekkuchcinski.pl\/wp-content\/uploads\/2019\/03\/szt-255x300.jpg 255w, https:\/\/marekkuchcinski.pl\/wp-content\/uploads\/2019\/03\/szt-768x904.jpg 768w, https:\/\/marekkuchcinski.pl\/wp-content\/uploads\/2019\/03\/szt.jpg 1621w\" sizes=\"(max-width: 870px) 100vw, 870px\" \/><\/figure>\n\n\n\n<figure class=\"wp-block-image\"><img loading=\"lazy\" decoding=\"async\" width=\"1024\" height=\"705\" src=\"https:\/\/marekkuchcinski.pl\/wp-content\/uploads\/2019\/03\/sz2-1024x705.jpg\" alt=\"\" class=\"wp-image-14345\" srcset=\"https:\/\/marekkuchcinski.pl\/wp-content\/uploads\/2019\/03\/sz2-1024x705.jpg 1024w, https:\/\/marekkuchcinski.pl\/wp-content\/uploads\/2019\/03\/sz2-300x207.jpg 300w, https:\/\/marekkuchcinski.pl\/wp-content\/uploads\/2019\/03\/sz2-768x529.jpg 768w, https:\/\/marekkuchcinski.pl\/wp-content\/uploads\/2019\/03\/sz2.jpg 2048w\" sizes=\"(max-width: 1024px) 100vw, 1024px\" \/><\/figure>\n\n\n\n<figure class=\"wp-block-image\"><img loading=\"lazy\" decoding=\"async\" width=\"1024\" height=\"695\" src=\"https:\/\/marekkuchcinski.pl\/wp-content\/uploads\/2019\/03\/sz3-2-1024x695.jpg\" alt=\"\" class=\"wp-image-14346\" srcset=\"https:\/\/marekkuchcinski.pl\/wp-content\/uploads\/2019\/03\/sz3-2-1024x695.jpg 1024w, https:\/\/marekkuchcinski.pl\/wp-content\/uploads\/2019\/03\/sz3-2-300x204.jpg 300w, https:\/\/marekkuchcinski.pl\/wp-content\/uploads\/2019\/03\/sz3-2-768x521.jpg 768w, https:\/\/marekkuchcinski.pl\/wp-content\/uploads\/2019\/03\/sz3-2.jpg 2048w\" sizes=\"(max-width: 1024px) 100vw, 1024px\" \/><\/figure>","protected":false},"excerpt":{"rendered":"<p>W sobot\u0119 podczas mszy \u015bw. metropolita przemyski abp Adam Szal po\u015bwi\u0119ci\u0142 sztandar Prawa i Sprawiedliwo\u015bci. W przywo\u0142ywanym podczas kazania psalmie 33 mowa o tym, \u017ce: &#8222;S\u0142owo Pana jest prawe, a ka\u017cde Jego dzie\u0142o godne zaufania. On mi\u0142uje prawo i sprawiedliwo\u015b\u0107 ,ziemia jest pe\u0142na Jego \u0142aski\u201d. W psalmie 119 czytamy, \u017ce szcz\u0119\u015bliwi s\u0105 ci, kt\u00f3rych droga [&hellip;]<\/p>","protected":false},"author":6,"featured_media":14356,"comment_status":"open","ping_status":"open","sticky":false,"template":"","format":"standard","meta":{"ngg_post_thumbnail":0,"footnotes":""},"categories":[49,82,3],"tags":[],"class_list":["post-14317","post","type-post","status-publish","format-standard","has-post-thumbnail","hentry","category-podkarpacie","category-prawo-i-sprawiedliwosc","category-wydarzenia"],"yoast_head":"<!-- This site is optimized with the Yoast SEO plugin v24.7 - https:\/\/yoast.com\/wordpress\/plugins\/seo\/ -->\n<title>Przemyski PiS zjednoczony pod wsp\u00f3lnym sztandarem &#8211; Marek Kuchci\u0144ski<\/title>\n<meta name=\"robots\" content=\"index, follow, max-snippet:-1, max-image-preview:large, max-video-preview:-1\" \/>\n<link rel=\"canonical\" href=\"https:\/\/marekkuchcinski.pl\/hu\/wydarzenia\/przemyski-pis-zjednoczony-pod-wspolnym-sztandarem\/\" \/>\n<meta property=\"og:locale\" content=\"hu_HU\" \/>\n<meta property=\"og:type\" content=\"article\" \/>\n<meta property=\"og:title\" content=\"Przemyski PiS zjednoczony pod wsp\u00f3lnym sztandarem &#8211; Marek Kuchci\u0144ski\" \/>\n<meta property=\"og:description\" content=\"W sobot\u0119 podczas mszy \u015bw. metropolita przemyski abp Adam Szal po\u015bwi\u0119ci\u0142 sztandar Prawa i Sprawiedliwo\u015bci. W przywo\u0142ywanym podczas kazania psalmie 33 mowa o tym, \u017ce: &#8222;S\u0142owo Pana jest prawe, a ka\u017cde Jego dzie\u0142o godne zaufania. On mi\u0142uje prawo i sprawiedliwo\u015b\u0107 ,ziemia jest pe\u0142na Jego \u0142aski\u201d. W psalmie 119 czytamy, \u017ce szcz\u0119\u015bliwi s\u0105 ci, kt\u00f3rych droga [&hellip;]\" \/>\n<meta property=\"og:url\" content=\"https:\/\/marekkuchcinski.pl\/hu\/wydarzenia\/przemyski-pis-zjednoczony-pod-wspolnym-sztandarem\/\" \/>\n<meta property=\"og:site_name\" content=\"Marek Kuchci\u0144ski\" \/>\n<meta property=\"article:published_time\" content=\"2019-03-31T16:02:52+00:00\" \/>\n<meta property=\"article:modified_time\" content=\"2019-04-02T09:09:36+00:00\" \/>\n<meta property=\"og:image\" content=\"https:\/\/marekkuchcinski.pl\/wp-content\/uploads\/2019\/03\/IMG_0699.jpg\" \/>\n\t<meta property=\"og:image:width\" content=\"2048\" \/>\n\t<meta property=\"og:image:height\" content=\"1401\" \/>\n\t<meta property=\"og:image:type\" content=\"image\/jpeg\" \/>\n<meta name=\"author\" content=\"admin\" \/>\n<meta name=\"twitter:card\" content=\"summary_large_image\" \/>\n<meta name=\"twitter:label1\" content=\"Szerz\u0151:\" \/>\n\t<meta name=\"twitter:data1\" content=\"admin\" \/>\n\t<meta name=\"twitter:label2\" content=\"Becs\u00fclt olvas\u00e1si id\u0151\" \/>\n\t<meta name=\"twitter:data2\" content=\"2 perc\" \/>\n<script type=\"application\/ld+json\" class=\"yoast-schema-graph\">{\"@context\":\"https:\/\/schema.org\",\"@graph\":[{\"@type\":\"Article\",\"@id\":\"https:\/\/marekkuchcinski.pl\/sk\/wydarzenia\/przemyski-pis-zjednoczony-pod-wspolnym-sztandarem\/#article\",\"isPartOf\":{\"@id\":\"https:\/\/marekkuchcinski.pl\/sk\/wydarzenia\/przemyski-pis-zjednoczony-pod-wspolnym-sztandarem\/\"},\"author\":{\"name\":\"admin\",\"@id\":\"https:\/\/marekkuchcinski.pl\/#\/schema\/person\/6f62700996b4d950b6ea2d1183b6c6be\"},\"headline\":\"Przemyski PiS zjednoczony pod wsp\u00f3lnym sztandarem\",\"datePublished\":\"2019-03-31T16:02:52+00:00\",\"dateModified\":\"2019-04-02T09:09:36+00:00\",\"mainEntityOfPage\":{\"@id\":\"https:\/\/marekkuchcinski.pl\/sk\/wydarzenia\/przemyski-pis-zjednoczony-pod-wspolnym-sztandarem\/\"},\"wordCount\":437,\"commentCount\":0,\"publisher\":{\"@id\":\"https:\/\/marekkuchcinski.pl\/#organization\"},\"image\":{\"@id\":\"https:\/\/marekkuchcinski.pl\/sk\/wydarzenia\/przemyski-pis-zjednoczony-pod-wspolnym-sztandarem\/#primaryimage\"},\"thumbnailUrl\":\"https:\/\/marekkuchcinski.pl\/wp-content\/uploads\/2019\/03\/IMG_0699.jpg\",\"articleSection\":[\"Podkarpacie\",\"Prawo i Sprawiedliwo\u015b\u0107\",\"Wydarzenia\"],\"inLanguage\":\"hu\",\"potentialAction\":[{\"@type\":\"CommentAction\",\"name\":\"Comment\",\"target\":[\"https:\/\/marekkuchcinski.pl\/sk\/wydarzenia\/przemyski-pis-zjednoczony-pod-wspolnym-sztandarem\/#respond\"]}]},{\"@type\":\"WebPage\",\"@id\":\"https:\/\/marekkuchcinski.pl\/sk\/wydarzenia\/przemyski-pis-zjednoczony-pod-wspolnym-sztandarem\/\",\"url\":\"https:\/\/marekkuchcinski.pl\/sk\/wydarzenia\/przemyski-pis-zjednoczony-pod-wspolnym-sztandarem\/\",\"name\":\"Przemyski PiS zjednoczony pod wsp\u00f3lnym sztandarem &#8211; Marek Kuchci\u0144ski\",\"isPartOf\":{\"@id\":\"https:\/\/marekkuchcinski.pl\/#website\"},\"primaryImageOfPage\":{\"@id\":\"https:\/\/marekkuchcinski.pl\/sk\/wydarzenia\/przemyski-pis-zjednoczony-pod-wspolnym-sztandarem\/#primaryimage\"},\"image\":{\"@id\":\"https:\/\/marekkuchcinski.pl\/sk\/wydarzenia\/przemyski-pis-zjednoczony-pod-wspolnym-sztandarem\/#primaryimage\"},\"thumbnailUrl\":\"https:\/\/marekkuchcinski.pl\/wp-content\/uploads\/2019\/03\/IMG_0699.jpg\",\"datePublished\":\"2019-03-31T16:02:52+00:00\",\"dateModified\":\"2019-04-02T09:09:36+00:00\",\"breadcrumb\":{\"@id\":\"https:\/\/marekkuchcinski.pl\/sk\/wydarzenia\/przemyski-pis-zjednoczony-pod-wspolnym-sztandarem\/#breadcrumb\"},\"inLanguage\":\"hu\",\"potentialAction\":[{\"@type\":\"ReadAction\",\"target\":[\"https:\/\/marekkuchcinski.pl\/sk\/wydarzenia\/przemyski-pis-zjednoczony-pod-wspolnym-sztandarem\/\"]}]},{\"@type\":\"ImageObject\",\"inLanguage\":\"hu\",\"@id\":\"https:\/\/marekkuchcinski.pl\/sk\/wydarzenia\/przemyski-pis-zjednoczony-pod-wspolnym-sztandarem\/#primaryimage\",\"url\":\"https:\/\/marekkuchcinski.pl\/wp-content\/uploads\/2019\/03\/IMG_0699.jpg\",\"contentUrl\":\"https:\/\/marekkuchcinski.pl\/wp-content\/uploads\/2019\/03\/IMG_0699.jpg\",\"width\":2048,\"height\":1401},{\"@type\":\"BreadcrumbList\",\"@id\":\"https:\/\/marekkuchcinski.pl\/sk\/wydarzenia\/przemyski-pis-zjednoczony-pod-wspolnym-sztandarem\/#breadcrumb\",\"itemListElement\":[{\"@type\":\"ListItem\",\"position\":1,\"name\":\"Strona g\u0142\u00f3wna\",\"item\":\"https:\/\/marekkuchcinski.pl\/\"},{\"@type\":\"ListItem\",\"position\":2,\"name\":\"Przemyski PiS zjednoczony pod wsp\u00f3lnym sztandarem\"}]},{\"@type\":\"WebSite\",\"@id\":\"https:\/\/marekkuchcinski.pl\/#website\",\"url\":\"https:\/\/marekkuchcinski.pl\/\",\"name\":\"Marek Kuchci\u0144ski\",\"description\":\"Pose\u0142 na sejm RP &ndash; okr\u0119g nr 22\",\"publisher\":{\"@id\":\"https:\/\/marekkuchcinski.pl\/#organization\"},\"potentialAction\":[{\"@type\":\"SearchAction\",\"target\":{\"@type\":\"EntryPoint\",\"urlTemplate\":\"https:\/\/marekkuchcinski.pl\/?s={search_term_string}\"},\"query-input\":{\"@type\":\"PropertyValueSpecification\",\"valueRequired\":true,\"valueName\":\"search_term_string\"}}],\"inLanguage\":\"hu\"},{\"@type\":\"Organization\",\"@id\":\"https:\/\/marekkuchcinski.pl\/#organization\",\"name\":\"Marek Kuchci\u0144ski\",\"url\":\"https:\/\/marekkuchcinski.pl\/\",\"logo\":{\"@type\":\"ImageObject\",\"inLanguage\":\"hu\",\"@id\":\"https:\/\/marekkuchcinski.pl\/#\/schema\/logo\/image\/\",\"url\":\"https:\/\/marekkuchcinski.pl\/wp-content\/uploads\/2022\/09\/Marek.jpg\",\"contentUrl\":\"https:\/\/marekkuchcinski.pl\/wp-content\/uploads\/2022\/09\/Marek.jpg\",\"width\":1600,\"height\":971,\"caption\":\"Marek Kuchci\u0144ski\"},\"image\":{\"@id\":\"https:\/\/marekkuchcinski.pl\/#\/schema\/logo\/image\/\"}},{\"@type\":\"Person\",\"@id\":\"https:\/\/marekkuchcinski.pl\/#\/schema\/person\/6f62700996b4d950b6ea2d1183b6c6be\",\"name\":\"admin\",\"image\":{\"@type\":\"ImageObject\",\"inLanguage\":\"hu\",\"@id\":\"https:\/\/marekkuchcinski.pl\/#\/schema\/person\/image\/\",\"url\":\"https:\/\/secure.gravatar.com\/avatar\/4bab693b9d55c3d6b52c0296a8765085?s=96&d=mm&r=g\",\"contentUrl\":\"https:\/\/secure.gravatar.com\/avatar\/4bab693b9d55c3d6b52c0296a8765085?s=96&d=mm&r=g\",\"caption\":\"admin\"},\"url\":\"https:\/\/marekkuchcinski.pl\/hu\/author\/marta-olejnik\/\"}]}<\/script>\n<!-- \/ Yoast SEO plugin. -->","yoast_head_json":{"title":"Przemyski PiS zjednoczony pod wsp\u00f3lnym sztandarem &#8211; Marek Kuchci\u0144ski","robots":{"index":"index","follow":"follow","max-snippet":"max-snippet:-1","max-image-preview":"max-image-preview:large","max-video-preview":"max-video-preview:-1"},"canonical":"https:\/\/marekkuchcinski.pl\/hu\/wydarzenia\/przemyski-pis-zjednoczony-pod-wspolnym-sztandarem\/","og_locale":"hu_HU","og_type":"article","og_title":"Przemyski PiS zjednoczony pod wsp\u00f3lnym sztandarem &#8211; Marek Kuchci\u0144ski","og_description":"W sobot\u0119 podczas mszy \u015bw. metropolita przemyski abp Adam Szal po\u015bwi\u0119ci\u0142 sztandar Prawa i Sprawiedliwo\u015bci. W przywo\u0142ywanym podczas kazania psalmie 33 mowa o tym, \u017ce: &#8222;S\u0142owo Pana jest prawe, a ka\u017cde Jego dzie\u0142o godne zaufania. On mi\u0142uje prawo i sprawiedliwo\u015b\u0107 ,ziemia jest pe\u0142na Jego \u0142aski\u201d. W psalmie 119 czytamy, \u017ce szcz\u0119\u015bliwi s\u0105 ci, kt\u00f3rych droga [&hellip;]","og_url":"https:\/\/marekkuchcinski.pl\/hu\/wydarzenia\/przemyski-pis-zjednoczony-pod-wspolnym-sztandarem\/","og_site_name":"Marek Kuchci\u0144ski","article_published_time":"2019-03-31T16:02:52+00:00","article_modified_time":"2019-04-02T09:09:36+00:00","og_image":[{"width":2048,"height":1401,"url":"https:\/\/marekkuchcinski.pl\/wp-content\/uploads\/2019\/03\/IMG_0699.jpg","type":"image\/jpeg"}],"author":"admin","twitter_card":"summary_large_image","twitter_misc":{"Szerz\u0151:":"admin","Becs\u00fclt olvas\u00e1si id\u0151":"2 perc"},"schema":{"@context":"https:\/\/schema.org","@graph":[{"@type":"Article","@id":"https:\/\/marekkuchcinski.pl\/sk\/wydarzenia\/przemyski-pis-zjednoczony-pod-wspolnym-sztandarem\/#article","isPartOf":{"@id":"https:\/\/marekkuchcinski.pl\/sk\/wydarzenia\/przemyski-pis-zjednoczony-pod-wspolnym-sztandarem\/"},"author":{"name":"admin","@id":"https:\/\/marekkuchcinski.pl\/#\/schema\/person\/6f62700996b4d950b6ea2d1183b6c6be"},"headline":"Przemyski PiS zjednoczony pod wsp\u00f3lnym sztandarem","datePublished":"2019-03-31T16:02:52+00:00","dateModified":"2019-04-02T09:09:36+00:00","mainEntityOfPage":{"@id":"https:\/\/marekkuchcinski.pl\/sk\/wydarzenia\/przemyski-pis-zjednoczony-pod-wspolnym-sztandarem\/"},"wordCount":437,"commentCount":0,"publisher":{"@id":"https:\/\/marekkuchcinski.pl\/#organization"},"image":{"@id":"https:\/\/marekkuchcinski.pl\/sk\/wydarzenia\/przemyski-pis-zjednoczony-pod-wspolnym-sztandarem\/#primaryimage"},"thumbnailUrl":"https:\/\/marekkuchcinski.pl\/wp-content\/uploads\/2019\/03\/IMG_0699.jpg","articleSection":["Podkarpacie","Prawo i Sprawiedliwo\u015b\u0107","Wydarzenia"],"inLanguage":"hu","potentialAction":[{"@type":"CommentAction","name":"Comment","target":["https:\/\/marekkuchcinski.pl\/sk\/wydarzenia\/przemyski-pis-zjednoczony-pod-wspolnym-sztandarem\/#respond"]}]},{"@type":"WebPage","@id":"https:\/\/marekkuchcinski.pl\/sk\/wydarzenia\/przemyski-pis-zjednoczony-pod-wspolnym-sztandarem\/","url":"https:\/\/marekkuchcinski.pl\/sk\/wydarzenia\/przemyski-pis-zjednoczony-pod-wspolnym-sztandarem\/","name":"Przemyski PiS zjednoczony pod wsp\u00f3lnym sztandarem &#8211; Marek Kuchci\u0144ski","isPartOf":{"@id":"https:\/\/marekkuchcinski.pl\/#website"},"primaryImageOfPage":{"@id":"https:\/\/marekkuchcinski.pl\/sk\/wydarzenia\/przemyski-pis-zjednoczony-pod-wspolnym-sztandarem\/#primaryimage"},"image":{"@id":"https:\/\/marekkuchcinski.pl\/sk\/wydarzenia\/przemyski-pis-zjednoczony-pod-wspolnym-sztandarem\/#primaryimage"},"thumbnailUrl":"https:\/\/marekkuchcinski.pl\/wp-content\/uploads\/2019\/03\/IMG_0699.jpg","datePublished":"2019-03-31T16:02:52+00:00","dateModified":"2019-04-02T09:09:36+00:00","breadcrumb":{"@id":"https:\/\/marekkuchcinski.pl\/sk\/wydarzenia\/przemyski-pis-zjednoczony-pod-wspolnym-sztandarem\/#breadcrumb"},"inLanguage":"hu","potentialAction":[{"@type":"ReadAction","target":["https:\/\/marekkuchcinski.pl\/sk\/wydarzenia\/przemyski-pis-zjednoczony-pod-wspolnym-sztandarem\/"]}]},{"@type":"ImageObject","inLanguage":"hu","@id":"https:\/\/marekkuchcinski.pl\/sk\/wydarzenia\/przemyski-pis-zjednoczony-pod-wspolnym-sztandarem\/#primaryimage","url":"https:\/\/marekkuchcinski.pl\/wp-content\/uploads\/2019\/03\/IMG_0699.jpg","contentUrl":"https:\/\/marekkuchcinski.pl\/wp-content\/uploads\/2019\/03\/IMG_0699.jpg","width":2048,"height":1401},{"@type":"BreadcrumbList","@id":"https:\/\/marekkuchcinski.pl\/sk\/wydarzenia\/przemyski-pis-zjednoczony-pod-wspolnym-sztandarem\/#breadcrumb","itemListElement":[{"@type":"ListItem","position":1,"name":"Strona g\u0142\u00f3wna","item":"https:\/\/marekkuchcinski.pl\/"},{"@type":"ListItem","position":2,"name":"Przemyski PiS zjednoczony pod wsp\u00f3lnym sztandarem"}]},{"@type":"WebSite","@id":"https:\/\/marekkuchcinski.pl\/#website","url":"https:\/\/marekkuchcinski.pl\/","name":"Marek Kuchci\u0144ski","description":"Pose\u0142 na sejm RP &ndash; okr\u0119g nr 22","publisher":{"@id":"https:\/\/marekkuchcinski.pl\/#organization"},"potentialAction":[{"@type":"SearchAction","target":{"@type":"EntryPoint","urlTemplate":"https:\/\/marekkuchcinski.pl\/?s={search_term_string}"},"query-input":{"@type":"PropertyValueSpecification","valueRequired":true,"valueName":"search_term_string"}}],"inLanguage":"hu"},{"@type":"Organization","@id":"https:\/\/marekkuchcinski.pl\/#organization","name":"Marek Kuchci\u0144ski","url":"https:\/\/marekkuchcinski.pl\/","logo":{"@type":"ImageObject","inLanguage":"hu","@id":"https:\/\/marekkuchcinski.pl\/#\/schema\/logo\/image\/","url":"https:\/\/marekkuchcinski.pl\/wp-content\/uploads\/2022\/09\/Marek.jpg","contentUrl":"https:\/\/marekkuchcinski.pl\/wp-content\/uploads\/2022\/09\/Marek.jpg","width":1600,"height":971,"caption":"Marek Kuchci\u0144ski"},"image":{"@id":"https:\/\/marekkuchcinski.pl\/#\/schema\/logo\/image\/"}},{"@type":"Person","@id":"https:\/\/marekkuchcinski.pl\/#\/schema\/person\/6f62700996b4d950b6ea2d1183b6c6be","name":"admin","image":{"@type":"ImageObject","inLanguage":"hu","@id":"https:\/\/marekkuchcinski.pl\/#\/schema\/person\/image\/","url":"https:\/\/secure.gravatar.com\/avatar\/4bab693b9d55c3d6b52c0296a8765085?s=96&d=mm&r=g","contentUrl":"https:\/\/secure.gravatar.com\/avatar\/4bab693b9d55c3d6b52c0296a8765085?s=96&d=mm&r=g","caption":"admin"},"url":"https:\/\/marekkuchcinski.pl\/hu\/author\/marta-olejnik\/"}]}},"_links":{"self":[{"href":"https:\/\/marekkuchcinski.pl\/hu\/wp-json\/wp\/v2\/posts\/14317","targetHints":{"allow":["GET"]}}],"collection":[{"href":"https:\/\/marekkuchcinski.pl\/hu\/wp-json\/wp\/v2\/posts"}],"about":[{"href":"https:\/\/marekkuchcinski.pl\/hu\/wp-json\/wp\/v2\/types\/post"}],"author":[{"embeddable":true,"href":"https:\/\/marekkuchcinski.pl\/hu\/wp-json\/wp\/v2\/users\/6"}],"replies":[{"embeddable":true,"href":"https:\/\/marekkuchcinski.pl\/hu\/wp-json\/wp\/v2\/comments?post=14317"}],"version-history":[{"count":16,"href":"https:\/\/marekkuchcinski.pl\/hu\/wp-json\/wp\/v2\/posts\/14317\/revisions"}],"predecessor-version":[{"id":14421,"href":"https:\/\/marekkuchcinski.pl\/hu\/wp-json\/wp\/v2\/posts\/14317\/revisions\/14421"}],"wp:featuredmedia":[{"embeddable":true,"href":"https:\/\/marekkuchcinski.pl\/hu\/wp-json\/wp\/v2\/media\/14356"}],"wp:attachment":[{"href":"https:\/\/marekkuchcinski.pl\/hu\/wp-json\/wp\/v2\/media?parent=14317"}],"wp:term":[{"taxonomy":"category","embeddable":true,"href":"https:\/\/marekkuchcinski.pl\/hu\/wp-json\/wp\/v2\/categories?post=14317"},{"taxonomy":"post_tag","embeddable":true,"href":"https:\/\/marekkuchcinski.pl\/hu\/wp-json\/wp\/v2\/tags?post=14317"}],"curies":[{"name":"wp","href":"https:\/\/api.w.org\/{rel}","templated":true}]}}