{"id":14306,"date":"2019-03-31T17:15:02","date_gmt":"2019-03-31T15:15:02","guid":{"rendered":"https:\/\/marekkuchcinski.pl\/?p=14306"},"modified":"2019-04-01T11:52:44","modified_gmt":"2019-04-01T09:52:44","slug":"powolano-osrodek-wsparcia-doskonalenia-nauczycieli-jezyka-polskiego-na-ukrainie","status":"publish","type":"post","link":"https:\/\/marekkuchcinski.pl\/hu\/wydarzenia\/powolano-osrodek-wsparcia-doskonalenia-nauczycieli-jezyka-polskiego-na-ukrainie\/","title":{"rendered":"Az ukrajnai lengyel nyelvtan\u00e1rok tov\u00e1bbk\u00e9pz\u00e9s\u00e9t t\u00e1mogat\u00f3 k\u00f6zpontot hoznak l\u00e9tre a przemy\u015bli PWSW-ben"},"content":{"rendered":"<p class=\"wp-block-paragraph\">Szombaton Przemy\u015blben tartott\u00e1k az ukrajnai lengyel oktat\u00e1s els\u0151 kongresszus\u00e1t. Marek Kuchci\u0144ski, a szejm eln\u00f6ke kezdem\u00e9nyez\u00e9s\u00e9re a przemy\u015bli Kelet-eur\u00f3pai \u00c1llami Fels\u0151oktat\u00e1si Iskol\u00e1ban l\u00e9trehoznak egy tan\u00e1rk\u00e9pz\u00e9st t\u00e1mogat\u00f3 k\u00f6zpontot. Marek Kuchci\u0144ski hangs\u00falyozta, hogy a lengyel kisebbs\u00e9g sz\u00e1m\u00e1ra a saj\u00e1t oktat\u00e1si rendszere \u00e9s a lengyel nyelv tanul\u00e1sa priorit\u00e1st \u00e9lvez. A nyelv a k\u00f6z\u00f6ss\u00e9g legfontosabb jellemz\u0151je. Seg\u00edt a nemzeti identit\u00e1s kialak\u00edt\u00e1s\u00e1ban. - Rem\u00e9lem, hogy a mai vita hozz\u00e1j\u00e1rul a lengyel nyelv oktat\u00e1s\u00e1t t\u00e1mogat\u00f3 megold\u00e1sok kidolgoz\u00e1s\u00e1hoz, az Ukrajn\u00e1ban \u00e9l\u0151 honfit\u00e1rsaink ig\u00e9nyeinek megfelel\u0151en. Rem\u00e9lem, hogy k\u00e9pesek lesz\u00fcnk olyan megold\u00e1sokat javasolni, amelyek hasznosak \u00e9s el\u0151ny\u00f6sek lesznek mind a di\u00e1kok, mind a tan\u00e1rok sz\u00e1m\u00e1ra, akik a lengyel nyelvet, t\u00f6rt\u00e9nelmet \u00e9s kult\u00far\u00e1t akarj\u00e1k \u00e9s \u00e1polj\u00e1k\" - mondta a szejm eln\u00f6ke. Hozz\u00e1tette, hogy a nyelv \u00e9s az oktat\u00e1s a kult\u00fara elemei. Marek Kuchci\u0144ski \u00f6sszehasonl\u00edtotta a lengyel \u00e9s a magyar nemzetet a kult\u00far\u00e1juk \u00e9s nyelv\u00fck meg\u0151rz\u00e9s\u00e9re tett er\u0151fesz\u00edt\u00e9seikben. Felid\u00e9zte a lublini uni\u00f3 450. \u00e9vfordul\u00f3j\u00e1t, a soknemzetis\u00e9g\u0171 k\u00f6zt\u00e1rsas\u00e1g megalakul\u00e1s\u00e1t, amely nemcsak K\u00f6z\u00e9p- \u00e9s Kelet-Eur\u00f3pa legnagyobb hatalma volt. Eml\u00e9keztetett arra, hogy a 2007-ben elfogadott \u00e9s k\u00e9t \u00e9ve hat\u00e1lyba l\u00e9pett P\u00f3lus Chart\u00e1nak k\u00f6sz\u00f6nhet\u0151en lehet\u0151s\u00e9g van a kult\u00fara \u00e9s a nyelv el\u0151mozd\u00edt\u00e1s\u00e1ra Keleten. Megjegyezte, hogy Ukrajn\u00e1ban egyre t\u00f6bb olyan ember van, aki meg akarja tanulni a lengyel nyelvet. Besz\u00e9d\u00e9ben az MSMK megeml\u00edtette a 17. sz\u00e1zadi dr\u00e1ma\u00edr\u00f3, Adrzej Maksymilian Fredro alakj\u00e1t is, akit minden eur\u00f3pai nyelvre leford\u00edtottak. Kijelentette, hogy mivel Przemy\u015bl k\u00f6zel van a hat\u00e1rhoz, az ukrajnai oktat\u00e1ssal kapcsolatos tal\u00e1lkoz\u00f3kat itt kell tartani.Rafa\u0142 Wolski f\u0151konzul az ukrajnai lengyel oktat\u00e1s helyzet\u00e9r\u0151l tartott besz\u00e9dei sor\u00e1n megjegyezte, hogy a lengyel kult\u00fara ir\u00e1nti \u00e9rdekl\u0151d\u00e9s egyre n\u0151. Elismerte, hogy a tan\u00e1rok k\u00fcl\u00f6nleges szerepet j\u00e1tszanak a lengyel nyelv ismeret\u00e9nek el\u0151mozd\u00edt\u00e1s\u00e1ban, \u00e9s hogy a folyamatban l\u00e9v\u0151 kongresszus \u00faj kih\u00edv\u00e1sokkal n\u00e9z szembe. Magdalena Turowska, a Nemzeti Oktat\u00e1si Miniszt\u00e9rium k\u00e9pvisel\u0151je kijelentette, hogy fontos kih\u00edv\u00e1s a lengyels\u00e9g meg\u0151rz\u00e9se, mik\u00f6zben a nyelv hozz\u00e1f\u00e9r\u00e9st biztos\u00edt a kultur\u00e1lis \u00f6r\u00f6ks\u00e9ghez. Biztos\u00edtott arr\u00f3l, hogy az Oktat\u00e1si Miniszt\u00e9rium teljes m\u00e9rt\u00e9kben t\u00e1mogatja ezt a k\u00fcldet\u00e9st. Piotr Pilch, Podkarpatszkaja vajdas\u00e1g marsallhelyettese r\u00e1mutatott, hogy Przemy\u015blben m\u00e1r t\u00f6bb tucat m\u00f3dszertani k\u00e9pz\u00e9st szerveznek a tan\u00e1rok sz\u00e1m\u00e1ra. Pilch hangs\u00falyozta, hogy a Przemy\u015blben a Przemy\u015bli \u00c1llami Fels\u0151fok\u00fa Iskola t\u00e1mogat\u00e1s\u00e1val a tan\u00e1rok tov\u00e1bbk\u00e9pz\u00e9s\u00e9t koordin\u00e1l\u00f3 t\u00e1mogat\u00f3 k\u00f6zpont l\u00e9trehoz\u00e1sa a keleti lengyel nyelvoktat\u00e1s sz\u00e1mos oktat\u00e1si k\u00e9rd\u00e9s\u00e9nek megold\u00e1s\u00e1hoz fog hozz\u00e1j\u00e1rulni.Emilia Chmielowa, az Ukrajnai Lengyel Szervezetek Sz\u00f6vets\u00e9g\u00e9nek eln\u00f6ke elmondta, hogy Lech Kaczy\u0144ski professzornak \u00e9s az ukr\u00e1n hat\u00f3s\u00e1gokra gyakorolt befoly\u00e1s\u00e1nak k\u00f6sz\u00f6nhet\u0151en 2009-ben siker\u00fclt struktur\u00e1lni a lengyel nyelvoktat\u00e1st az orsz\u00e1gban.Larysa Kolisnyk, a Lengyel Nyelvtanul\u00f3k Egyes\u00fclet\u00e9nek eln\u00f6ke hangs\u00falyozta, hogy Ukrajna sz\u00e1m\u00e1ra fontos az eur\u00f3pai kapcsolatok ki\u00e9p\u00edt\u00e9se, \u00e9s ez a lengyel nyelv tan\u00edt\u00e1s\u00e1nak k\u00f6sz\u00f6nhet\u0151en lehets\u00e9ges. Rafa\u0142 Kocot konzul, az ukrajnai lengyelekkel val\u00f3 egy\u00fcttm\u0171k\u00f6d\u00e9s\u00e9rt felel\u0151s oszt\u00e1ly vezet\u0151je rem\u00e9ny\u00e9t fejezte ki, hogy a kongresszus seg\u00edt az ukrajnai lengyel nyelvoktat\u00e1s struktur\u00e1lt t\u00e1mogat\u00e1s\u00e1nak kialak\u00edt\u00e1s\u00e1ban. Kijelentette, hogy a tan\u00e1rokat szisztematikusan t\u00e1mogatni fogj\u00e1k.<\/p>\n\n\n\n<p class=\"wp-block-paragraph\"><em>sz\u00f6veg\/fot\u00f3 Marta Olejnik<\/em><\/p>\n\n\n\n<figure class=\"wp-block-image\"><img fetchpriority=\"high\" decoding=\"async\" width=\"1024\" height=\"665\" src=\"https:\/\/marekkuchcinski.pl\/wp-content\/uploads\/2019\/03\/IMG_0175-kopia-1024x665.jpg\" alt=\"\" class=\"wp-image-14307\" srcset=\"https:\/\/marekkuchcinski.pl\/wp-content\/uploads\/2019\/03\/IMG_0175-kopia-1024x665.jpg 1024w, https:\/\/marekkuchcinski.pl\/wp-content\/uploads\/2019\/03\/IMG_0175-kopia-300x195.jpg 300w, https:\/\/marekkuchcinski.pl\/wp-content\/uploads\/2019\/03\/IMG_0175-kopia-768x499.jpg 768w, https:\/\/marekkuchcinski.pl\/wp-content\/uploads\/2019\/03\/IMG_0175-kopia.jpg 2048w\" sizes=\"(max-width: 1024px) 100vw, 1024px\" \/><\/figure>\n\n\n\n<figure class=\"wp-block-image\"><img decoding=\"async\" width=\"1024\" height=\"693\" src=\"https:\/\/marekkuchcinski.pl\/wp-content\/uploads\/2019\/03\/IMG_0322-1024x693.jpg\" alt=\"\" class=\"wp-image-14308\" srcset=\"https:\/\/marekkuchcinski.pl\/wp-content\/uploads\/2019\/03\/IMG_0322-1024x693.jpg 1024w, https:\/\/marekkuchcinski.pl\/wp-content\/uploads\/2019\/03\/IMG_0322-300x203.jpg 300w, https:\/\/marekkuchcinski.pl\/wp-content\/uploads\/2019\/03\/IMG_0322-768x520.jpg 768w, https:\/\/marekkuchcinski.pl\/wp-content\/uploads\/2019\/03\/IMG_0322.jpg 2048w\" sizes=\"(max-width: 1024px) 100vw, 1024px\" \/><\/figure>\n\n\n\n<figure class=\"wp-block-image\"><img decoding=\"async\" width=\"1024\" height=\"732\" src=\"https:\/\/marekkuchcinski.pl\/wp-content\/uploads\/2019\/03\/IMG_0431-1-1024x732.jpg\" alt=\"\" class=\"wp-image-14309\" srcset=\"https:\/\/marekkuchcinski.pl\/wp-content\/uploads\/2019\/03\/IMG_0431-1-1024x732.jpg 1024w, https:\/\/marekkuchcinski.pl\/wp-content\/uploads\/2019\/03\/IMG_0431-1-300x214.jpg 300w, https:\/\/marekkuchcinski.pl\/wp-content\/uploads\/2019\/03\/IMG_0431-1-768x549.jpg 768w, https:\/\/marekkuchcinski.pl\/wp-content\/uploads\/2019\/03\/IMG_0431-1.jpg 2048w\" sizes=\"(max-width: 1024px) 100vw, 1024px\" \/><\/figure>\n\n\n\n<figure class=\"wp-block-image\"><img loading=\"lazy\" decoding=\"async\" width=\"1024\" height=\"681\" src=\"https:\/\/marekkuchcinski.pl\/wp-content\/uploads\/2019\/03\/IMG_0462-1024x681.jpg\" alt=\"\" class=\"wp-image-14310\" srcset=\"https:\/\/marekkuchcinski.pl\/wp-content\/uploads\/2019\/03\/IMG_0462-1024x681.jpg 1024w, https:\/\/marekkuchcinski.pl\/wp-content\/uploads\/2019\/03\/IMG_0462-300x199.jpg 300w, https:\/\/marekkuchcinski.pl\/wp-content\/uploads\/2019\/03\/IMG_0462-768x511.jpg 768w, https:\/\/marekkuchcinski.pl\/wp-content\/uploads\/2019\/03\/IMG_0462.jpg 2048w\" sizes=\"(max-width: 1024px) 100vw, 1024px\" \/><\/figure>\n\n\n\n<figure class=\"wp-block-image\"><img loading=\"lazy\" decoding=\"async\" width=\"1024\" height=\"639\" src=\"https:\/\/marekkuchcinski.pl\/wp-content\/uploads\/2019\/04\/IMG_0452-1024x639.jpg\" alt=\"\" class=\"wp-image-14382\" srcset=\"https:\/\/marekkuchcinski.pl\/wp-content\/uploads\/2019\/04\/IMG_0452-1024x639.jpg 1024w, https:\/\/marekkuchcinski.pl\/wp-content\/uploads\/2019\/04\/IMG_0452-300x187.jpg 300w, https:\/\/marekkuchcinski.pl\/wp-content\/uploads\/2019\/04\/IMG_0452-768x479.jpg 768w, https:\/\/marekkuchcinski.pl\/wp-content\/uploads\/2019\/04\/IMG_0452.jpg 2048w\" sizes=\"(max-width: 1024px) 100vw, 1024px\" \/><\/figure>\n\n\n\n<ul class=\"wp-block-gallery columns-1 is-cropped wp-block-gallery-1 is-layout-flex wp-block-gallery-is-layout-flex\"><li class=\"blocks-gallery-item\"><figure><img loading=\"lazy\" decoding=\"async\" width=\"1024\" height=\"712\" src=\"https:\/\/marekkuchcinski.pl\/wp-content\/uploads\/2019\/03\/IMG_0437-1-1024x712.jpg\" alt=\"\" data-id=\"14313\" data-link=\"https:\/\/marekkuchcinski.pl\/?attachment_id=14313\" class=\"wp-image-14313\" srcset=\"https:\/\/marekkuchcinski.pl\/wp-content\/uploads\/2019\/03\/IMG_0437-1-1024x712.jpg 1024w, https:\/\/marekkuchcinski.pl\/wp-content\/uploads\/2019\/03\/IMG_0437-1-300x208.jpg 300w, https:\/\/marekkuchcinski.pl\/wp-content\/uploads\/2019\/03\/IMG_0437-1-768x534.jpg 768w, https:\/\/marekkuchcinski.pl\/wp-content\/uploads\/2019\/03\/IMG_0437-1.jpg 2048w\" sizes=\"(max-width: 1024px) 100vw, 1024px\" \/><\/figure><\/li><\/ul>\n\n\n\n<figure class=\"wp-block-image\"><img loading=\"lazy\" decoding=\"async\" width=\"1024\" height=\"683\" src=\"https:\/\/marekkuchcinski.pl\/wp-content\/uploads\/2019\/03\/IMG_0467-1024x683.jpg\" alt=\"\" class=\"wp-image-14314\" srcset=\"https:\/\/marekkuchcinski.pl\/wp-content\/uploads\/2019\/03\/IMG_0467-1024x683.jpg 1024w, https:\/\/marekkuchcinski.pl\/wp-content\/uploads\/2019\/03\/IMG_0467-300x200.jpg 300w, https:\/\/marekkuchcinski.pl\/wp-content\/uploads\/2019\/03\/IMG_0467-768x512.jpg 768w, https:\/\/marekkuchcinski.pl\/wp-content\/uploads\/2019\/03\/IMG_0467.jpg 2048w\" sizes=\"(max-width: 1024px) 100vw, 1024px\" \/><\/figure>\n\n\n\n<figure class=\"wp-block-image\"><img loading=\"lazy\" decoding=\"async\" width=\"1024\" height=\"683\" src=\"https:\/\/marekkuchcinski.pl\/wp-content\/uploads\/2019\/03\/IMG_0507-1024x683.jpg\" alt=\"\" class=\"wp-image-14315\" srcset=\"https:\/\/marekkuchcinski.pl\/wp-content\/uploads\/2019\/03\/IMG_0507-1024x683.jpg 1024w, https:\/\/marekkuchcinski.pl\/wp-content\/uploads\/2019\/03\/IMG_0507-300x200.jpg 300w, https:\/\/marekkuchcinski.pl\/wp-content\/uploads\/2019\/03\/IMG_0507-768x512.jpg 768w, https:\/\/marekkuchcinski.pl\/wp-content\/uploads\/2019\/03\/IMG_0507.jpg 2048w\" sizes=\"(max-width: 1024px) 100vw, 1024px\" \/><\/figure>","protected":false},"excerpt":{"rendered":"<p>W sobot\u0119 w Przemy\u015blu odby\u0142 si\u0119 I Kongres Polskiej O\u015bwiaty na Ukrainie. Z inicjatywy marsza\u0142ka Sejmu Marka Kuchci\u0144skiego przy Pa\u0144stwowej Wy\u017cszej Szkole Wschodnioeuropejskiej w Przemy\u015blu zostanie powo\u0142any o\u015brodek wsparcia doskonalenia nauczycieli. Marek Kuchci\u0144ski podkre\u015bli\u0142, \u017ce dla polskiej mniejszo\u015bci system w\u0142asnego szkolnictwa i nauka j\u0119zyka polskiego to priorytet. J\u0119zyk jest najwa\u017cniejszym atrybutem wsp\u00f3lnoty. Pozwala kszta\u0142towa\u0107 to\u017csamo\u015b\u0107 [&hellip;]<\/p>\n","protected":false},"author":6,"featured_media":14319,"comment_status":"open","ping_status":"open","sticky":false,"template":"","format":"standard","meta":{"ngg_post_thumbnail":0,"footnotes":""},"categories":[49,50,3],"tags":[],"class_list":["post-14306","post","type-post","status-publish","format-standard","has-post-thumbnail","hentry","category-podkarpacie","category-wspolpraca-miedzynarodowa","category-wydarzenia"],"_links":{"self":[{"href":"https:\/\/marekkuchcinski.pl\/hu\/wp-json\/wp\/v2\/posts\/14306","targetHints":{"allow":["GET"]}}],"collection":[{"href":"https:\/\/marekkuchcinski.pl\/hu\/wp-json\/wp\/v2\/posts"}],"about":[{"href":"https:\/\/marekkuchcinski.pl\/hu\/wp-json\/wp\/v2\/types\/post"}],"author":[{"embeddable":true,"href":"https:\/\/marekkuchcinski.pl\/hu\/wp-json\/wp\/v2\/users\/6"}],"replies":[{"embeddable":true,"href":"https:\/\/marekkuchcinski.pl\/hu\/wp-json\/wp\/v2\/comments?post=14306"}],"version-history":[{"count":6,"href":"https:\/\/marekkuchcinski.pl\/hu\/wp-json\/wp\/v2\/posts\/14306\/revisions"}],"predecessor-version":[{"id":14383,"href":"https:\/\/marekkuchcinski.pl\/hu\/wp-json\/wp\/v2\/posts\/14306\/revisions\/14383"}],"wp:featuredmedia":[{"embeddable":true,"href":"https:\/\/marekkuchcinski.pl\/hu\/wp-json\/wp\/v2\/media\/14319"}],"wp:attachment":[{"href":"https:\/\/marekkuchcinski.pl\/hu\/wp-json\/wp\/v2\/media?parent=14306"}],"wp:term":[{"taxonomy":"category","embeddable":true,"href":"https:\/\/marekkuchcinski.pl\/hu\/wp-json\/wp\/v2\/categories?post=14306"},{"taxonomy":"post_tag","embeddable":true,"href":"https:\/\/marekkuchcinski.pl\/hu\/wp-json\/wp\/v2\/tags?post=14306"}],"curies":[{"name":"wp","href":"https:\/\/api.w.org\/{rel}","templated":true}]}}