{"id":14234,"date":"2019-03-29T13:16:52","date_gmt":"2019-03-29T12:16:52","guid":{"rendered":"https:\/\/marekkuchcinski.pl\/?p=14234"},"modified":"2019-03-29T14:45:54","modified_gmt":"2019-03-29T13:45:54","slug":"5-kaczynskiego-bardzo-pozytywny-odbior-polakow-i-nadzieja-na-lepsze-jutro","status":"publish","type":"post","link":"https:\/\/marekkuchcinski.pl\/hu\/wydarzenia\/5-kaczynskiego-bardzo-pozytywny-odbior-polakow-i-nadzieja-na-lepsze-jutro\/","title":{"rendered":"Kaczy\u0144ski els\u0151 \u00f6t helyezettje - pozit\u00edv fogadtat\u00e1s \u00e9s nagy elismer\u00e9s"},"content":{"rendered":"<p class=\"wp-block-paragraph\">A CBOS \u00e1ltal megk\u00e9rdezettek 45%-a \u00fagy v\u00e9li, hogy a lengyel \u00e1llam megengedheti mag\u00e1nak Kaczy\u00f1ski \u00d6t\u00f6s\u00e9nek megval\u00f3s\u00edt\u00e1s\u00e1t. A meghirdetett programok meg\u00edt\u00e9l\u00e9se a lakoss\u00e1g k\u00f6r\u00e9ben nagyon j\u00f3, \u00e9s a legmagasabb \u00e9rt\u00e9kel\u00e9st az id\u0151sek - nyugd\u00edjasok \u00e9s rokkants\u00e1gi ell\u00e1t\u00e1sban r\u00e9szes\u00fcl\u0151k - t\u00e1mogat\u00e1sa kapta, azaz a 13. nyugd\u00edj, amely brutt\u00f3 1100 zlotyt (nett\u00f3 888,25 zlotyt) tesz majd ki. <\/p>\n\n\n\n<p class=\"wp-block-paragraph\">A Csal\u00e1d\u00fcgyi, Munka\u00fcgyi \u00e9s Szoci\u00e1lpolitikai Miniszt\u00e9rium t\u00f6rv\u00e9nyjavaslata emberek milli\u00f3it \u00e9rinti. Sokan k\u00f6z\u00fcl\u00fck, annak ellen\u00e9re, hogy \u00e9let\u00fck nagy r\u00e9sz\u00e9ben dolgoztak, gondosan sz\u00e1molj\u00e1k a zlotyikat - az eg\u00e9szs\u00e9g\u00fckre vagy a csal\u00e1djuk seg\u00edt\u00e9s\u00e9re k\u00f6ltik...<\/p>\n\n\n\n<p class=\"wp-block-paragraph\">A t\u00f6rv\u00e9ny indokl\u00e1s\u00e1ban a miniszt\u00e9rium kifejti, hogy az egyszeri p\u00e9nzbeli juttat\u00e1s c\u00e9lja a nyugd\u00edjasok seg\u00edt\u00e9se mellett kifejezetten a t\u00e1rsadalom vagyoni egyenl\u0151tlens\u00e9geinek cs\u00f6kkent\u00e9se. B\u00e1r az elm\u00falt \u00e9vekben sz\u00e1mos v\u00e1ltoztat\u00e1st hajtottak v\u00e9gre a nyugd\u00edjell\u00e1t\u00e1sok szintj\u00e9nek v\u00e9delme \u00e9rdek\u00e9ben, ezt a t\u00e1mogat\u00e1st m\u00e9g mindig el\u00e9gtelennek tartj\u00e1k.<\/p>\n\n\n\n<p class=\"wp-block-paragraph\"> Ha a parlament t\u00e1mogatja a tervezetet, \u00e9s az eln\u00f6k al\u00e1\u00edrja azt, a tizenharmadik kifizet\u00e9sre id\u00e9n m\u00e1jus 1-j\u00e9n ker\u00fcl sor.  <\/p>\n\n\n\n<p class=\"wp-block-paragraph\"><\/p>\n\n\n\n<figure class=\"wp-block-image\"><img fetchpriority=\"high\" decoding=\"async\" width=\"1024\" height=\"661\" src=\"https:\/\/marekkuchcinski.pl\/wp-content\/uploads\/2019\/03\/CBOS-500-plus-1024x661.png\" alt=\"\" class=\"wp-image-14235\" srcset=\"https:\/\/marekkuchcinski.pl\/wp-content\/uploads\/2019\/03\/CBOS-500-plus-1024x661.png 1024w, https:\/\/marekkuchcinski.pl\/wp-content\/uploads\/2019\/03\/CBOS-500-plus-300x194.png 300w, https:\/\/marekkuchcinski.pl\/wp-content\/uploads\/2019\/03\/CBOS-500-plus-768x496.png 768w, https:\/\/marekkuchcinski.pl\/wp-content\/uploads\/2019\/03\/CBOS-500-plus.png 1028w\" sizes=\"(max-width: 1024px) 100vw, 1024px\" \/><\/figure>\n\n\n\n<figure class=\"wp-block-embed is-type-rich is-provider-marek-kuchcinski\"><div class=\"wp-block-embed__wrapper\">\n<blockquote class=\"wp-embedded-content\" data-secret=\"uxMRpOUno6\"><a href=\"https:\/\/marekkuchcinski.pl\/hu\/prawo-i-sprawiedliwosc\/dobry-program-laczy-polakow-piatke-kaczynskiego-pozytywnie-ocenia-zarowno-wiekszosc-wyborcow-pis\/\">A j\u00f3 program egyes\u00edti a lengyeleket. Kaczy\u0144ski \u00f6t\u00f6s\u00e9t a PiS \u00e9s a PO szavaz\u00f3inak t\u00f6bbs\u00e9ge is pozit\u00edvan \u00edt\u00e9li meg.<\/a><\/blockquote><iframe class=\"wp-embedded-content\" sandbox=\"allow-scripts\" security=\"restricted\" style=\"position: absolute; clip: rect(1px, 1px, 1px, 1px);\" title=\"&quot;Egy j\u00f3 program egyes\u00edti a lengyeleket. Kaczy\u0144ski \u00f6t\u00f6s\u00e9t a PiS \u00e9s a PO szavaz\u00f3inak t\u00f6bbs\u00e9ge is pozit\u00edvan \u00e9rt\u00e9keli.&quot; - Marek Kuchci\u0144ski\" src=\"https:\/\/marekkuchcinski.pl\/prawo-i-sprawiedliwosc\/dobry-program-laczy-polakow-piatke-kaczynskiego-pozytywnie-ocenia-zarowno-wiekszosc-wyborcow-pis\/embed\/#?secret=uxMRpOUno6\" data-secret=\"uxMRpOUno6\" width=\"600\" height=\"338\" frameborder=\"0\" marginwidth=\"0\" marginheight=\"0\" scrolling=\"no\"><\/iframe>\n<\/div><\/figure>\n\n\n\n<ul class=\"wp-block-gallery columns-1 is-cropped wp-block-gallery-1 is-layout-flex wp-block-gallery-is-layout-flex\"><li class=\"blocks-gallery-item\"><figure><img decoding=\"async\" width=\"1024\" height=\"665\" src=\"https:\/\/marekkuchcinski.pl\/wp-content\/uploads\/2019\/03\/jk-5-plus-1-1024x665.jpg\" alt=\"\" data-id=\"14238\" data-link=\"https:\/\/marekkuchcinski.pl\/?attachment_id=14238\" class=\"wp-image-14238\" srcset=\"https:\/\/marekkuchcinski.pl\/wp-content\/uploads\/2019\/03\/jk-5-plus-1.jpg 1024w, https:\/\/marekkuchcinski.pl\/wp-content\/uploads\/2019\/03\/jk-5-plus-1-300x195.jpg 300w, https:\/\/marekkuchcinski.pl\/wp-content\/uploads\/2019\/03\/jk-5-plus-1-768x499.jpg 768w\" sizes=\"(max-width: 1024px) 100vw, 1024px\" \/><figcaption>Jaroslaw Kaczynski az \u00faj \u00d6t\u00f6s bemutat\u00f3j\u00e1n. Vars\u00f3, Expo, 2019 febru\u00e1r<br>Fot\u00f3: Marta Olejnik<\/figcaption><\/figure><\/li><\/ul>","protected":false},"excerpt":{"rendered":"<p>45 proc. ankietowanych przez CBOS uwa\u017ca, \u017ce pa\u0144stwo polskie sta\u0107 na realizacj\u0119 Pi\u0105tki Kaczy\u0144skiego. Spo\u0142eczny odbi\u00f3r zapowiadanych program\u00f3w jest bardzo dobry, a najwy\u017cej ocenia si\u0119 wsparcie dla ludzi starszych &#8211; emeryt\u00f3w i rencist\u00f3w &#8211; czyli trzynast\u0105 emerytur\u0119, kt\u00f3ra wyniesie 1100 z\u0142 brutto (888,25 z\u0142 netto). Projekt ustawy Ministerstwa Rodziny, Pracy i Polityki Spo\u0142ecznej dotyczy milion\u00f3w [&hellip;]<\/p>\n","protected":false},"author":6,"featured_media":14237,"comment_status":"open","ping_status":"open","sticky":false,"template":"","format":"standard","meta":{"ngg_post_thumbnail":0,"footnotes":""},"categories":[3],"tags":[],"class_list":["post-14234","post","type-post","status-publish","format-standard","has-post-thumbnail","hentry","category-wydarzenia"],"_links":{"self":[{"href":"https:\/\/marekkuchcinski.pl\/hu\/wp-json\/wp\/v2\/posts\/14234","targetHints":{"allow":["GET"]}}],"collection":[{"href":"https:\/\/marekkuchcinski.pl\/hu\/wp-json\/wp\/v2\/posts"}],"about":[{"href":"https:\/\/marekkuchcinski.pl\/hu\/wp-json\/wp\/v2\/types\/post"}],"author":[{"embeddable":true,"href":"https:\/\/marekkuchcinski.pl\/hu\/wp-json\/wp\/v2\/users\/6"}],"replies":[{"embeddable":true,"href":"https:\/\/marekkuchcinski.pl\/hu\/wp-json\/wp\/v2\/comments?post=14234"}],"version-history":[{"count":21,"href":"https:\/\/marekkuchcinski.pl\/hu\/wp-json\/wp\/v2\/posts\/14234\/revisions"}],"predecessor-version":[{"id":14265,"href":"https:\/\/marekkuchcinski.pl\/hu\/wp-json\/wp\/v2\/posts\/14234\/revisions\/14265"}],"wp:featuredmedia":[{"embeddable":true,"href":"https:\/\/marekkuchcinski.pl\/hu\/wp-json\/wp\/v2\/media\/14237"}],"wp:attachment":[{"href":"https:\/\/marekkuchcinski.pl\/hu\/wp-json\/wp\/v2\/media?parent=14234"}],"wp:term":[{"taxonomy":"category","embeddable":true,"href":"https:\/\/marekkuchcinski.pl\/hu\/wp-json\/wp\/v2\/categories?post=14234"},{"taxonomy":"post_tag","embeddable":true,"href":"https:\/\/marekkuchcinski.pl\/hu\/wp-json\/wp\/v2\/tags?post=14234"}],"curies":[{"name":"wp","href":"https:\/\/api.w.org\/{rel}","templated":true}]}}