{"id":14100,"date":"2019-03-24T16:38:46","date_gmt":"2019-03-24T15:38:46","guid":{"rendered":"https:\/\/marekkuchcinski.pl\/?p=14100"},"modified":"2019-03-24T16:40:36","modified_gmt":"2019-03-24T15:40:36","slug":"przemysl-obchody-350-lecia-powstania-bractwa-swietego-jozefa-udzialem-marszalka-sejmu","status":"publish","type":"post","link":"https:\/\/marekkuchcinski.pl\/hu\/wydarzenia\/przemysl-obchody-350-lecia-powstania-bractwa-swietego-jozefa-udzialem-marszalka-sejmu\/","title":{"rendered":"Przemy\u015bl: A Szent J\u00f3zsef Testv\u00e9ris\u00e9g 350 \u00e9ves fenn\u00e1ll\u00e1s\u00e1nak meg\u00fcnnepl\u00e9se a Szejm eln\u00f6k\u00e9nek r\u00e9szv\u00e9tel\u00e9vel"},"content":{"rendered":"<p dir=\"ltr\">- Szeretn\u00e9nk k\u00f6sz\u00f6netet mondani a karmelita aty\u00e1knak, hogy a kolostor przemy\u015bli f\u00f6ld\u00f6n val\u00f3 fenn\u00e1ll\u00e1s\u00e1nak kezdet\u00e9t\u0151l napjainkig gondozt\u00e1k \u00e9s fenntartott\u00e1k a legmagasabb \u00e9rt\u00e9keket, amelyeket mi, lengyelek vallunk, bele\u00e9rtve a kereszt\u00e9ny \u00e9rt\u00e9keket is\" - mondta Marek Kuchci\u0144ski, a Szejm eln\u00f6ke a vas\u00e1rnapi \u00fcnneps\u00e9gen, amelyen a przemy\u015bli Szent J\u00f3zsef Testv\u00e9ris\u00e9g alap\u00edt\u00e1s\u00e1nak 350. \u00e9vfordul\u00f3ja alkalm\u00e1b\u00f3l tartottak megeml\u00e9kez\u00e9st.<\/p>\n<p dir=\"ltr\">Marek Kuchci\u0144ski besz\u00e9d\u00e9ben utalt haz\u00e1nk t\u00f6rt\u00e9nelm\u00e9re \u00e9s az elm\u00falt \u00e9vekben \u00fcnnepelt \u00e9vfordul\u00f3kra, k\u00f6zt\u00fck Lengyelorsz\u00e1g megkeresztelked\u00e9s\u00e9nek 1050. \u00e9vfordul\u00f3j\u00e1ra, a Lengyel K\u00f6zt\u00e1rsas\u00e1g Parlamenti K\u00f6zgy\u0171l\u00e9s\u00e9nek 550. \u00e9vfordul\u00f3j\u00e1ra, Lengyelorsz\u00e1g f\u00fcggetlens\u00e9g\u00e9nek visszanyer\u00e9s\u00e9nek 100. \u00e9vfordul\u00f3j\u00e1ra \u00e9s az idei \u00fcnneps\u00e9gekre is: A t\u00f6rv\u00e9nyhoz\u00f3 szejm 100. \u00e9s a Lublini Uni\u00f3 450. \u00e9vfordul\u00f3ja. - Az\u00e9rt id\u00e9zem fel ezeket az \u00e9vfordul\u00f3kat, hogy hangs\u00falyozzam, hogy a lengyel nemzet t\u00f6rt\u00e9nelme, a lengyel \u00e1llam t\u00f6rt\u00e9nelme mennyire \u00f6sszef\u00fcgg a kereszt\u00e9nys\u00e9ggel \u00e9s az egyh\u00e1zzal\" - mutatott r\u00e1 Kuchci\u0144ski marsall.<\/p>\n<p dir=\"ltr\">A Szent J\u00f3zsef Testv\u00e9ris\u00e9g megalap\u00edt\u00e1s\u00e1nak 350. \u00e9vfordul\u00f3ja alkalm\u00e1b\u00f3l \u00fcnnep\u00e9lyes szentmis\u00e9t celebr\u00e1ltak a diszkarmelit\u00e1k przemy\u015bli templom\u00e1ban, amelyet Tadeusz Florek provinci\u00e1lis atya vezetett.<\/p>\n<p dir=\"ltr\">Az \u00fcnnep\u00e9lyes Eucharisztia sor\u00e1n a szejm eln\u00f6ke a przemy\u015bli diszkarmelit\u00e1k kolostor\u00e1nak perjel\u00e9nek kez\u00e9be adta a Lengyel K\u00f6zt\u00e1rsas\u00e1g parlamentarizmus\u00e1nak 550. \u00e9vfordul\u00f3ja alkalm\u00e1b\u00f3l k\u00e9sz\u00edtett miseruh\u00e1t.<\/p>\n<p dir=\"ltr\"><em>CIS<\/em><\/p>\n<p dir=\"ltr\"><em>Fot\u00f3: \u0141ukasz B\u0142asikiewicz\/ KS<\/em><\/p>\n<p dir=\"ltr\"><a href=\"https:\/\/marekkuchcinski.pl\/wp-content\/uploads\/2019\/03\/karmel.jpg\"><img fetchpriority=\"high\" decoding=\"async\" class=\"alignnone size-full wp-image-14103\" src=\"https:\/\/marekkuchcinski.pl\/wp-content\/uploads\/2019\/03\/karmel.jpg\" alt=\"karmel\" width=\"2784\" height=\"1856\" srcset=\"https:\/\/marekkuchcinski.pl\/wp-content\/uploads\/2019\/03\/karmel.jpg 2048w, https:\/\/marekkuchcinski.pl\/wp-content\/uploads\/2019\/03\/karmel-300x200.jpg 300w, https:\/\/marekkuchcinski.pl\/wp-content\/uploads\/2019\/03\/karmel-768x512.jpg 768w, https:\/\/marekkuchcinski.pl\/wp-content\/uploads\/2019\/03\/karmel-1024x683.jpg 1024w\" sizes=\"(max-width: 2784px) 100vw, 2784px\" \/><\/a><\/p>","protected":false},"excerpt":{"rendered":"<p>&#8211; Dzi\u0119kujemy Ojcom Karmelitom za opiek\u0119 i trwanie przy najwy\u017cszych warto\u015bciach, jakie my &#8211; Polacy wyznajemy, w tym warto\u015bciach chrze\u015bcija\u0144skich, od pocz\u0105tku istnienia klasztoru na Ziemi Przemyskiej, po czasy wsp\u00f3\u0142czesne &#8211; powiedzia\u0142 marsza\u0142ek Sejmu Marek Kuchci\u0144ski podczas niedzielnych uroczysto\u015bci z okazji 350-lecia powstania Bractwa \u015awi\u0119tego J\u00f3zefa w Przemy\u015blu. Marek Kuchci\u0144ski odwo\u0142a\u0142 si\u0119 w swoim wyst\u0105pieniu [&hellip;]<\/p>\n","protected":false},"author":6,"featured_media":14104,"comment_status":"open","ping_status":"open","sticky":false,"template":"","format":"standard","meta":{"ngg_post_thumbnail":0,"footnotes":""},"categories":[49,77,3],"tags":[],"class_list":["post-14100","post","type-post","status-publish","format-standard","has-post-thumbnail","hentry","category-podkarpacie","category-wazne-daty","category-wydarzenia"],"_links":{"self":[{"href":"https:\/\/marekkuchcinski.pl\/hu\/wp-json\/wp\/v2\/posts\/14100","targetHints":{"allow":["GET"]}}],"collection":[{"href":"https:\/\/marekkuchcinski.pl\/hu\/wp-json\/wp\/v2\/posts"}],"about":[{"href":"https:\/\/marekkuchcinski.pl\/hu\/wp-json\/wp\/v2\/types\/post"}],"author":[{"embeddable":true,"href":"https:\/\/marekkuchcinski.pl\/hu\/wp-json\/wp\/v2\/users\/6"}],"replies":[{"embeddable":true,"href":"https:\/\/marekkuchcinski.pl\/hu\/wp-json\/wp\/v2\/comments?post=14100"}],"version-history":[{"count":4,"href":"https:\/\/marekkuchcinski.pl\/hu\/wp-json\/wp\/v2\/posts\/14100\/revisions"}],"predecessor-version":[{"id":14107,"href":"https:\/\/marekkuchcinski.pl\/hu\/wp-json\/wp\/v2\/posts\/14100\/revisions\/14107"}],"wp:featuredmedia":[{"embeddable":true,"href":"https:\/\/marekkuchcinski.pl\/hu\/wp-json\/wp\/v2\/media\/14104"}],"wp:attachment":[{"href":"https:\/\/marekkuchcinski.pl\/hu\/wp-json\/wp\/v2\/media?parent=14100"}],"wp:term":[{"taxonomy":"category","embeddable":true,"href":"https:\/\/marekkuchcinski.pl\/hu\/wp-json\/wp\/v2\/categories?post=14100"},{"taxonomy":"post_tag","embeddable":true,"href":"https:\/\/marekkuchcinski.pl\/hu\/wp-json\/wp\/v2\/tags?post=14100"}],"curies":[{"name":"wp","href":"https:\/\/api.w.org\/{rel}","templated":true}]}}