{"id":14086,"date":"2019-03-24T15:59:41","date_gmt":"2019-03-24T14:59:41","guid":{"rendered":"https:\/\/marekkuchcinski.pl\/?p=14086"},"modified":"2019-03-25T12:12:54","modified_gmt":"2019-03-25T11:12:54","slug":"list-marszalka-sejmu-skierowany-uczestnikow-uroczystosci-okazji-polakow-ratujacych-zydow-czasie-ii-wojny-swiatowej","status":"publish","type":"post","link":"https:\/\/marekkuchcinski.pl\/hu\/wydarzenia\/list-marszalka-sejmu-skierowany-uczestnikow-uroczystosci-okazji-polakow-ratujacych-zydow-czasie-ii-wojny-swiatowej\/","title":{"rendered":"A Szejm eln\u00f6k\u00e9nek levele a II. vil\u00e1gh\u00e1bor\u00faban zsid\u00f3kat ment\u0151 lengyelek napja alkalm\u00e1b\u00f3l rendezett \u00fcnneps\u00e9g r\u00e9sztvev\u0151ihez"},"content":{"rendered":"<p><em>\u00a0<strong>W\u0142adys\u0142aw Ortyl \u00far,\u00a0<\/strong><\/em><strong><em>Podkarpatszkaja r\u00e9gi\u00f3 marsallja<\/em><\/strong><\/p>\n<p><strong><em>\u00a0Miros\u0142aw Mac \u00far,\u00a0<\/em><\/strong><strong><em>Voit of Markowa Gmina<\/em><\/strong><\/p>\n<p><strong><em>Anna Str\u00f3\u017c-Paw\u0142owska asszony,<\/em><\/strong><strong><em>A zsid\u00f3ment\u0151 lengyelek m\u00fazeum\u00e1nak igazgat\u00f3ja<\/em><\/strong><\/p>\n<p><strong><em>\u00a0<\/em><\/strong><\/p>\n<p><em>\u00a0<\/em><\/p>\n<p><em>\u00a0\u00a0\u00a0\u00a0\u00a0\u00a0\u00a0\u00a0\u00a0\u00a0\u00a0 H\u00f6lgyeim \u00e9s uraim!<\/em><\/p>\n<p><em>\u00a0<\/em><\/p>\n<p><em>\u00a0\u00a0\u00a0\u00a0\u00a0\u00a0\u00a0\u00a0\u00a0\u00a0\u00a0 A n\u00e9met megsz\u00e1ll\u00e1s alatt zsid\u00f3kat ment\u0151 lengyelek nemzeti eml\u00e9knapja eml\u00e9keztet benn\u00fcnket honfit\u00e1rsainkra, akik m\u00e1sok \u00e9let\u00e9nek megment\u00e9se \u00e9rdek\u00e9ben saj\u00e1t \u00e9let\u00fcket \u00e1ldozt\u00e1k fel. J\u00f3zef \u00e9s Wiktoria Ulma sorsa, k\u00fcl\u00f6n\u00f6sen m\u00e1rt\u00edrhal\u00e1luk hat gyermek\u00fckkel egy\u00fctt, e rendk\u00edv\u00fcli \u00e1ldozatv\u00e1llal\u00e1s egyik megr\u00e1z\u00f3 p\u00e9ld\u00e1ja, \u00e9s egyben a legnemesebb pr\u00f3bat\u00e9telnek sz\u00e1m\u00edt\u00f3 embers\u00e9g p\u00e9ld\u00e1ja.<\/em><\/p>\n<p><em>\u00a0\u00a0\u00a0\u00a0\u00a0\u00a0\u00a0\u00a0\u00a0\u00a0\u00a0 A markovai szamarit\u00e1nusok, akik tiszt\u00e1ban voltak azzal, hogy milyen kock\u00e1zatot v\u00e1llalnak, mened\u00e9ket adtak zsid\u00f3 csal\u00e1doknak. Tudt\u00e1k, hogy az ilyen seg\u00edts\u00e9g\u00e9rt k\u00edm\u00e9letlen b\u00fcntet\u00e9s j\u00e1r - hal\u00e1lb\u00fcntet\u00e9s. Megszegt\u00e9k a n\u00e1ci parancsokat, \u00e9s a lelkiismeret\u00fck \u00e9s a m\u00e9lyen gy\u00f6kerez\u0151 kereszt\u00e9ny \u00e9rt\u00e9kek hangj\u00e1t k\u00f6vett\u00e9k. <\/em><\/p>\n<p><em>A n\u00e1ci megsz\u00e1ll\u00e1s alatt zsid\u00f3kat ment\u0151 lengyelek nemzeti eml\u00e9knapja k\u00fcl\u00f6nleges tisztelg\u00e9s mindazok el\u0151tt, akik a lengyelek \u00e9s a zsid\u00f3k sz\u00e1m\u00e1ra oly neh\u00e9z id\u0151kben bebizony\u00edtott\u00e1k, hogy a k\u00f6r\u00fclm\u00e9nyekt\u0151l \u00e9s a megpr\u00f3b\u00e1ltat\u00e1sokt\u00f3l f\u00fcggetlen\u00fcl mindig \u00e9rdemes embernek lenni. K\u00f6teless\u00e9g\u00fcnk, hogy ne csak r\u00e1juk - a holokauszt h\u0151seire - eml\u00e9kezz\u00fcnk, hanem arra az \u00fczenetre is, amely rendk\u00edv\u00fcli magatart\u00e1sukb\u00f3l fakad. <\/em><\/p>\n<p><em>Ez\u00e9rt k\u00f6sz\u00f6n\u00f6m a markowai \u00fcnneps\u00e9g szervez\u0151inek \u00e9s r\u00e9sztvev\u0151inek, hogy m\u00e9lt\u00f3 m\u00f3don megeml\u00e9keztek azokr\u00f3l, akik k\u00fcl\u00f6nleges helyet \u00e9rdemeltek volna nemzeti tudatunkban.<\/em><\/p>\n<p><em>Mivel nem tudok r\u00e9szt venni ezen az \u00fcnnep\u00e9lyes esem\u00e9nyen, csatlakozom \u00d6n\u00f6kh\u00f6z, hogy szimbolikusan tisztelegj\u00fcnk a h\u0151s\u00f6k el\u0151tt. <\/em><\/p>\n<p><em>\u00a0<\/em><\/p>\n<p><em>\u00a0<\/em><\/p>\n<p><em>\u00a0\u00a0\u00a0\u00a0\u00a0\u00a0\u00a0\u00a0\u00a0\u00a0\u00a0\u00a0\u00a0\u00a0\u00a0\u00a0\u00a0\u00a0\u00a0\u00a0\u00a0\u00a0\u00a0\u00a0\u00a0\u00a0\u00a0\u00a0\u00a0\u00a0\u00a0\u00a0\u00a0\u00a0\u00a0\u00a0\u00a0\u00a0\u00a0\u00a0\u00a0\u00a0\u00a0\u00a0\u00a0\u00a0\u00a0\u00a0\u00a0\u00a0\u00a0\u00a0\u00a0\u00a0\u00a0\u00a0\u00a0\u00a0\u00a0\u00a0\u00a0\u00a0\u00a0\u00a0\u00a0\u00a0\u00a0\u00a0\u00a0\u00a0\u00a0\u00a0\u00a0\u00a0\u00a0\u00a0\u00a0\u00a0\u00a0\u00a0\u00a0\u00a0 Tisztelettel<\/em><\/p>\n<p><em>\u00a0<\/em><\/p>\n<p><em>\u00a0\u00a0\u00a0\u00a0\u00a0\u00a0\u00a0\u00a0\u00a0\u00a0\u00a0\u00a0\u00a0\u00a0\u00a0\u00a0\u00a0\u00a0\u00a0\u00a0\u00a0\u00a0\u00a0\u00a0\u00a0\u00a0\u00a0\u00a0\u00a0\u00a0\u00a0\u00a0\u00a0\u00a0\u00a0\u00a0\u00a0\u00a0\u00a0\u00a0\u00a0\u00a0\u00a0\u00a0\u00a0\u00a0\u00a0\u00a0\u00a0\u00a0\u00a0\u00a0\u00a0\u00a0\u00a0\u00a0\u00a0\u00a0\u00a0\u00a0\u00a0\u00a0\u00a0\u00a0\u00a0\u00a0\u00a0\u00a0\u00a0\u00a0\u00a0\u00a0\u00a0\u00a0\u00a0\u00a0\u00a0\u00a0\u00a0\u00a0\u00a0\u00a0 \u00a0 Marek Kuchci\u0144ski<\/em><\/p>\n<p>&nbsp;<\/p>\n<p><em>Ulma M\u00fazeum Markow\u00e1ban, fot\u00f3: Marta Olejnik<\/em><a href=\"https:\/\/marekkuchcinski.pl\/wp-content\/uploads\/2019\/03\/DSCF3941-2.jpg\"><img fetchpriority=\"high\" decoding=\"async\" class=\"alignnone size-full wp-image-14091\" src=\"https:\/\/marekkuchcinski.pl\/wp-content\/uploads\/2019\/03\/DSCF3941-2.jpg\" alt=\"DSCF3941 2\" width=\"4144\" height=\"2760\" srcset=\"https:\/\/marekkuchcinski.pl\/wp-content\/uploads\/2019\/03\/DSCF3941-2.jpg 2048w, https:\/\/marekkuchcinski.pl\/wp-content\/uploads\/2019\/03\/DSCF3941-2-300x200.jpg 300w, https:\/\/marekkuchcinski.pl\/wp-content\/uploads\/2019\/03\/DSCF3941-2-768x512.jpg 768w, https:\/\/marekkuchcinski.pl\/wp-content\/uploads\/2019\/03\/DSCF3941-2-1024x682.jpg 1024w\" sizes=\"(max-width: 4144px) 100vw, 4144px\" \/><\/a><a href=\"https:\/\/marekkuchcinski.pl\/wp-content\/uploads\/2019\/03\/DSCF4253-2.jpg\"><img decoding=\"async\" class=\"alignnone size-full wp-image-14089\" src=\"https:\/\/marekkuchcinski.pl\/wp-content\/uploads\/2019\/03\/DSCF4253-2.jpg\" alt=\"DSCF4253 2\" width=\"3925\" height=\"2539\" srcset=\"https:\/\/marekkuchcinski.pl\/wp-content\/uploads\/2019\/03\/DSCF4253-2.jpg 2048w, https:\/\/marekkuchcinski.pl\/wp-content\/uploads\/2019\/03\/DSCF4253-2-300x194.jpg 300w, https:\/\/marekkuchcinski.pl\/wp-content\/uploads\/2019\/03\/DSCF4253-2-768x497.jpg 768w, https:\/\/marekkuchcinski.pl\/wp-content\/uploads\/2019\/03\/DSCF4253-2-1024x662.jpg 1024w\" sizes=\"(max-width: 3925px) 100vw, 3925px\" \/><\/a><a href=\"https:\/\/marekkuchcinski.pl\/wp-content\/uploads\/2019\/03\/DSCF4139-001.jpg\"><img decoding=\"async\" class=\"alignnone wp-image-14087\" src=\"https:\/\/marekkuchcinski.pl\/wp-content\/uploads\/2019\/03\/DSCF4139-001.jpg\" alt=\"DSCF4139-001\" width=\"770\" height=\"514\" srcset=\"https:\/\/marekkuchcinski.pl\/wp-content\/uploads\/2019\/03\/DSCF4139-001.jpg 640w, https:\/\/marekkuchcinski.pl\/wp-content\/uploads\/2019\/03\/DSCF4139-001-300x200.jpg 300w\" sizes=\"(max-width: 770px) 100vw, 770px\" \/><\/a><\/p>","protected":false},"excerpt":{"rendered":"<p>\u00a0Pan W\u0142adys\u0142aw Ortyl,\u00a0Marsza\u0142ek Wojew\u00f3dztwa Podkarpackiego \u00a0Pan Miros\u0142aw Mac,\u00a0W\u00f3jt Gminy Markowa Pani Anna Str\u00f3\u017c-Paw\u0142owska,Dyrektor Muzeum Polak\u00f3w Ratuj\u0105cych \u017byd\u00f3w \u00a0 \u00a0 \u00a0\u00a0\u00a0\u00a0\u00a0\u00a0\u00a0\u00a0\u00a0\u00a0\u00a0 Szanowni Pa\u0144stwo, \u00a0 \u00a0\u00a0\u00a0\u00a0\u00a0\u00a0\u00a0\u00a0\u00a0\u00a0\u00a0 Narodowy Dzie\u0144 Pami\u0119ci Polak\u00f3w ratuj\u0105cych \u017byd\u00f3w pod okupacj\u0105 niemieck\u0105 przypomina nam o naszych rodakach, kt\u00f3rzy pragn\u0105c ocali\u0107 \u017cycie innych, z\u0142o\u017cyli w ofierze w\u0142asne. Losy J\u00f3zefa i Wiktorii Ulm\u00f3w, zw\u0142aszcza ich m\u0119cze\u0144ska [&hellip;]<\/p>\n","protected":false},"author":6,"featured_media":14087,"comment_status":"open","ping_status":"open","sticky":false,"template":"","format":"standard","meta":{"ngg_post_thumbnail":0,"footnotes":""},"categories":[104,49,77,3],"tags":[],"class_list":["post-14086","post","type-post","status-publish","format-standard","has-post-thumbnail","hentry","category-lms","category-podkarpacie","category-wazne-daty","category-wydarzenia"],"_links":{"self":[{"href":"https:\/\/marekkuchcinski.pl\/hu\/wp-json\/wp\/v2\/posts\/14086","targetHints":{"allow":["GET"]}}],"collection":[{"href":"https:\/\/marekkuchcinski.pl\/hu\/wp-json\/wp\/v2\/posts"}],"about":[{"href":"https:\/\/marekkuchcinski.pl\/hu\/wp-json\/wp\/v2\/types\/post"}],"author":[{"embeddable":true,"href":"https:\/\/marekkuchcinski.pl\/hu\/wp-json\/wp\/v2\/users\/6"}],"replies":[{"embeddable":true,"href":"https:\/\/marekkuchcinski.pl\/hu\/wp-json\/wp\/v2\/comments?post=14086"}],"version-history":[{"count":6,"href":"https:\/\/marekkuchcinski.pl\/hu\/wp-json\/wp\/v2\/posts\/14086\/revisions"}],"predecessor-version":[{"id":14111,"href":"https:\/\/marekkuchcinski.pl\/hu\/wp-json\/wp\/v2\/posts\/14086\/revisions\/14111"}],"wp:featuredmedia":[{"embeddable":true,"href":"https:\/\/marekkuchcinski.pl\/hu\/wp-json\/wp\/v2\/media\/14087"}],"wp:attachment":[{"href":"https:\/\/marekkuchcinski.pl\/hu\/wp-json\/wp\/v2\/media?parent=14086"}],"wp:term":[{"taxonomy":"category","embeddable":true,"href":"https:\/\/marekkuchcinski.pl\/hu\/wp-json\/wp\/v2\/categories?post=14086"},{"taxonomy":"post_tag","embeddable":true,"href":"https:\/\/marekkuchcinski.pl\/hu\/wp-json\/wp\/v2\/tags?post=14086"}],"curies":[{"name":"wp","href":"https:\/\/api.w.org\/{rel}","templated":true}]}}