{"id":14047,"date":"2019-03-23T10:17:02","date_gmt":"2019-03-23T09:17:02","guid":{"rendered":"https:\/\/marekkuchcinski.pl\/?p=14047"},"modified":"2020-03-23T09:51:40","modified_gmt":"2020-03-23T08:51:40","slug":"23-marca-dniem-przyjazni-polsko-wegierskiej","status":"publish","type":"post","link":"https:\/\/marekkuchcinski.pl\/hu\/wydarzenia\/23-marca-dniem-przyjazni-polsko-wegierskiej\/","title":{"rendered":"M\u00e1rcius 23. - Lengyel-Magyar Bar\u00e1ts\u00e1g Napja"},"content":{"rendered":"<p><strong>A lengyeleket \u00e9s a magyarokat a szolidarit\u00e1s \u00e9s a seg\u00edts\u00e9gny\u00fajt\u00e1s nagy h\u00eddja k\u00f6t\u00f6tte \u00f6ssze. A lengyelek saj\u00e1tjukk\u00e9nt kezelt\u00e9k a magyarok h\u0151sies harc\u00e1t\" - mondta Marek Kuchci\u0144ski, a szejm eln\u00f6ke Budapesten, mand\u00e1tuma kezdet\u00e9n. Ha figyelmesen megn\u00e9zz\u00fck orsz\u00e1gaink k\u00f6z\u00f6s t\u00f6rt\u00e9nelm\u00e9t, l\u00e1tni fogjuk, mennyire igazak ezek a szavak. K\u00e9t l\u00e1tsz\u00f3lag k\u00fcl\u00f6nb\u00f6z\u0151 nemzetet \u00e9vsz\u00e1zadok \u00f3ta elv\u00e1laszthatatlan \u00e9s szokatlan k\u00f6tel\u00e9k f\u0171z egym\u00e1shoz, ami miatt az egyik nem habozik mindent fel\u00e1ldozni a m\u00e1sik\u00e9rt.<\/strong><\/p>\n<p><strong><span style=\"color: #b31515;\">2007. m\u00e1rcius 12-\u00e9n a magyar Orsz\u00e1ggy\u0171l\u00e9s nyilatkozatot fogadott el, amelyben m\u00e1rcius 23-\u00e1t a lengyel-magyar bar\u00e1ts\u00e1g napj\u00e1nak ismerte el. A javaslatot 324 k\u00e9pvisel\u0151 t\u00e1mogatta, senki sem tart\u00f3zkodott, \u00e9s senki sem ellenezte. A lengyel szejm 2007. m\u00e1rcius 16-\u00e1n k\u00f6zfelki\u00e1lt\u00e1ssal hasonl\u00f3 hat\u00e1rozatot fogadott el.<\/span><\/strong><\/p>\n<p><span style=\"color: #168012;\"><strong>Az al\u00e1bbiakban \u00f6sszefoglaljuk a lengyel szejm \u00e9s a magyar parlament eln\u00f6k\u00e9t \u00e9rint\u0151 esem\u00e9nyeket:<\/strong><\/span><\/p>\n<p><blockquote class=\"twitter-tweet\" data-width=\"550\" data-dnt=\"true\"><p lang=\"pl\" dir=\"ltr\">Budapesten eml\u00e9km\u0171vet \u00e1ll\u00edtottak a lengyel-magyar bar\u00e1ts\u00e1gnak, amelynek 5 000 lengyel zsid\u00f3 k\u00f6sz\u00f6nheti \u00e9let\u00e9t. S\u0142awik \u00e9s Antall meg\u00e9rdemlik, hogy eml\u00e9kezz\u00fcnk r\u00e1juk <a href=\"https:\/\/t.co\/mCd6QnxOTc\">pic.twitter.com\/mCd6QnxOTc<\/a><\/p>- Marek Kuchci\u0144ski \ud83c\uddf5 (@MarekKuchcinski) <a href=\"https:\/\/twitter.com\/MarekKuchcinski\/status\/879286884211490817?ref_src=twsrc%5Etfw\">j\u00fanius 26, 2017<\/a><\/blockquote><script async src=\"https:\/\/platform.twitter.com\/widgets.js\" charset=\"utf-8\"><\/script><\/p>\n<p><a href=\"https:\/\/marekkuchcinski.pl\/hu\/wydarzenia\/marszalek-sejmu-wizyta-wegrzech-odsloniecie-pomnika-ku-czci-slawika-antalla-zaciesnianie-relacji-v4\/\">&nbsp;<\/a><\/p>\n<p><blockquote class=\"wp-embedded-content\" data-secret=\"UzSm5tT3hN\"><a href=\"https:\/\/marekkuchcinski.pl\/hu\/wydarzenia\/marszalek-sejmu-wizyta-wegrzech-odsloniecie-pomnika-ku-czci-slawika-antalla-zaciesnianie-relacji-v4\/\">A szejm eln\u00f6ke magyarorsz\u00e1gi l\u00e1togat\u00e1sa: S\u0142awik \u00e9s Antall eml\u00e9km\u0171v\u00e9nek leleplez\u00e9se, a V4-es kapcsolatok er\u0151s\u00edt\u00e9se<\/a><\/blockquote><iframe class=\"wp-embedded-content\" sandbox=\"allow-scripts\" security=\"restricted\" style=\"position: absolute; clip: rect(1px, 1px, 1px, 1px);\" title=\"&quot;A Szejm eln\u00f6ke magyarorsz\u00e1gi l\u00e1togat\u00e1s\u00e1n: S\u0142awik \u00e9s Antall eml\u00e9km\u0171v\u00e9nek leleplez\u00e9se, a V4-es kapcsolatok er\u0151s\u00edt\u00e9se&quot; - Marek Kuchcinski\" src=\"https:\/\/marekkuchcinski.pl\/wydarzenia\/marszalek-sejmu-wizyta-wegrzech-odsloniecie-pomnika-ku-czci-slawika-antalla-zaciesnianie-relacji-v4\/embed\/#?secret=UzSm5tT3hN\" data-secret=\"UzSm5tT3hN\" width=\"600\" height=\"338\" frameborder=\"0\" marginwidth=\"0\" marginheight=\"0\" scrolling=\"no\"><\/iframe><\/p>\n<p><blockquote class=\"wp-embedded-content\" data-secret=\"eQZnMRINtA\"><a href=\"https:\/\/marekkuchcinski.pl\/hu\/wydarzenia\/marszalek-sejmu-wzial-udzial-odslonieciu-pomnika-laweczki-henryka-slawika-jozsefa-antalla\/\">A Szejm eln\u00f6ke r\u00e9szt vett a \"Henryk S\u0142awik \u00e9s Antall J\u00f3zsef padj\u00e1nak\" eml\u00e9km\u0171v\u00e9nek leleplez\u00e9s\u00e9n.<\/a><\/blockquote><iframe class=\"wp-embedded-content\" sandbox=\"allow-scripts\" security=\"restricted\" style=\"position: absolute; clip: rect(1px, 1px, 1px, 1px);\" title=\"&quot;A Szejm eln\u00f6ke r\u00e9szt vett Henryk S\u0142awik \u00e9s Antall J\u00f3zsef eml\u00e9km\u0171v\u00e9nek leleplez\u00e9s\u00e9n&quot; - Marek Kuchcinski\" src=\"https:\/\/marekkuchcinski.pl\/wydarzenia\/marszalek-sejmu-wzial-udzial-odslonieciu-pomnika-laweczki-henryka-slawika-jozsefa-antalla\/embed\/#?secret=eQZnMRINtA\" data-secret=\"eQZnMRINtA\" width=\"600\" height=\"338\" frameborder=\"0\" marginwidth=\"0\" marginheight=\"0\" scrolling=\"no\"><\/iframe><\/p>\n<p>&nbsp;<\/p>\n<p><blockquote class=\"wp-embedded-content\" data-secret=\"bHoRrCKqNv\"><a href=\"https:\/\/marekkuchcinski.pl\/hu\/wydarzenia\/przewodniczacy-parlamentow-polski-wegier-ustanowili-partnerstwo-strategiczne\/\">Strat\u00e9giai partners\u00e9get k\u00f6t\u00f6ttek a lengyel \u00e9s a magyar parlament eln\u00f6kei<\/a><\/blockquote><iframe class=\"wp-embedded-content\" sandbox=\"allow-scripts\" security=\"restricted\" style=\"position: absolute; clip: rect(1px, 1px, 1px, 1px);\" title=\"&quot;A lengyel \u00e9s a magyar parlament eln\u00f6ke strat\u00e9giai partners\u00e9get k\u00f6t\u00f6tt&quot; - Marek Kuchcinski\" src=\"https:\/\/marekkuchcinski.pl\/wydarzenia\/przewodniczacy-parlamentow-polski-wegier-ustanowili-partnerstwo-strategiczne\/embed\/#?secret=bHoRrCKqNv\" data-secret=\"bHoRrCKqNv\" width=\"600\" height=\"338\" frameborder=\"0\" marginwidth=\"0\" marginheight=\"0\" scrolling=\"no\"><\/iframe><\/p>\n<p>&nbsp;<\/p>\n<p><blockquote class=\"wp-embedded-content\" data-secret=\"IzF8ggmg6j\"><a href=\"https:\/\/marekkuchcinski.pl\/hu\/wydarzenia\/marszalek-sejmu-marek-kuchcinski-zostal-odznaczony-wielkim-krzyzem-orderu-wegierskiego\/\">Marek Kuchci\u0144ski, a szejm eln\u00f6ke megkapta a Magyar K\u00f6zt\u00e1rsas\u00e1gi \u00c9rdemrend Nagykeresztj\u00e9t<\/a><\/blockquote><iframe class=\"wp-embedded-content\" sandbox=\"allow-scripts\" security=\"restricted\" style=\"position: absolute; clip: rect(1px, 1px, 1px, 1px);\" title=\"&quot;A Szejm eln\u00f6ke, Marek Kuchcinski a Magyar K\u00f6zt\u00e1rsas\u00e1gi \u00c9rdemrend Nagykeresztj\u00e9vel t\u00fcntett\u00e9k ki&quot; - Marek Kuchcinski\" src=\"https:\/\/marekkuchcinski.pl\/wydarzenia\/marszalek-sejmu-marek-kuchcinski-zostal-odznaczony-wielkim-krzyzem-orderu-wegierskiego\/embed\/#?secret=IzF8ggmg6j\" data-secret=\"IzF8ggmg6j\" width=\"600\" height=\"338\" frameborder=\"0\" marginwidth=\"0\" marginheight=\"0\" scrolling=\"no\"><\/iframe><\/p>\n<p>&nbsp;<\/p>\n<p><blockquote class=\"wp-embedded-content\" data-secret=\"AjNy8ga1AC\"><a href=\"https:\/\/marekkuchcinski.pl\/hu\/wydarzenia\/przyjazn-mocna-braz\/\">Lengyelorsz\u00e1g \u00e9s Magyarorsz\u00e1g - egy bar\u00e1ts\u00e1g, amely olyan er\u0151s, mint a bronz<\/a><\/blockquote><iframe class=\"wp-embedded-content\" sandbox=\"allow-scripts\" security=\"restricted\" style=\"position: absolute; clip: rect(1px, 1px, 1px, 1px);\" title=\"&quot;Lengyelorsz\u00e1g \u00e9s Magyarorsz\u00e1g - egy bar\u00e1ts\u00e1g, amely olyan er\u0151s, mint a bronz&quot; - Marek Kuchci\u0144ski\" src=\"https:\/\/marekkuchcinski.pl\/wydarzenia\/przyjazn-mocna-braz\/embed\/#?secret=AjNy8ga1AC\" data-secret=\"AjNy8ga1AC\" width=\"600\" height=\"338\" frameborder=\"0\" marginwidth=\"0\" marginheight=\"0\" scrolling=\"no\"><\/iframe><\/p>\n<p><blockquote class=\"wp-embedded-content\" data-secret=\"PCrWuEEOOd\"><a href=\"https:\/\/marekkuchcinski.pl\/hu\/wydarzenia\/marszalek-kuchcinski-wegrzech-budujmy-barier-obierzmy-kierunek-odnowe-wzmocnienie-unii-europejskiej\/\">Kuchci\u0144ski h\u00e1zeln\u00f6k Magyarorsz\u00e1gon: Ne \u00e9p\u00edts\u00fcnk akad\u00e1lyokat. Vegy\u00fck az Eur\u00f3pai Uni\u00f3 meg\u00faj\u00edt\u00e1s\u00e1nak \u00e9s meger\u0151s\u00edt\u00e9s\u00e9nek ir\u00e1ny\u00e1t!<\/a><\/blockquote><iframe class=\"wp-embedded-content\" sandbox=\"allow-scripts\" security=\"restricted\" style=\"position: absolute; clip: rect(1px, 1px, 1px, 1px);\" title=\"&quot;Kuchci\u0144ski h\u00e1zeln\u00f6k Magyarorsz\u00e1gon: ne \u00e9p\u00edts\u00fcnk korl\u00e1tokat. Vegy\u00fck az ir\u00e1nyt, hogy meg\u00faj\u00edtsuk \u00e9s meger\u0151s\u00edts\u00fck az Eur\u00f3pai Uni\u00f3t.&quot; - Marek Kuchcinski\" src=\"https:\/\/marekkuchcinski.pl\/wydarzenia\/marszalek-kuchcinski-wegrzech-budujmy-barier-obierzmy-kierunek-odnowe-wzmocnienie-unii-europejskiej\/embed\/#?secret=PCrWuEEOOd\" data-secret=\"PCrWuEEOOd\" width=\"600\" height=\"338\" frameborder=\"0\" marginwidth=\"0\" marginheight=\"0\" scrolling=\"no\"><\/iframe><\/p>\n<p><blockquote class=\"wp-embedded-content\" data-secret=\"TDCkGDpcQR\"><a href=\"https:\/\/marekkuchcinski.pl\/hu\/wydarzenia\/marszalek-sejmu-tablica-ktora-odslonimy-swiadczy-o-sile-ludzkiej-dziejowej-solidarnosci-miedzy-wegrami-polakami\/\">A Szejm eln\u00f6ke: Az \u00e1ltalunk leleplezett eml\u00e9kt\u00e1bla tan\u00faskodjon a magyarok \u00e9s lengyelek k\u00f6z\u00f6tti emberi er\u0151r\u0151l \u00e9s t\u00f6rt\u00e9nelmi szolidarit\u00e1sr\u00f3l.<\/a><\/blockquote><iframe class=\"wp-embedded-content\" sandbox=\"allow-scripts\" security=\"restricted\" style=\"position: absolute; clip: rect(1px, 1px, 1px, 1px);\" title=\"&quot;A Szejm eln\u00f6ke: Az \u00e1ltalunk leleplezend\u0151 eml\u00e9kt\u00e1bla tan\u00faskodjon a magyarok \u00e9s lengyelek k\u00f6z\u00f6tti emberi er\u0151 \u00e9s t\u00f6rt\u00e9nelmi szolidarit\u00e1sr\u00f3l.&quot; - Marek Kuchci\u0144ski\" src=\"https:\/\/marekkuchcinski.pl\/wydarzenia\/marszalek-sejmu-tablica-ktora-odslonimy-swiadczy-o-sile-ludzkiej-dziejowej-solidarnosci-miedzy-wegrami-polakami\/embed\/#?secret=TDCkGDpcQR\" data-secret=\"TDCkGDpcQR\" width=\"600\" height=\"338\" frameborder=\"0\" marginwidth=\"0\" marginheight=\"0\" scrolling=\"no\"><\/iframe><\/p>\n<p><a href=\"https:\/\/marekkuchcinski.pl\/hu\/wydarzenia\/marszalek-sejmu-o-kodzie-genetycznym-polski-wegier\/\">&nbsp;<\/a><\/p>\n<p><blockquote class=\"wp-embedded-content\" data-secret=\"wJSREymZCS\"><a href=\"https:\/\/marekkuchcinski.pl\/hu\/wydarzenia\/marszalek-sejmu-o-kodzie-genetycznym-polski-wegier\/\">A szejm eln\u00f6ke a lengyel \u00e9s a magyar kultur\u00e1lis t\u00f6rv\u00e9nyk\u00f6nyvr\u0151l<\/a><\/blockquote><iframe class=\"wp-embedded-content\" sandbox=\"allow-scripts\" security=\"restricted\" style=\"position: absolute; clip: rect(1px, 1px, 1px, 1px);\" title=\"&quot;A Szejm eln\u00f6ke a lengyel \u00e9s a magyar kultur\u00e1lis t\u00f6rv\u00e9nyk\u00f6nyvr\u0151l&quot; - Marek Kuchcinski\" src=\"https:\/\/marekkuchcinski.pl\/wydarzenia\/marszalek-sejmu-o-kodzie-genetycznym-polski-wegier\/embed\/#?secret=wJSREymZCS\" data-secret=\"wJSREymZCS\" width=\"600\" height=\"338\" frameborder=\"0\" marginwidth=\"0\" marginheight=\"0\" scrolling=\"no\"><\/iframe><\/p>\n<p><a href=\"https:\/\/marekkuchcinski.pl\/hu\/wydarzenia\/podsumowanie-polskiej-prezydencji-grupie-wyszehradzkiej-marek-kuchcinski\/\">&nbsp;<\/a><\/p>\n<p><blockquote class=\"wp-embedded-content\" data-secret=\"I5DYY9cBbF\"><a href=\"https:\/\/marekkuchcinski.pl\/hu\/wydarzenia\/podsumowanie-polskiej-prezydencji-grupie-wyszehradzkiej-marek-kuchcinski\/\">A visegr\u00e1di csoport lengyel eln\u00f6ks\u00e9g\u00e9nek \u00f6sszefoglal\u00f3ja - Marek Kuchci\u0144ski<\/a><\/blockquote><iframe class=\"wp-embedded-content\" sandbox=\"allow-scripts\" security=\"restricted\" style=\"position: absolute; clip: rect(1px, 1px, 1px, 1px);\" title=\"&quot;\u00d6sszefoglal\u00f3 a visegr\u00e1di csoport lengyel eln\u00f6ks\u00e9g\u00e9r\u0151l - Marek Kuchci\u0144ski&quot; - Marek Kuchci\u0144ski\" src=\"https:\/\/marekkuchcinski.pl\/wydarzenia\/podsumowanie-polskiej-prezydencji-grupie-wyszehradzkiej-marek-kuchcinski\/embed\/#?secret=I5DYY9cBbF\" data-secret=\"I5DYY9cBbF\" width=\"600\" height=\"338\" frameborder=\"0\" marginwidth=\"0\" marginheight=\"0\" scrolling=\"no\"><\/iframe><\/p>\n<p><a href=\"https:\/\/marekkuchcinski.pl\/wp-content\/uploads\/2019\/03\/wystawa-1956.jpg\"><img fetchpriority=\"high\" decoding=\"async\" class=\"alignnone size-full wp-image-14067\" src=\"https:\/\/marekkuchcinski.pl\/wp-content\/uploads\/2019\/03\/wystawa-1956.jpg\" alt=\"wystawa 1956\" width=\"800\" height=\"533\" srcset=\"https:\/\/marekkuchcinski.pl\/wp-content\/uploads\/2019\/03\/wystawa-1956.jpg 800w, https:\/\/marekkuchcinski.pl\/wp-content\/uploads\/2019\/03\/wystawa-1956-300x200.jpg 300w, https:\/\/marekkuchcinski.pl\/wp-content\/uploads\/2019\/03\/wystawa-1956-768x512.jpg 768w\" sizes=\"(max-width: 800px) 100vw, 800px\" \/><\/a>2016. j\u00fanius: \"1956: Lengyelorsz\u00e1g-Magyarorsz\u00e1g. T\u00f6rt\u00e9nelem \u00e9s eml\u00e9kezet\". Marek Kuchci\u0144ski, a szejm eln\u00f6ke eml\u00e9keztetett arra, hogy 1956-ban honfit\u00e1rsaink fel\u00e1lltak, hogy harcoljanak a norm\u00e1lis \u00e9let\u00e9rt, amelyet a m\u00e1sodik vil\u00e1gh\u00e1bor\u00fa ut\u00e1n elvettek t\u0151l\u00fcnk (...), \u00e9s amelyet \u00e1ltal\u00e1ban olyan \u00e9rt\u00e9kekkel jellemeznek, mint a f\u00fcggetlens\u00e9g, a m\u00e9lt\u00f3s\u00e1g, a szabads\u00e1g, a biztons\u00e1g, az eml\u00e9kezet \u00e9s a t\u00f6rt\u00e9nelem. - Az 1956-os \u00e9v az ilyen \u00e9rt\u00e9kek szimb\u00f3lum\u00e1v\u00e1 v\u00e1lt. Ma felid\u00e9zz\u00fck ezt a szimb\u00f3lumot, tudva, hogy t\u00f6rt\u00e9nelem n\u00e9lk\u00fcl nincs j\u00f6v\u0151, eml\u00e9kezet n\u00e9lk\u00fcl nincs jelen\" - hangs\u00falyozta Marek Kuchci\u0144ski. A Szejm eln\u00f6ke hozz\u00e1tette: \"1956 r\u00e1ad\u00e1sul k\u00f6z\u00f6s lengyel-magyar egys\u00e9g\u00fcnk \u00fajabb pill\u00e9r\u00e9v\u00e9 v\u00e1lt. - Az 1956-os \u00e9v a szolidarit\u00e1s \u00e9s a seg\u00edts\u00e9g nagy h\u00eddj\u00e1val k\u00f6t\u00f6tt \u00f6ssze benn\u00fcnket. Ekkor sz\u00fcletett \u00fajj\u00e1 a lengyel-magyar szolidarit\u00e1s ebben az \u00faj dimenzi\u00f3ban, a h\u00e1bor\u00fa ut\u00e1ni \u00faj val\u00f3s\u00e1gban - hangs\u00falyozta Marek Kuchci\u0144ski.<\/p>\n<p><a href=\"https:\/\/marekkuchcinski.pl\/wp-content\/uploads\/2019\/03\/Romek.jpg\"><img decoding=\"async\" class=\"alignnone size-full wp-image-14063\" src=\"https:\/\/marekkuchcinski.pl\/wp-content\/uploads\/2019\/03\/Romek.jpg\" alt=\"Romek\" width=\"800\" height=\"1200\" srcset=\"https:\/\/marekkuchcinski.pl\/wp-content\/uploads\/2019\/03\/Romek.jpg 800w, https:\/\/marekkuchcinski.pl\/wp-content\/uploads\/2019\/03\/Romek-200x300.jpg 200w, https:\/\/marekkuchcinski.pl\/wp-content\/uploads\/2019\/03\/Romek-768x1152.jpg 768w, https:\/\/marekkuchcinski.pl\/wp-content\/uploads\/2019\/03\/Romek-683x1024.jpg 683w\" sizes=\"(max-width: 800px) 100vw, 800px\" \/><\/a>Magyarorsz\u00e1g: Tisztelg\u00e9s Romek Strza\u0142kowski, az 1956 j\u00fanius\u00e1ban Pozna\u0144ban lel\u0151tt 13 \u00e9ves fi\u00fa eml\u00e9k\u00e9re.<\/p>\n\n\n<figure class=\"wp-block-embed-wordpress wp-block-embed is-type-wp-embed is-provider-marek-kuchcinski\"><div class=\"wp-block-embed__wrapper\">\n<blockquote class=\"wp-embedded-content\" data-secret=\"Zk5hXiO6pa\"><a href=\"https:\/\/marekkuchcinski.pl\/hu\/wydarzenia\/marek-kuchcinski-przewodniczacym-polsko-wegierskiej-grupy-parlamentarnej\/\">Marek Kuchci\u0144ski a lengyel-magyar parlamenti k\u00e9pvisel\u0151csoport eln\u00f6ke<\/a><\/blockquote><iframe class=\"wp-embedded-content\" sandbox=\"allow-scripts\" security=\"restricted\" style=\"position: absolute; clip: rect(1px, 1px, 1px, 1px);\" title=\"&quot;Marek Kuchcinski a lengyel-magyar parlamenti frakci\u00f3 eln\u00f6ke&quot; - Marek Kuchcinski\" src=\"https:\/\/marekkuchcinski.pl\/wydarzenia\/marek-kuchcinski-przewodniczacym-polsko-wegierskiej-grupy-parlamentarnej\/embed\/#?secret=Zk5hXiO6pa\" data-secret=\"Zk5hXiO6pa\" width=\"600\" height=\"338\" frameborder=\"0\" marginwidth=\"0\" marginheight=\"0\" scrolling=\"no\"><\/iframe>\n<\/div><\/figure>","protected":false},"excerpt":{"rendered":"<p>Polak\u00f3w i W\u0119gr\u00f3w po\u0142\u0105czy\u0142 wielki most solidarno\u015bci i pomocy. Bohatersk\u0105 walk\u0119 W\u0119gr\u00f3w Polacy traktowali jako w\u0142asn\u0105&nbsp;\u2013&nbsp;m\u00f3wi\u0142 w Budapeszcie na pocz\u0105tku swej kadencji marsza\u0142ek Sejmu Marek Kuchci\u0144ski. Je\u015bli przyjrzymy si\u0119 dok\u0142adnie wsp\u00f3lnej historii naszych kraj\u00f3w, zobaczymy, jak prawdziwe s\u0105 to s\u0142owa. Dwa z pozoru r\u00f3\u017cne narody od wiek\u00f3w splecione s\u0105 nierozerwaln\u0105 i niezwyk\u0142\u0105 wi\u0119zi\u0105, kt\u00f3ra sprawia, [&hellip;]<\/p>\n","protected":false},"author":6,"featured_media":14073,"comment_status":"open","ping_status":"open","sticky":false,"template":"","format":"standard","meta":{"ngg_post_thumbnail":0,"footnotes":""},"categories":[77,50,3],"tags":[],"class_list":["post-14047","post","type-post","status-publish","format-standard","has-post-thumbnail","hentry","category-wazne-daty","category-wspolpraca-miedzynarodowa","category-wydarzenia"],"_links":{"self":[{"href":"https:\/\/marekkuchcinski.pl\/hu\/wp-json\/wp\/v2\/posts\/14047","targetHints":{"allow":["GET"]}}],"collection":[{"href":"https:\/\/marekkuchcinski.pl\/hu\/wp-json\/wp\/v2\/posts"}],"about":[{"href":"https:\/\/marekkuchcinski.pl\/hu\/wp-json\/wp\/v2\/types\/post"}],"author":[{"embeddable":true,"href":"https:\/\/marekkuchcinski.pl\/hu\/wp-json\/wp\/v2\/users\/6"}],"replies":[{"embeddable":true,"href":"https:\/\/marekkuchcinski.pl\/hu\/wp-json\/wp\/v2\/comments?post=14047"}],"version-history":[{"count":28,"href":"https:\/\/marekkuchcinski.pl\/hu\/wp-json\/wp\/v2\/posts\/14047\/revisions"}],"predecessor-version":[{"id":22241,"href":"https:\/\/marekkuchcinski.pl\/hu\/wp-json\/wp\/v2\/posts\/14047\/revisions\/22241"}],"wp:featuredmedia":[{"embeddable":true,"href":"https:\/\/marekkuchcinski.pl\/hu\/wp-json\/wp\/v2\/media\/14073"}],"wp:attachment":[{"href":"https:\/\/marekkuchcinski.pl\/hu\/wp-json\/wp\/v2\/media?parent=14047"}],"wp:term":[{"taxonomy":"category","embeddable":true,"href":"https:\/\/marekkuchcinski.pl\/hu\/wp-json\/wp\/v2\/categories?post=14047"},{"taxonomy":"post_tag","embeddable":true,"href":"https:\/\/marekkuchcinski.pl\/hu\/wp-json\/wp\/v2\/tags?post=14047"}],"curies":[{"name":"wp","href":"https:\/\/api.w.org\/{rel}","templated":true}]}}