{"id":13934,"date":"2019-03-21T12:57:33","date_gmt":"2019-03-21T11:57:33","guid":{"rendered":"https:\/\/marekkuchcinski.pl\/?p=13934"},"modified":"2019-03-22T13:42:39","modified_gmt":"2019-03-22T12:42:39","slug":"marszalek-sejmu-odslonil-tablice-ku-pamieci-profesora-uniwersytetu-gdanskiego-prezydenta-lacha-kaczynskiego","status":"publish","type":"post","link":"https:\/\/marekkuchcinski.pl\/hu\/wazne-daty\/marszalek-sejmu-odslonil-tablice-ku-pamieci-profesora-uniwersytetu-gdanskiego-prezydenta-lacha-kaczynskiego\/","title":{"rendered":"A szejm eln\u00f6ke eml\u00e9kt\u00e1bl\u00e1t avatott Lach Kaczynski, a gdanski egyetem professzor\u00e1nak eml\u00e9k\u00e9re"},"content":{"rendered":"<p><strong>A Gda\u0144ski Egyetem a fenn\u00e1ll\u00e1s\u00e1nak 50. \u00e9vfordul\u00f3j\u00e1nak \u00fcnnepl\u00e9s\u00e9nek \u00e9v\u00e9be l\u00e9pett. Ahogy Marek Kuchci\u0144ski, a szejm eln\u00f6ke mondta: az egyetem nem felejtette el professzor\u00e1t, a jogi kar rektor\u00e1t, aki 28 \u00e9vet szentelt az egyetemnek az \u00e9let\u00e9b\u0151l. Politikus, tud\u00f3s \u00e9s a munkajog kiemelked\u0151 elm\u00e9let\u00edr\u00f3ja, Alma Materje eml\u00e9kt\u00e1bl\u00e1val tisztelgett el\u0151tte.<\/strong><\/p>\n<p>Az eml\u00e9kt\u00e1bla egyik kezdem\u00e9nyez\u0151je, Tomasz Rakowski, az Identit\u00e1s \u00e9s Szolidarit\u00e1s Alap\u00edtv\u00e1ny eln\u00f6ke azzal \u00e9rvelt, hogy Lech Kaczy\u0144ski sz\u00e9p \u00e9s m\u00e9lt\u00f3s\u00e1gteljes \u00fatja - az antikommunista ellenz\u00e9kben v\u00e9gzett tev\u00e9kenys\u00e9g\u00e9t\u0151l, a Szolidarit\u00e1s t\u00e1rsalkot\u00f3j\u00e1t\u00f3l kezdve a parlamenti munk\u00e1n \u00e1t a Legfels\u0151bb Ellen\u0151rz\u0151 Kamara eln\u00f6ki tiszts\u00e9g\u00e9ig, az igazs\u00e1g\u00fcgyi miniszteri t\u00e1rc\u00e1ig, a vars\u00f3i eln\u00f6ki sz\u00e9kig \u00e9s a lengyel eln\u00f6ki sz\u00e9kig - meg\u00e9rdemli a tiszteletet \u00e9s a megeml\u00e9kez\u00e9st.<\/p>\n<p>- Lech Kaczy\u0144ski minden bizonnyal inspir\u00e1ci\u00f3 \u00e9s p\u00e9ldak\u00e9p lehet az egyetem di\u00e1kjai \u00e9s alkalmazottai sz\u00e1m\u00e1ra. Egy h\u00faszas \u00e9veiben j\u00e1r\u00f3 fiatal doktorandusz, a Gda\u0144ski Egyetem alkalmazottja - egy \u00e1llami egyetem, egy olyan v\u00e1rosban, amely m\u00e9g mindig eml\u00e9kszik a terrorra, a munk\u00e1sok 1970-es lem\u00e9sz\u00e1rl\u00e1s\u00e1ra... Nem k\u00f6veti a t\u00f6meget, a sz\u00edv\u00e9t k\u00f6veti, kock\u00e1ztatva szakmai karrierj\u00e9t. A szabad szakszervezetek sz\u00e1m\u00e1ra a tengerpart felbecs\u00fclhetetlen kincs. Jog\u00e1sz, a munkajog kiv\u00e1l\u00f3 szak\u00e9rt\u0151je. Akkoriban kev\u00e9s ilyen ember volt, \u00e9s m\u00e9g kevesebb, aki hajland\u00f3 volt kock\u00e1ztatni, hogy az ellenz\u00e9knek dolgozzon. Nem azt mondom: egy\u00e1ltal\u00e1n nem. Azzal seg\u00edti a munkav\u00e1llal\u00f3kat, hogy felh\u00edvja a figyelm\u00fcket a jogaikra. Leveleket \u00edr, fellebbez\u00e9seket, panaszokat, seg\u00edt az elnyomottaknak. Kock\u00e1zatot v\u00e1llal. Nem volt r\u00e1 sz\u00fcks\u00e9g. Bez\u00e1rk\u00f3zhatott volna az egyetemi karrier biztons\u00e1gos falai k\u00f6z\u00e9, de \u0151 m\u00e1s utat v\u00e1lasztott. \u00cdgy sz\u00fcletik meg a Szolidarit\u00e1s\" - mondta Rakowski.<\/p>\n<p>Az eml\u00e9kt\u00e1bla m\u00e1sik kezdem\u00e9nyez\u0151je, Lech Kaczy\u0144ski professzor doktorandusza, jelenleg a Gda\u0144ski Egyetem Jogi \u00e9s K\u00f6zigazgat\u00e1si Kar\u00e1nak d\u00e9k\u00e1nja, Jakub Stelina felolvasta Jaros\u0142aw Kaczy\u0144ski level\u00e9t. Azt is hangs\u00falyozta, hogy Lech Kaczy\u0144ski professzor nemcsak politikus, hanem tud\u00f3s is volt - a munkajog kiemelked\u0151 elm\u00e9let\u00edr\u00f3ja, aki nagyban hozz\u00e1j\u00e1rult a jogter\u00fclet fejl\u0151d\u00e9s\u00e9hez.<\/p>\n<p>\u00c9rdemes eml\u00e9kezni arra, hogy Lech Kaczy\u0144ski megt\u00f6rte az \u00e1llam mindenhat\u00f3s\u00e1g\u00e1t. Megmutatta, hogy a munkav\u00e1llal\u00f3 k\u00e9rheti a m\u00e9lt\u00e1nyos foglalkoztat\u00e1st, kedvez\u0151 felt\u00e9teleket szerezhet mag\u00e1nak, vagy szoci\u00e1lis nyugd\u00edjban r\u00e9szes\u00fclhet, ha munkak\u00e9ptelen.<\/p>\n<p>Lech Kaczy\u0144ski testv\u00e9r\u00e9t, Jaros\u0142awot \u00e9s a lengyel szejmet Marek Kuchci\u0144ski, a szejm eln\u00f6ke k\u00e9pviselte. - Az egyetem nagyon fontos volt sz\u00e1m\u00e1ra, \u00e9s a tudom\u00e1nyos k\u00f6rnyezet - ahogy Jaros\u0142aw Kaczy\u0144ski mondta - a term\u00e9szetes k\u00f6rnyezete volt. B\u00e1r ez id\u0151 alatt a k\u00f6z\u00fcgyek is foglalkoztatt\u00e1k. \u00c9s v\u00e9g\u00fcl teljesen felsz\u00edvt\u00e1k \u0151t, eg\u00e9szen a tragikus v\u00e9gkifejletig - mondta a szejm eln\u00f6ke. Marek Kuchci\u0144ski hangs\u00falyozta, hogy Lech Kaczy\u0144ski m\u00e9g a hirtelen hal\u00e1la el\u0151tti utols\u00f3 h\u00f3napokban is azt tervezte, hogy visszat\u00e9r az egyetem\u00e9re.<\/p>\n<p>Andrzej Duda, a Lengyel K\u00f6zt\u00e1rsas\u00e1g eln\u00f6ke lev\u00e9lben fordult az \u00fcnneps\u00e9g r\u00e9sztvev\u0151ihez. Azt \u00edrta, hogy Lech Kaczy\u0144skira \u00fagy eml\u00e9kez\u00fcnk, mint kiv\u00e1l\u00f3 \u00e1llamf\u00e9rfira \u00e9s k\u00f6ztisztvisel\u0151re, aki mindig j\u00f3l szolg\u00e1lta a Lengyel K\u00f6zt\u00e1rsas\u00e1got \u00e9s n\u00e9p\u00e9t. De az\u00e9rt is eml\u00e9keznek r\u00e1 a Szolidarit\u00e1s b\u00f6lcs\u0151j\u00e9ben, mert k\u00f6zel 30 \u00e9vig itt dolgozott el\u0151ad\u00f3k\u00e9nt \u00e9s kutat\u00f3k\u00e9nt. A gda\u0144ski egyetem falai k\u00f6z\u00f6tt egyre t\u00f6bb tudom\u00e1nyos fokozatot szerzett, ugyanakkor ellenz\u00e9ki \u00e9s t\u00e1rsadalmi munk\u00e1ban is tev\u00e9kenykedett. Kiv\u00e1l\u00f3 munkajogi ismereteit a gyakorlatban kamatoztatta, \u00edgy tud\u00e1s\u00e1val, tapasztalat\u00e1val \u00e9s tan\u00e1csaival t\u00e1mogatta a szakszervezeti mozgalmat. (...)<\/p>\n<p>\u00dagy t\u0171nik, Lech Kaczy\u0144ski professzor ereje \u00e9s b\u00e1tors\u00e1ga m\u00e9g mindig az egyetem falain bel\u00fcl marad. Az egyetem rektora, Jerzy Piotr Gwizda\u0142a professzor elmondta, hogy az egyetem nem f\u00e9l a kih\u00edv\u00e1sokt\u00f3l. - Hat\u00e9kony munk\u00e1t, b\u00e1tors\u00e1got a gondolkod\u00e1shoz, nyitotts\u00e1got m\u00e1sok \u00e9s a vil\u00e1g fel\u00e9. K\u00f6z\u00f6s k\u00fcldet\u00e9s\u00fcnk \u00e9s napi feladataink meg\u00e9rt\u00e9s\u00e9\u00e9rt k\u00f6sz\u00f6netet mondok egyetem\u00fcnk eg\u00e9sz k\u00f6z\u00f6ss\u00e9g\u00e9nek \u00e9s mindazoknak, akik az elm\u00falt 50 \u00e9vben az akad\u00e9miai k\u00f6z\u00f6ss\u00e9ggel egy\u00fctt \u00e9p\u00edtett\u00e9k egyetem\u00fcnk preszt\u00edzs\u00e9t \u00e9s poz\u00edci\u00f3j\u00e1t - \u00e9rvelt.<\/p>\n<p>Az \u00fcnneps\u00e9gen r\u00e9szt vettek parlamenti k\u00e9pvisel\u0151k, az \u00e1llami, helyi \u00e9s egyh\u00e1zi hat\u00f3s\u00e1gok k\u00e9pvisel\u0151i, a diplom\u00e1ciai test\u00fclet, egyetemek rektorai, tudom\u00e1nyos int\u00e9zm\u00e9nyek, k\u00f6zint\u00e9zm\u00e9nyek \u00e9s pomer\u00e1niai v\u00e1llalatok k\u00e9pvisel\u0151i, valamint a Gdanski Egyetem tudom\u00e1nyos k\u00f6z\u00f6ss\u00e9ge.<\/p>\n<p><em>sz\u00f6veg\/ fot\u00f3 Marta Olejnik\/ KS<\/em><\/p>\n<p><a href=\"https:\/\/marekkuchcinski.pl\/wp-content\/uploads\/2019\/03\/IMG_9263.jpg\"><img fetchpriority=\"high\" decoding=\"async\" class=\"alignnone size-full wp-image-13937\" src=\"https:\/\/marekkuchcinski.pl\/wp-content\/uploads\/2019\/03\/IMG_9263.jpg\" alt=\"IMG_9263\" width=\"5821\" height=\"3971\" srcset=\"https:\/\/marekkuchcinski.pl\/wp-content\/uploads\/2019\/03\/IMG_9263.jpg 2048w, https:\/\/marekkuchcinski.pl\/wp-content\/uploads\/2019\/03\/IMG_9263-300x205.jpg 300w, https:\/\/marekkuchcinski.pl\/wp-content\/uploads\/2019\/03\/IMG_9263-768x524.jpg 768w, https:\/\/marekkuchcinski.pl\/wp-content\/uploads\/2019\/03\/IMG_9263-1024x699.jpg 1024w\" sizes=\"(max-width: 5821px) 100vw, 5821px\" \/><\/a> <a href=\"https:\/\/marekkuchcinski.pl\/wp-content\/uploads\/2019\/03\/IMG_9312.jpg\"><img decoding=\"async\" class=\"alignnone size-full wp-image-13938\" src=\"https:\/\/marekkuchcinski.pl\/wp-content\/uploads\/2019\/03\/IMG_9312.jpg\" alt=\"IMG_9312\" width=\"4311\" height=\"2947\" srcset=\"https:\/\/marekkuchcinski.pl\/wp-content\/uploads\/2019\/03\/IMG_9312.jpg 2048w, https:\/\/marekkuchcinski.pl\/wp-content\/uploads\/2019\/03\/IMG_9312-300x205.jpg 300w, https:\/\/marekkuchcinski.pl\/wp-content\/uploads\/2019\/03\/IMG_9312-768x525.jpg 768w, https:\/\/marekkuchcinski.pl\/wp-content\/uploads\/2019\/03\/IMG_9312-1024x700.jpg 1024w\" sizes=\"(max-width: 4311px) 100vw, 4311px\" \/><\/a> <a href=\"https:\/\/marekkuchcinski.pl\/wp-content\/uploads\/2019\/03\/IMG_9303.jpg\"><img decoding=\"async\" class=\"alignnone size-full wp-image-13997\" src=\"https:\/\/marekkuchcinski.pl\/wp-content\/uploads\/2019\/03\/IMG_9303.jpg\" alt=\"IMG_9303\" width=\"5541\" height=\"3381\" srcset=\"https:\/\/marekkuchcinski.pl\/wp-content\/uploads\/2019\/03\/IMG_9303.jpg 2048w, https:\/\/marekkuchcinski.pl\/wp-content\/uploads\/2019\/03\/IMG_9303-300x183.jpg 300w, https:\/\/marekkuchcinski.pl\/wp-content\/uploads\/2019\/03\/IMG_9303-768x469.jpg 768w, https:\/\/marekkuchcinski.pl\/wp-content\/uploads\/2019\/03\/IMG_9303-1024x625.jpg 1024w\" sizes=\"(max-width: 5541px) 100vw, 5541px\" \/><\/a><a href=\"https:\/\/marekkuchcinski.pl\/wp-content\/uploads\/2019\/03\/IMG_9337.jpg\"><img loading=\"lazy\" decoding=\"async\" class=\"alignnone size-full wp-image-13941\" src=\"https:\/\/marekkuchcinski.pl\/wp-content\/uploads\/2019\/03\/IMG_9337.jpg\" alt=\"IMG_9337\" width=\"6240\" height=\"4160\" srcset=\"https:\/\/marekkuchcinski.pl\/wp-content\/uploads\/2019\/03\/IMG_9337.jpg 2048w, https:\/\/marekkuchcinski.pl\/wp-content\/uploads\/2019\/03\/IMG_9337-300x200.jpg 300w, https:\/\/marekkuchcinski.pl\/wp-content\/uploads\/2019\/03\/IMG_9337-768x512.jpg 768w, https:\/\/marekkuchcinski.pl\/wp-content\/uploads\/2019\/03\/IMG_9337-1024x683.jpg 1024w\" sizes=\"(max-width: 6240px) 100vw, 6240px\" \/><\/a> <a href=\"https:\/\/marekkuchcinski.pl\/wp-content\/uploads\/2019\/03\/IMG_9345.jpg\"><img loading=\"lazy\" decoding=\"async\" class=\"alignnone size-full wp-image-13947\" src=\"https:\/\/marekkuchcinski.pl\/wp-content\/uploads\/2019\/03\/IMG_9345.jpg\" alt=\"IMG_9345\" width=\"5145\" height=\"3351\" srcset=\"https:\/\/marekkuchcinski.pl\/wp-content\/uploads\/2019\/03\/IMG_9345.jpg 2048w, https:\/\/marekkuchcinski.pl\/wp-content\/uploads\/2019\/03\/IMG_9345-300x195.jpg 300w, https:\/\/marekkuchcinski.pl\/wp-content\/uploads\/2019\/03\/IMG_9345-768x500.jpg 768w, https:\/\/marekkuchcinski.pl\/wp-content\/uploads\/2019\/03\/IMG_9345-1024x667.jpg 1024w\" sizes=\"(max-width: 5145px) 100vw, 5145px\" \/><\/a> <a href=\"https:\/\/marekkuchcinski.pl\/wp-content\/uploads\/2019\/03\/IMG_9352.jpg\"><img loading=\"lazy\" decoding=\"async\" class=\"alignnone size-full wp-image-13951\" src=\"https:\/\/marekkuchcinski.pl\/wp-content\/uploads\/2019\/03\/IMG_9352.jpg\" alt=\"IMG_9352\" width=\"4893\" height=\"3069\" srcset=\"https:\/\/marekkuchcinski.pl\/wp-content\/uploads\/2019\/03\/IMG_9352.jpg 2048w, https:\/\/marekkuchcinski.pl\/wp-content\/uploads\/2019\/03\/IMG_9352-300x188.jpg 300w, https:\/\/marekkuchcinski.pl\/wp-content\/uploads\/2019\/03\/IMG_9352-768x482.jpg 768w, https:\/\/marekkuchcinski.pl\/wp-content\/uploads\/2019\/03\/IMG_9352-1024x642.jpg 1024w\" sizes=\"(max-width: 4893px) 100vw, 4893px\" \/><\/a> <a href=\"https:\/\/marekkuchcinski.pl\/wp-content\/uploads\/2019\/03\/IMG_9371.jpg\"><img loading=\"lazy\" decoding=\"async\" class=\"alignnone size-full wp-image-13952\" src=\"https:\/\/marekkuchcinski.pl\/wp-content\/uploads\/2019\/03\/IMG_9371.jpg\" alt=\"IMG_9371\" width=\"6046\" height=\"4143\" srcset=\"https:\/\/marekkuchcinski.pl\/wp-content\/uploads\/2019\/03\/IMG_9371.jpg 2048w, https:\/\/marekkuchcinski.pl\/wp-content\/uploads\/2019\/03\/IMG_9371-300x206.jpg 300w, https:\/\/marekkuchcinski.pl\/wp-content\/uploads\/2019\/03\/IMG_9371-768x526.jpg 768w, https:\/\/marekkuchcinski.pl\/wp-content\/uploads\/2019\/03\/IMG_9371-1024x702.jpg 1024w\" sizes=\"(max-width: 6046px) 100vw, 6046px\" \/><\/a> <a href=\"https:\/\/marekkuchcinski.pl\/wp-content\/uploads\/2019\/03\/IMG_9374.jpg\"><img loading=\"lazy\" decoding=\"async\" class=\"alignnone size-full wp-image-13954\" src=\"https:\/\/marekkuchcinski.pl\/wp-content\/uploads\/2019\/03\/IMG_9374.jpg\" alt=\"IMG_9374\" width=\"6022\" height=\"3771\" srcset=\"https:\/\/marekkuchcinski.pl\/wp-content\/uploads\/2019\/03\/IMG_9374.jpg 2048w, https:\/\/marekkuchcinski.pl\/wp-content\/uploads\/2019\/03\/IMG_9374-300x188.jpg 300w, https:\/\/marekkuchcinski.pl\/wp-content\/uploads\/2019\/03\/IMG_9374-768x481.jpg 768w, https:\/\/marekkuchcinski.pl\/wp-content\/uploads\/2019\/03\/IMG_9374-1024x641.jpg 1024w\" sizes=\"(max-width: 6022px) 100vw, 6022px\" \/><\/a> <a href=\"https:\/\/marekkuchcinski.pl\/wp-content\/uploads\/2019\/03\/IMG_9377.jpg\"><img loading=\"lazy\" decoding=\"async\" class=\"alignnone size-full wp-image-13956\" src=\"https:\/\/marekkuchcinski.pl\/wp-content\/uploads\/2019\/03\/IMG_9377.jpg\" alt=\"IMG_9377\" width=\"5300\" height=\"3420\" srcset=\"https:\/\/marekkuchcinski.pl\/wp-content\/uploads\/2019\/03\/IMG_9377.jpg 2048w, https:\/\/marekkuchcinski.pl\/wp-content\/uploads\/2019\/03\/IMG_9377-300x194.jpg 300w, https:\/\/marekkuchcinski.pl\/wp-content\/uploads\/2019\/03\/IMG_9377-768x496.jpg 768w, https:\/\/marekkuchcinski.pl\/wp-content\/uploads\/2019\/03\/IMG_9377-1024x661.jpg 1024w\" sizes=\"(max-width: 5300px) 100vw, 5300px\" \/><\/a> <a href=\"https:\/\/marekkuchcinski.pl\/wp-content\/uploads\/2019\/03\/IMG_9577.jpg\"><img loading=\"lazy\" decoding=\"async\" class=\"alignnone size-full wp-image-13965\" src=\"https:\/\/marekkuchcinski.pl\/wp-content\/uploads\/2019\/03\/IMG_9577.jpg\" alt=\"IMG_9577\" width=\"5113\" height=\"3556\" srcset=\"https:\/\/marekkuchcinski.pl\/wp-content\/uploads\/2019\/03\/IMG_9577.jpg 2048w, https:\/\/marekkuchcinski.pl\/wp-content\/uploads\/2019\/03\/IMG_9577-300x209.jpg 300w, https:\/\/marekkuchcinski.pl\/wp-content\/uploads\/2019\/03\/IMG_9577-768x534.jpg 768w, https:\/\/marekkuchcinski.pl\/wp-content\/uploads\/2019\/03\/IMG_9577-1024x712.jpg 1024w\" sizes=\"(max-width: 5113px) 100vw, 5113px\" \/><\/a> <a href=\"https:\/\/marekkuchcinski.pl\/wp-content\/uploads\/2019\/03\/IMG_9595.jpg\"><img loading=\"lazy\" decoding=\"async\" class=\"alignnone size-full wp-image-13967\" src=\"https:\/\/marekkuchcinski.pl\/wp-content\/uploads\/2019\/03\/IMG_9595.jpg\" alt=\"IMG_9595\" width=\"4948\" height=\"3535\" srcset=\"https:\/\/marekkuchcinski.pl\/wp-content\/uploads\/2019\/03\/IMG_9595.jpg 2048w, https:\/\/marekkuchcinski.pl\/wp-content\/uploads\/2019\/03\/IMG_9595-300x214.jpg 300w, https:\/\/marekkuchcinski.pl\/wp-content\/uploads\/2019\/03\/IMG_9595-768x549.jpg 768w, https:\/\/marekkuchcinski.pl\/wp-content\/uploads\/2019\/03\/IMG_9595-1024x732.jpg 1024w\" sizes=\"(max-width: 4948px) 100vw, 4948px\" \/><\/a> <a href=\"https:\/\/marekkuchcinski.pl\/wp-content\/uploads\/2019\/03\/IMG_9644.jpg\"><img loading=\"lazy\" decoding=\"async\" class=\"alignnone size-full wp-image-13969\" src=\"https:\/\/marekkuchcinski.pl\/wp-content\/uploads\/2019\/03\/IMG_9644.jpg\" alt=\"IMG_9644\" width=\"5335\" height=\"3868\" srcset=\"https:\/\/marekkuchcinski.pl\/wp-content\/uploads\/2019\/03\/IMG_9644.jpg 2048w, https:\/\/marekkuchcinski.pl\/wp-content\/uploads\/2019\/03\/IMG_9644-300x218.jpg 300w, https:\/\/marekkuchcinski.pl\/wp-content\/uploads\/2019\/03\/IMG_9644-768x557.jpg 768w, https:\/\/marekkuchcinski.pl\/wp-content\/uploads\/2019\/03\/IMG_9644-1024x742.jpg 1024w\" sizes=\"(max-width: 5335px) 100vw, 5335px\" \/><\/a> <a href=\"https:\/\/marekkuchcinski.pl\/wp-content\/uploads\/2019\/03\/IMG_9701.jpg\"><img loading=\"lazy\" decoding=\"async\" class=\"alignnone size-full wp-image-13972\" src=\"https:\/\/marekkuchcinski.pl\/wp-content\/uploads\/2019\/03\/IMG_9701.jpg\" alt=\"IMG_9701\" width=\"3516\" height=\"2477\" srcset=\"https:\/\/marekkuchcinski.pl\/wp-content\/uploads\/2019\/03\/IMG_9701.jpg 2048w, https:\/\/marekkuchcinski.pl\/wp-content\/uploads\/2019\/03\/IMG_9701-300x211.jpg 300w, https:\/\/marekkuchcinski.pl\/wp-content\/uploads\/2019\/03\/IMG_9701-768x541.jpg 768w, https:\/\/marekkuchcinski.pl\/wp-content\/uploads\/2019\/03\/IMG_9701-1024x721.jpg 1024w\" sizes=\"(max-width: 3516px) 100vw, 3516px\" \/><\/a> <a href=\"https:\/\/marekkuchcinski.pl\/wp-content\/uploads\/2019\/03\/IMG_9730.jpg\"><img loading=\"lazy\" decoding=\"async\" class=\"alignnone size-full wp-image-13973\" src=\"https:\/\/marekkuchcinski.pl\/wp-content\/uploads\/2019\/03\/IMG_9730.jpg\" alt=\"IMG_9730\" width=\"6121\" height=\"4078\" srcset=\"https:\/\/marekkuchcinski.pl\/wp-content\/uploads\/2019\/03\/IMG_9730.jpg 2048w, https:\/\/marekkuchcinski.pl\/wp-content\/uploads\/2019\/03\/IMG_9730-300x200.jpg 300w, https:\/\/marekkuchcinski.pl\/wp-content\/uploads\/2019\/03\/IMG_9730-768x512.jpg 768w, https:\/\/marekkuchcinski.pl\/wp-content\/uploads\/2019\/03\/IMG_9730-1024x682.jpg 1024w\" sizes=\"(max-width: 6121px) 100vw, 6121px\" \/><\/a> <a href=\"https:\/\/marekkuchcinski.pl\/wp-content\/uploads\/2019\/03\/IMG_9745.jpg\"><img loading=\"lazy\" decoding=\"async\" class=\"alignnone size-full wp-image-13975\" src=\"https:\/\/marekkuchcinski.pl\/wp-content\/uploads\/2019\/03\/IMG_9745.jpg\" alt=\"IMG_9745\" width=\"4981\" height=\"3076\" srcset=\"https:\/\/marekkuchcinski.pl\/wp-content\/uploads\/2019\/03\/IMG_9745.jpg 2048w, https:\/\/marekkuchcinski.pl\/wp-content\/uploads\/2019\/03\/IMG_9745-300x185.jpg 300w, https:\/\/marekkuchcinski.pl\/wp-content\/uploads\/2019\/03\/IMG_9745-768x474.jpg 768w, https:\/\/marekkuchcinski.pl\/wp-content\/uploads\/2019\/03\/IMG_9745-1024x632.jpg 1024w\" sizes=\"(max-width: 4981px) 100vw, 4981px\" \/><\/a> <a href=\"https:\/\/marekkuchcinski.pl\/wp-content\/uploads\/2019\/03\/IMG_9750.jpg\"><img loading=\"lazy\" decoding=\"async\" class=\"alignnone size-full wp-image-13977\" src=\"https:\/\/marekkuchcinski.pl\/wp-content\/uploads\/2019\/03\/IMG_9750.jpg\" alt=\"IMG_9750\" width=\"4824\" height=\"2834\" srcset=\"https:\/\/marekkuchcinski.pl\/wp-content\/uploads\/2019\/03\/IMG_9750.jpg 2048w, https:\/\/marekkuchcinski.pl\/wp-content\/uploads\/2019\/03\/IMG_9750-300x176.jpg 300w, https:\/\/marekkuchcinski.pl\/wp-content\/uploads\/2019\/03\/IMG_9750-768x451.jpg 768w, https:\/\/marekkuchcinski.pl\/wp-content\/uploads\/2019\/03\/IMG_9750-1024x602.jpg 1024w\" sizes=\"(max-width: 4824px) 100vw, 4824px\" \/><\/a> <a href=\"https:\/\/marekkuchcinski.pl\/wp-content\/uploads\/2019\/03\/IMG_9752.jpg\"><img loading=\"lazy\" decoding=\"async\" class=\"alignnone size-full wp-image-13978\" src=\"https:\/\/marekkuchcinski.pl\/wp-content\/uploads\/2019\/03\/IMG_9752.jpg\" alt=\"IMG_9752\" width=\"4426\" height=\"2936\" srcset=\"https:\/\/marekkuchcinski.pl\/wp-content\/uploads\/2019\/03\/IMG_9752.jpg 2048w, https:\/\/marekkuchcinski.pl\/wp-content\/uploads\/2019\/03\/IMG_9752-300x199.jpg 300w, https:\/\/marekkuchcinski.pl\/wp-content\/uploads\/2019\/03\/IMG_9752-768x509.jpg 768w, https:\/\/marekkuchcinski.pl\/wp-content\/uploads\/2019\/03\/IMG_9752-1024x679.jpg 1024w\" sizes=\"(max-width: 4426px) 100vw, 4426px\" \/><\/a><a href=\"https:\/\/marekkuchcinski.pl\/wp-content\/uploads\/2019\/03\/IMG_9789-1.jpg\"><img loading=\"lazy\" decoding=\"async\" class=\"alignnone size-full wp-image-14040\" src=\"https:\/\/marekkuchcinski.pl\/wp-content\/uploads\/2019\/03\/IMG_9789-1.jpg\" alt=\"IMG_9789\" width=\"4903\" height=\"3112\" srcset=\"https:\/\/marekkuchcinski.pl\/wp-content\/uploads\/2019\/03\/IMG_9789-1.jpg 2048w, https:\/\/marekkuchcinski.pl\/wp-content\/uploads\/2019\/03\/IMG_9789-1-300x190.jpg 300w, https:\/\/marekkuchcinski.pl\/wp-content\/uploads\/2019\/03\/IMG_9789-1-768x487.jpg 768w, https:\/\/marekkuchcinski.pl\/wp-content\/uploads\/2019\/03\/IMG_9789-1-1024x650.jpg 1024w\" sizes=\"(max-width: 4903px) 100vw, 4903px\" \/><\/a> <a href=\"https:\/\/marekkuchcinski.pl\/wp-content\/uploads\/2019\/03\/IMG_9801.jpg\"><img loading=\"lazy\" decoding=\"async\" class=\"alignnone size-full wp-image-13983\" src=\"https:\/\/marekkuchcinski.pl\/wp-content\/uploads\/2019\/03\/IMG_9801.jpg\" alt=\"IMG_9801\" width=\"5208\" height=\"3365\" srcset=\"https:\/\/marekkuchcinski.pl\/wp-content\/uploads\/2019\/03\/IMG_9801.jpg 2048w, https:\/\/marekkuchcinski.pl\/wp-content\/uploads\/2019\/03\/IMG_9801-300x194.jpg 300w, https:\/\/marekkuchcinski.pl\/wp-content\/uploads\/2019\/03\/IMG_9801-768x496.jpg 768w, https:\/\/marekkuchcinski.pl\/wp-content\/uploads\/2019\/03\/IMG_9801-1024x662.jpg 1024w\" sizes=\"(max-width: 5208px) 100vw, 5208px\" \/><\/a> <a href=\"https:\/\/marekkuchcinski.pl\/wp-content\/uploads\/2019\/03\/IMG_9898.jpg\"><img loading=\"lazy\" decoding=\"async\" class=\"alignnone size-full wp-image-13986\" src=\"https:\/\/marekkuchcinski.pl\/wp-content\/uploads\/2019\/03\/IMG_9898.jpg\" alt=\"IMG_9898\" width=\"5742\" height=\"3748\" srcset=\"https:\/\/marekkuchcinski.pl\/wp-content\/uploads\/2019\/03\/IMG_9898.jpg 2048w, https:\/\/marekkuchcinski.pl\/wp-content\/uploads\/2019\/03\/IMG_9898-300x196.jpg 300w, https:\/\/marekkuchcinski.pl\/wp-content\/uploads\/2019\/03\/IMG_9898-768x501.jpg 768w, https:\/\/marekkuchcinski.pl\/wp-content\/uploads\/2019\/03\/IMG_9898-1024x668.jpg 1024w\" sizes=\"(max-width: 5742px) 100vw, 5742px\" \/><\/a> Az Identit\u00e1s \u00e9s Szolidarit\u00e1s Alap\u00edtv\u00e1ny eln\u00f6ke Tomasz Rakowski<a href=\"https:\/\/marekkuchcinski.pl\/wp-content\/uploads\/2019\/03\/IMG_9918.jpg\"> <img loading=\"lazy\" decoding=\"async\" class=\"alignnone size-full wp-image-13989\" src=\"https:\/\/marekkuchcinski.pl\/wp-content\/uploads\/2019\/03\/IMG_9918.jpg\" alt=\"IMG_9918\" width=\"4914\" height=\"3264\" srcset=\"https:\/\/marekkuchcinski.pl\/wp-content\/uploads\/2019\/03\/IMG_9918.jpg 2048w, https:\/\/marekkuchcinski.pl\/wp-content\/uploads\/2019\/03\/IMG_9918-300x199.jpg 300w, https:\/\/marekkuchcinski.pl\/wp-content\/uploads\/2019\/03\/IMG_9918-768x510.jpg 768w, https:\/\/marekkuchcinski.pl\/wp-content\/uploads\/2019\/03\/IMG_9918-1024x680.jpg 1024w\" sizes=\"(max-width: 4914px) 100vw, 4914px\" \/><\/a> A Lech Kaczy\u0144ski professzor tisztelet\u00e9re \u00e1ll\u00edtott eml\u00e9kt\u00e1bl\u00e1t S\u0142awoj Leszek G\u0142\u00f3d\u017a \u00e9rsek szentelte fel.<a href=\"https:\/\/marekkuchcinski.pl\/wp-content\/uploads\/2019\/03\/IMG_9928.jpg\"><img loading=\"lazy\" decoding=\"async\" class=\"alignnone size-full wp-image-13992\" src=\"https:\/\/marekkuchcinski.pl\/wp-content\/uploads\/2019\/03\/IMG_9928.jpg\" alt=\"IMG_9928\" width=\"5076\" height=\"3664\" srcset=\"https:\/\/marekkuchcinski.pl\/wp-content\/uploads\/2019\/03\/IMG_9928.jpg 2048w, https:\/\/marekkuchcinski.pl\/wp-content\/uploads\/2019\/03\/IMG_9928-300x217.jpg 300w, https:\/\/marekkuchcinski.pl\/wp-content\/uploads\/2019\/03\/IMG_9928-768x554.jpg 768w, https:\/\/marekkuchcinski.pl\/wp-content\/uploads\/2019\/03\/IMG_9928-1024x739.jpg 1024w\" sizes=\"(max-width: 5076px) 100vw, 5076px\" \/><\/a><a href=\"https:\/\/marekkuchcinski.pl\/wp-content\/uploads\/2019\/03\/IMG_9949.jpg\"><img loading=\"lazy\" decoding=\"async\" class=\"alignnone size-full wp-image-14041\" src=\"https:\/\/marekkuchcinski.pl\/wp-content\/uploads\/2019\/03\/IMG_9949.jpg\" alt=\"IMG_9949\" width=\"2673\" height=\"3403\" srcset=\"https:\/\/marekkuchcinski.pl\/wp-content\/uploads\/2019\/03\/IMG_9949.jpg 1609w, https:\/\/marekkuchcinski.pl\/wp-content\/uploads\/2019\/03\/IMG_9949-236x300.jpg 236w, https:\/\/marekkuchcinski.pl\/wp-content\/uploads\/2019\/03\/IMG_9949-768x978.jpg 768w, https:\/\/marekkuchcinski.pl\/wp-content\/uploads\/2019\/03\/IMG_9949-804x1024.jpg 804w\" sizes=\"(max-width: 2673px) 100vw, 2673px\" \/><\/a><a href=\"https:\/\/marekkuchcinski.pl\/wp-content\/uploads\/2019\/03\/IMG_9987-1.jpg\"><img loading=\"lazy\" decoding=\"async\" class=\"alignnone size-full wp-image-14003\" src=\"https:\/\/marekkuchcinski.pl\/wp-content\/uploads\/2019\/03\/IMG_9987-1.jpg\" alt=\"IMG_9987\" width=\"3970\" height=\"2759\" srcset=\"https:\/\/marekkuchcinski.pl\/wp-content\/uploads\/2019\/03\/IMG_9987-1.jpg 2048w, https:\/\/marekkuchcinski.pl\/wp-content\/uploads\/2019\/03\/IMG_9987-1-300x208.jpg 300w, https:\/\/marekkuchcinski.pl\/wp-content\/uploads\/2019\/03\/IMG_9987-1-768x534.jpg 768w, https:\/\/marekkuchcinski.pl\/wp-content\/uploads\/2019\/03\/IMG_9987-1-1024x712.jpg 1024w\" sizes=\"(max-width: 3970px) 100vw, 3970px\" \/><\/a><a href=\"https:\/\/marekkuchcinski.pl\/wp-content\/uploads\/2019\/03\/LK.jpg\"><img loading=\"lazy\" decoding=\"async\" class=\"alignnone size-full wp-image-14011\" src=\"https:\/\/marekkuchcinski.pl\/wp-content\/uploads\/2019\/03\/LK.jpg\" alt=\"LK\" width=\"1843\" height=\"2410\" srcset=\"https:\/\/marekkuchcinski.pl\/wp-content\/uploads\/2019\/03\/LK.jpg 1566w, https:\/\/marekkuchcinski.pl\/wp-content\/uploads\/2019\/03\/LK-229x300.jpg 229w, https:\/\/marekkuchcinski.pl\/wp-content\/uploads\/2019\/03\/LK-768x1004.jpg 768w, https:\/\/marekkuchcinski.pl\/wp-content\/uploads\/2019\/03\/LK-783x1024.jpg 783w\" sizes=\"(max-width: 1843px) 100vw, 1843px\" \/><\/a><\/p>","protected":false},"excerpt":{"rendered":"<p>Uniwersytet Gda\u0144ski wkroczy\u0142 w rok rozpocz\u0119cia obchod\u00f3w 50-lecia swojego istnienia. Jak powiedzia\u0142 marsza\u0142ek Sejmu Marek Kuchci\u0144ski: Uczelnia nie zapomnia\u0142a o swoim Profesorze, rektorze Wydzia\u0142u Prawa, kt\u00f3ry po\u015bwi\u0119ci\u0142 jej\u00a028 lat swojego \u017cycia. Polityka, naukowca, wybitnego teoretyka prawa pracy Jego Alma Mater\u00a0uhonorowa\u0142a pami\u0105tkow\u0105 tablic\u0105. Jeden z inicjator\u00f3w tablicy, prezes Fundacji \u201eTo\u017csamo\u015b\u0107 i Solidarno\u015b\u0107\u201d Tomasz Rakowski uzasadnia\u0142, \u017ce [&hellip;]<\/p>","protected":false},"author":6,"featured_media":14012,"comment_status":"open","ping_status":"open","sticky":false,"template":"","format":"standard","meta":{"ngg_post_thumbnail":0,"footnotes":""},"categories":[82,77,3],"tags":[],"class_list":["post-13934","post","type-post","status-publish","format-standard","has-post-thumbnail","hentry","category-prawo-i-sprawiedliwosc","category-wazne-daty","category-wydarzenia"],"yoast_head":"<!-- This site is optimized with the Yoast SEO plugin v24.7 - https:\/\/yoast.com\/wordpress\/plugins\/seo\/ -->\n<title>Marsza\u0142ek Sejmu ods\u0142oni\u0142 tablic\u0119 ku pami\u0119ci profesora Uniwersytetu Gda\u0144skiego \u2013 prezydenta Lacha Kaczy\u0144skiego &#8211; Marek Kuchci\u0144ski<\/title>\n<meta name=\"robots\" content=\"index, follow, max-snippet:-1, max-image-preview:large, max-video-preview:-1\" \/>\n<link rel=\"canonical\" href=\"https:\/\/marekkuchcinski.pl\/hu\/wazne-daty\/marszalek-sejmu-odslonil-tablice-ku-pamieci-profesora-uniwersytetu-gdanskiego-prezydenta-lacha-kaczynskiego\/\" \/>\n<meta property=\"og:locale\" content=\"hu_HU\" \/>\n<meta property=\"og:type\" content=\"article\" \/>\n<meta property=\"og:title\" content=\"Marsza\u0142ek Sejmu ods\u0142oni\u0142 tablic\u0119 ku pami\u0119ci profesora Uniwersytetu Gda\u0144skiego \u2013 prezydenta Lacha Kaczy\u0144skiego &#8211; Marek Kuchci\u0144ski\" \/>\n<meta property=\"og:description\" content=\"Uniwersytet Gda\u0144ski wkroczy\u0142 w rok rozpocz\u0119cia obchod\u00f3w 50-lecia swojego istnienia. Jak powiedzia\u0142 marsza\u0142ek Sejmu Marek Kuchci\u0144ski: Uczelnia nie zapomnia\u0142a o swoim Profesorze, rektorze Wydzia\u0142u Prawa, kt\u00f3ry po\u015bwi\u0119ci\u0142 jej\u00a028 lat swojego \u017cycia. Polityka, naukowca, wybitnego teoretyka prawa pracy Jego Alma Mater\u00a0uhonorowa\u0142a pami\u0105tkow\u0105 tablic\u0105. Jeden z inicjator\u00f3w tablicy, prezes Fundacji \u201eTo\u017csamo\u015b\u0107 i Solidarno\u015b\u0107\u201d Tomasz Rakowski uzasadnia\u0142, \u017ce [&hellip;]\" \/>\n<meta property=\"og:url\" content=\"https:\/\/marekkuchcinski.pl\/hu\/wazne-daty\/marszalek-sejmu-odslonil-tablice-ku-pamieci-profesora-uniwersytetu-gdanskiego-prezydenta-lacha-kaczynskiego\/\" \/>\n<meta property=\"og:site_name\" content=\"Marek Kuchci\u0144ski\" \/>\n<meta property=\"article:published_time\" content=\"2019-03-21T11:57:33+00:00\" \/>\n<meta property=\"article:modified_time\" content=\"2019-03-22T12:42:39+00:00\" \/>\n<meta property=\"og:image\" content=\"https:\/\/marekkuchcinski.pl\/wp-content\/uploads\/2019\/03\/m-i-lk.jpg\" \/>\n\t<meta property=\"og:image:width\" content=\"2048\" \/>\n\t<meta property=\"og:image:height\" content=\"1143\" \/>\n\t<meta property=\"og:image:type\" content=\"image\/jpeg\" \/>\n<meta name=\"author\" content=\"admin\" \/>\n<meta name=\"twitter:card\" content=\"summary_large_image\" \/>\n<meta name=\"twitter:label1\" content=\"Szerz\u0151:\" \/>\n\t<meta name=\"twitter:data1\" content=\"admin\" \/>\n\t<meta name=\"twitter:label2\" content=\"Becs\u00fclt olvas\u00e1si id\u0151\" \/>\n\t<meta name=\"twitter:data2\" content=\"4 perc\" \/>\n<script type=\"application\/ld+json\" class=\"yoast-schema-graph\">{\"@context\":\"https:\/\/schema.org\",\"@graph\":[{\"@type\":\"Article\",\"@id\":\"https:\/\/marekkuchcinski.pl\/en\/wazne-daty\/marszalek-sejmu-odslonil-tablice-ku-pamieci-profesora-uniwersytetu-gdanskiego-prezydenta-lacha-kaczynskiego\/#article\",\"isPartOf\":{\"@id\":\"https:\/\/marekkuchcinski.pl\/en\/wazne-daty\/marszalek-sejmu-odslonil-tablice-ku-pamieci-profesora-uniwersytetu-gdanskiego-prezydenta-lacha-kaczynskiego\/\"},\"author\":{\"name\":\"admin\",\"@id\":\"https:\/\/marekkuchcinski.pl\/#\/schema\/person\/6f62700996b4d950b6ea2d1183b6c6be\"},\"headline\":\"Marsza\u0142ek Sejmu ods\u0142oni\u0142 tablic\u0119 ku pami\u0119ci profesora Uniwersytetu Gda\u0144skiego \u2013 prezydenta Lacha Kaczy\u0144skiego\",\"datePublished\":\"2019-03-21T11:57:33+00:00\",\"dateModified\":\"2019-03-22T12:42:39+00:00\",\"mainEntityOfPage\":{\"@id\":\"https:\/\/marekkuchcinski.pl\/en\/wazne-daty\/marszalek-sejmu-odslonil-tablice-ku-pamieci-profesora-uniwersytetu-gdanskiego-prezydenta-lacha-kaczynskiego\/\"},\"wordCount\":732,\"commentCount\":0,\"publisher\":{\"@id\":\"https:\/\/marekkuchcinski.pl\/#organization\"},\"image\":{\"@id\":\"https:\/\/marekkuchcinski.pl\/en\/wazne-daty\/marszalek-sejmu-odslonil-tablice-ku-pamieci-profesora-uniwersytetu-gdanskiego-prezydenta-lacha-kaczynskiego\/#primaryimage\"},\"thumbnailUrl\":\"https:\/\/marekkuchcinski.pl\/wp-content\/uploads\/2019\/03\/m-i-lk.jpg\",\"articleSection\":[\"Prawo i Sprawiedliwo\u015b\u0107\",\"Wa\u017cne daty\",\"Wydarzenia\"],\"inLanguage\":\"hu\",\"potentialAction\":[{\"@type\":\"CommentAction\",\"name\":\"Comment\",\"target\":[\"https:\/\/marekkuchcinski.pl\/en\/wazne-daty\/marszalek-sejmu-odslonil-tablice-ku-pamieci-profesora-uniwersytetu-gdanskiego-prezydenta-lacha-kaczynskiego\/#respond\"]}]},{\"@type\":\"WebPage\",\"@id\":\"https:\/\/marekkuchcinski.pl\/en\/wazne-daty\/marszalek-sejmu-odslonil-tablice-ku-pamieci-profesora-uniwersytetu-gdanskiego-prezydenta-lacha-kaczynskiego\/\",\"url\":\"https:\/\/marekkuchcinski.pl\/en\/wazne-daty\/marszalek-sejmu-odslonil-tablice-ku-pamieci-profesora-uniwersytetu-gdanskiego-prezydenta-lacha-kaczynskiego\/\",\"name\":\"Marsza\u0142ek Sejmu ods\u0142oni\u0142 tablic\u0119 ku pami\u0119ci profesora Uniwersytetu Gda\u0144skiego \u2013 prezydenta Lacha Kaczy\u0144skiego &#8211; Marek Kuchci\u0144ski\",\"isPartOf\":{\"@id\":\"https:\/\/marekkuchcinski.pl\/#website\"},\"primaryImageOfPage\":{\"@id\":\"https:\/\/marekkuchcinski.pl\/en\/wazne-daty\/marszalek-sejmu-odslonil-tablice-ku-pamieci-profesora-uniwersytetu-gdanskiego-prezydenta-lacha-kaczynskiego\/#primaryimage\"},\"image\":{\"@id\":\"https:\/\/marekkuchcinski.pl\/en\/wazne-daty\/marszalek-sejmu-odslonil-tablice-ku-pamieci-profesora-uniwersytetu-gdanskiego-prezydenta-lacha-kaczynskiego\/#primaryimage\"},\"thumbnailUrl\":\"https:\/\/marekkuchcinski.pl\/wp-content\/uploads\/2019\/03\/m-i-lk.jpg\",\"datePublished\":\"2019-03-21T11:57:33+00:00\",\"dateModified\":\"2019-03-22T12:42:39+00:00\",\"breadcrumb\":{\"@id\":\"https:\/\/marekkuchcinski.pl\/en\/wazne-daty\/marszalek-sejmu-odslonil-tablice-ku-pamieci-profesora-uniwersytetu-gdanskiego-prezydenta-lacha-kaczynskiego\/#breadcrumb\"},\"inLanguage\":\"hu\",\"potentialAction\":[{\"@type\":\"ReadAction\",\"target\":[\"https:\/\/marekkuchcinski.pl\/en\/wazne-daty\/marszalek-sejmu-odslonil-tablice-ku-pamieci-profesora-uniwersytetu-gdanskiego-prezydenta-lacha-kaczynskiego\/\"]}]},{\"@type\":\"ImageObject\",\"inLanguage\":\"hu\",\"@id\":\"https:\/\/marekkuchcinski.pl\/en\/wazne-daty\/marszalek-sejmu-odslonil-tablice-ku-pamieci-profesora-uniwersytetu-gdanskiego-prezydenta-lacha-kaczynskiego\/#primaryimage\",\"url\":\"https:\/\/marekkuchcinski.pl\/wp-content\/uploads\/2019\/03\/m-i-lk.jpg\",\"contentUrl\":\"https:\/\/marekkuchcinski.pl\/wp-content\/uploads\/2019\/03\/m-i-lk.jpg\",\"width\":2048,\"height\":1143},{\"@type\":\"BreadcrumbList\",\"@id\":\"https:\/\/marekkuchcinski.pl\/en\/wazne-daty\/marszalek-sejmu-odslonil-tablice-ku-pamieci-profesora-uniwersytetu-gdanskiego-prezydenta-lacha-kaczynskiego\/#breadcrumb\",\"itemListElement\":[{\"@type\":\"ListItem\",\"position\":1,\"name\":\"Strona g\u0142\u00f3wna\",\"item\":\"https:\/\/marekkuchcinski.pl\/\"},{\"@type\":\"ListItem\",\"position\":2,\"name\":\"Marsza\u0142ek Sejmu ods\u0142oni\u0142 tablic\u0119 ku pami\u0119ci profesora Uniwersytetu Gda\u0144skiego \u2013 prezydenta Lacha Kaczy\u0144skiego\"}]},{\"@type\":\"WebSite\",\"@id\":\"https:\/\/marekkuchcinski.pl\/#website\",\"url\":\"https:\/\/marekkuchcinski.pl\/\",\"name\":\"Marek Kuchci\u0144ski\",\"description\":\"Pose\u0142 na sejm RP &ndash; okr\u0119g nr 22\",\"publisher\":{\"@id\":\"https:\/\/marekkuchcinski.pl\/#organization\"},\"potentialAction\":[{\"@type\":\"SearchAction\",\"target\":{\"@type\":\"EntryPoint\",\"urlTemplate\":\"https:\/\/marekkuchcinski.pl\/?s={search_term_string}\"},\"query-input\":{\"@type\":\"PropertyValueSpecification\",\"valueRequired\":true,\"valueName\":\"search_term_string\"}}],\"inLanguage\":\"hu\"},{\"@type\":\"Organization\",\"@id\":\"https:\/\/marekkuchcinski.pl\/#organization\",\"name\":\"Marek Kuchci\u0144ski\",\"url\":\"https:\/\/marekkuchcinski.pl\/\",\"logo\":{\"@type\":\"ImageObject\",\"inLanguage\":\"hu\",\"@id\":\"https:\/\/marekkuchcinski.pl\/#\/schema\/logo\/image\/\",\"url\":\"https:\/\/marekkuchcinski.pl\/wp-content\/uploads\/2022\/09\/Marek.jpg\",\"contentUrl\":\"https:\/\/marekkuchcinski.pl\/wp-content\/uploads\/2022\/09\/Marek.jpg\",\"width\":1600,\"height\":971,\"caption\":\"Marek Kuchci\u0144ski\"},\"image\":{\"@id\":\"https:\/\/marekkuchcinski.pl\/#\/schema\/logo\/image\/\"}},{\"@type\":\"Person\",\"@id\":\"https:\/\/marekkuchcinski.pl\/#\/schema\/person\/6f62700996b4d950b6ea2d1183b6c6be\",\"name\":\"admin\",\"image\":{\"@type\":\"ImageObject\",\"inLanguage\":\"hu\",\"@id\":\"https:\/\/marekkuchcinski.pl\/#\/schema\/person\/image\/\",\"url\":\"https:\/\/secure.gravatar.com\/avatar\/4bab693b9d55c3d6b52c0296a8765085?s=96&d=mm&r=g\",\"contentUrl\":\"https:\/\/secure.gravatar.com\/avatar\/4bab693b9d55c3d6b52c0296a8765085?s=96&d=mm&r=g\",\"caption\":\"admin\"},\"url\":\"https:\/\/marekkuchcinski.pl\/hu\/author\/marta-olejnik\/\"}]}<\/script>\n<!-- \/ Yoast SEO plugin. -->","yoast_head_json":{"title":"Marsza\u0142ek Sejmu ods\u0142oni\u0142 tablic\u0119 ku pami\u0119ci profesora Uniwersytetu Gda\u0144skiego \u2013 prezydenta Lacha Kaczy\u0144skiego &#8211; Marek Kuchci\u0144ski","robots":{"index":"index","follow":"follow","max-snippet":"max-snippet:-1","max-image-preview":"max-image-preview:large","max-video-preview":"max-video-preview:-1"},"canonical":"https:\/\/marekkuchcinski.pl\/hu\/wazne-daty\/marszalek-sejmu-odslonil-tablice-ku-pamieci-profesora-uniwersytetu-gdanskiego-prezydenta-lacha-kaczynskiego\/","og_locale":"hu_HU","og_type":"article","og_title":"Marsza\u0142ek Sejmu ods\u0142oni\u0142 tablic\u0119 ku pami\u0119ci profesora Uniwersytetu Gda\u0144skiego \u2013 prezydenta Lacha Kaczy\u0144skiego &#8211; Marek Kuchci\u0144ski","og_description":"Uniwersytet Gda\u0144ski wkroczy\u0142 w rok rozpocz\u0119cia obchod\u00f3w 50-lecia swojego istnienia. Jak powiedzia\u0142 marsza\u0142ek Sejmu Marek Kuchci\u0144ski: Uczelnia nie zapomnia\u0142a o swoim Profesorze, rektorze Wydzia\u0142u Prawa, kt\u00f3ry po\u015bwi\u0119ci\u0142 jej\u00a028 lat swojego \u017cycia. Polityka, naukowca, wybitnego teoretyka prawa pracy Jego Alma Mater\u00a0uhonorowa\u0142a pami\u0105tkow\u0105 tablic\u0105. Jeden z inicjator\u00f3w tablicy, prezes Fundacji \u201eTo\u017csamo\u015b\u0107 i Solidarno\u015b\u0107\u201d Tomasz Rakowski uzasadnia\u0142, \u017ce [&hellip;]","og_url":"https:\/\/marekkuchcinski.pl\/hu\/wazne-daty\/marszalek-sejmu-odslonil-tablice-ku-pamieci-profesora-uniwersytetu-gdanskiego-prezydenta-lacha-kaczynskiego\/","og_site_name":"Marek Kuchci\u0144ski","article_published_time":"2019-03-21T11:57:33+00:00","article_modified_time":"2019-03-22T12:42:39+00:00","og_image":[{"width":2048,"height":1143,"url":"https:\/\/marekkuchcinski.pl\/wp-content\/uploads\/2019\/03\/m-i-lk.jpg","type":"image\/jpeg"}],"author":"admin","twitter_card":"summary_large_image","twitter_misc":{"Szerz\u0151:":"admin","Becs\u00fclt olvas\u00e1si id\u0151":"4 perc"},"schema":{"@context":"https:\/\/schema.org","@graph":[{"@type":"Article","@id":"https:\/\/marekkuchcinski.pl\/en\/wazne-daty\/marszalek-sejmu-odslonil-tablice-ku-pamieci-profesora-uniwersytetu-gdanskiego-prezydenta-lacha-kaczynskiego\/#article","isPartOf":{"@id":"https:\/\/marekkuchcinski.pl\/en\/wazne-daty\/marszalek-sejmu-odslonil-tablice-ku-pamieci-profesora-uniwersytetu-gdanskiego-prezydenta-lacha-kaczynskiego\/"},"author":{"name":"admin","@id":"https:\/\/marekkuchcinski.pl\/#\/schema\/person\/6f62700996b4d950b6ea2d1183b6c6be"},"headline":"Marsza\u0142ek Sejmu ods\u0142oni\u0142 tablic\u0119 ku pami\u0119ci profesora Uniwersytetu Gda\u0144skiego \u2013 prezydenta Lacha Kaczy\u0144skiego","datePublished":"2019-03-21T11:57:33+00:00","dateModified":"2019-03-22T12:42:39+00:00","mainEntityOfPage":{"@id":"https:\/\/marekkuchcinski.pl\/en\/wazne-daty\/marszalek-sejmu-odslonil-tablice-ku-pamieci-profesora-uniwersytetu-gdanskiego-prezydenta-lacha-kaczynskiego\/"},"wordCount":732,"commentCount":0,"publisher":{"@id":"https:\/\/marekkuchcinski.pl\/#organization"},"image":{"@id":"https:\/\/marekkuchcinski.pl\/en\/wazne-daty\/marszalek-sejmu-odslonil-tablice-ku-pamieci-profesora-uniwersytetu-gdanskiego-prezydenta-lacha-kaczynskiego\/#primaryimage"},"thumbnailUrl":"https:\/\/marekkuchcinski.pl\/wp-content\/uploads\/2019\/03\/m-i-lk.jpg","articleSection":["Prawo i Sprawiedliwo\u015b\u0107","Wa\u017cne daty","Wydarzenia"],"inLanguage":"hu","potentialAction":[{"@type":"CommentAction","name":"Comment","target":["https:\/\/marekkuchcinski.pl\/en\/wazne-daty\/marszalek-sejmu-odslonil-tablice-ku-pamieci-profesora-uniwersytetu-gdanskiego-prezydenta-lacha-kaczynskiego\/#respond"]}]},{"@type":"WebPage","@id":"https:\/\/marekkuchcinski.pl\/en\/wazne-daty\/marszalek-sejmu-odslonil-tablice-ku-pamieci-profesora-uniwersytetu-gdanskiego-prezydenta-lacha-kaczynskiego\/","url":"https:\/\/marekkuchcinski.pl\/en\/wazne-daty\/marszalek-sejmu-odslonil-tablice-ku-pamieci-profesora-uniwersytetu-gdanskiego-prezydenta-lacha-kaczynskiego\/","name":"Marsza\u0142ek Sejmu ods\u0142oni\u0142 tablic\u0119 ku pami\u0119ci profesora Uniwersytetu Gda\u0144skiego \u2013 prezydenta Lacha Kaczy\u0144skiego &#8211; Marek Kuchci\u0144ski","isPartOf":{"@id":"https:\/\/marekkuchcinski.pl\/#website"},"primaryImageOfPage":{"@id":"https:\/\/marekkuchcinski.pl\/en\/wazne-daty\/marszalek-sejmu-odslonil-tablice-ku-pamieci-profesora-uniwersytetu-gdanskiego-prezydenta-lacha-kaczynskiego\/#primaryimage"},"image":{"@id":"https:\/\/marekkuchcinski.pl\/en\/wazne-daty\/marszalek-sejmu-odslonil-tablice-ku-pamieci-profesora-uniwersytetu-gdanskiego-prezydenta-lacha-kaczynskiego\/#primaryimage"},"thumbnailUrl":"https:\/\/marekkuchcinski.pl\/wp-content\/uploads\/2019\/03\/m-i-lk.jpg","datePublished":"2019-03-21T11:57:33+00:00","dateModified":"2019-03-22T12:42:39+00:00","breadcrumb":{"@id":"https:\/\/marekkuchcinski.pl\/en\/wazne-daty\/marszalek-sejmu-odslonil-tablice-ku-pamieci-profesora-uniwersytetu-gdanskiego-prezydenta-lacha-kaczynskiego\/#breadcrumb"},"inLanguage":"hu","potentialAction":[{"@type":"ReadAction","target":["https:\/\/marekkuchcinski.pl\/en\/wazne-daty\/marszalek-sejmu-odslonil-tablice-ku-pamieci-profesora-uniwersytetu-gdanskiego-prezydenta-lacha-kaczynskiego\/"]}]},{"@type":"ImageObject","inLanguage":"hu","@id":"https:\/\/marekkuchcinski.pl\/en\/wazne-daty\/marszalek-sejmu-odslonil-tablice-ku-pamieci-profesora-uniwersytetu-gdanskiego-prezydenta-lacha-kaczynskiego\/#primaryimage","url":"https:\/\/marekkuchcinski.pl\/wp-content\/uploads\/2019\/03\/m-i-lk.jpg","contentUrl":"https:\/\/marekkuchcinski.pl\/wp-content\/uploads\/2019\/03\/m-i-lk.jpg","width":2048,"height":1143},{"@type":"BreadcrumbList","@id":"https:\/\/marekkuchcinski.pl\/en\/wazne-daty\/marszalek-sejmu-odslonil-tablice-ku-pamieci-profesora-uniwersytetu-gdanskiego-prezydenta-lacha-kaczynskiego\/#breadcrumb","itemListElement":[{"@type":"ListItem","position":1,"name":"Strona g\u0142\u00f3wna","item":"https:\/\/marekkuchcinski.pl\/"},{"@type":"ListItem","position":2,"name":"Marsza\u0142ek Sejmu ods\u0142oni\u0142 tablic\u0119 ku pami\u0119ci profesora Uniwersytetu Gda\u0144skiego \u2013 prezydenta Lacha Kaczy\u0144skiego"}]},{"@type":"WebSite","@id":"https:\/\/marekkuchcinski.pl\/#website","url":"https:\/\/marekkuchcinski.pl\/","name":"Marek Kuchci\u0144ski","description":"Pose\u0142 na sejm RP &ndash; okr\u0119g nr 22","publisher":{"@id":"https:\/\/marekkuchcinski.pl\/#organization"},"potentialAction":[{"@type":"SearchAction","target":{"@type":"EntryPoint","urlTemplate":"https:\/\/marekkuchcinski.pl\/?s={search_term_string}"},"query-input":{"@type":"PropertyValueSpecification","valueRequired":true,"valueName":"search_term_string"}}],"inLanguage":"hu"},{"@type":"Organization","@id":"https:\/\/marekkuchcinski.pl\/#organization","name":"Marek Kuchci\u0144ski","url":"https:\/\/marekkuchcinski.pl\/","logo":{"@type":"ImageObject","inLanguage":"hu","@id":"https:\/\/marekkuchcinski.pl\/#\/schema\/logo\/image\/","url":"https:\/\/marekkuchcinski.pl\/wp-content\/uploads\/2022\/09\/Marek.jpg","contentUrl":"https:\/\/marekkuchcinski.pl\/wp-content\/uploads\/2022\/09\/Marek.jpg","width":1600,"height":971,"caption":"Marek Kuchci\u0144ski"},"image":{"@id":"https:\/\/marekkuchcinski.pl\/#\/schema\/logo\/image\/"}},{"@type":"Person","@id":"https:\/\/marekkuchcinski.pl\/#\/schema\/person\/6f62700996b4d950b6ea2d1183b6c6be","name":"admin","image":{"@type":"ImageObject","inLanguage":"hu","@id":"https:\/\/marekkuchcinski.pl\/#\/schema\/person\/image\/","url":"https:\/\/secure.gravatar.com\/avatar\/4bab693b9d55c3d6b52c0296a8765085?s=96&d=mm&r=g","contentUrl":"https:\/\/secure.gravatar.com\/avatar\/4bab693b9d55c3d6b52c0296a8765085?s=96&d=mm&r=g","caption":"admin"},"url":"https:\/\/marekkuchcinski.pl\/hu\/author\/marta-olejnik\/"}]}},"_links":{"self":[{"href":"https:\/\/marekkuchcinski.pl\/hu\/wp-json\/wp\/v2\/posts\/13934","targetHints":{"allow":["GET"]}}],"collection":[{"href":"https:\/\/marekkuchcinski.pl\/hu\/wp-json\/wp\/v2\/posts"}],"about":[{"href":"https:\/\/marekkuchcinski.pl\/hu\/wp-json\/wp\/v2\/types\/post"}],"author":[{"embeddable":true,"href":"https:\/\/marekkuchcinski.pl\/hu\/wp-json\/wp\/v2\/users\/6"}],"replies":[{"embeddable":true,"href":"https:\/\/marekkuchcinski.pl\/hu\/wp-json\/wp\/v2\/comments?post=13934"}],"version-history":[{"count":31,"href":"https:\/\/marekkuchcinski.pl\/hu\/wp-json\/wp\/v2\/posts\/13934\/revisions"}],"predecessor-version":[{"id":14042,"href":"https:\/\/marekkuchcinski.pl\/hu\/wp-json\/wp\/v2\/posts\/13934\/revisions\/14042"}],"wp:featuredmedia":[{"embeddable":true,"href":"https:\/\/marekkuchcinski.pl\/hu\/wp-json\/wp\/v2\/media\/14012"}],"wp:attachment":[{"href":"https:\/\/marekkuchcinski.pl\/hu\/wp-json\/wp\/v2\/media?parent=13934"}],"wp:term":[{"taxonomy":"category","embeddable":true,"href":"https:\/\/marekkuchcinski.pl\/hu\/wp-json\/wp\/v2\/categories?post=13934"},{"taxonomy":"post_tag","embeddable":true,"href":"https:\/\/marekkuchcinski.pl\/hu\/wp-json\/wp\/v2\/tags?post=13934"}],"curies":[{"name":"wp","href":"https:\/\/api.w.org\/{rel}","templated":true}]}}