{"id":13836,"date":"2019-03-17T23:22:24","date_gmt":"2019-03-17T22:22:24","guid":{"rendered":"https:\/\/marekkuchcinski.pl\/?p=13836"},"modified":"2019-03-20T22:49:17","modified_gmt":"2019-03-20T21:49:17","slug":"78-posiedzenie-sejmu","status":"publish","type":"post","link":"https:\/\/marekkuchcinski.pl\/hu\/wiesci-z-sejmu\/78-posiedzenie-sejmu\/","title":{"rendered":"A Szejm 78. \u00fcl\u00e9se"},"content":{"rendered":"<p dir=\"ltr\"><strong>A Szejm 78. \u00fcl\u00e9s\u00e9nek legfontosabb pontjai a k\u00fcl\u00fcgyminiszter expoz\u00e9ja \u00e9s t\u00f6bbek k\u00f6z\u00f6tt a k\u00f6vetkez\u0151k elfogad\u00e1sa voltak:<\/strong><\/p>\n<ul>\n<li dir=\"ltr\"><strong>a Lengyel Tudom\u00e1nyos Alapb\u00f3l a tudom\u00e1nyos tev\u00e9kenys\u00e9g t\u00e1mogat\u00e1s\u00e1r\u00f3l sz\u00f3l\u00f3 t\u00f6rv\u00e9ny\u00a0<\/strong><\/li>\n<li dir=\"ltr\"><strong>T\u00f6rv\u00e9ny a veter\u00e1nok \u00e9s az elnyom\u00e1s \u00e1ldozatai jogainak b\u0151v\u00edt\u00e9s\u00e9r\u0151l, valamint a hadirokkantak nyugd\u00edj\u00e1nak \u00e9vi 850 zloty \u00f6sszeg\u0171 kieg\u00e9sz\u00edt\u00e9s\u00e9r\u0151l\u00a0<\/strong><\/li>\n<li dir=\"ltr\"><strong>a korm\u00e1ny \u00e1ltal az \u00fagynevezett kem\u00e9ny Brexit eset\u00e9re el\u0151k\u00e9sz\u00edtett t\u00f6rv\u00e9nyek<\/strong><\/li>\n<li dir=\"ltr\"><strong>a p\u00e9nz\u00fcgyi piacfel\u00fcgyeletr\u0151l sz\u00f3l\u00f3 t\u00f6rv\u00e9ny\u00a0<\/strong><\/li>\n<\/ul>\n<p dir=\"ltr\"><span style=\"color: #ad1856;\"><strong>Jacek Czaputowicz a Lengyel K\u00f6zt\u00e1rsas\u00e1g eln\u00f6ke jelenl\u00e9t\u00e9ben t\u00e1j\u00e9koztatta a F\u0151tan\u00e1csot a lengyel k\u00fclpolitika 2019. \u00e9vi feladatair\u00f3l. Legfontosabb c\u00e9ljai a k\u00f6vetkez\u0151k:<\/strong><\/span><\/p>\n<ul>\n<li dir=\"ltr\">a polg\u00e1rok int\u00e9zm\u00e9nyekbe vetett bizalm\u00e1nak helyre\u00e1ll\u00edt\u00e1sa <span class=\"PrettyLink-prefix\">EU<\/span><\/li>\n<li dir=\"ltr\">helyre\u00e1ll\u00edt\u00e1sa\u00a0<span class=\"PrettyLink-prefix\">Eur\u00f3pai Uni\u00f3\u00a0<\/span>teljes, megk\u00e9rd\u0151jelezhetetlen legitimit\u00e1s<\/li>\n<li dir=\"ltr\"><span class=\"PrettyLink-prefix\">a kapacit\u00e1s helyre\u00e1ll\u00edt\u00e1sa <span class=\"PrettyLink-value\">EU<\/span> az emberek val\u00f3di probl\u00e9m\u00e1inak megold\u00e1sa\u00a0<\/span><\/li>\n<li dir=\"ltr\">strat\u00e9giai partners\u00e9g, az amerikai katonai jelenl\u00e9t kiterjeszt\u00e9se Lengyelorsz\u00e1gban a NATO keleti sz\u00e1rny\u00e1nak meger\u0151s\u00edt\u00e9se r\u00e9szek\u00e9nt<\/li>\n<li dir=\"ltr\">vita a h\u00e1bor\u00fas j\u00f3v\u00e1t\u00e9telr\u0151l<\/li>\n<li dir=\"ltr\">felsz\u00f3l\u00edtja Oroszorsz\u00e1got, hogy hajtsa v\u00e9gre az Eur\u00f3pa Tan\u00e1cs Parlamenti K\u00f6zgy\u0171l\u00e9s\u00e9nek hat\u00e1rozat\u00e1t, nevezetesen adja \u00e1t Lengyelorsz\u00e1gnak a Tu-154-es eln\u00f6ki rep\u00fcl\u0151g\u00e9p roncsait<\/li>\n<li dir=\"ltr\">j\u00f3 egy\u00fcttm\u0171k\u00f6d\u00e9s Izraellel \u00e9s a sztereot\u00edpi\u00e1k elleni k\u00fczdelem<\/li>\n<li dir=\"ltr\">region\u00e1lis egy\u00fcttm\u0171k\u00f6d\u00e9s K\u00f6z\u00e9p-Eur\u00f3p\u00e1ban, a V4-eken bel\u00fcl \u00e9s N\u00e9metorsz\u00e1ggal<\/li>\n<li dir=\"ltr\">az \u00e1zsiai orsz\u00e1gokkal val\u00f3 kapcsolatok er\u0151s\u00edt\u00e9se<\/li>\n<li dir=\"ltr\">humanit\u00e1rius seg\u00edts\u00e9gny\u00fajt\u00e1s<\/li>\n<\/ul>\n<p><span style=\"color: #ad1856;\"><strong>A miniszter eml\u00e9keztetett a fontos \u00e9vfordul\u00f3kra is, amelyeket Lengyelorsz\u00e1g 2019-ben \u00fcnnepel:<\/strong><\/span><\/p>\n<ul>\n<li>20. Lengyelorsz\u00e1g NATO-csatlakoz\u00e1sa<\/li>\n<li>15. Lengyelorsz\u00e1g csatlakoz\u00e1sa a <span class=\"PrettyLink-prefix\">EU<\/span><\/li>\n<li>A Szolidarit\u00e1s 1989. j\u00fanius 4-i v\u00e1laszt\u00e1si gy\u0151zelm\u00e9nek 30. \u00e9vfordul\u00f3ja<\/li>\n<li>A Lengyel-Litv\u00e1n Uni\u00f3 megalakul\u00e1s\u00e1nak 450. \u00e9vfordul\u00f3ja<\/li>\n<li>75. vars\u00f3i felkel\u00e9s<\/li>\n<li>A 2. vil\u00e1gh\u00e1bor\u00fa 80. kit\u00f6r\u00e9se<\/li>\n<\/ul>\n<p dir=\"ltr\">A Szejm elfogadta <strong><span style=\"color: #000000;\">a Lengyel Tudom\u00e1nyos Alapb\u00f3l t\u00f6rt\u00e9n\u0151 tudom\u00e1nyos tev\u00e9kenys\u00e9g t\u00e1mogat\u00e1s\u00e1r\u00f3l sz\u00f3l\u00f3 t\u00f6rv\u00e9ny<\/span>.<\/strong> \u00daj mechanizmus bevezet\u00e9s\u00e9r\u0151l rendelkezik a tudom\u00e1nyos kutat\u00e1s \u00e9s annak kereskedelmi hasznos\u00edt\u00e1sa finansz\u00edroz\u00e1s\u00e1ra. Ez \u00e1ll\u00edt\u00f3lag az innovat\u00edv \u00e9s versenyk\u00e9pes term\u00e9kek el\u0151\u00e1ll\u00edt\u00e1sa sor\u00e1n alkalmazand\u00f3 \u00f6tletek alacsony kereskedelmi hasznos\u00edt\u00e1s\u00e1nak egyik megold\u00e1si m\u00f3dja.<\/p>\n<p dir=\"ltr\">A Szejm \u00fagy d\u00f6nt\u00f6tt\u00a0<strong>a h\u00e1bor\u00fas veter\u00e1nok \u00e9s az elnyom\u00e1s \u00e1ldozatai jogainak kiterjeszt\u00e9s\u00e9r\u0151l, valamint a h\u00e1bor\u00fas rokkantaknak \u00e9vente 850 PLN \u00f6sszeg\u0171 nyugd\u00edj-kieg\u00e9sz\u00edt\u00e9s biztos\u00edt\u00e1s\u00e1r\u00f3l<\/strong>. A v\u00e1ltoz\u00e1sok t\u00f6bbek k\u00f6z\u00f6tt a veter\u00e1nok \u00e9s a h\u00e1bor\u00fa \u00e9s a h\u00e1bor\u00fa ut\u00e1ni elnyom\u00e1s \u00e1ldozatainak jogosults\u00e1gait \u00e9rintik. A k\u00fclf\u00f6ld\u00f6n \u00e9l\u0151 h\u00e1bor\u00fas \u00e9s hadirokkantak is r\u00e9szes\u00fclhetnek majd ell\u00e1t\u00e1sban.<\/p>\n<p dir=\"ltr\">A Szejm elfogadta\u00a0<strong>a korm\u00e1ny \u00e1ltal az \u00fagynevezett kem\u00e9ny Brexit eset\u00e9re el\u0151k\u00e9sz\u00edtett t\u00f6rv\u00e9nyek.<\/strong>\u00a0Az \u00faj rendeletek t\u00f6bbek k\u00f6z\u00f6tt a brit \u00e1llampolg\u00e1rok lengyelorsz\u00e1gi tart\u00f3zkod\u00e1s\u00e1nak elveit meghat\u00e1roz\u00f3 rendelkez\u00e9sekre, a Nagy-Britanni\u00e1ban szerzett szakmai k\u00e9pes\u00edt\u00e9sek elismer\u00e9s\u00e9re, valamint a Nagy-Britanni\u00e1ban sz\u00e9khellyel rendelkez\u0151 p\u00e9nz\u00fcgyi int\u00e9zm\u00e9nyek lengyel \u00fcgyfelei \u00e9rdekeinek v\u00e9delm\u00e9re vonatkoznak.<\/p>\n<p dir=\"ltr\">A Szejm elfogadta a n<strong>a p\u00e9nz\u00fcgyi piacfel\u00fcgyeletr\u0151l sz\u00f3l\u00f3 t\u00f6rv\u00e9ny m\u00f3dos\u00edt\u00e1sa.<\/strong> \u00a0A m\u00f3dos\u00edt\u00e1sok c\u00e9lja az \u00e9rt\u00e9kpap\u00edros\u00edt\u00e1s \u00e1ltal\u00e1nos keret\u00e9nek l\u00e9trehoz\u00e1s\u00e1r\u00f3l sz\u00f3l\u00f3, 2017. december 12-i uni\u00f3s rendelet hat\u00e9kony v\u00e9grehajt\u00e1s\u00e1nak biztos\u00edt\u00e1sa.<\/p>\n<p dir=\"ltr\">A k\u00e9pvisel\u0151k a k\u00f6vetkez\u0151 \u00e1ll\u00e1sfoglal\u00e1st fogadt\u00e1k el <strong>a m\u00e1jusi v\u00e1laszt\u00e1sokon megv\u00e1lasztott eur\u00f3pai parlamenti k\u00e9pvisel\u0151k kijel\u00f6l\u00e9s\u00e9re vonatkoz\u00f3 szab\u00e1lyokr\u00f3l sz\u00f3l\u00f3 t\u00f6rv\u00e9nyt<\/strong>Olyan megold\u00e1st vezettek be, amely szerint az 52. v\u00e1laszt\u00e1si ar\u00e1nysz\u00e1mnak megfelel\u0151 mand\u00e1tummal rendelkez\u0151 bizotts\u00e1g jel\u00f6ltjei k\u00f6z\u00fcl az a jel\u00f6lt, akit a t\u00f6rv\u00e9nyhoz\u00f3 a legkevesebb szavazatot kapott, a legkev\u00e9sb\u00e9 legitimnek tart a mand\u00e1tum elfoglal\u00e1s\u00e1ra.<\/p>\n<p dir=\"ltr\">Sejm <strong>t\u00f6bb t\u00f6rv\u00e9nyt m\u00f3dos\u00edtott a szerkezet\u00e1talak\u00edt\u00e1si tan\u00e1csad\u00f3i szakma gyakorl\u00e1s\u00e1nak fokozott ellen\u0151rz\u00e9se \u00e9rdek\u00e9ben<\/strong>. A kamara d\u00f6nt\u00e9se alapj\u00e1n a tan\u00e1csad\u00f3k az igazs\u00e1g\u00fcgyi miniszter fel\u00fcgyelete al\u00e1 is tartoznak. A m\u00f3dos\u00edt\u00e1s c\u00e9lja t\u00f6bbek k\u00f6z\u00f6tt a szerkezet\u00e1talak\u00edt\u00e1si tan\u00e1csad\u00f3k tev\u00e9kenys\u00e9ge feletti fel\u00fcgyelet meger\u0151s\u00edt\u00e9se \u00e9s a kinevez\u00e9si rendszer \u00e1tl\u00e1that\u00f3s\u00e1g\u00e1nak n\u00f6vel\u00e9se.<\/p>\n<p dir=\"ltr\">A Szejm m\u00f3dos\u00edtotta\u00a0<strong>a k\u00f6z\u00fati k\u00f6zleked\u00e9sr\u0151l sz\u00f3l\u00f3 t\u00f6rv\u00e9ny \u00e9s a b\u00fcntet\u0151 t\u00f6rv\u00e9nyk\u00f6nyv.<\/strong> Az elfogadott m\u00f3dos\u00edt\u00e1sok c\u00e9lja a kilom\u00e9ter-sz\u00e1ml\u00e1l\u00f3k hamis\u00edt\u00e1s\u00e1nak gyakorlat\u00e1val szembeni fell\u00e9p\u00e9s. A javasolt rendelkez\u00e9sek egy olyan jogh\u00e9zagot p\u00f3tolnak, amely lehetetlenn\u00e9 teszi a hamis\u00edt\u00e1si csal\u00e1s elk\u00f6vet\u0151j\u00e9nek azonos\u00edt\u00e1s\u00e1t, ha a felaj\u00e1nlott j\u00e1rm\u0171 nem az els\u0151 tulajdonost\u00f3l sz\u00e1rmazik. A m\u00f3dos\u00edt\u00e1s c\u00e9lja tov\u00e1bb\u00e1, hogy megsz\u00fcntesse a j\u00e1rm\u0171 kilom\u00e9ter-sz\u00e1ml\u00e1l\u00f3j\u00e1nak cs\u00f6kkent\u00e9s\u00e9re ir\u00e1nyul\u00f3 szolg\u00e1ltat\u00e1sok ny\u00fajt\u00e1s\u00e1nak gyakorlat\u00e1t.<\/p>\n<p dir=\"ltr\">A Szejm elfogadta\u00a0<strong>a kamara elj\u00e1r\u00e1si szab\u00e1lyzat\u00e1nak m\u00f3dos\u00edt\u00e1sai<\/strong>. A m\u00f3dos\u00edt\u00e1s t\u00f6bbek k\u00f6z\u00f6tt a parlamenti munka folyamataihoz val\u00f3 jobb hozz\u00e1f\u00e9r\u00e9st biztos\u00edtja a parlamenti albizotts\u00e1gi \u00fcl\u00e9sek teljes jegyz\u0151k\u00f6nyv\u00e9nek elk\u00e9sz\u00edt\u00e9se r\u00e9v\u00e9n.<\/p>\n<p dir=\"ltr\">Elfogadva <strong>Az ad\u00f3\u00fcgyi inform\u00e1ci\u00f3cser\u00e9r\u0151l sz\u00f3l\u00f3 t\u00f6rv\u00e9ny m\u00f3dos\u00edt\u00e1sa<\/strong> m\u00e1s orsz\u00e1gokkal m\u00f3dos\u00edtja az ad\u00f3\u00fcgyi inform\u00e1ci\u00f3cser\u00e9re vonatkoz\u00f3 szab\u00e1lyokat \u00e9s elj\u00e1r\u00e1st. A jogszab\u00e1ly a lengyel szab\u00e1lyoz\u00e1st az uni\u00f3s szab\u00e1lyoz\u00e1shoz igaz\u00edtja.<\/p>\n<p dir=\"ltr\">A Szejm m\u00f3dos\u00edtotta\u00a0<strong>a k\u00f6zutakra vonatkoz\u00f3 jogszab\u00e1lyok<\/strong>Ez lehet\u0151v\u00e9 teszi, hogy az \u00faj elektronikus \u00fatd\u00edjszed\u00e9si rendszer ki\u00e9p\u00edt\u00e9s\u00e9re egy \u00e1llami szervezetet v\u00e1lasszanak. A m\u00f3dos\u00edt\u00e1s megteremti az elektronikus \u00fatd\u00edj beszed\u00e9s\u00e9re haszn\u00e1lt IKT-rendszerekkel kapcsolatos szolg\u00e1ltat\u00e1sok ny\u00fajt\u00e1s\u00e1ra kijel\u00f6lt k\u00f6zint\u00e9zm\u00e9ny kijel\u00f6l\u00e9s\u00e9nek alapj\u00e1t.<\/p>\n<p dir=\"ltr\"><strong>A vid\u00e9ki h\u00e1ziasszonyi k\u00f6r\u00f6k nemcsak a falvakban m\u0171k\u00f6dhetnek majd<\/strong>de a v\u00e1roshat\u00e1ron bel\u00fcli falvak \u00e9s az 5000 lakos\u00fa v\u00e1rosok ter\u00fclet\u00e9n is - a KGW-r\u0151l sz\u00f3l\u00f3 m\u00f3dos\u00edtott t\u00f6rv\u00e9ny el\u0151\u00edrja. A m\u00f3dos\u00edt\u00e1s a 2018 november\u00e9ben elfogadott, a vid\u00e9ki h\u00e1ziasszonyok k\u00f6r\u00e9r\u0151l sz\u00f3l\u00f3 t\u00f6rv\u00e9nyt m\u00f3dos\u00edtja, amely jogi szem\u00e9lyis\u00e9ggel ruh\u00e1zta fel a k\u00f6r\u00f6ket, \u00e9s lehet\u0151v\u00e9 tette sz\u00e1mukra a gazdas\u00e1gi tev\u00e9kenys\u00e9g folytat\u00e1s\u00e1t. Az e t\u00f6rv\u00e9ny alapj\u00e1n l\u00e9trehozott k\u00f6r\u00f6ket a Mez\u0151gazdas\u00e1gi Szerkezet\u00e1talak\u00edt\u00e1si \u00e9s Moderniz\u00e1ci\u00f3s \u00dcgyn\u00f6ks\u00e9gn\u00e9l kell nyilv\u00e1ntart\u00e1sba venni.<\/p>\n<p><em>fot\u00f3: marta olejnik<\/em><a href=\"https:\/\/marekkuchcinski.pl\/wp-content\/uploads\/2019\/03\/e3.jpg\"><img fetchpriority=\"high\" decoding=\"async\" class=\"alignnone size-full wp-image-13841\" src=\"https:\/\/marekkuchcinski.pl\/wp-content\/uploads\/2019\/03\/e3.jpg\" alt=\"e3\" width=\"2853\" height=\"3517\" srcset=\"https:\/\/marekkuchcinski.pl\/wp-content\/uploads\/2019\/03\/e3.jpg 1661w, https:\/\/marekkuchcinski.pl\/wp-content\/uploads\/2019\/03\/e3-243x300.jpg 243w, https:\/\/marekkuchcinski.pl\/wp-content\/uploads\/2019\/03\/e3-768x947.jpg 768w, https:\/\/marekkuchcinski.pl\/wp-content\/uploads\/2019\/03\/e3-831x1024.jpg 831w\" sizes=\"(max-width: 2853px) 100vw, 2853px\" \/><\/a> <a href=\"https:\/\/marekkuchcinski.pl\/wp-content\/uploads\/2019\/03\/e6.jpg\"><img decoding=\"async\" class=\"alignnone size-full wp-image-13842\" src=\"https:\/\/marekkuchcinski.pl\/wp-content\/uploads\/2019\/03\/e6.jpg\" alt=\"e6\" width=\"2896\" height=\"1924\" srcset=\"https:\/\/marekkuchcinski.pl\/wp-content\/uploads\/2019\/03\/e6.jpg 2048w, https:\/\/marekkuchcinski.pl\/wp-content\/uploads\/2019\/03\/e6-300x199.jpg 300w, https:\/\/marekkuchcinski.pl\/wp-content\/uploads\/2019\/03\/e6-768x510.jpg 768w, https:\/\/marekkuchcinski.pl\/wp-content\/uploads\/2019\/03\/e6-1024x680.jpg 1024w\" sizes=\"(max-width: 2896px) 100vw, 2896px\" \/><\/a><a href=\"https:\/\/marekkuchcinski.pl\/wp-content\/uploads\/2019\/03\/IMG_8960.jpg\"><img decoding=\"async\" class=\"alignnone size-full wp-image-13844\" src=\"https:\/\/marekkuchcinski.pl\/wp-content\/uploads\/2019\/03\/IMG_8960.jpg\" alt=\"IMG_8960\" width=\"5234\" height=\"2966\" srcset=\"https:\/\/marekkuchcinski.pl\/wp-content\/uploads\/2019\/03\/IMG_8960.jpg 2048w, https:\/\/marekkuchcinski.pl\/wp-content\/uploads\/2019\/03\/IMG_8960-300x170.jpg 300w, https:\/\/marekkuchcinski.pl\/wp-content\/uploads\/2019\/03\/IMG_8960-768x435.jpg 768w, https:\/\/marekkuchcinski.pl\/wp-content\/uploads\/2019\/03\/IMG_8960-1024x580.jpg 1024w\" sizes=\"(max-width: 5234px) 100vw, 5234px\" \/><\/a><\/p>","protected":false},"excerpt":{"rendered":"<p>Najwa\u017cniejszymi punktami 78. posiedzenia Sejmu by\u0142y expos\u00e9 ministra spraw zagranicznych oraz uchwalenie m.in.: ustawy o wspieraniu dzia\u0142alno\u015bci naukowej z Funduszu Polskiej Nauki\u00a0 ustawy o poszerzeniu uprawnie\u0144 kombatant\u00f3w i os\u00f3b b\u0119d\u0105cych ofiarami represji oraz o przyznaniu inwalidom wojennym corocznie 850 z\u0142 dodatku do renty\u00a0 ustaw przygotowanych przez rz\u0105d na wypadek tzw. twardego Brexitu ustawy o nadzorze [&hellip;]<\/p>","protected":false},"author":6,"featured_media":13839,"comment_status":"open","ping_status":"open","sticky":false,"template":"","format":"standard","meta":{"ngg_post_thumbnail":0,"footnotes":""},"categories":[82,81,3],"tags":[],"class_list":["post-13836","post","type-post","status-publish","format-standard","has-post-thumbnail","hentry","category-prawo-i-sprawiedliwosc","category-wiesci-z-sejmu","category-wydarzenia"],"yoast_head":"<!-- This site is optimized with the Yoast SEO plugin v24.7 - https:\/\/yoast.com\/wordpress\/plugins\/seo\/ -->\n<title>78. posiedzenie Sejmu &#8211; Marek Kuchci\u0144ski<\/title>\n<meta name=\"robots\" content=\"index, follow, max-snippet:-1, max-image-preview:large, max-video-preview:-1\" \/>\n<link rel=\"canonical\" href=\"https:\/\/marekkuchcinski.pl\/hu\/wiesci-z-sejmu\/78-posiedzenie-sejmu\/\" \/>\n<meta property=\"og:locale\" content=\"hu_HU\" \/>\n<meta property=\"og:type\" content=\"article\" \/>\n<meta property=\"og:title\" content=\"78. posiedzenie Sejmu &#8211; Marek Kuchci\u0144ski\" \/>\n<meta property=\"og:description\" content=\"Najwa\u017cniejszymi punktami 78. posiedzenia Sejmu by\u0142y expos\u00e9 ministra spraw zagranicznych oraz uchwalenie m.in.: ustawy o wspieraniu dzia\u0142alno\u015bci naukowej z Funduszu Polskiej Nauki\u00a0 ustawy o poszerzeniu uprawnie\u0144 kombatant\u00f3w i os\u00f3b b\u0119d\u0105cych ofiarami represji oraz o przyznaniu inwalidom wojennym corocznie 850 z\u0142 dodatku do renty\u00a0 ustaw przygotowanych przez rz\u0105d na wypadek tzw. twardego Brexitu ustawy o nadzorze [&hellip;]\" \/>\n<meta property=\"og:url\" content=\"https:\/\/marekkuchcinski.pl\/hu\/wiesci-z-sejmu\/78-posiedzenie-sejmu\/\" \/>\n<meta property=\"og:site_name\" content=\"Marek Kuchci\u0144ski\" \/>\n<meta property=\"article:published_time\" content=\"2019-03-17T22:22:24+00:00\" \/>\n<meta property=\"article:modified_time\" content=\"2019-03-20T21:49:17+00:00\" \/>\n<meta property=\"og:image\" content=\"https:\/\/marekkuchcinski.pl\/wp-content\/uploads\/2019\/03\/e2.jpg\" \/>\n\t<meta property=\"og:image:width\" content=\"1587\" \/>\n\t<meta property=\"og:image:height\" content=\"2048\" \/>\n\t<meta property=\"og:image:type\" content=\"image\/jpeg\" \/>\n<meta name=\"author\" content=\"admin\" \/>\n<meta name=\"twitter:card\" content=\"summary_large_image\" \/>\n<meta name=\"twitter:label1\" content=\"Szerz\u0151:\" \/>\n\t<meta name=\"twitter:data1\" content=\"admin\" \/>\n\t<meta name=\"twitter:label2\" content=\"Becs\u00fclt olvas\u00e1si id\u0151\" \/>\n\t<meta name=\"twitter:data2\" content=\"4 perc\" \/>\n<script type=\"application\/ld+json\" class=\"yoast-schema-graph\">{\"@context\":\"https:\/\/schema.org\",\"@graph\":[{\"@type\":\"Article\",\"@id\":\"https:\/\/marekkuchcinski.pl\/ro\/wiesci-z-sejmu\/78-posiedzenie-sejmu\/#article\",\"isPartOf\":{\"@id\":\"https:\/\/marekkuchcinski.pl\/ro\/wiesci-z-sejmu\/78-posiedzenie-sejmu\/\"},\"author\":{\"name\":\"admin\",\"@id\":\"https:\/\/marekkuchcinski.pl\/#\/schema\/person\/6f62700996b4d950b6ea2d1183b6c6be\"},\"headline\":\"78. posiedzenie Sejmu\",\"datePublished\":\"2019-03-17T22:22:24+00:00\",\"dateModified\":\"2019-03-20T21:49:17+00:00\",\"mainEntityOfPage\":{\"@id\":\"https:\/\/marekkuchcinski.pl\/ro\/wiesci-z-sejmu\/78-posiedzenie-sejmu\/\"},\"wordCount\":841,\"commentCount\":0,\"publisher\":{\"@id\":\"https:\/\/marekkuchcinski.pl\/#organization\"},\"image\":{\"@id\":\"https:\/\/marekkuchcinski.pl\/ro\/wiesci-z-sejmu\/78-posiedzenie-sejmu\/#primaryimage\"},\"thumbnailUrl\":\"https:\/\/marekkuchcinski.pl\/wp-content\/uploads\/2019\/03\/e2.jpg\",\"articleSection\":[\"Prawo i Sprawiedliwo\u015b\u0107\",\"Wie\u015bci z Sejmu\",\"Wydarzenia\"],\"inLanguage\":\"hu\",\"potentialAction\":[{\"@type\":\"CommentAction\",\"name\":\"Comment\",\"target\":[\"https:\/\/marekkuchcinski.pl\/ro\/wiesci-z-sejmu\/78-posiedzenie-sejmu\/#respond\"]}]},{\"@type\":\"WebPage\",\"@id\":\"https:\/\/marekkuchcinski.pl\/ro\/wiesci-z-sejmu\/78-posiedzenie-sejmu\/\",\"url\":\"https:\/\/marekkuchcinski.pl\/ro\/wiesci-z-sejmu\/78-posiedzenie-sejmu\/\",\"name\":\"78. posiedzenie Sejmu &#8211; Marek Kuchci\u0144ski\",\"isPartOf\":{\"@id\":\"https:\/\/marekkuchcinski.pl\/#website\"},\"primaryImageOfPage\":{\"@id\":\"https:\/\/marekkuchcinski.pl\/ro\/wiesci-z-sejmu\/78-posiedzenie-sejmu\/#primaryimage\"},\"image\":{\"@id\":\"https:\/\/marekkuchcinski.pl\/ro\/wiesci-z-sejmu\/78-posiedzenie-sejmu\/#primaryimage\"},\"thumbnailUrl\":\"https:\/\/marekkuchcinski.pl\/wp-content\/uploads\/2019\/03\/e2.jpg\",\"datePublished\":\"2019-03-17T22:22:24+00:00\",\"dateModified\":\"2019-03-20T21:49:17+00:00\",\"breadcrumb\":{\"@id\":\"https:\/\/marekkuchcinski.pl\/ro\/wiesci-z-sejmu\/78-posiedzenie-sejmu\/#breadcrumb\"},\"inLanguage\":\"hu\",\"potentialAction\":[{\"@type\":\"ReadAction\",\"target\":[\"https:\/\/marekkuchcinski.pl\/ro\/wiesci-z-sejmu\/78-posiedzenie-sejmu\/\"]}]},{\"@type\":\"ImageObject\",\"inLanguage\":\"hu\",\"@id\":\"https:\/\/marekkuchcinski.pl\/ro\/wiesci-z-sejmu\/78-posiedzenie-sejmu\/#primaryimage\",\"url\":\"https:\/\/marekkuchcinski.pl\/wp-content\/uploads\/2019\/03\/e2.jpg\",\"contentUrl\":\"https:\/\/marekkuchcinski.pl\/wp-content\/uploads\/2019\/03\/e2.jpg\",\"width\":1587,\"height\":2048},{\"@type\":\"BreadcrumbList\",\"@id\":\"https:\/\/marekkuchcinski.pl\/ro\/wiesci-z-sejmu\/78-posiedzenie-sejmu\/#breadcrumb\",\"itemListElement\":[{\"@type\":\"ListItem\",\"position\":1,\"name\":\"Strona g\u0142\u00f3wna\",\"item\":\"https:\/\/marekkuchcinski.pl\/\"},{\"@type\":\"ListItem\",\"position\":2,\"name\":\"78. posiedzenie Sejmu\"}]},{\"@type\":\"WebSite\",\"@id\":\"https:\/\/marekkuchcinski.pl\/#website\",\"url\":\"https:\/\/marekkuchcinski.pl\/\",\"name\":\"Marek Kuchci\u0144ski\",\"description\":\"Pose\u0142 na sejm RP &ndash; okr\u0119g nr 22\",\"publisher\":{\"@id\":\"https:\/\/marekkuchcinski.pl\/#organization\"},\"potentialAction\":[{\"@type\":\"SearchAction\",\"target\":{\"@type\":\"EntryPoint\",\"urlTemplate\":\"https:\/\/marekkuchcinski.pl\/?s={search_term_string}\"},\"query-input\":{\"@type\":\"PropertyValueSpecification\",\"valueRequired\":true,\"valueName\":\"search_term_string\"}}],\"inLanguage\":\"hu\"},{\"@type\":\"Organization\",\"@id\":\"https:\/\/marekkuchcinski.pl\/#organization\",\"name\":\"Marek Kuchci\u0144ski\",\"url\":\"https:\/\/marekkuchcinski.pl\/\",\"logo\":{\"@type\":\"ImageObject\",\"inLanguage\":\"hu\",\"@id\":\"https:\/\/marekkuchcinski.pl\/#\/schema\/logo\/image\/\",\"url\":\"https:\/\/marekkuchcinski.pl\/wp-content\/uploads\/2022\/09\/Marek.jpg\",\"contentUrl\":\"https:\/\/marekkuchcinski.pl\/wp-content\/uploads\/2022\/09\/Marek.jpg\",\"width\":1600,\"height\":971,\"caption\":\"Marek Kuchci\u0144ski\"},\"image\":{\"@id\":\"https:\/\/marekkuchcinski.pl\/#\/schema\/logo\/image\/\"}},{\"@type\":\"Person\",\"@id\":\"https:\/\/marekkuchcinski.pl\/#\/schema\/person\/6f62700996b4d950b6ea2d1183b6c6be\",\"name\":\"admin\",\"image\":{\"@type\":\"ImageObject\",\"inLanguage\":\"hu\",\"@id\":\"https:\/\/marekkuchcinski.pl\/#\/schema\/person\/image\/\",\"url\":\"https:\/\/secure.gravatar.com\/avatar\/4bab693b9d55c3d6b52c0296a8765085?s=96&d=mm&r=g\",\"contentUrl\":\"https:\/\/secure.gravatar.com\/avatar\/4bab693b9d55c3d6b52c0296a8765085?s=96&d=mm&r=g\",\"caption\":\"admin\"},\"url\":\"https:\/\/marekkuchcinski.pl\/hu\/author\/marta-olejnik\/\"}]}<\/script>\n<!-- \/ Yoast SEO plugin. -->","yoast_head_json":{"title":"78. posiedzenie Sejmu &#8211; Marek Kuchci\u0144ski","robots":{"index":"index","follow":"follow","max-snippet":"max-snippet:-1","max-image-preview":"max-image-preview:large","max-video-preview":"max-video-preview:-1"},"canonical":"https:\/\/marekkuchcinski.pl\/hu\/wiesci-z-sejmu\/78-posiedzenie-sejmu\/","og_locale":"hu_HU","og_type":"article","og_title":"78. posiedzenie Sejmu &#8211; Marek Kuchci\u0144ski","og_description":"Najwa\u017cniejszymi punktami 78. posiedzenia Sejmu by\u0142y expos\u00e9 ministra spraw zagranicznych oraz uchwalenie m.in.: ustawy o wspieraniu dzia\u0142alno\u015bci naukowej z Funduszu Polskiej Nauki\u00a0 ustawy o poszerzeniu uprawnie\u0144 kombatant\u00f3w i os\u00f3b b\u0119d\u0105cych ofiarami represji oraz o przyznaniu inwalidom wojennym corocznie 850 z\u0142 dodatku do renty\u00a0 ustaw przygotowanych przez rz\u0105d na wypadek tzw. twardego Brexitu ustawy o nadzorze [&hellip;]","og_url":"https:\/\/marekkuchcinski.pl\/hu\/wiesci-z-sejmu\/78-posiedzenie-sejmu\/","og_site_name":"Marek Kuchci\u0144ski","article_published_time":"2019-03-17T22:22:24+00:00","article_modified_time":"2019-03-20T21:49:17+00:00","og_image":[{"width":1587,"height":2048,"url":"https:\/\/marekkuchcinski.pl\/wp-content\/uploads\/2019\/03\/e2.jpg","type":"image\/jpeg"}],"author":"admin","twitter_card":"summary_large_image","twitter_misc":{"Szerz\u0151:":"admin","Becs\u00fclt olvas\u00e1si id\u0151":"4 perc"},"schema":{"@context":"https:\/\/schema.org","@graph":[{"@type":"Article","@id":"https:\/\/marekkuchcinski.pl\/ro\/wiesci-z-sejmu\/78-posiedzenie-sejmu\/#article","isPartOf":{"@id":"https:\/\/marekkuchcinski.pl\/ro\/wiesci-z-sejmu\/78-posiedzenie-sejmu\/"},"author":{"name":"admin","@id":"https:\/\/marekkuchcinski.pl\/#\/schema\/person\/6f62700996b4d950b6ea2d1183b6c6be"},"headline":"78. posiedzenie Sejmu","datePublished":"2019-03-17T22:22:24+00:00","dateModified":"2019-03-20T21:49:17+00:00","mainEntityOfPage":{"@id":"https:\/\/marekkuchcinski.pl\/ro\/wiesci-z-sejmu\/78-posiedzenie-sejmu\/"},"wordCount":841,"commentCount":0,"publisher":{"@id":"https:\/\/marekkuchcinski.pl\/#organization"},"image":{"@id":"https:\/\/marekkuchcinski.pl\/ro\/wiesci-z-sejmu\/78-posiedzenie-sejmu\/#primaryimage"},"thumbnailUrl":"https:\/\/marekkuchcinski.pl\/wp-content\/uploads\/2019\/03\/e2.jpg","articleSection":["Prawo i Sprawiedliwo\u015b\u0107","Wie\u015bci z Sejmu","Wydarzenia"],"inLanguage":"hu","potentialAction":[{"@type":"CommentAction","name":"Comment","target":["https:\/\/marekkuchcinski.pl\/ro\/wiesci-z-sejmu\/78-posiedzenie-sejmu\/#respond"]}]},{"@type":"WebPage","@id":"https:\/\/marekkuchcinski.pl\/ro\/wiesci-z-sejmu\/78-posiedzenie-sejmu\/","url":"https:\/\/marekkuchcinski.pl\/ro\/wiesci-z-sejmu\/78-posiedzenie-sejmu\/","name":"78. posiedzenie Sejmu &#8211; Marek Kuchci\u0144ski","isPartOf":{"@id":"https:\/\/marekkuchcinski.pl\/#website"},"primaryImageOfPage":{"@id":"https:\/\/marekkuchcinski.pl\/ro\/wiesci-z-sejmu\/78-posiedzenie-sejmu\/#primaryimage"},"image":{"@id":"https:\/\/marekkuchcinski.pl\/ro\/wiesci-z-sejmu\/78-posiedzenie-sejmu\/#primaryimage"},"thumbnailUrl":"https:\/\/marekkuchcinski.pl\/wp-content\/uploads\/2019\/03\/e2.jpg","datePublished":"2019-03-17T22:22:24+00:00","dateModified":"2019-03-20T21:49:17+00:00","breadcrumb":{"@id":"https:\/\/marekkuchcinski.pl\/ro\/wiesci-z-sejmu\/78-posiedzenie-sejmu\/#breadcrumb"},"inLanguage":"hu","potentialAction":[{"@type":"ReadAction","target":["https:\/\/marekkuchcinski.pl\/ro\/wiesci-z-sejmu\/78-posiedzenie-sejmu\/"]}]},{"@type":"ImageObject","inLanguage":"hu","@id":"https:\/\/marekkuchcinski.pl\/ro\/wiesci-z-sejmu\/78-posiedzenie-sejmu\/#primaryimage","url":"https:\/\/marekkuchcinski.pl\/wp-content\/uploads\/2019\/03\/e2.jpg","contentUrl":"https:\/\/marekkuchcinski.pl\/wp-content\/uploads\/2019\/03\/e2.jpg","width":1587,"height":2048},{"@type":"BreadcrumbList","@id":"https:\/\/marekkuchcinski.pl\/ro\/wiesci-z-sejmu\/78-posiedzenie-sejmu\/#breadcrumb","itemListElement":[{"@type":"ListItem","position":1,"name":"Strona g\u0142\u00f3wna","item":"https:\/\/marekkuchcinski.pl\/"},{"@type":"ListItem","position":2,"name":"78. posiedzenie Sejmu"}]},{"@type":"WebSite","@id":"https:\/\/marekkuchcinski.pl\/#website","url":"https:\/\/marekkuchcinski.pl\/","name":"Marek Kuchci\u0144ski","description":"Pose\u0142 na sejm RP &ndash; okr\u0119g nr 22","publisher":{"@id":"https:\/\/marekkuchcinski.pl\/#organization"},"potentialAction":[{"@type":"SearchAction","target":{"@type":"EntryPoint","urlTemplate":"https:\/\/marekkuchcinski.pl\/?s={search_term_string}"},"query-input":{"@type":"PropertyValueSpecification","valueRequired":true,"valueName":"search_term_string"}}],"inLanguage":"hu"},{"@type":"Organization","@id":"https:\/\/marekkuchcinski.pl\/#organization","name":"Marek Kuchci\u0144ski","url":"https:\/\/marekkuchcinski.pl\/","logo":{"@type":"ImageObject","inLanguage":"hu","@id":"https:\/\/marekkuchcinski.pl\/#\/schema\/logo\/image\/","url":"https:\/\/marekkuchcinski.pl\/wp-content\/uploads\/2022\/09\/Marek.jpg","contentUrl":"https:\/\/marekkuchcinski.pl\/wp-content\/uploads\/2022\/09\/Marek.jpg","width":1600,"height":971,"caption":"Marek Kuchci\u0144ski"},"image":{"@id":"https:\/\/marekkuchcinski.pl\/#\/schema\/logo\/image\/"}},{"@type":"Person","@id":"https:\/\/marekkuchcinski.pl\/#\/schema\/person\/6f62700996b4d950b6ea2d1183b6c6be","name":"admin","image":{"@type":"ImageObject","inLanguage":"hu","@id":"https:\/\/marekkuchcinski.pl\/#\/schema\/person\/image\/","url":"https:\/\/secure.gravatar.com\/avatar\/4bab693b9d55c3d6b52c0296a8765085?s=96&d=mm&r=g","contentUrl":"https:\/\/secure.gravatar.com\/avatar\/4bab693b9d55c3d6b52c0296a8765085?s=96&d=mm&r=g","caption":"admin"},"url":"https:\/\/marekkuchcinski.pl\/hu\/author\/marta-olejnik\/"}]}},"_links":{"self":[{"href":"https:\/\/marekkuchcinski.pl\/hu\/wp-json\/wp\/v2\/posts\/13836","targetHints":{"allow":["GET"]}}],"collection":[{"href":"https:\/\/marekkuchcinski.pl\/hu\/wp-json\/wp\/v2\/posts"}],"about":[{"href":"https:\/\/marekkuchcinski.pl\/hu\/wp-json\/wp\/v2\/types\/post"}],"author":[{"embeddable":true,"href":"https:\/\/marekkuchcinski.pl\/hu\/wp-json\/wp\/v2\/users\/6"}],"replies":[{"embeddable":true,"href":"https:\/\/marekkuchcinski.pl\/hu\/wp-json\/wp\/v2\/comments?post=13836"}],"version-history":[{"count":20,"href":"https:\/\/marekkuchcinski.pl\/hu\/wp-json\/wp\/v2\/posts\/13836\/revisions"}],"predecessor-version":[{"id":13932,"href":"https:\/\/marekkuchcinski.pl\/hu\/wp-json\/wp\/v2\/posts\/13836\/revisions\/13932"}],"wp:featuredmedia":[{"embeddable":true,"href":"https:\/\/marekkuchcinski.pl\/hu\/wp-json\/wp\/v2\/media\/13839"}],"wp:attachment":[{"href":"https:\/\/marekkuchcinski.pl\/hu\/wp-json\/wp\/v2\/media?parent=13836"}],"wp:term":[{"taxonomy":"category","embeddable":true,"href":"https:\/\/marekkuchcinski.pl\/hu\/wp-json\/wp\/v2\/categories?post=13836"},{"taxonomy":"post_tag","embeddable":true,"href":"https:\/\/marekkuchcinski.pl\/hu\/wp-json\/wp\/v2\/tags?post=13836"}],"curies":[{"name":"wp","href":"https:\/\/api.w.org\/{rel}","templated":true}]}}