{"id":13532,"date":"2019-03-08T10:46:25","date_gmt":"2019-03-08T09:46:25","guid":{"rendered":"https:\/\/marekkuchcinski.pl\/?p=13532"},"modified":"2019-03-08T16:04:51","modified_gmt":"2019-03-08T15:04:51","slug":"zyczenia-marszalka-sejmu-okazji-kobiet","status":"publish","type":"post","link":"https:\/\/marekkuchcinski.pl\/hu\/wydarzenia\/zyczenia-marszalka-sejmu-okazji-kobiet\/","title":{"rendered":"A Szejm eln\u00f6k\u00e9nek j\u00f3k\u00edv\u00e1ns\u00e1gai a n\u0151nap alkalm\u00e1b\u00f3l"},"content":{"rendered":"<p><em>Azt k\u00edv\u00e1nom minden n\u0151nek, hogy mindig boldognak, szeretettnek, megbecs\u00fcltnek \u00e9s kiteljesedettnek \u00e9rezze mag\u00e1t az \u00e9let minden ter\u00fclet\u00e9n. H\u00f6lgyeim, k\u00f6sz\u00f6n\u00f6m, hogy gazdag\u00edtj\u00e1k a vil\u00e1got. K\u00f6sz\u00f6n\u00f6m b\u00f6lcsess\u00e9g\u00e9t, \u00f3vatoss\u00e1g\u00e1t \u00e9s gondoss\u00e1g\u00e1t - a t\u00e1rsadalmi \u00e9s politikai \u00e9letben oly \u00e9rt\u00e9kes er\u00e9nyeket.<\/em><\/p>\n<p><em>Tisztelettel<\/em><\/p>\n<p>&nbsp;<\/p>\n<p>Marek Kuchci\u0144ski<\/p>\n<p>&nbsp;<\/p>\n<p><a href=\"https:\/\/marekkuchcinski.pl\/wp-content\/uploads\/2019\/03\/partners-presentation-1.jpg\"><img decoding=\"async\" class=\"alignnone wp-image-13537\" src=\"https:\/\/marekkuchcinski.pl\/wp-content\/uploads\/2019\/03\/partners-presentation-1.jpg\" alt=\"partner's presentation (1)\" width=\"139\" height=\"104\" srcset=\"https:\/\/marekkuchcinski.pl\/wp-content\/uploads\/2019\/03\/partners-presentation-1.jpg 1024w, https:\/\/marekkuchcinski.pl\/wp-content\/uploads\/2019\/03\/partners-presentation-1-300x225.jpg 300w, https:\/\/marekkuchcinski.pl\/wp-content\/uploads\/2019\/03\/partners-presentation-1-768x576.jpg 768w\" sizes=\"(max-width: 139px) 100vw, 139px\" \/><\/a><\/p>","protected":false},"excerpt":{"rendered":"<p>\u017bycz\u0119 wszystkim Kobietom, by zawsze czu\u0142y si\u0119 szcz\u0119\u015bliwe, kochane, doceniane i spe\u0142nione w ka\u017cdej \u017cyciowej roli. Drogie Panie, dzi\u0119kuj\u0119, \u017ce ubogacacie \u015bwiat. Dzi\u0119kuj\u0119 za m\u0105dro\u015b\u0107, rozwag\u0119, trosk\u0119 &#8211; cnoty tak cenne w \u017cyciu spo\u0142ecznym i politycznym. Z wyrazami szacunku &nbsp; Marek Kuchci\u0144ski &nbsp;<\/p>","protected":false},"author":6,"featured_media":13540,"comment_status":"open","ping_status":"open","sticky":false,"template":"","format":"standard","meta":{"ngg_post_thumbnail":0,"footnotes":""},"categories":[77,3],"tags":[],"class_list":["post-13532","post","type-post","status-publish","format-standard","has-post-thumbnail","hentry","category-wazne-daty","category-wydarzenia"],"_links":{"self":[{"href":"https:\/\/marekkuchcinski.pl\/hu\/wp-json\/wp\/v2\/posts\/13532","targetHints":{"allow":["GET"]}}],"collection":[{"href":"https:\/\/marekkuchcinski.pl\/hu\/wp-json\/wp\/v2\/posts"}],"about":[{"href":"https:\/\/marekkuchcinski.pl\/hu\/wp-json\/wp\/v2\/types\/post"}],"author":[{"embeddable":true,"href":"https:\/\/marekkuchcinski.pl\/hu\/wp-json\/wp\/v2\/users\/6"}],"replies":[{"embeddable":true,"href":"https:\/\/marekkuchcinski.pl\/hu\/wp-json\/wp\/v2\/comments?post=13532"}],"version-history":[{"count":4,"href":"https:\/\/marekkuchcinski.pl\/hu\/wp-json\/wp\/v2\/posts\/13532\/revisions"}],"predecessor-version":[{"id":13539,"href":"https:\/\/marekkuchcinski.pl\/hu\/wp-json\/wp\/v2\/posts\/13532\/revisions\/13539"}],"wp:featuredmedia":[{"embeddable":true,"href":"https:\/\/marekkuchcinski.pl\/hu\/wp-json\/wp\/v2\/media\/13540"}],"wp:attachment":[{"href":"https:\/\/marekkuchcinski.pl\/hu\/wp-json\/wp\/v2\/media?parent=13532"}],"wp:term":[{"taxonomy":"category","embeddable":true,"href":"https:\/\/marekkuchcinski.pl\/hu\/wp-json\/wp\/v2\/categories?post=13532"},{"taxonomy":"post_tag","embeddable":true,"href":"https:\/\/marekkuchcinski.pl\/hu\/wp-json\/wp\/v2\/tags?post=13532"}],"curies":[{"name":"wp","href":"https:\/\/api.w.org\/{rel}","templated":true}]}}