{"id":13510,"date":"2019-03-10T13:36:09","date_gmt":"2019-03-10T12:36:09","guid":{"rendered":"https:\/\/marekkuchcinski.pl\/?p=13510"},"modified":"2019-03-08T13:38:09","modified_gmt":"2019-03-08T12:38:09","slug":"uroczystosci-upamietniajace-75-rocznice-ludobojstwa-hucie-pieniackiej-korosciatynie-oraz-innych-miejscowosciach-kresach-podkarpaciu","status":"publish","type":"post","link":"https:\/\/marekkuchcinski.pl\/hu\/bez-kategorii\/lms\/uroczystosci-upamietniajace-75-rocznice-ludobojstwa-hucie-pieniackiej-korosciatynie-oraz-innych-miejscowosciach-kresach-podkarpaciu\/","title":{"rendered":"Megeml\u00e9kez\u00e9s a n\u00e9pirt\u00e1s 75. \u00e9vfordul\u00f3ja alkalm\u00e1b\u00f3l Huta Pieniack\u00e1ban, Korostaty\u0144ban \u00e9s m\u00e1s helyeken a Kresy \u00e9s Podkarpacie r\u00e9gi\u00f3kban"},"content":{"rendered":"<p><em>\u00a0<\/em><\/p>\n<p><strong><em>Mr<\/em><\/strong><\/p>\n<p><strong><em>\u00a0Stanislaw Szarzynski<\/em><\/strong><\/p>\n<p><strong><em>Az Egyes\u00fclet eln\u00f6ke<\/em><\/strong><\/p>\n<p><strong><em>\u00a0Megeml\u00e9kez\u00e9s a lengyel Thermop\u00fcl\u00e1r\u00f3l \u00e9s a hat\u00e1rvid\u00e9kr\u0151l<\/em><\/strong><\/p>\n<p><strong><em>\u00e9s a Katolikus \u00c9rtelmis\u00e9giek Klubja <\/em><\/strong><\/p>\n<p><strong><em>Przemy\u015blben<\/em><\/strong><\/p>\n<p><em>\u00a0<\/em><\/p>\n<p><em>\u00a0<\/em><\/p>\n<p><em>Tisztelt Eln\u00f6k \u00far!<\/em><\/p>\n<p><em>K\u00f6sz\u00f6n\u00f6m sz\u00e9pen a megh\u00edv\u00e1st, hogy r\u00e9szt vehetek a n\u00e9pirt\u00e1s 75. \u00e9vfordul\u00f3ja alkalm\u00e1b\u00f3l Huta Pieniack\u00e1ban \u00e9s Korostaty\u0144ban, valamint a Kresy \u00e9s Podkarpacie r\u00e9gi\u00f3 m\u00e1s helyein tartott megeml\u00e9kez\u00e9seken. <\/em><\/p>\n<p><em>Az ukr\u00e1n nacionalist\u00e1k lengyel lakoss\u00e1g elleni b\u0171ntetteit \u00e9vtizedekre kit\u00f6r\u00f6lt\u00e9k t\u00f6rt\u00e9nelm\u00fcnk lapjair\u00f3l. Tilos volt besz\u00e9lni a lengyel falvak lak\u00f3i ellen elk\u00f6vetett besti\u00e1lis m\u00e9sz\u00e1rl\u00e1sokr\u00f3l. Azok a kevesek, akik csod\u00e1val hat\u00e1ros m\u00f3don megmenek\u00fcltek a hal\u00e1lt\u00f3l, mindig a sz\u00edv\u00fckben hordozt\u00e1k e sz\u00f6rny\u0171 b\u0171ncselekm\u00e9nyek k\u00e9peit, \u00e9s a szeretteik elveszt\u00e9se miatti f\u00e1jdalmat csak fokozta a hat\u00f3s\u00e1gok k\u00f6z\u00f6nye.<\/em><\/p>\n<p><em>Volt egy hallgat\u00e1si \u00f6sszeesk\u00fcv\u00e9s, az igazs\u00e1g kimond\u00e1s\u00e1nak tilalma ezekr\u0151l az esem\u00e9nyekr\u0151l. Az \u00e1rtatlan gyermekek, n\u0151k \u00e9s id\u0151sek ellen elk\u00f6vetett b\u0171ncselekm\u00e9nyek elk\u00f6vet\u0151i soha nem kapt\u00e1k meg a meg\u00e9rdemelt b\u00fcntet\u00e9st. <\/em><\/p>\n<p><em>A n\u00e9pirt\u00e1s 75. \u00e9vfordul\u00f3j\u00e1n Przemy\u015blben, Huta Pieniack\u00e1ban, Koro\u015bciatinban \u00e9s a Kresy \u00e9s Podkarpacie r\u00e9gi\u00f3 m\u00e1s helyein tartott megeml\u00e9kez\u00e9sek tan\u00faskodnak arr\u00f3l, hogy semmilyen rend vagy id\u0151 nem volt k\u00e9pes kit\u00f6r\u00f6lni ezt a kegyetlen b\u0171ntettet az egym\u00e1st k\u00f6vet\u0151 nemzed\u00e9kek eml\u00e9kezet\u00e9b\u0151l. Nagy h\u00e1l\u00e1val gondolok azokra az emberekre, akik \u00e9vtizedeket t\u00f6lt\u00f6ttek az igazs\u00e1g meg\u0151rz\u00e9s\u00e9vel. Ugyanakkor szeretn\u00e9m kifejezni elismer\u00e9semet a tragikus esem\u00e9nyekr\u0151l val\u00f3 megeml\u00e9kez\u00e9s szervez\u0151inek \u00e9s r\u00e9sztvev\u0151inek, k\u00fcl\u00f6n k\u00f6sz\u00f6netet mondva a Przemysl Kresy csal\u00e1dok k\u00e9pvisel\u0151inek.<\/em><\/p>\n<p><em>Mivel nem tudok \u00d6n\u00f6kkel egy\u00fctt r\u00e9szt venni a megeml\u00e9kez\u00e9seken, \u00edgy szimbolikusan csatlakozom az im\u00e1hoz, \u00e9s fejet hajtok a nacionalista b\u0171n\u00f6k \u00e1ldozatai el\u0151tt. <\/em><\/p>\n<p><em>\u00a0<\/em><\/p>\n<p><em>\u00a0<\/em><em>\u00a0 Tisztelettel<\/em><\/p>\n<p><em>\u00a0<\/em><\/p>\n<p><em>\u00a0<\/em><\/p>\n<p><em>\u00a0<\/em><\/p>\n<p><em>\u00a0 Marek Kuchci\u0144ski<\/em><\/p>","protected":false},"excerpt":{"rendered":"<p>\u00a0 Pan \u00a0Stanis\u0142aw Szarzy\u0144ski Prezes Stowarzyszenia \u00a0Pami\u0119ci Polskich Termopil i Kres\u00f3w oraz Klubu Inteligencji Katolickiej w Przemy\u015blu \u00a0 \u00a0 Szanowny Panie Prezesie, bardzo dzi\u0119kuj\u0119 za zaproszenie do udzia\u0142u w uroczysto\u015bciach upami\u0119tniaj\u0105cych 75. rocznic\u0119 ludob\u00f3jstwa w hucie Pieniackiej i Koro\u015bciatynie oraz innych miejscowo\u015bciach na\u00a0\u00a0Kresach i Podkarpaciu. Zbrodnie nacjonalist\u00f3w ukrai\u0144skich na ludno\u015bci polskiej przez kilkadziesi\u0105t lat by\u0142y [&hellip;]<\/p>\n","protected":false},"author":6,"featured_media":13506,"comment_status":"open","ping_status":"open","sticky":false,"template":"","format":"standard","meta":{"ngg_post_thumbnail":0,"footnotes":""},"categories":[104],"tags":[],"class_list":["post-13510","post","type-post","status-publish","format-standard","has-post-thumbnail","hentry","category-lms"],"_links":{"self":[{"href":"https:\/\/marekkuchcinski.pl\/hu\/wp-json\/wp\/v2\/posts\/13510","targetHints":{"allow":["GET"]}}],"collection":[{"href":"https:\/\/marekkuchcinski.pl\/hu\/wp-json\/wp\/v2\/posts"}],"about":[{"href":"https:\/\/marekkuchcinski.pl\/hu\/wp-json\/wp\/v2\/types\/post"}],"author":[{"embeddable":true,"href":"https:\/\/marekkuchcinski.pl\/hu\/wp-json\/wp\/v2\/users\/6"}],"replies":[{"embeddable":true,"href":"https:\/\/marekkuchcinski.pl\/hu\/wp-json\/wp\/v2\/comments?post=13510"}],"version-history":[{"count":1,"href":"https:\/\/marekkuchcinski.pl\/hu\/wp-json\/wp\/v2\/posts\/13510\/revisions"}],"predecessor-version":[{"id":13511,"href":"https:\/\/marekkuchcinski.pl\/hu\/wp-json\/wp\/v2\/posts\/13510\/revisions\/13511"}],"wp:featuredmedia":[{"embeddable":true,"href":"https:\/\/marekkuchcinski.pl\/hu\/wp-json\/wp\/v2\/media\/13506"}],"wp:attachment":[{"href":"https:\/\/marekkuchcinski.pl\/hu\/wp-json\/wp\/v2\/media?parent=13510"}],"wp:term":[{"taxonomy":"category","embeddable":true,"href":"https:\/\/marekkuchcinski.pl\/hu\/wp-json\/wp\/v2\/categories?post=13510"},{"taxonomy":"post_tag","embeddable":true,"href":"https:\/\/marekkuchcinski.pl\/hu\/wp-json\/wp\/v2\/tags?post=13510"}],"curies":[{"name":"wp","href":"https:\/\/api.w.org\/{rel}","templated":true}]}}