{"id":13508,"date":"2019-03-10T12:33:06","date_gmt":"2019-03-10T11:33:06","guid":{"rendered":"https:\/\/marekkuchcinski.pl\/?p=13508"},"modified":"2019-03-08T13:35:12","modified_gmt":"2019-03-08T12:35:12","slug":"uroczystosci-upamietniajace-70-rocznice-smierci-mjr-hieronima-dekutowskiego-ps-zapora","status":"publish","type":"post","link":"https:\/\/marekkuchcinski.pl\/hu\/bez-kategorii\/lms\/uroczystosci-upamietniajace-70-rocznice-smierci-mjr-hieronima-dekutowskiego-ps-zapora\/","title":{"rendered":"Hieronim Dekutowski \u0151rnagy hal\u00e1l\u00e1nak 70. \u00e9vfordul\u00f3ja alkalm\u00e1b\u00f3l rendezett \u00fcnneps\u00e9gek, \u00e1l. Zapora"},"content":{"rendered":"<p>&nbsp;<\/p>\n<p><strong>\u00a0\u00a0\u00a0\u00a0\u00a0\u00a0\u00a0 Mr <\/strong><\/p>\n<p><strong>\u00a0\u00a0\u00a0\u00a0\u00a0\u00a0\u00a0 Jan J\u00f3zef Kasprzyk<\/strong><\/p>\n<p><strong>\u00a0\u00a0\u00a0\u00a0\u00a0\u00a0\u00a0 A Veter\u00e1n\u00fcgyi Hivatal vezet\u0151je<\/strong><\/p>\n<p><strong>\u00a0\u00a0\u00a0\u00a0\u00a0\u00a0\u00a0 \u00e9s az elnyom\u00e1snak kitett szem\u00e9lyek<\/strong><\/p>\n<p>&nbsp;<\/p>\n<p>&nbsp;<\/p>\n<p>Tisztelt Miniszter \u00far!<\/p>\n<p>&nbsp;<\/p>\n<p>K\u00f6sz\u00f6n\u00f6m, hogy megh\u00edvtak a Hieronim Dekutowski \u0151rnagy hal\u00e1l\u00e1nak 70. \u00e9vfordul\u00f3ja alkalm\u00e1b\u00f3l rendezett \u00fcnneps\u00e9gre. Jelenleg azonban a lengyelek \u00e1ltal\u00e1nos eml\u00e9kezet\u00e9nek helyre\u00e1ll\u00edt\u00e1sa folyik. \"Zapor\" \u0151rnagyot, ak\u00e1rcsak a t\u00f6bbi katon\u00e1t, akik szembesz\u00e1lltak a szovjet agresszi\u00f3val, tisztelni \u00e9s megbecs\u00fclni kell.<\/p>\n<p>Hieronim Dekutowski nem egyezett bele a totalit\u00e1rius hatalomba, a kommunista rabszolgas\u00e1gban val\u00f3 \u00e9letbe. M\u00e1r 1944-ben egyenl\u0151tlen harcot kezdett a szovjet megsz\u00e1ll\u00f3val. A t\u00e9t haz\u00e1ja szabads\u00e1ga \u00e9s szuverenit\u00e1sa volt, az \u00e1r pedig az \u00e9lete. B\u00e1tors\u00e1ga \u00e9s b\u00e1tors\u00e1ga nem a meg\u00e9rdemelt dics\u0151s\u00e9get, hanem kimondhatatlan szenved\u00e9st hozott neki. A hal\u00e1l h\u00f3napokig tart\u00f3 kegyetlen \u00e9s brut\u00e1lis kihallgat\u00e1sok ut\u00e1n k\u00f6vetkezett be egy mokotowi b\u00f6rt\u00f6ncell\u00e1ban. A rendszer c\u00e9lja a lengyel t\u00e1rsadalom megf\u00e9leml\u00edt\u00e9se \u00e9s leig\u00e1z\u00e1sa, a szabads\u00e1g \u00e9s a f\u00fcggetlens\u00e9gi t\u00f6rekv\u00e9sek szellem\u00e9nek megt\u00f6r\u00e9se, valamint a kereszt\u00e9ny \u00e9s nemzeti \u00e9rt\u00e9kek n\u00e9lk\u00fcli \u00e9let megteremt\u00e9se volt.<\/p>\n<p>Ma mindent meg kell tenn\u00fcnk annak \u00e9rdek\u00e9ben, hogy a szenved\u00e9ssel megv\u00e1s\u00e1rolt eszm\u00e9k \u00f6r\u00f6kre megmaradjanak a jelen \u00e9s a j\u00f6v\u0151 nemzed\u00e9kek tudat\u00e1ban. Nem szabad elk\u00f6vetn\u00fcnk a felejt\u00e9s b\u0171n\u00e9t, \u00e9s m\u00e9lyen a sz\u00edv\u00fcnkbe kell \u00edrni a h\u00e1l\u00e1nkat azoknak, akik megv\u00e9dt\u00e9k az \u00e1llam f\u00fcggetlens\u00e9g\u00e9t.<\/p>\n<p>Szeretn\u00e9m \u0151szint\u00e9n megk\u00f6sz\u00f6nni, hogy helyre\u00e1ll\u00edtotta a nem harcol\u00f3 katon\u00e1k eml\u00e9k\u00e9t, \u00e9s hogy terjesztette az igazs\u00e1got \u00e9s a r\u00f3luk sz\u00f3l\u00f3 ismereteket.<\/p>\n<p>Tisztelettel hajtom le a fejem.<\/p>\n<p>&nbsp;<\/p>\n<p>&nbsp;<\/p>\n<p>&nbsp;<\/p>\n<p>Marek Kuchci\u0144ski<\/p>","protected":false},"excerpt":{"rendered":"<p>&nbsp; \u00a0\u00a0\u00a0\u00a0\u00a0\u00a0\u00a0 Pan \u00a0\u00a0\u00a0\u00a0\u00a0\u00a0\u00a0 Jan J\u00f3zef Kasprzyk \u00a0\u00a0\u00a0\u00a0\u00a0\u00a0\u00a0 Szef Urz\u0119du do Spraw Kombatant\u00f3w \u00a0\u00a0\u00a0\u00a0\u00a0\u00a0\u00a0 i Os\u00f3b Represjonowanych &nbsp; &nbsp; Szanowny Panie Ministrze, &nbsp; dzi\u0119kuj\u0119 za zaproszenie na uroczysto\u015bci upami\u0119tniaj\u0105ce 70. rocznic\u0119 \u015bmierci mjr.\u00a0Hieronima Dekutowskiego ps. Zapora &#8211; postaci przez lata zapomnianej wr\u0119cz wymazanej z polskiej historii. Obecnie za\u015b przywracanej powszechnej pami\u0119ci Polak\u00f3w. Majorowi \u201eZaporze\u201d podobnie [&hellip;]<\/p>\n","protected":false},"author":6,"featured_media":13506,"comment_status":"open","ping_status":"open","sticky":false,"template":"","format":"standard","meta":{"ngg_post_thumbnail":0,"footnotes":""},"categories":[104],"tags":[],"class_list":["post-13508","post","type-post","status-publish","format-standard","has-post-thumbnail","hentry","category-lms"],"_links":{"self":[{"href":"https:\/\/marekkuchcinski.pl\/hu\/wp-json\/wp\/v2\/posts\/13508","targetHints":{"allow":["GET"]}}],"collection":[{"href":"https:\/\/marekkuchcinski.pl\/hu\/wp-json\/wp\/v2\/posts"}],"about":[{"href":"https:\/\/marekkuchcinski.pl\/hu\/wp-json\/wp\/v2\/types\/post"}],"author":[{"embeddable":true,"href":"https:\/\/marekkuchcinski.pl\/hu\/wp-json\/wp\/v2\/users\/6"}],"replies":[{"embeddable":true,"href":"https:\/\/marekkuchcinski.pl\/hu\/wp-json\/wp\/v2\/comments?post=13508"}],"version-history":[{"count":1,"href":"https:\/\/marekkuchcinski.pl\/hu\/wp-json\/wp\/v2\/posts\/13508\/revisions"}],"predecessor-version":[{"id":13509,"href":"https:\/\/marekkuchcinski.pl\/hu\/wp-json\/wp\/v2\/posts\/13508\/revisions\/13509"}],"wp:featuredmedia":[{"embeddable":true,"href":"https:\/\/marekkuchcinski.pl\/hu\/wp-json\/wp\/v2\/media\/13506"}],"wp:attachment":[{"href":"https:\/\/marekkuchcinski.pl\/hu\/wp-json\/wp\/v2\/media?parent=13508"}],"wp:term":[{"taxonomy":"category","embeddable":true,"href":"https:\/\/marekkuchcinski.pl\/hu\/wp-json\/wp\/v2\/categories?post=13508"},{"taxonomy":"post_tag","embeddable":true,"href":"https:\/\/marekkuchcinski.pl\/hu\/wp-json\/wp\/v2\/tags?post=13508"}],"curies":[{"name":"wp","href":"https:\/\/api.w.org\/{rel}","templated":true}]}}