{"id":13499,"date":"2019-03-08T13:09:53","date_gmt":"2019-03-08T12:09:53","guid":{"rendered":"https:\/\/marekkuchcinski.pl\/?p=13499"},"modified":"2019-03-08T13:28:58","modified_gmt":"2019-03-08T12:28:58","slug":"uroczyste-obchody-100-rocznicy-bohaterskiej-smierci-plk-leopolda-lisa-kuli","status":"publish","type":"post","link":"https:\/\/marekkuchcinski.pl\/hu\/bez-kategorii\/lms\/uroczyste-obchody-100-rocznicy-bohaterskiej-smierci-plk-leopolda-lisa-kuli\/","title":{"rendered":"Lis-Kula Leopold ezredes h\u0151si hal\u00e1l\u00e1nak 100. \u00e9vfordul\u00f3ja alkalm\u00e1b\u00f3l rendezett \u00fcnnep\u00e9lyes megeml\u00e9kez\u00e9sek"},"content":{"rendered":"<h1><\/h1>\n<p><strong>Mr <\/strong><\/p>\n<p><strong>Jakub Czarnota <\/strong><\/p>\n<p><strong>\u0141a\u0144cut Gmina Voit<\/strong><\/p>\n<p><strong>\u00a0<\/strong><\/p>\n<p>Tisztelt Polg\u00e1rmester \u00dar!<\/p>\n<p>&nbsp;<\/p>\n<p>K\u00f6sz\u00f6n\u00f6m sz\u00e9pen a megh\u00edv\u00e1st a Leopold Lis-Kula ezredes h\u0151si hal\u00e1l\u00e1nak 100. \u00e9vfordul\u00f3ja alkalm\u00e1b\u00f3l rendezett \u00fcnnepi megeml\u00e9kez\u00e9sre. Mivel nem tudtam r\u00e9szt venni ezen az esem\u00e9nyen, szeretn\u00e9m megragadni az alkalmat, hogy k\u00f6sz\u00f6netet mondjak a szervez\u0151knek \u00e9s a r\u00e9sztvev\u0151knek.  Meggy\u0151z\u0151d\u00e9sem tov\u00e1bb\u00e1, hogy az \u00fcnneps\u00e9gek Kosinban - az els\u0151 vil\u00e1gh\u00e1bor\u00fa h\u0151s l\u00e9gi\u00f3s\u00e1nak \u00e9s az 1918-ban \u00fajj\u00e1sz\u00fcletett Lengyelorsz\u00e1g v\u00e9delmez\u0151j\u00e9nek sz\u00fclet\u00e9si hely\u00e9n - k\u00fcl\u00f6nleges dimenzi\u00f3val b\u00edrnak majd, \u00e9s a hazaszeretet \u00e9s a nemzeti h\u0151seink ir\u00e1nti tisztelet \u00e9rt\u00e9kes tan\u00fas\u00e1gt\u00e9telei lesznek.<\/p>\n<p>Neh\u00e9z elhinni, hogy egy olyan ember, akinek eredm\u00e9nyei t\u00f6bb \u00e9letrajzban is szerepelhetn\u00e9nek, mind\u00f6ssze huszonk\u00e9t \u00e9vet \u00e9lt. Lis-Kula Leopold eg\u00e9sz ifj\u00fakori \u00e9let\u00e9t a haza jav\u00e1ra, Lengyelorsz\u00e1g f\u00fcggetlens\u00e9g\u00e9\u00e9rt tett er\u0151fesz\u00edt\u00e9sek t\u00f6lt\u00f6tt\u00e9k ki. M\u00e9g ma is csod\u00e1latot v\u00e1lt ki nagy b\u00e1tors\u00e1ga, csod\u00e1latra m\u00e9lt\u00f3 \u00e9retts\u00e9ge \u00e9s \u00e1llhatatoss\u00e1ga. Lengyelorsz\u00e1g t\u00f6rt\u00e9nelm\u00e9nek egyik legjobb \u00e9s legb\u00e1trabb katon\u00e1ja. A szabad haz\u00e1\u00e9rt folytatott k\u00fczdelem szimb\u00f3lum\u00e1v\u00e1 v\u00e1lt.<\/p>\n<p>Ez\u00e9rt k\u00f6sz\u00f6n\u00f6m, hogy tisztelettel ad\u00f3znak e rendk\u00edv\u00fcli podkarpatszki h\u0151s el\u0151tt, aki mindig is k\u00f6z\u00f6ss\u00e9g\u00fcnk jelk\u00e9pe \u00e9s t\u00f6rt\u00e9nelmi \u00f6r\u00f6ks\u00e9g\u00fcnk elidegen\u00edthetetlen r\u00e9sze marad.<\/p>\n<p>M\u00e9g egyszer, legmelegebb \u00fcdv\u00f6zletem \u00e9s legjobb k\u00edv\u00e1ns\u00e1gaim.<\/p>\n<p>&nbsp;<\/p>\n<p>&nbsp;<\/p>\n<p><em>Marek <\/em><em>Kuchci\u0144ski<\/em><\/p>","protected":false},"excerpt":{"rendered":"<p>Pan Jakub Czarnota W\u00f3jt Gminy \u0141a\u0144cut \u00a0 Szanowny Panie W\u00f3jcie, &nbsp; bardzo dzi\u0119kuj\u0119 za zaproszenie na uroczyste obchody 100.\u00a0 rocznicy bohaterskiej \u015bmierci p\u0142k. Leopolda Lisa-Kuli. Nie mog\u0105c wzi\u0105\u0107 udzia\u0142u w tym wydarzeniu, pragn\u0119 t\u0105 drog\u0105 przekaza\u0107 podzi\u0119kowania jego organizatorom i uczestnikom.\u00a0 Jestem przy tym przekonany, \u017ce uroczysto\u015bci w Kosinie &#8211;\u00a0\u00a0 miejscu, w kt\u00f3rym urodzi\u0142 si\u0119 [&hellip;]<\/p>\n","protected":false},"author":6,"featured_media":13506,"comment_status":"open","ping_status":"open","sticky":false,"template":"","format":"standard","meta":{"ngg_post_thumbnail":0,"footnotes":""},"categories":[104],"tags":[],"class_list":["post-13499","post","type-post","status-publish","format-standard","has-post-thumbnail","hentry","category-lms"],"_links":{"self":[{"href":"https:\/\/marekkuchcinski.pl\/hu\/wp-json\/wp\/v2\/posts\/13499","targetHints":{"allow":["GET"]}}],"collection":[{"href":"https:\/\/marekkuchcinski.pl\/hu\/wp-json\/wp\/v2\/posts"}],"about":[{"href":"https:\/\/marekkuchcinski.pl\/hu\/wp-json\/wp\/v2\/types\/post"}],"author":[{"embeddable":true,"href":"https:\/\/marekkuchcinski.pl\/hu\/wp-json\/wp\/v2\/users\/6"}],"replies":[{"embeddable":true,"href":"https:\/\/marekkuchcinski.pl\/hu\/wp-json\/wp\/v2\/comments?post=13499"}],"version-history":[{"count":1,"href":"https:\/\/marekkuchcinski.pl\/hu\/wp-json\/wp\/v2\/posts\/13499\/revisions"}],"predecessor-version":[{"id":13501,"href":"https:\/\/marekkuchcinski.pl\/hu\/wp-json\/wp\/v2\/posts\/13499\/revisions\/13501"}],"wp:featuredmedia":[{"embeddable":true,"href":"https:\/\/marekkuchcinski.pl\/hu\/wp-json\/wp\/v2\/media\/13506"}],"wp:attachment":[{"href":"https:\/\/marekkuchcinski.pl\/hu\/wp-json\/wp\/v2\/media?parent=13499"}],"wp:term":[{"taxonomy":"category","embeddable":true,"href":"https:\/\/marekkuchcinski.pl\/hu\/wp-json\/wp\/v2\/categories?post=13499"},{"taxonomy":"post_tag","embeddable":true,"href":"https:\/\/marekkuchcinski.pl\/hu\/wp-json\/wp\/v2\/tags?post=13499"}],"curies":[{"name":"wp","href":"https:\/\/api.w.org\/{rel}","templated":true}]}}