{"id":13489,"date":"2019-03-07T15:00:04","date_gmt":"2019-03-07T14:00:04","guid":{"rendered":"https:\/\/marekkuchcinski.pl\/?p=13489"},"modified":"2019-03-08T13:29:52","modified_gmt":"2019-03-08T12:29:52","slug":"obchody-100-rocznicy-smierci-plk-leopolda-lisa-kuli","status":"publish","type":"post","link":"https:\/\/marekkuchcinski.pl\/hu\/bez-kategorii\/lms\/obchody-100-rocznicy-smierci-plk-leopolda-lisa-kuli\/","title":{"rendered":"Lis-Kula Leopold ezredes hal\u00e1l\u00e1nak 100. \u00e9vfordul\u00f3j\u00e1nak meg\u00fcnnepl\u00e9se"},"content":{"rendered":"<p style=\"text-align: left;\">ZS Marek Matu\u0142a fel\u00fcgyel\u0151 \u00far<\/p>\n<p style=\"text-align: left;\">Parancsnok<\/p>\n<p style=\"text-align: left;\">Sz\u00e9khely<\/p>\n<p style=\"text-align: left;\">Z.S. \"Strzelec\" JP<\/p>\n<p style=\"text-align: left;\">ZS Marek Str\u0105czek fel\u00fcgyel\u0151 \u00far<\/p>\n<p style=\"text-align: left;\">D\u00e9lkeleti parancsnok Ker\u00fclet<\/p>\n<p style=\"text-align: left;\">Z.S. \"Strzelec\" JP<\/p>\n<p><strong>\u00a0<\/strong><\/p>\n<p>H\u00f6lgyeim \u00e9s uraim!<\/p>\n<p>&nbsp;<\/p>\n<p>Szeretn\u00e9m megk\u00f6sz\u00f6nni a megh\u00edv\u00e1st Leopold Lis-Kula ezredes hal\u00e1l\u00e1nak 100. \u00e9vfordul\u00f3ja alkalm\u00e1b\u00f3l rendezett \u00fcnneps\u00e9gekre. Mivel nem tudtam r\u00e9szt venni az \u00fcnneps\u00e9geken, szeretn\u00e9m kifejezni h\u00e1l\u00e1mat a szabads\u00e1g hagyom\u00e1ny\u00e1nak \u00e1pol\u00e1s\u00e1\u00e9rt \u00e9s n\u00e9pszer\u0171s\u00edt\u00e9s\u00e9\u00e9rt a fiatalabb gener\u00e1ci\u00f3k k\u00f6r\u00e9ben. A f\u00fcggetlens\u00e9gi \u00f6r\u00f6ks\u00e9g a nemzeti identit\u00e1s egyik legfontosabb eleme, a nemzed\u00e9keket \u00f6sszek\u00f6t\u0151 kapocs. Ez a k\u00f6t\u0151d\u00e9s az \u00e9vfordul\u00f3kon a szok\u00e1sosn\u00e1l is er\u0151sebben \u00e9rezhet\u0151.<\/p>\n<p>Ma a szabads\u00e1gharc h\u0151s\u00e9re, Leopold Lis-Kula ezredesre gondolunk. Sz\u00edv\u00fcnk megszakad a b\u00fcszkes\u00e9gt\u0151l, hogy ez a rendk\u00edv\u00fcli katona Podkarpacie r\u00e9gi\u00f3 fia volt. Nagy tiszteletet v\u00e1ltott ki mind a fiatal, mind az id\u0151s katon\u00e1k k\u00f6r\u00e9ben. Tin\u00e9dzser kora ellen\u00e9re f\u00e9kezhetetlen b\u00e1tors\u00e1g \u00e9s csod\u00e1latra m\u00e9lt\u00f3 \u00e1llhatatoss\u00e1g jellemezte. M\u00e1r \u00e9let\u00e9ben nagy legenda volt, hal\u00e1la ut\u00e1n pedig a hazafias \u00e9rt\u00e9kek \u00e9s a katonai er\u00e9nyek szimb\u00f3lum\u00e1v\u00e1 v\u00e1lt. A M\u00e1sodik Lengyel K\u00f6zt\u00e1rsas\u00e1gban sz\u00e1mos iskola v\u00e1lasztotta \u0151t v\u00e9dn\u00f6k\u00e9v\u00e9. Ez az eml\u00e9kez\u00e9s l\u00e1that\u00f3 jele volt, \u00e9s egyben a fiatal ezredes ir\u00e1nti h\u00f3dolat kifejez\u00e9se.<\/p>\n<p>Leopold Lis-Kula ma is k\u00f6vetend\u0151 p\u00e9ldak\u00e9p. Elsz\u00e1nts\u00e1ga, kem\u00e9ny munk\u00e1ja \u00e9s az eszm\u00e9ihez val\u00f3 h\u0171s\u00e9ge \u00fatjelz\u0151 lehet az \u00e9let\u00fatjukat keres\u0151 fiatalok sz\u00e1m\u00e1ra.<\/p>\n<p>K\u00f6sz\u00f6netet mondok mindazoknak, akik a f\u00fcggetlens\u00e9g eszm\u00e9it t\u00e1mogatj\u00e1k, \u00e9s \u00e1polj\u00e1k azoknak a h\u0151s\u00f6knek az eml\u00e9k\u00e9t, akik haz\u00e1nkat a szabads\u00e1g \u00e9s f\u00fcggetlens\u00e9g fel\u00e9 vezett\u00e9k.<\/p>\n<p>&nbsp;<\/p>\n<p>Tisztelettel<\/p>\n<p>&nbsp;<\/p>\n<p>&nbsp;<\/p>\n<p>Marek Kuchci\u0144ski<\/p>","protected":false},"excerpt":{"rendered":"<p>Pan insp. ZS Marek Matu\u0142a Komendant Komendy G\u0142\u00f3wnej Z.S. \u201eStrzelec\u201d JP Pan insp. ZS Marek Str\u0105czek Dow\u00f3dca P\u0142d.-Wsch. Okr\u0119gu Z.S. \u201eStrzelec\u201d JP \u00a0 Szanowni Pa\u0144stwo, &nbsp; serdecznie dzi\u0119kuj\u0119 za zaproszenie na obchody 100. rocznicy \u015bmierci p\u0142k. Leopolda Lisa-Kuli. Nie mog\u0105c wzi\u0105\u0107 udzia\u0142u w uroczysto\u015bciach, t\u0105 drog\u0105 chcia\u0142bym przekaza\u0107 wyrazy wdzi\u0119czno\u015bci za kultywowanie wolno\u015bciowej tradycji oraz [&hellip;]<\/p>\n","protected":false},"author":6,"featured_media":13506,"comment_status":"open","ping_status":"open","sticky":false,"template":"","format":"standard","meta":{"ngg_post_thumbnail":0,"footnotes":""},"categories":[104],"tags":[],"class_list":["post-13489","post","type-post","status-publish","format-standard","has-post-thumbnail","hentry","category-lms"],"_links":{"self":[{"href":"https:\/\/marekkuchcinski.pl\/hu\/wp-json\/wp\/v2\/posts\/13489","targetHints":{"allow":["GET"]}}],"collection":[{"href":"https:\/\/marekkuchcinski.pl\/hu\/wp-json\/wp\/v2\/posts"}],"about":[{"href":"https:\/\/marekkuchcinski.pl\/hu\/wp-json\/wp\/v2\/types\/post"}],"author":[{"embeddable":true,"href":"https:\/\/marekkuchcinski.pl\/hu\/wp-json\/wp\/v2\/users\/6"}],"replies":[{"embeddable":true,"href":"https:\/\/marekkuchcinski.pl\/hu\/wp-json\/wp\/v2\/comments?post=13489"}],"version-history":[{"count":8,"href":"https:\/\/marekkuchcinski.pl\/hu\/wp-json\/wp\/v2\/posts\/13489\/revisions"}],"predecessor-version":[{"id":13507,"href":"https:\/\/marekkuchcinski.pl\/hu\/wp-json\/wp\/v2\/posts\/13489\/revisions\/13507"}],"wp:featuredmedia":[{"embeddable":true,"href":"https:\/\/marekkuchcinski.pl\/hu\/wp-json\/wp\/v2\/media\/13506"}],"wp:attachment":[{"href":"https:\/\/marekkuchcinski.pl\/hu\/wp-json\/wp\/v2\/media?parent=13489"}],"wp:term":[{"taxonomy":"category","embeddable":true,"href":"https:\/\/marekkuchcinski.pl\/hu\/wp-json\/wp\/v2\/categories?post=13489"},{"taxonomy":"post_tag","embeddable":true,"href":"https:\/\/marekkuchcinski.pl\/hu\/wp-json\/wp\/v2\/tags?post=13489"}],"curies":[{"name":"wp","href":"https:\/\/api.w.org\/{rel}","templated":true}]}}