{"id":13483,"date":"2019-03-07T13:09:20","date_gmt":"2019-03-07T12:09:20","guid":{"rendered":"https:\/\/marekkuchcinski.pl\/?p=13483"},"modified":"2019-04-19T14:15:59","modified_gmt":"2019-04-19T12:15:59","slug":"77-mln-zl-usuwanie-skutkow-klesk-zywiolowych-osuwisk-podkarpaciu","status":"publish","type":"post","link":"https:\/\/marekkuchcinski.pl\/hu\/prawo-i-sprawiedliwosc\/77-mln-zl-usuwanie-skutkow-klesk-zywiolowych-osuwisk-podkarpaciu\/","title":{"rendered":"77 milli\u00f3 PLN a term\u00e9szeti katasztr\u00f3f\u00e1k \u00e9s f\u00f6ldcsuszaml\u00e1sok hat\u00e1sainak felsz\u00e1mol\u00e1s\u00e1ra a Podkarpatszkaja vajdas\u00e1gban"},"content":{"rendered":"<div class=\"preface\" data-role=\"preface\">\n<div class=\"col-md-5 col-sm-12 no-gutter\">\n<p><strong>A Podkarpacie r\u00e9gi\u00f3 \u00f6nkorm\u00e1nyzatai 77 milli\u00f3 PLN-t kapnak. Rzesz\u00f3wban Jaros\u0142aw Zieli\u0144ski bel\u00fcgyi \u00e9s k\u00f6zigazgat\u00e1si miniszterhelyettes \u00edg\u00e9rv\u00e9nyeket osztott ki a term\u00e9szeti katasztr\u00f3f\u00e1k \u00e9s f\u00f6ldcsuszaml\u00e1sok hat\u00e1sainak felsz\u00e1mol\u00e1s\u00e1val kapcsolatos feladatok v\u00e9grehajt\u00e1s\u00e1ra.<\/strong><\/p>\n<\/div>\n<\/div>\n<div class=\"col-sm-12 no-gutter\">\n<div class=\"entry-content\">\n<p><em>- A Podkarpatszkaja vajdas\u00e1g k\u00f6zel 77 milli\u00f3 PLN-t kap - ebb\u0151l 56 milli\u00f3 PLN-t utak, \u00e1tereszek \u00e9s hidak fel\u00faj\u00edt\u00e1s\u00e1ra, \u00e9s t\u00f6bb mint 20 milli\u00f3 PLN-t f\u00f6ldcsuszaml\u00e1sok stabiliz\u00e1l\u00e1s\u00e1ra.<\/em>&nbsp;- mondta Jaros\u0142aw Zieli\u0144ski, a Bel\u00fcgy- \u00e9s K\u00f6zigazgat\u00e1si Miniszt\u00e9rium \u00e1llamtitk\u00e1ra a Podkarpatszkaja vajdas\u00e1gi hivatalban, Rzesz\u00f3wban tartott \u00fcnneps\u00e9gen.  A miniszterhelyettes hangs\u00falyozta, hogy az \u00f6nkorm\u00e1nyzatok tev\u00e9kenys\u00e9g\u00e9nek \u00e1llami t\u00e1mogat\u00e1sa rendk\u00edv\u00fcl fontos a lakosok \u00e9letmin\u0151s\u00e9g\u00e9nek jav\u00edt\u00e1sa szempontj\u00e1b\u00f3l. K\u00f6sz\u00f6netet mondott a csillag\u00e1szoknak, polg\u00e1rmestereknek \u00e9s faluvezet\u0151knek is a p\u00e1ly\u00e1zatok hat\u00e9kony el\u0151k\u00e9sz\u00edt\u00e9s\u00e9\u00e9rt. Ewa Leniart, Podkarpackie vajd\u00e1ja hozz\u00e1tette, hogy az elm\u00falt \u00e9vekben tett \u00edg\u00e9reteknek k\u00f6sz\u00f6nhet\u0151en t\u00f6bb mint 673 km \u00f6nkorm\u00e1nyzati \u00e9s k\u00f6rzeti utat, valamint 218 v\u00edznyel\u0151t \u00e9s h\u00eddszerkezetet siker\u00fclt rendbe hozni Podkarpackie-ban.<\/p>\n<p>Az \u00fcnneps\u00e9gen az \u00edg\u00e9reteket 58 \u00f6nkorm\u00e1nyzati egys\u00e9g, k\u00f6zt\u00fck 46 telep\u00fcl\u00e9s \u00e9s 12 k\u00f6rzet k\u00e9pvisel\u0151i vett\u00e9k \u00e1t. A t\u00e1rsfinansz\u00edroz\u00e1st 183 feladat v\u00e9grehajt\u00e1s\u00e1ra k\u00fcl\u00f6n\u00edtik el.<\/p>\n<p>Az esem\u00e9nyen r\u00e9szt vettek Krystyna Wr\u00f3blewska, Halina Szyde\u0142ko, Bogdan Rzo\u0144ca, Zbigniew Chmielowiec \u00e9s Andrzej Szlachta k\u00e1rp\u00e1taljai parlamenti k\u00e9pvisel\u0151k, Piotr Pilch k\u00e1rp\u00e1taljai marsallhelyettes, valamint a k\u00e1rp\u00e1taljai \u00f6nkorm\u00e1nyzatok \u00e9s j\u00e1r\u00e1sok k\u00e9pvisel\u0151i.<\/p>\n<p><strong>Marek Kuchci\u0144ski, a Szejm eln\u00f6ke levelet k\u00fcld\u00f6tt a r\u00e9sztvev\u0151knek, amelyben kifejezte meggy\u0151z\u0151d\u00e9s\u00e9t, hogy az elnyert t\u00e1mogat\u00e1soknak k\u00f6sz\u00f6nhet\u0151en a term\u00e9szeti katasztr\u00f3f\u00e1k \u00e1ltal elpuszt\u00edtott infrastrukt\u00far\u00e1t \u00fajj\u00e1\u00e9p\u00edtik \u00e9s helyre\u00e1ll\u00edtj\u00e1k. \"B\u00edzom benne, hogy ezek a tev\u00e9kenys\u00e9gek j\u00f3l szolg\u00e1lj\u00e1k majd a helyi k\u00f6z\u00f6ss\u00e9get\" - \u00edrta a h\u00e1zeln\u00f6k.<\/strong><\/p>\n<p><a href=\"https:\/\/marekkuchcinski.pl\/wp-content\/uploads\/2019\/03\/promesy.pdf\">LIST <\/a><\/p>\n<p>Az elk\u00fcl\u00f6n\u00edtett p\u00e9nzeszk\u00f6z\u00f6ket, amelyek az \u00e1llami k\u00f6lts\u00e9gvet\u00e9s speci\u00e1lis tartal\u00e9k\u00e1b\u00f3l sz\u00e1rmaznak, a k\u00f6vetkez\u0151kre fogj\u00e1k felhaszn\u00e1lni:<\/p>\n<ol>\n<li>T\u00e1mogat\u00e1s a term\u00e9szeti katasztr\u00f3f\u00e1nak min\u0151s\u00fcl\u0151 esem\u00e9nyek k\u00f6vetkezt\u00e9ben megsemmis\u00fclt infrastrukt\u00fara helyre\u00e1ll\u00edt\u00e1s\u00e1val \u00e9s \u00fajj\u00e1\u00e9p\u00edt\u00e9s\u00e9vel kapcsolatos feladatok v\u00e9grehajt\u00e1s\u00e1hoz.<\/li>\n<\/ol>\n<p>A v\u00e1lt\u00f3kat a k\u00f6vetkez\u0151knek \u00edt\u00e9lt\u00e9k oda&nbsp;<strong>43 helyi \u00f6nkorm\u00e1nyzati egys\u00e9g (k\u00f6zt\u00fck 5 poviats \u00e9s 38 gminas) sz\u00e1m\u00e1ra a k\u00f6vetkez\u0151 \u00f6sszegben<\/strong><strong>&nbsp;t\u00f6bb mint 56 milli\u00f3 PLN.&nbsp;<\/strong>A p\u00e9nzeszk\u00f6z\u00f6kb\u0151l az egys\u00e9gek t\u00f6bbek k\u00f6z\u00f6tt a k\u00f6vetkez\u0151k \u00fajj\u00e1\u00e9p\u00edt\u00e9s\u00e9t, fel\u00faj\u00edt\u00e1s\u00e1t tervezik&nbsp;<strong>97 km&nbsp;<\/strong>utak \u00e9s&nbsp;<strong>25&nbsp;<\/strong>hidak \u00e9s \u00e1tereszek.<\/p>\n<p>2. a f\u00f6ldcsuszaml\u00e1sok \u00e1ltal megrong\u00e1lt k\u00f6zc\u00e9l\u00fa infrastrukt\u00fara \u00fajj\u00e1\u00e9p\u00edt\u00e9s\u00e9b\u0151l \u00e1ll\u00f3 saj\u00e1t feladatok t\u00e1rsfinansz\u00edroz\u00e1sa.<\/p>\n<p>A v\u00e1lt\u00f3kat a k\u00f6vetkez\u0151k kapt\u00e1k meg&nbsp;<strong>17 helyi \u00f6nkorm\u00e1nyzati egys\u00e9g (k\u00f6zt\u00fck 8 poviats \u00e9s 9 gminas) t\u00f6bb mint 20,5 milli\u00f3 PLN \u00f6sszegben.&nbsp;<\/strong>A forr\u00e1sok lehet\u0151v\u00e9 teszik a helyi \u00f6nkorm\u00e1nyzatok \u00e1ltal beny\u00fajtott valamennyi feladat finansz\u00edroz\u00e1s\u00e1t, azaz. Ez az el\u0151ir\u00e1nyzat lehet\u0151v\u00e9 teszi a helyi hat\u00f3s\u00e1gok \u00e1ltal id\u00e9n v\u00e9grehajt\u00e1sra beny\u00fajtott valamennyi feladat finansz\u00edroz\u00e1s\u00e1t, azaz.&nbsp;<strong>14 dokument\u00e1ci\u00f3<\/strong>&nbsp;\u00e9s v\u00e9grehajt\u00e1s&nbsp;<strong>12 megfelel\u0151 v\u00e9delmi munka<\/strong><strong>f\u00f6ldcsuszaml\u00e1sok.<\/strong><\/p>\n<p>\u00d6sszesen \u00e9vekben&nbsp;<strong>2016-2018<\/strong>&nbsp;A bel\u00fcgy- \u00e9s k\u00f6zigazgat\u00e1si miniszter a podkarpatszka korm\u00e1nyz\u00f3 k\u00e9r\u00e9s\u00e9re a ter\u00fcleti \u00f6nkorm\u00e1nyzatoknak az \u00e1llami k\u00f6lts\u00e9gvet\u00e9sb\u0151l a term\u00e9szeti katasztr\u00f3f\u00e1k \u00e9s a f\u00f6ldcsuszaml\u00e1sok hat\u00e1sainak felsz\u00e1mol\u00e1s\u00e1ra c\u00e9lzott t\u00e1mogat\u00e1st ny\u00fajtott, \u00f6sszesen&nbsp;<strong>t\u00f6bb mint 270<\/strong><strong>milli\u00f3 EUR 970 feladat v\u00e9grehajt\u00e1s\u00e1ra.<\/strong><\/p>\n<p>Ezen int\u00e9zked\u00e9seken bel\u00fcl k\u00fcl\u00f6n\u00f6sen:<\/p>\n<ul>\n<li>fel\u00faj\u00edtott, \u00e1t\u00e9p\u00edtett vagy \u00fajj\u00e1\u00e9p\u00edtett:<\/li>\n<li>a  oldalon kereszt\u00fcl&nbsp;<strong>673 km<\/strong>&nbsp;\u00f6nkorm\u00e1nyzati \u00e9s k\u00f6rzeti utak,<\/li>\n<li><strong>218<\/strong>&nbsp;\u00e1tereszek \u00e9s h\u00eddszerkezetek az \u00f6nkorm\u00e1nyzati \u00e9s k\u00f6rzeti utakon,<\/li>\n<li>az al\u00e1bbiak fejl\u0151d\u00e9se&nbsp;<strong>55<\/strong>&nbsp;geol\u00f3giai-m\u00e9rn\u00f6ki dokument\u00e1ci\u00f3 \u00e9s \u00e9p\u00edt\u00e9si projektek,<\/li>\n<li>finansz\u00edrozza&nbsp;<strong>29<\/strong>&nbsp;megfelel\u0151 munk\u00e1latok a f\u00f6ldcsuszaml\u00e1svesz\u00e9lyes ter\u00fcletek v\u00e9delm\u00e9re.<\/li>\n<\/ul>\n<p>&nbsp;<\/p>\n<\/div>\n<p><em>forr\u00e1s: Podkarpatszkaja vajdas\u00e1gi hivatal Rzesz\u00f3wban<\/em><\/p>\n<\/div>\n\n\n<figure class=\"wp-block-image\"><img fetchpriority=\"high\" decoding=\"async\" width=\"1024\" height=\"719\" src=\"https:\/\/marekkuchcinski.pl\/wp-content\/uploads\/2019\/04\/kzyw-1024x719.jpg\" alt=\"\" class=\"wp-image-14980\" srcset=\"https:\/\/marekkuchcinski.pl\/wp-content\/uploads\/2019\/04\/kzyw-1024x719.jpg 1024w, https:\/\/marekkuchcinski.pl\/wp-content\/uploads\/2019\/04\/kzyw-300x211.jpg 300w, https:\/\/marekkuchcinski.pl\/wp-content\/uploads\/2019\/04\/kzyw-768x539.jpg 768w, https:\/\/marekkuchcinski.pl\/wp-content\/uploads\/2019\/04\/kzyw.jpg 2048w\" sizes=\"(max-width: 1024px) 100vw, 1024px\" \/><\/figure>","protected":false},"excerpt":{"rendered":"<p>Do podkarpackich samorz\u0105d\u00f3w trafi 77 mln z\u0142. Wiceminister spraw wewn\u0119trznych i administracji Jaros\u0142aw Zieli\u0144ski wr\u0119czy\u0142 w Rzeszowie promesy na realizacj\u0119 zada\u0144 z zakresu usuwania skutk\u00f3w kl\u0119sk \u017cywio\u0142owych oraz ruch\u00f3w osuwiskowych ziemi. \u2013 Wojew\u00f3dztwo podkarpackie otrzymuje prawie 77 mln z\u0142 \u2013 z czego 56 mln z\u0142 na odbudow\u0119 dr\u00f3g, przepust\u00f3w, most\u00f3w i ponad 20 mln z\u0142 [&hellip;]<\/p>","protected":false},"author":6,"featured_media":13488,"comment_status":"open","ping_status":"open","sticky":false,"template":"","format":"standard","meta":{"ngg_post_thumbnail":0,"footnotes":""},"categories":[104,49,82,3],"tags":[],"class_list":["post-13483","post","type-post","status-publish","format-standard","has-post-thumbnail","hentry","category-lms","category-podkarpacie","category-prawo-i-sprawiedliwosc","category-wydarzenia"],"yoast_head":"<!-- This site is optimized with the Yoast SEO plugin v24.7 - https:\/\/yoast.com\/wordpress\/plugins\/seo\/ -->\n<title>77 mln z\u0142 na usuwanie skutk\u00f3w kl\u0119sk \u017cywio\u0142owych i osuwisk na Podkarpaciu &#8211; Marek Kuchci\u0144ski<\/title>\n<meta name=\"robots\" content=\"index, follow, max-snippet:-1, max-image-preview:large, max-video-preview:-1\" \/>\n<link rel=\"canonical\" href=\"https:\/\/marekkuchcinski.pl\/hu\/prawo-i-sprawiedliwosc\/77-mln-zl-usuwanie-skutkow-klesk-zywiolowych-osuwisk-podkarpaciu\/\" \/>\n<meta property=\"og:locale\" content=\"hu_HU\" \/>\n<meta property=\"og:type\" content=\"article\" \/>\n<meta property=\"og:title\" content=\"77 mln z\u0142 na usuwanie skutk\u00f3w kl\u0119sk \u017cywio\u0142owych i osuwisk na Podkarpaciu &#8211; Marek Kuchci\u0144ski\" \/>\n<meta property=\"og:description\" content=\"Do podkarpackich samorz\u0105d\u00f3w trafi 77 mln z\u0142. Wiceminister spraw wewn\u0119trznych i administracji Jaros\u0142aw Zieli\u0144ski wr\u0119czy\u0142 w Rzeszowie promesy na realizacj\u0119 zada\u0144 z zakresu usuwania skutk\u00f3w kl\u0119sk \u017cywio\u0142owych oraz ruch\u00f3w osuwiskowych ziemi. \u2013 Wojew\u00f3dztwo podkarpackie otrzymuje prawie 77 mln z\u0142 \u2013 z czego 56 mln z\u0142 na odbudow\u0119 dr\u00f3g, przepust\u00f3w, most\u00f3w i ponad 20 mln z\u0142 [&hellip;]\" \/>\n<meta property=\"og:url\" content=\"https:\/\/marekkuchcinski.pl\/hu\/prawo-i-sprawiedliwosc\/77-mln-zl-usuwanie-skutkow-klesk-zywiolowych-osuwisk-podkarpaciu\/\" \/>\n<meta property=\"og:site_name\" content=\"Marek Kuchci\u0144ski\" \/>\n<meta property=\"article:published_time\" content=\"2019-03-07T12:09:20+00:00\" \/>\n<meta property=\"article:modified_time\" content=\"2019-04-19T12:15:59+00:00\" \/>\n<meta property=\"og:image\" content=\"https:\/\/marekkuchcinski.pl\/wp-content\/uploads\/2019\/03\/kzyw.jpg\" \/>\n\t<meta property=\"og:image:width\" content=\"2048\" \/>\n\t<meta property=\"og:image:height\" content=\"1438\" \/>\n\t<meta property=\"og:image:type\" content=\"image\/jpeg\" \/>\n<meta name=\"author\" content=\"admin\" \/>\n<meta name=\"twitter:card\" content=\"summary_large_image\" \/>\n<meta name=\"twitter:label1\" content=\"Szerz\u0151:\" \/>\n\t<meta name=\"twitter:data1\" content=\"admin\" \/>\n\t<meta name=\"twitter:label2\" content=\"Becs\u00fclt olvas\u00e1si id\u0151\" \/>\n\t<meta name=\"twitter:data2\" content=\"3 perc\" \/>\n<script type=\"application\/ld+json\" class=\"yoast-schema-graph\">{\"@context\":\"https:\/\/schema.org\",\"@graph\":[{\"@type\":\"Article\",\"@id\":\"https:\/\/marekkuchcinski.pl\/prawo-i-sprawiedliwosc\/77-mln-zl-usuwanie-skutkow-klesk-zywiolowych-osuwisk-podkarpaciu\/#article\",\"isPartOf\":{\"@id\":\"https:\/\/marekkuchcinski.pl\/prawo-i-sprawiedliwosc\/77-mln-zl-usuwanie-skutkow-klesk-zywiolowych-osuwisk-podkarpaciu\/\"},\"author\":{\"name\":\"admin\",\"@id\":\"https:\/\/marekkuchcinski.pl\/#\/schema\/person\/6f62700996b4d950b6ea2d1183b6c6be\"},\"headline\":\"77 mln z\u0142 na usuwanie skutk\u00f3w kl\u0119sk \u017cywio\u0142owych i osuwisk na Podkarpaciu\",\"datePublished\":\"2019-03-07T12:09:20+00:00\",\"dateModified\":\"2019-04-19T12:15:59+00:00\",\"mainEntityOfPage\":{\"@id\":\"https:\/\/marekkuchcinski.pl\/prawo-i-sprawiedliwosc\/77-mln-zl-usuwanie-skutkow-klesk-zywiolowych-osuwisk-podkarpaciu\/\"},\"wordCount\":566,\"commentCount\":0,\"publisher\":{\"@id\":\"https:\/\/marekkuchcinski.pl\/#organization\"},\"image\":{\"@id\":\"https:\/\/marekkuchcinski.pl\/prawo-i-sprawiedliwosc\/77-mln-zl-usuwanie-skutkow-klesk-zywiolowych-osuwisk-podkarpaciu\/#primaryimage\"},\"thumbnailUrl\":\"https:\/\/marekkuchcinski.pl\/wp-content\/uploads\/2019\/03\/kzyw.jpg\",\"articleSection\":[\"Listy Marsza\u0142ka Sejmu\",\"Podkarpacie\",\"Prawo i Sprawiedliwo\u015b\u0107\",\"Wydarzenia\"],\"inLanguage\":\"hu\",\"potentialAction\":[{\"@type\":\"CommentAction\",\"name\":\"Comment\",\"target\":[\"https:\/\/marekkuchcinski.pl\/prawo-i-sprawiedliwosc\/77-mln-zl-usuwanie-skutkow-klesk-zywiolowych-osuwisk-podkarpaciu\/#respond\"]}]},{\"@type\":\"WebPage\",\"@id\":\"https:\/\/marekkuchcinski.pl\/prawo-i-sprawiedliwosc\/77-mln-zl-usuwanie-skutkow-klesk-zywiolowych-osuwisk-podkarpaciu\/\",\"url\":\"https:\/\/marekkuchcinski.pl\/prawo-i-sprawiedliwosc\/77-mln-zl-usuwanie-skutkow-klesk-zywiolowych-osuwisk-podkarpaciu\/\",\"name\":\"77 mln z\u0142 na usuwanie skutk\u00f3w kl\u0119sk \u017cywio\u0142owych i osuwisk na Podkarpaciu &#8211; Marek Kuchci\u0144ski\",\"isPartOf\":{\"@id\":\"https:\/\/marekkuchcinski.pl\/#website\"},\"primaryImageOfPage\":{\"@id\":\"https:\/\/marekkuchcinski.pl\/prawo-i-sprawiedliwosc\/77-mln-zl-usuwanie-skutkow-klesk-zywiolowych-osuwisk-podkarpaciu\/#primaryimage\"},\"image\":{\"@id\":\"https:\/\/marekkuchcinski.pl\/prawo-i-sprawiedliwosc\/77-mln-zl-usuwanie-skutkow-klesk-zywiolowych-osuwisk-podkarpaciu\/#primaryimage\"},\"thumbnailUrl\":\"https:\/\/marekkuchcinski.pl\/wp-content\/uploads\/2019\/03\/kzyw.jpg\",\"datePublished\":\"2019-03-07T12:09:20+00:00\",\"dateModified\":\"2019-04-19T12:15:59+00:00\",\"breadcrumb\":{\"@id\":\"https:\/\/marekkuchcinski.pl\/prawo-i-sprawiedliwosc\/77-mln-zl-usuwanie-skutkow-klesk-zywiolowych-osuwisk-podkarpaciu\/#breadcrumb\"},\"inLanguage\":\"hu\",\"potentialAction\":[{\"@type\":\"ReadAction\",\"target\":[\"https:\/\/marekkuchcinski.pl\/prawo-i-sprawiedliwosc\/77-mln-zl-usuwanie-skutkow-klesk-zywiolowych-osuwisk-podkarpaciu\/\"]}]},{\"@type\":\"ImageObject\",\"inLanguage\":\"hu\",\"@id\":\"https:\/\/marekkuchcinski.pl\/prawo-i-sprawiedliwosc\/77-mln-zl-usuwanie-skutkow-klesk-zywiolowych-osuwisk-podkarpaciu\/#primaryimage\",\"url\":\"https:\/\/marekkuchcinski.pl\/wp-content\/uploads\/2019\/03\/kzyw.jpg\",\"contentUrl\":\"https:\/\/marekkuchcinski.pl\/wp-content\/uploads\/2019\/03\/kzyw.jpg\",\"width\":2048,\"height\":1438},{\"@type\":\"BreadcrumbList\",\"@id\":\"https:\/\/marekkuchcinski.pl\/prawo-i-sprawiedliwosc\/77-mln-zl-usuwanie-skutkow-klesk-zywiolowych-osuwisk-podkarpaciu\/#breadcrumb\",\"itemListElement\":[{\"@type\":\"ListItem\",\"position\":1,\"name\":\"Strona g\u0142\u00f3wna\",\"item\":\"https:\/\/marekkuchcinski.pl\/\"},{\"@type\":\"ListItem\",\"position\":2,\"name\":\"77 mln z\u0142 na usuwanie skutk\u00f3w kl\u0119sk \u017cywio\u0142owych i osuwisk na Podkarpaciu\"}]},{\"@type\":\"WebSite\",\"@id\":\"https:\/\/marekkuchcinski.pl\/#website\",\"url\":\"https:\/\/marekkuchcinski.pl\/\",\"name\":\"Marek Kuchci\u0144ski\",\"description\":\"Pose\u0142 na sejm RP &ndash; okr\u0119g nr 22\",\"publisher\":{\"@id\":\"https:\/\/marekkuchcinski.pl\/#organization\"},\"potentialAction\":[{\"@type\":\"SearchAction\",\"target\":{\"@type\":\"EntryPoint\",\"urlTemplate\":\"https:\/\/marekkuchcinski.pl\/?s={search_term_string}\"},\"query-input\":{\"@type\":\"PropertyValueSpecification\",\"valueRequired\":true,\"valueName\":\"search_term_string\"}}],\"inLanguage\":\"hu\"},{\"@type\":\"Organization\",\"@id\":\"https:\/\/marekkuchcinski.pl\/#organization\",\"name\":\"Marek Kuchci\u0144ski\",\"url\":\"https:\/\/marekkuchcinski.pl\/\",\"logo\":{\"@type\":\"ImageObject\",\"inLanguage\":\"hu\",\"@id\":\"https:\/\/marekkuchcinski.pl\/#\/schema\/logo\/image\/\",\"url\":\"https:\/\/marekkuchcinski.pl\/wp-content\/uploads\/2022\/09\/Marek.jpg\",\"contentUrl\":\"https:\/\/marekkuchcinski.pl\/wp-content\/uploads\/2022\/09\/Marek.jpg\",\"width\":1600,\"height\":971,\"caption\":\"Marek Kuchci\u0144ski\"},\"image\":{\"@id\":\"https:\/\/marekkuchcinski.pl\/#\/schema\/logo\/image\/\"}},{\"@type\":\"Person\",\"@id\":\"https:\/\/marekkuchcinski.pl\/#\/schema\/person\/6f62700996b4d950b6ea2d1183b6c6be\",\"name\":\"admin\",\"image\":{\"@type\":\"ImageObject\",\"inLanguage\":\"hu\",\"@id\":\"https:\/\/marekkuchcinski.pl\/#\/schema\/person\/image\/\",\"url\":\"https:\/\/secure.gravatar.com\/avatar\/4bab693b9d55c3d6b52c0296a8765085?s=96&d=mm&r=g\",\"contentUrl\":\"https:\/\/secure.gravatar.com\/avatar\/4bab693b9d55c3d6b52c0296a8765085?s=96&d=mm&r=g\",\"caption\":\"admin\"},\"url\":\"https:\/\/marekkuchcinski.pl\/hu\/author\/marta-olejnik\/\"}]}<\/script>\n<!-- \/ Yoast SEO plugin. -->","yoast_head_json":{"title":"77 mln z\u0142 na usuwanie skutk\u00f3w kl\u0119sk \u017cywio\u0142owych i osuwisk na Podkarpaciu &#8211; Marek Kuchci\u0144ski","robots":{"index":"index","follow":"follow","max-snippet":"max-snippet:-1","max-image-preview":"max-image-preview:large","max-video-preview":"max-video-preview:-1"},"canonical":"https:\/\/marekkuchcinski.pl\/hu\/prawo-i-sprawiedliwosc\/77-mln-zl-usuwanie-skutkow-klesk-zywiolowych-osuwisk-podkarpaciu\/","og_locale":"hu_HU","og_type":"article","og_title":"77 mln z\u0142 na usuwanie skutk\u00f3w kl\u0119sk \u017cywio\u0142owych i osuwisk na Podkarpaciu &#8211; Marek Kuchci\u0144ski","og_description":"Do podkarpackich samorz\u0105d\u00f3w trafi 77 mln z\u0142. Wiceminister spraw wewn\u0119trznych i administracji Jaros\u0142aw Zieli\u0144ski wr\u0119czy\u0142 w Rzeszowie promesy na realizacj\u0119 zada\u0144 z zakresu usuwania skutk\u00f3w kl\u0119sk \u017cywio\u0142owych oraz ruch\u00f3w osuwiskowych ziemi. \u2013 Wojew\u00f3dztwo podkarpackie otrzymuje prawie 77 mln z\u0142 \u2013 z czego 56 mln z\u0142 na odbudow\u0119 dr\u00f3g, przepust\u00f3w, most\u00f3w i ponad 20 mln z\u0142 [&hellip;]","og_url":"https:\/\/marekkuchcinski.pl\/hu\/prawo-i-sprawiedliwosc\/77-mln-zl-usuwanie-skutkow-klesk-zywiolowych-osuwisk-podkarpaciu\/","og_site_name":"Marek Kuchci\u0144ski","article_published_time":"2019-03-07T12:09:20+00:00","article_modified_time":"2019-04-19T12:15:59+00:00","og_image":[{"width":2048,"height":1438,"url":"https:\/\/marekkuchcinski.pl\/wp-content\/uploads\/2019\/03\/kzyw.jpg","type":"image\/jpeg"}],"author":"admin","twitter_card":"summary_large_image","twitter_misc":{"Szerz\u0151:":"admin","Becs\u00fclt olvas\u00e1si id\u0151":"3 perc"},"schema":{"@context":"https:\/\/schema.org","@graph":[{"@type":"Article","@id":"https:\/\/marekkuchcinski.pl\/prawo-i-sprawiedliwosc\/77-mln-zl-usuwanie-skutkow-klesk-zywiolowych-osuwisk-podkarpaciu\/#article","isPartOf":{"@id":"https:\/\/marekkuchcinski.pl\/prawo-i-sprawiedliwosc\/77-mln-zl-usuwanie-skutkow-klesk-zywiolowych-osuwisk-podkarpaciu\/"},"author":{"name":"admin","@id":"https:\/\/marekkuchcinski.pl\/#\/schema\/person\/6f62700996b4d950b6ea2d1183b6c6be"},"headline":"77 mln z\u0142 na usuwanie skutk\u00f3w kl\u0119sk \u017cywio\u0142owych i osuwisk na Podkarpaciu","datePublished":"2019-03-07T12:09:20+00:00","dateModified":"2019-04-19T12:15:59+00:00","mainEntityOfPage":{"@id":"https:\/\/marekkuchcinski.pl\/prawo-i-sprawiedliwosc\/77-mln-zl-usuwanie-skutkow-klesk-zywiolowych-osuwisk-podkarpaciu\/"},"wordCount":566,"commentCount":0,"publisher":{"@id":"https:\/\/marekkuchcinski.pl\/#organization"},"image":{"@id":"https:\/\/marekkuchcinski.pl\/prawo-i-sprawiedliwosc\/77-mln-zl-usuwanie-skutkow-klesk-zywiolowych-osuwisk-podkarpaciu\/#primaryimage"},"thumbnailUrl":"https:\/\/marekkuchcinski.pl\/wp-content\/uploads\/2019\/03\/kzyw.jpg","articleSection":["Listy Marsza\u0142ka Sejmu","Podkarpacie","Prawo i Sprawiedliwo\u015b\u0107","Wydarzenia"],"inLanguage":"hu","potentialAction":[{"@type":"CommentAction","name":"Comment","target":["https:\/\/marekkuchcinski.pl\/prawo-i-sprawiedliwosc\/77-mln-zl-usuwanie-skutkow-klesk-zywiolowych-osuwisk-podkarpaciu\/#respond"]}]},{"@type":"WebPage","@id":"https:\/\/marekkuchcinski.pl\/prawo-i-sprawiedliwosc\/77-mln-zl-usuwanie-skutkow-klesk-zywiolowych-osuwisk-podkarpaciu\/","url":"https:\/\/marekkuchcinski.pl\/prawo-i-sprawiedliwosc\/77-mln-zl-usuwanie-skutkow-klesk-zywiolowych-osuwisk-podkarpaciu\/","name":"77 mln z\u0142 na usuwanie skutk\u00f3w kl\u0119sk \u017cywio\u0142owych i osuwisk na Podkarpaciu &#8211; Marek Kuchci\u0144ski","isPartOf":{"@id":"https:\/\/marekkuchcinski.pl\/#website"},"primaryImageOfPage":{"@id":"https:\/\/marekkuchcinski.pl\/prawo-i-sprawiedliwosc\/77-mln-zl-usuwanie-skutkow-klesk-zywiolowych-osuwisk-podkarpaciu\/#primaryimage"},"image":{"@id":"https:\/\/marekkuchcinski.pl\/prawo-i-sprawiedliwosc\/77-mln-zl-usuwanie-skutkow-klesk-zywiolowych-osuwisk-podkarpaciu\/#primaryimage"},"thumbnailUrl":"https:\/\/marekkuchcinski.pl\/wp-content\/uploads\/2019\/03\/kzyw.jpg","datePublished":"2019-03-07T12:09:20+00:00","dateModified":"2019-04-19T12:15:59+00:00","breadcrumb":{"@id":"https:\/\/marekkuchcinski.pl\/prawo-i-sprawiedliwosc\/77-mln-zl-usuwanie-skutkow-klesk-zywiolowych-osuwisk-podkarpaciu\/#breadcrumb"},"inLanguage":"hu","potentialAction":[{"@type":"ReadAction","target":["https:\/\/marekkuchcinski.pl\/prawo-i-sprawiedliwosc\/77-mln-zl-usuwanie-skutkow-klesk-zywiolowych-osuwisk-podkarpaciu\/"]}]},{"@type":"ImageObject","inLanguage":"hu","@id":"https:\/\/marekkuchcinski.pl\/prawo-i-sprawiedliwosc\/77-mln-zl-usuwanie-skutkow-klesk-zywiolowych-osuwisk-podkarpaciu\/#primaryimage","url":"https:\/\/marekkuchcinski.pl\/wp-content\/uploads\/2019\/03\/kzyw.jpg","contentUrl":"https:\/\/marekkuchcinski.pl\/wp-content\/uploads\/2019\/03\/kzyw.jpg","width":2048,"height":1438},{"@type":"BreadcrumbList","@id":"https:\/\/marekkuchcinski.pl\/prawo-i-sprawiedliwosc\/77-mln-zl-usuwanie-skutkow-klesk-zywiolowych-osuwisk-podkarpaciu\/#breadcrumb","itemListElement":[{"@type":"ListItem","position":1,"name":"Strona g\u0142\u00f3wna","item":"https:\/\/marekkuchcinski.pl\/"},{"@type":"ListItem","position":2,"name":"77 mln z\u0142 na usuwanie skutk\u00f3w kl\u0119sk \u017cywio\u0142owych i osuwisk na Podkarpaciu"}]},{"@type":"WebSite","@id":"https:\/\/marekkuchcinski.pl\/#website","url":"https:\/\/marekkuchcinski.pl\/","name":"Marek Kuchci\u0144ski","description":"Pose\u0142 na sejm RP &ndash; okr\u0119g nr 22","publisher":{"@id":"https:\/\/marekkuchcinski.pl\/#organization"},"potentialAction":[{"@type":"SearchAction","target":{"@type":"EntryPoint","urlTemplate":"https:\/\/marekkuchcinski.pl\/?s={search_term_string}"},"query-input":{"@type":"PropertyValueSpecification","valueRequired":true,"valueName":"search_term_string"}}],"inLanguage":"hu"},{"@type":"Organization","@id":"https:\/\/marekkuchcinski.pl\/#organization","name":"Marek Kuchci\u0144ski","url":"https:\/\/marekkuchcinski.pl\/","logo":{"@type":"ImageObject","inLanguage":"hu","@id":"https:\/\/marekkuchcinski.pl\/#\/schema\/logo\/image\/","url":"https:\/\/marekkuchcinski.pl\/wp-content\/uploads\/2022\/09\/Marek.jpg","contentUrl":"https:\/\/marekkuchcinski.pl\/wp-content\/uploads\/2022\/09\/Marek.jpg","width":1600,"height":971,"caption":"Marek Kuchci\u0144ski"},"image":{"@id":"https:\/\/marekkuchcinski.pl\/#\/schema\/logo\/image\/"}},{"@type":"Person","@id":"https:\/\/marekkuchcinski.pl\/#\/schema\/person\/6f62700996b4d950b6ea2d1183b6c6be","name":"admin","image":{"@type":"ImageObject","inLanguage":"hu","@id":"https:\/\/marekkuchcinski.pl\/#\/schema\/person\/image\/","url":"https:\/\/secure.gravatar.com\/avatar\/4bab693b9d55c3d6b52c0296a8765085?s=96&d=mm&r=g","contentUrl":"https:\/\/secure.gravatar.com\/avatar\/4bab693b9d55c3d6b52c0296a8765085?s=96&d=mm&r=g","caption":"admin"},"url":"https:\/\/marekkuchcinski.pl\/hu\/author\/marta-olejnik\/"}]}},"_links":{"self":[{"href":"https:\/\/marekkuchcinski.pl\/hu\/wp-json\/wp\/v2\/posts\/13483","targetHints":{"allow":["GET"]}}],"collection":[{"href":"https:\/\/marekkuchcinski.pl\/hu\/wp-json\/wp\/v2\/posts"}],"about":[{"href":"https:\/\/marekkuchcinski.pl\/hu\/wp-json\/wp\/v2\/types\/post"}],"author":[{"embeddable":true,"href":"https:\/\/marekkuchcinski.pl\/hu\/wp-json\/wp\/v2\/users\/6"}],"replies":[{"embeddable":true,"href":"https:\/\/marekkuchcinski.pl\/hu\/wp-json\/wp\/v2\/comments?post=13483"}],"version-history":[{"count":4,"href":"https:\/\/marekkuchcinski.pl\/hu\/wp-json\/wp\/v2\/posts\/13483\/revisions"}],"predecessor-version":[{"id":14981,"href":"https:\/\/marekkuchcinski.pl\/hu\/wp-json\/wp\/v2\/posts\/13483\/revisions\/14981"}],"wp:featuredmedia":[{"embeddable":true,"href":"https:\/\/marekkuchcinski.pl\/hu\/wp-json\/wp\/v2\/media\/13488"}],"wp:attachment":[{"href":"https:\/\/marekkuchcinski.pl\/hu\/wp-json\/wp\/v2\/media?parent=13483"}],"wp:term":[{"taxonomy":"category","embeddable":true,"href":"https:\/\/marekkuchcinski.pl\/hu\/wp-json\/wp\/v2\/categories?post=13483"},{"taxonomy":"post_tag","embeddable":true,"href":"https:\/\/marekkuchcinski.pl\/hu\/wp-json\/wp\/v2\/tags?post=13483"}],"curies":[{"name":"wp","href":"https:\/\/api.w.org\/{rel}","templated":true}]}}