{"id":13415,"date":"2019-03-01T14:02:28","date_gmt":"2019-03-01T13:02:28","guid":{"rendered":"https:\/\/marekkuchcinski.pl\/?p=13415"},"modified":"2019-03-02T10:51:39","modified_gmt":"2019-03-02T09:51:39","slug":"marek-kuchcinski-dniu-zolnierzy-wykletych-nas-obywatelach-niepodleglego-panstwa-panstwa-o-ktorym-marzyli-spoczywa-odpowiedzialnosc-pielegnowania-pamieci-o-dotad-przemilczan","status":"publish","type":"post","link":"https:\/\/marekkuchcinski.pl\/hu\/wydarzenia\/marek-kuchcinski-dniu-zolnierzy-wykletych-nas-obywatelach-niepodleglego-panstwa-panstwa-o-ktorym-marzyli-spoczywa-odpowiedzialnosc-pielegnowania-pamieci-o-dotad-przemilczan\/","title":{"rendered":"Marek Kuchci\u0144ski az id\u0151s katon\u00e1k eml\u00e9knapj\u00e1n: Nek\u00fcnk, a f\u00fcggetlen \u00e1llam polg\u00e1rainak - az \u00e1ltaluk meg\u00e1lmodott \u00e1llamnak - a felel\u0151ss\u00e9ge, hogy \u00e1poljuk szabads\u00e1gunk eddig elhallgatott, gyakran n\u00e9vtelen h\u0151seinek eml\u00e9k\u00e9t."},"content":{"rendered":"<p><strong>Nem fogadt\u00e1k el, hogy Lengyelorsz\u00e1g a 17. szovjet k\u00f6zt\u00e1rsas\u00e1g legyen. Nem voltak hajland\u00f3k elfogadni az igazs\u00e1gtalans\u00e1got \u00e9s a megvet\u00e9st. Nem engedtek a megk\u00ednzottaknak \u00e9s \u00fcld\u00f6z\u00f6tteknek. A haz\u00e1jukat a saj\u00e1t \u00e9let\u00fck el\u00e9 helyezt\u00e9k. M\u00e1rcius 1-j\u00e9n \u00fcnnepelj\u00fck a napjukat, a besorozott katon\u00e1k napj\u00e1t.\u00a0<\/strong><\/p>\n<p><strong>Andrzej Duda eln\u00f6k a veter\u00e1nokat \u00e9s a Wykl\u0119tych-katon\u00e1k eml\u00e9k\u00e9t \u00e1pol\u00f3 szem\u00e9lyeket d\u00edjazta. Az \u00fcnneps\u00e9gen r\u00e9szt vett t\u00f6bbek k\u00f6z\u00f6tt Marek Kuchci\u0144ski, a szejm eln\u00f6ke, aki a podkarpatszki \u00fcnneps\u00e9gek r\u00e9sztvev\u0151inek \u00edrt level\u00e9ben:<\/strong><\/p>\n<p><em>A wyklanieci katon\u00e1k k\u00fcl\u00f6nleges helyet \u00e9rdemelnek nemzeti tudatunkban. Az a meggy\u0151z\u0151d\u00e9s egyes\u00edtette \u0151ket, hogy nem lehet passz\u00edvan n\u00e9zni, ahogy a nemzetet rabszolgasorba tasz\u00edtj\u00e1k, \u00e9s Lengyelorsz\u00e1got egy idegen hatalom vazallus \u00e1llam\u00e1v\u00e1 alak\u00edtj\u00e1k \u00e1t. Nem a kommunista hat\u00f3s\u00e1gok kegyeit kerest\u00e9k azzal, hogy el\u00e1rult\u00e1k eszm\u00e9iket, hanem harcba sz\u00e1lltak, annak ellen\u00e9re, hogy tudt\u00e1k, hogy egyed\u00fcl, csak a saj\u00e1t erej\u00fckre t\u00e1maszkodva veres\u00e9get kell szenvedni\u00fck. A becs\u00fclet \u00e9s az emberi m\u00e9lt\u00f3s\u00e1g v\u00e9delm\u00e9ben harcoltak, \u00e9s rend\u00edthetetlen ki\u00e1ll\u00e1suk elvetette a k\u00e9s\u0151bbi gy\u0151zelem magvait. Ma m\u00e1r tudjuk, hogy az \u0151 \u00e1ldozatukb\u00f3l sz\u00fcletett \u00fajj\u00e1 a f\u00fcggetlen Lengyelorsz\u00e1g. <\/em><\/p>\n<p><em>A kommunista propaganda \u00e9vtizedeken \u00e1t t\u00e9vesen nekik tulajdon\u00edtotta a legs\u00falyosabb b\u0171ncselekm\u00e9nyeket. Feled\u00e9sre akarta \u00edt\u00e9lni azokat, akik a terror \u00e9s a rabszolgas\u00e1g idej\u00e9n a b\u00e1tors\u00e1g \u00e9s a b\u00e1tors\u00e1g, a hazaszeretet \u00e9s a katonai b\u00e1tors\u00e1g f\u00e9nyes bizony\u00edt\u00e9k\u00e1t adt\u00e1k. Nek\u00fcnk, a f\u00fcggetlen \u00e1llam polg\u00e1rainak - az \u00e1llam\u00e9, amelyr\u0151l \u0151k \u00e1lmodtak - az a felel\u0151ss\u00e9g\u00fcnk, hogy \u00e1poljuk szabads\u00e1gunk h\u0151seinek eml\u00e9k\u00e9t, akik eddig csendben, gyakran n\u00e9v n\u00e9lk\u00fcl maradtak.<\/em><\/p>\n<p><em>Ez\u00e9rt nagyrabecs\u00fcl\u00e9ssel \u00e9s h\u00e1l\u00e1val fogadtam a h\u00edrt, hogy Rzesz\u00f3wban megeml\u00e9keznek az id\u0151s katon\u00e1k nemzeti eml\u00e9knapj\u00e1r\u00f3l. K\u00f6sz\u00f6nj\u00fck, hogy megeml\u00e9keztek azokr\u00f3l, akik a szovjet befoly\u00e1st\u00f3l \u00e9s a kommunista ideol\u00f3gi\u00e1t\u00f3l f\u00fcggetlen \u00e9s szabad haz\u00e1\u00e9rt harcoltak, \u00e9s tisztelettel ad\u00f3znak nekik. Az igazs\u00e1g h\u0151sies \u00e9s tragikus \u00e9lm\u00e9nyeikr\u0151l fontos r\u00e9sze \u00f6r\u00f6ks\u00e9g\u00fcnknek \u00e9s identit\u00e1sunknak.<\/em><\/p>\n<p><em>A nemzet\u00fck \u00e9s haz\u00e1juk szabads\u00e1g\u00e1\u00e9rt harcol\u00f3 lengyelek a t\u00f6rt\u00e9nelem sz\u00e1mos h\u0151sies \u00e9s tragikus oldal\u00e1t \u00edrt\u00e1k meg. A m\u00e1sodik \u00f6sszeesk\u00fcv\u00e9s t\u00f6rt\u00e9nete azonban m\u00e9g ezen a h\u00e1tt\u00e9ren is k\u00fcl\u00f6n\u00f6sen dr\u00e1mai.<\/em><\/p>\n<p><em>A kommunist\u00e1k \u00e1ltal betiltott katon\u00e1k a szovjet birodalom teljes ereje ellen fogtak fegyvert. Ki\u00e1lltak a szt\u00e1lini terrornak kitett honfit\u00e1rsaik\u00e9rt, harcoltak a katonai becs\u00fclet \u00e9s az emberi m\u00e9lt\u00f3s\u00e1g v\u00e9delm\u00e9ben. Leleplezt\u00e9k a p\u00e1rtpropaganda hazugs\u00e1gait.<\/em><\/p>\n<p><em>A kommunista hat\u00f3s\u00e1gok minden kegyetlens\u00e9ggel \u00fcld\u00f6zt\u00e9k \u0151ket. A hadsereg, a mil\u00edcia \u00e9s a biztons\u00e1gi szolg\u00e1lat regul\u00e1ris csapatait k\u00fcldt\u00e9k a f\u00f6ldalatti er\u0151k ellen. A Lengyel K\u00f6zt\u00e1rsas\u00e1g legh\u0171s\u00e9gesebb katon\u00e1it beb\u00f6rt\u00f6n\u00f6zt\u00e9k, megk\u00ednozt\u00e1k, \u00e9s a b\u00edr\u00f3s\u00e1gi t\u00f6rv\u00e9nytelens\u00e9g fens\u00e9g\u00e9ben hal\u00e1lra, gyal\u00e1zatra \u00e9s v\u00e9gs\u0151 feled\u00e9sre \u00edt\u00e9lt\u00e9k. A rendszer azonban kev\u00e9sb\u00e9 bizonyult tart\u00f3snak, mint a lengyelek ragaszkod\u00e1sa a szabads\u00e1ghoz \u00e9s a hazafias \u00e9rt\u00e9kekhez.<\/em><\/p>\n<p><em>A Krosn\u00f3ban tartott \u00fcnneps\u00e9gek tan\u00faskodnak k\u00f6zelm\u00faltunk e f\u00e1jdalmas \u00f6r\u00f6ks\u00e9g\u00e9r\u0151l. Ezek egy\u00fattal az eml\u00e9kez\u00e9s \u00e9s a tisztelet kifejez\u00e9se is, amelyet a helyi k\u00f6z\u00f6ss\u00e9g azok ir\u00e1nt tan\u00fas\u00edt, akik a szabad \u00e9s szuver\u00e9n Lengyelorsz\u00e1g\u00e9rt harcoltak. <\/em><\/p>\n<p><em>K\u00f6sz\u00f6netet mondok mindazoknak, akik haz\u00e1nk k\u00f6zelm\u00faltbeli t\u00f6rt\u00e9nelm\u00e9nek e fontos fejezet\u00e9r\u0151l terjesztik az ismereteket, csatlakozom a rendezv\u00e9ny r\u00e9sztvev\u0151ihez, \u00e9s tisztelettel ad\u00f3zom a t\u00f6retlen h\u0151s\u00f6k el\u0151tt.<\/em><\/p>\n<p><em>Fot\u00f3: Marta Olejnik\/ KS<\/em><a href=\"https:\/\/marekkuchcinski.pl\/wp-content\/uploads\/2019\/03\/www18.jpg\"><img fetchpriority=\"high\" decoding=\"async\" class=\"alignnone size-full wp-image-13461\" src=\"https:\/\/marekkuchcinski.pl\/wp-content\/uploads\/2019\/03\/www18.jpg\" alt=\"www18\" width=\"5866\" height=\"3476\" srcset=\"https:\/\/marekkuchcinski.pl\/wp-content\/uploads\/2019\/03\/www18.jpg 2048w, https:\/\/marekkuchcinski.pl\/wp-content\/uploads\/2019\/03\/www18-300x178.jpg 300w, https:\/\/marekkuchcinski.pl\/wp-content\/uploads\/2019\/03\/www18-768x455.jpg 768w, https:\/\/marekkuchcinski.pl\/wp-content\/uploads\/2019\/03\/www18-1024x607.jpg 1024w\" sizes=\"(max-width: 5866px) 100vw, 5866px\" \/><\/a><a href=\"https:\/\/marekkuchcinski.pl\/wp-content\/uploads\/2019\/03\/www1.jpg\"><img decoding=\"async\" class=\"alignnone size-full wp-image-13442\" src=\"https:\/\/marekkuchcinski.pl\/wp-content\/uploads\/2019\/03\/www1.jpg\" alt=\"www1\" width=\"5577\" height=\"3294\" srcset=\"https:\/\/marekkuchcinski.pl\/wp-content\/uploads\/2019\/03\/www1.jpg 2048w, https:\/\/marekkuchcinski.pl\/wp-content\/uploads\/2019\/03\/www1-300x177.jpg 300w, https:\/\/marekkuchcinski.pl\/wp-content\/uploads\/2019\/03\/www1-768x454.jpg 768w, https:\/\/marekkuchcinski.pl\/wp-content\/uploads\/2019\/03\/www1-1024x605.jpg 1024w\" sizes=\"(max-width: 5577px) 100vw, 5577px\" \/><\/a><a href=\"https:\/\/marekkuchcinski.pl\/wp-content\/uploads\/2019\/03\/www12.jpg\"><img decoding=\"async\" class=\"alignnone size-full wp-image-13452\" src=\"https:\/\/marekkuchcinski.pl\/wp-content\/uploads\/2019\/03\/www12.jpg\" alt=\"www12\" width=\"6095\" height=\"3533\" srcset=\"https:\/\/marekkuchcinski.pl\/wp-content\/uploads\/2019\/03\/www12.jpg 2048w, https:\/\/marekkuchcinski.pl\/wp-content\/uploads\/2019\/03\/www12-300x174.jpg 300w, https:\/\/marekkuchcinski.pl\/wp-content\/uploads\/2019\/03\/www12-768x445.jpg 768w, https:\/\/marekkuchcinski.pl\/wp-content\/uploads\/2019\/03\/www12-1024x594.jpg 1024w\" sizes=\"(max-width: 6095px) 100vw, 6095px\" \/><\/a> <a href=\"https:\/\/marekkuchcinski.pl\/wp-content\/uploads\/2019\/03\/IMG_7580tt.jpg\"><img loading=\"lazy\" decoding=\"async\" class=\"alignnone size-full wp-image-13428\" src=\"https:\/\/marekkuchcinski.pl\/wp-content\/uploads\/2019\/03\/IMG_7580tt.jpg\" alt=\"IMG_7580tt\" width=\"5430\" height=\"3459\" srcset=\"https:\/\/marekkuchcinski.pl\/wp-content\/uploads\/2019\/03\/IMG_7580tt.jpg 2048w, https:\/\/marekkuchcinski.pl\/wp-content\/uploads\/2019\/03\/IMG_7580tt-300x191.jpg 300w, https:\/\/marekkuchcinski.pl\/wp-content\/uploads\/2019\/03\/IMG_7580tt-768x489.jpg 768w, https:\/\/marekkuchcinski.pl\/wp-content\/uploads\/2019\/03\/IMG_7580tt-1024x652.jpg 1024w\" sizes=\"(max-width: 5430px) 100vw, 5430px\" \/><\/a><a href=\"https:\/\/marekkuchcinski.pl\/wp-content\/uploads\/2019\/03\/www8.jpg\"><img loading=\"lazy\" decoding=\"async\" class=\"alignnone size-full wp-image-13448\" src=\"https:\/\/marekkuchcinski.pl\/wp-content\/uploads\/2019\/03\/www8.jpg\" alt=\"www8\" width=\"3843\" height=\"2667\" srcset=\"https:\/\/marekkuchcinski.pl\/wp-content\/uploads\/2019\/03\/www8.jpg 2048w, https:\/\/marekkuchcinski.pl\/wp-content\/uploads\/2019\/03\/www8-300x208.jpg 300w, https:\/\/marekkuchcinski.pl\/wp-content\/uploads\/2019\/03\/www8-768x533.jpg 768w, https:\/\/marekkuchcinski.pl\/wp-content\/uploads\/2019\/03\/www8-1024x711.jpg 1024w\" sizes=\"(max-width: 3843px) 100vw, 3843px\" \/><\/a><a href=\"https:\/\/marekkuchcinski.pl\/wp-content\/uploads\/2019\/03\/IMG_7839-1.jpg\"><img loading=\"lazy\" decoding=\"async\" class=\"alignnone size-full wp-image-13432\" src=\"https:\/\/marekkuchcinski.pl\/wp-content\/uploads\/2019\/03\/IMG_7839-1.jpg\" alt=\"IMG_7839\" width=\"5830\" height=\"3533\" srcset=\"https:\/\/marekkuchcinski.pl\/wp-content\/uploads\/2019\/03\/IMG_7839-1.jpg 2048w, https:\/\/marekkuchcinski.pl\/wp-content\/uploads\/2019\/03\/IMG_7839-1-300x182.jpg 300w, https:\/\/marekkuchcinski.pl\/wp-content\/uploads\/2019\/03\/IMG_7839-1-768x465.jpg 768w, https:\/\/marekkuchcinski.pl\/wp-content\/uploads\/2019\/03\/IMG_7839-1-1024x621.jpg 1024w\" sizes=\"(max-width: 5830px) 100vw, 5830px\" \/><\/a> <a href=\"https:\/\/marekkuchcinski.pl\/wp-content\/uploads\/2019\/03\/ttttIMG_7874.jpg\"><img loading=\"lazy\" decoding=\"async\" class=\"alignnone size-full wp-image-13439\" src=\"https:\/\/marekkuchcinski.pl\/wp-content\/uploads\/2019\/03\/ttttIMG_7874.jpg\" alt=\"ttttIMG_7874\" width=\"5265\" height=\"3449\" srcset=\"https:\/\/marekkuchcinski.pl\/wp-content\/uploads\/2019\/03\/ttttIMG_7874.jpg 2048w, https:\/\/marekkuchcinski.pl\/wp-content\/uploads\/2019\/03\/ttttIMG_7874-300x197.jpg 300w, https:\/\/marekkuchcinski.pl\/wp-content\/uploads\/2019\/03\/ttttIMG_7874-768x503.jpg 768w, https:\/\/marekkuchcinski.pl\/wp-content\/uploads\/2019\/03\/ttttIMG_7874-1024x671.jpg 1024w\" sizes=\"(max-width: 5265px) 100vw, 5265px\" \/><\/a><a href=\"https:\/\/marekkuchcinski.pl\/wp-content\/uploads\/2019\/03\/www7.jpg\"><img loading=\"lazy\" decoding=\"async\" class=\"alignnone size-full wp-image-13447\" src=\"https:\/\/marekkuchcinski.pl\/wp-content\/uploads\/2019\/03\/www7.jpg\" alt=\"www7\" width=\"5167\" height=\"3226\" srcset=\"https:\/\/marekkuchcinski.pl\/wp-content\/uploads\/2019\/03\/www7.jpg 2048w, https:\/\/marekkuchcinski.pl\/wp-content\/uploads\/2019\/03\/www7-300x187.jpg 300w, https:\/\/marekkuchcinski.pl\/wp-content\/uploads\/2019\/03\/www7-768x479.jpg 768w, https:\/\/marekkuchcinski.pl\/wp-content\/uploads\/2019\/03\/www7-1024x639.jpg 1024w\" sizes=\"(max-width: 5167px) 100vw, 5167px\" \/><\/a><a href=\"https:\/\/marekkuchcinski.pl\/wp-content\/uploads\/2019\/03\/www16.jpg\"><img loading=\"lazy\" decoding=\"async\" class=\"alignnone size-full wp-image-13455\" src=\"https:\/\/marekkuchcinski.pl\/wp-content\/uploads\/2019\/03\/www16.jpg\" alt=\"www16\" width=\"4435\" height=\"2870\" srcset=\"https:\/\/marekkuchcinski.pl\/wp-content\/uploads\/2019\/03\/www16.jpg 2048w, https:\/\/marekkuchcinski.pl\/wp-content\/uploads\/2019\/03\/www16-300x194.jpg 300w, https:\/\/marekkuchcinski.pl\/wp-content\/uploads\/2019\/03\/www16-768x497.jpg 768w, https:\/\/marekkuchcinski.pl\/wp-content\/uploads\/2019\/03\/www16-1024x663.jpg 1024w\" sizes=\"(max-width: 4435px) 100vw, 4435px\" \/><\/a><a href=\"https:\/\/marekkuchcinski.pl\/wp-content\/uploads\/2019\/03\/www14.jpg\"><img loading=\"lazy\" decoding=\"async\" class=\"alignnone size-full wp-image-13457\" src=\"https:\/\/marekkuchcinski.pl\/wp-content\/uploads\/2019\/03\/www14.jpg\" alt=\"www14\" width=\"4378\" height=\"3247\" srcset=\"https:\/\/marekkuchcinski.pl\/wp-content\/uploads\/2019\/03\/www14.jpg 2048w, https:\/\/marekkuchcinski.pl\/wp-content\/uploads\/2019\/03\/www14-300x222.jpg 300w, https:\/\/marekkuchcinski.pl\/wp-content\/uploads\/2019\/03\/www14-768x570.jpg 768w, https:\/\/marekkuchcinski.pl\/wp-content\/uploads\/2019\/03\/www14-1024x759.jpg 1024w\" sizes=\"(max-width: 4378px) 100vw, 4378px\" \/><\/a><a href=\"https:\/\/marekkuchcinski.pl\/wp-content\/uploads\/2019\/03\/www13.jpg\"><img loading=\"lazy\" decoding=\"async\" class=\"alignnone size-full wp-image-13458\" src=\"https:\/\/marekkuchcinski.pl\/wp-content\/uploads\/2019\/03\/www13.jpg\" alt=\"www13\" width=\"1914\" height=\"2759\" srcset=\"https:\/\/marekkuchcinski.pl\/wp-content\/uploads\/2019\/03\/www13.jpg 1421w, https:\/\/marekkuchcinski.pl\/wp-content\/uploads\/2019\/03\/www13-208x300.jpg 208w, https:\/\/marekkuchcinski.pl\/wp-content\/uploads\/2019\/03\/www13-768x1107.jpg 768w, https:\/\/marekkuchcinski.pl\/wp-content\/uploads\/2019\/03\/www13-710x1024.jpg 710w\" sizes=\"(max-width: 1914px) 100vw, 1914px\" \/><\/a> <a href=\"https:\/\/marekkuchcinski.pl\/wp-content\/uploads\/2019\/03\/tttttMG_7592.jpg\"><img loading=\"lazy\" decoding=\"async\" class=\"alignnone size-full wp-image-13440\" src=\"https:\/\/marekkuchcinski.pl\/wp-content\/uploads\/2019\/03\/tttttMG_7592.jpg\" alt=\"tttttMG_7592\" width=\"3583\" height=\"2252\" srcset=\"https:\/\/marekkuchcinski.pl\/wp-content\/uploads\/2019\/03\/tttttMG_7592.jpg 2048w, https:\/\/marekkuchcinski.pl\/wp-content\/uploads\/2019\/03\/tttttMG_7592-300x189.jpg 300w, https:\/\/marekkuchcinski.pl\/wp-content\/uploads\/2019\/03\/tttttMG_7592-768x483.jpg 768w, https:\/\/marekkuchcinski.pl\/wp-content\/uploads\/2019\/03\/tttttMG_7592-1024x644.jpg 1024w\" sizes=\"(max-width: 3583px) 100vw, 3583px\" \/><\/a><a href=\"https:\/\/marekkuchcinski.pl\/wp-content\/uploads\/2019\/03\/IMG_7544.jpg\"><img loading=\"lazy\" decoding=\"async\" class=\"alignnone size-full wp-image-13467\" src=\"https:\/\/marekkuchcinski.pl\/wp-content\/uploads\/2019\/03\/IMG_7544.jpg\" alt=\"IMG_7544\" width=\"3231\" height=\"3782\" srcset=\"https:\/\/marekkuchcinski.pl\/wp-content\/uploads\/2019\/03\/IMG_7544.jpg 1750w, https:\/\/marekkuchcinski.pl\/wp-content\/uploads\/2019\/03\/IMG_7544-256x300.jpg 256w, https:\/\/marekkuchcinski.pl\/wp-content\/uploads\/2019\/03\/IMG_7544-768x899.jpg 768w, https:\/\/marekkuchcinski.pl\/wp-content\/uploads\/2019\/03\/IMG_7544-875x1024.jpg 875w\" sizes=\"(max-width: 3231px) 100vw, 3231px\" \/><\/a><a href=\"https:\/\/marekkuchcinski.pl\/wp-content\/uploads\/2019\/03\/www17.jpg\"><img loading=\"lazy\" decoding=\"async\" class=\"alignnone size-full wp-image-13465\" src=\"https:\/\/marekkuchcinski.pl\/wp-content\/uploads\/2019\/03\/www17.jpg\" alt=\"www17\" width=\"4202\" height=\"2816\" srcset=\"https:\/\/marekkuchcinski.pl\/wp-content\/uploads\/2019\/03\/www17.jpg 2048w, https:\/\/marekkuchcinski.pl\/wp-content\/uploads\/2019\/03\/www17-300x201.jpg 300w, https:\/\/marekkuchcinski.pl\/wp-content\/uploads\/2019\/03\/www17-768x515.jpg 768w, https:\/\/marekkuchcinski.pl\/wp-content\/uploads\/2019\/03\/www17-1024x686.jpg 1024w\" sizes=\"(max-width: 4202px) 100vw, 4202px\" \/><\/a> <a href=\"https:\/\/marekkuchcinski.pl\/wp-content\/uploads\/2019\/03\/www3.jpg\"><img loading=\"lazy\" decoding=\"async\" class=\"alignnone size-full wp-image-13443\" src=\"https:\/\/marekkuchcinski.pl\/wp-content\/uploads\/2019\/03\/www3.jpg\" alt=\"www3\" width=\"4580\" height=\"2990\" srcset=\"https:\/\/marekkuchcinski.pl\/wp-content\/uploads\/2019\/03\/www3.jpg 2048w, https:\/\/marekkuchcinski.pl\/wp-content\/uploads\/2019\/03\/www3-300x196.jpg 300w, https:\/\/marekkuchcinski.pl\/wp-content\/uploads\/2019\/03\/www3-768x501.jpg 768w, https:\/\/marekkuchcinski.pl\/wp-content\/uploads\/2019\/03\/www3-1024x669.jpg 1024w\" sizes=\"(max-width: 4580px) 100vw, 4580px\" \/><\/a> <a href=\"https:\/\/marekkuchcinski.pl\/wp-content\/uploads\/2019\/03\/www5.jpg\"><img loading=\"lazy\" decoding=\"async\" class=\"alignnone size-full wp-image-13445\" src=\"https:\/\/marekkuchcinski.pl\/wp-content\/uploads\/2019\/03\/www5.jpg\" alt=\"www5\" width=\"5239\" height=\"3283\" srcset=\"https:\/\/marekkuchcinski.pl\/wp-content\/uploads\/2019\/03\/www5.jpg 2048w, https:\/\/marekkuchcinski.pl\/wp-content\/uploads\/2019\/03\/www5-300x188.jpg 300w, https:\/\/marekkuchcinski.pl\/wp-content\/uploads\/2019\/03\/www5-768x481.jpg 768w, https:\/\/marekkuchcinski.pl\/wp-content\/uploads\/2019\/03\/www5-1024x642.jpg 1024w\" sizes=\"(max-width: 5239px) 100vw, 5239px\" \/><\/a> <a href=\"https:\/\/marekkuchcinski.pl\/wp-content\/uploads\/2019\/03\/www6.jpg\"><img loading=\"lazy\" decoding=\"async\" class=\"alignnone size-full wp-image-13446\" src=\"https:\/\/marekkuchcinski.pl\/wp-content\/uploads\/2019\/03\/www6.jpg\" alt=\"www6\" width=\"5182\" height=\"3465\" srcset=\"https:\/\/marekkuchcinski.pl\/wp-content\/uploads\/2019\/03\/www6.jpg 2048w, https:\/\/marekkuchcinski.pl\/wp-content\/uploads\/2019\/03\/www6-300x201.jpg 300w, https:\/\/marekkuchcinski.pl\/wp-content\/uploads\/2019\/03\/www6-768x514.jpg 768w, https:\/\/marekkuchcinski.pl\/wp-content\/uploads\/2019\/03\/www6-1024x685.jpg 1024w\" sizes=\"(max-width: 5182px) 100vw, 5182px\" \/><\/a> <a href=\"https:\/\/marekkuchcinski.pl\/wp-content\/uploads\/2019\/03\/ttIMG_7878-1.jpg\"><img loading=\"lazy\" decoding=\"async\" class=\"alignnone size-full wp-image-13453\" src=\"https:\/\/marekkuchcinski.pl\/wp-content\/uploads\/2019\/03\/ttIMG_7878-1.jpg\" alt=\"ttIMG_7878\" width=\"5011\" height=\"3169\" srcset=\"https:\/\/marekkuchcinski.pl\/wp-content\/uploads\/2019\/03\/ttIMG_7878-1.jpg 2048w, https:\/\/marekkuchcinski.pl\/wp-content\/uploads\/2019\/03\/ttIMG_7878-1-300x190.jpg 300w, https:\/\/marekkuchcinski.pl\/wp-content\/uploads\/2019\/03\/ttIMG_7878-1-768x486.jpg 768w, https:\/\/marekkuchcinski.pl\/wp-content\/uploads\/2019\/03\/ttIMG_7878-1-1024x648.jpg 1024w\" sizes=\"(max-width: 5011px) 100vw, 5011px\" \/><\/a><a href=\"https:\/\/marekkuchcinski.pl\/wp-content\/uploads\/2019\/03\/www9.jpg\"><img loading=\"lazy\" decoding=\"async\" class=\"alignnone size-full wp-image-13449\" src=\"https:\/\/marekkuchcinski.pl\/wp-content\/uploads\/2019\/03\/www9.jpg\" alt=\"www9\" width=\"4860\" height=\"3309\" srcset=\"https:\/\/marekkuchcinski.pl\/wp-content\/uploads\/2019\/03\/www9.jpg 2048w, https:\/\/marekkuchcinski.pl\/wp-content\/uploads\/2019\/03\/www9-300x204.jpg 300w, https:\/\/marekkuchcinski.pl\/wp-content\/uploads\/2019\/03\/www9-768x523.jpg 768w, https:\/\/marekkuchcinski.pl\/wp-content\/uploads\/2019\/03\/www9-1024x697.jpg 1024w\" sizes=\"(max-width: 4860px) 100vw, 4860px\" \/><\/a> <a href=\"https:\/\/marekkuchcinski.pl\/wp-content\/uploads\/2019\/03\/www10.jpg\"><img loading=\"lazy\" decoding=\"async\" class=\"alignnone size-full wp-image-13450\" src=\"https:\/\/marekkuchcinski.pl\/wp-content\/uploads\/2019\/03\/www10.jpg\" alt=\"www10\" width=\"3783\" height=\"2494\" srcset=\"https:\/\/marekkuchcinski.pl\/wp-content\/uploads\/2019\/03\/www10.jpg 2048w, https:\/\/marekkuchcinski.pl\/wp-content\/uploads\/2019\/03\/www10-300x198.jpg 300w, https:\/\/marekkuchcinski.pl\/wp-content\/uploads\/2019\/03\/www10-768x506.jpg 768w, https:\/\/marekkuchcinski.pl\/wp-content\/uploads\/2019\/03\/www10-1024x675.jpg 1024w\" sizes=\"(max-width: 3783px) 100vw, 3783px\" \/><\/a><a href=\"https:\/\/marekkuchcinski.pl\/wp-content\/uploads\/2019\/03\/www4.jpg\"><img loading=\"lazy\" decoding=\"async\" class=\"alignnone size-full wp-image-13444\" src=\"https:\/\/marekkuchcinski.pl\/wp-content\/uploads\/2019\/03\/www4.jpg\" alt=\"www4\" width=\"5555\" height=\"3600\" srcset=\"https:\/\/marekkuchcinski.pl\/wp-content\/uploads\/2019\/03\/www4.jpg 2048w, https:\/\/marekkuchcinski.pl\/wp-content\/uploads\/2019\/03\/www4-300x194.jpg 300w, https:\/\/marekkuchcinski.pl\/wp-content\/uploads\/2019\/03\/www4-768x498.jpg 768w, https:\/\/marekkuchcinski.pl\/wp-content\/uploads\/2019\/03\/www4-1024x664.jpg 1024w\" sizes=\"(max-width: 5555px) 100vw, 5555px\" \/><\/a><\/p>\n<p>&nbsp;<\/p>\n<p>&nbsp;<\/p>\n<p>&nbsp;<\/p>\n<p>&nbsp;<\/p>","protected":false},"excerpt":{"rendered":"<p>Nie zgodzili si\u0119 na to, by Polska sta\u0142a si\u0119 17. republik\u0105 radzieck\u0105. Nie godzili si\u0119 na niesprawiedliwo\u015b\u0107 i pogard\u0119. Katowani i prze\u015bladowani nie ulegli. Ojczyzn\u0119 stawiali wy\u017cej ni\u017c w\u0142asne \u017cycie. 1 marca obchodzimy Ich dzie\u0144, Dzie\u0144 \u017bo\u0142nierzy Wykl\u0119tych.\u00a0 Prezydent Andrzej Duda odznaczy\u0142 kombatant\u00f3w i osoby piel\u0119gnuj\u0105ce pami\u0119\u0107 o \u017bo\u0142nierzach Wykl\u0119tych.\u00a0Na uroczysto\u015bci obecny by\u0142\u00a0 m.in. marsza\u0142ek [&hellip;]<\/p>\n","protected":false},"author":6,"featured_media":13447,"comment_status":"open","ping_status":"open","sticky":false,"template":"","format":"standard","meta":{"ngg_post_thumbnail":0,"footnotes":""},"categories":[77,3],"tags":[],"class_list":["post-13415","post","type-post","status-publish","format-standard","has-post-thumbnail","hentry","category-wazne-daty","category-wydarzenia"],"_links":{"self":[{"href":"https:\/\/marekkuchcinski.pl\/hu\/wp-json\/wp\/v2\/posts\/13415","targetHints":{"allow":["GET"]}}],"collection":[{"href":"https:\/\/marekkuchcinski.pl\/hu\/wp-json\/wp\/v2\/posts"}],"about":[{"href":"https:\/\/marekkuchcinski.pl\/hu\/wp-json\/wp\/v2\/types\/post"}],"author":[{"embeddable":true,"href":"https:\/\/marekkuchcinski.pl\/hu\/wp-json\/wp\/v2\/users\/6"}],"replies":[{"embeddable":true,"href":"https:\/\/marekkuchcinski.pl\/hu\/wp-json\/wp\/v2\/comments?post=13415"}],"version-history":[{"count":16,"href":"https:\/\/marekkuchcinski.pl\/hu\/wp-json\/wp\/v2\/posts\/13415\/revisions"}],"predecessor-version":[{"id":13472,"href":"https:\/\/marekkuchcinski.pl\/hu\/wp-json\/wp\/v2\/posts\/13415\/revisions\/13472"}],"wp:featuredmedia":[{"embeddable":true,"href":"https:\/\/marekkuchcinski.pl\/hu\/wp-json\/wp\/v2\/media\/13447"}],"wp:attachment":[{"href":"https:\/\/marekkuchcinski.pl\/hu\/wp-json\/wp\/v2\/media?parent=13415"}],"wp:term":[{"taxonomy":"category","embeddable":true,"href":"https:\/\/marekkuchcinski.pl\/hu\/wp-json\/wp\/v2\/categories?post=13415"},{"taxonomy":"post_tag","embeddable":true,"href":"https:\/\/marekkuchcinski.pl\/hu\/wp-json\/wp\/v2\/tags?post=13415"}],"curies":[{"name":"wp","href":"https:\/\/api.w.org\/{rel}","templated":true}]}}