{"id":13321,"date":"2019-02-23T19:21:27","date_gmt":"2019-02-23T18:21:27","guid":{"rendered":"https:\/\/marekkuchcinski.pl\/?p=13321"},"modified":"2019-02-24T22:18:48","modified_gmt":"2019-02-24T21:18:48","slug":"prawo-sprawiedliwosc-odpalilo-kampanijna-petarde-warszawskiej-konwencji-przedstawiono-nowa-piatke-morawieckiego","status":"publish","type":"post","link":"https:\/\/marekkuchcinski.pl\/hu\/wydarzenia\/prawo-sprawiedliwosc-odpalilo-kampanijna-petarde-warszawskiej-konwencji-przedstawiono-nowa-piatke-morawieckiego\/","title":{"rendered":"A Jog \u00e9s Igazs\u00e1goss\u00e1g kamp\u00e1nycs\u0151d\u00fcletet robbantott ki. A vars\u00f3i kongresszuson mutatt\u00e1k be Morawiecki \u00faj \u00d6t\u00f6s\u00e9t."},"content":{"rendered":"<p><strong>500 plusz 500 zloty minden gyermek ut\u00e1n, a PIT cs\u00f6kkent\u00e9se \u00e9s elt\u00f6rl\u00e9se a 26 \u00e9ves korig foglalkoztatottak sz\u00e1m\u00e1ra, tizenh\u00e1rom - 1100 zloty minden nyugd\u00edjas sz\u00e1m\u00e1ra, valamint infrastrukt\u00fara-fejleszt\u00e9s, bele\u00e9rtve a felsz\u00e1molt PKS-kapcsolatok helyre\u00e1ll\u00edt\u00e1s\u00e1t - k\u00fcl\u00f6n\u00f6sen a kisebb v\u00e1rosokban \u00e9s vid\u00e9ken - ezek a febru\u00e1r 23-i vars\u00f3i kongresszuson tett bejelent\u00e9sek a Jog \u00e9s Igazs\u00e1goss\u00e1g programb\u00f3l.<\/strong><\/p>\n<p><a href=\"https:\/\/marekkuchcinski.pl\/wp-content\/uploads\/2019\/02\/received_308044190069462.jpeg\"><img fetchpriority=\"high\" decoding=\"async\" class=\"alignnone size-full wp-image-13338\" src=\"https:\/\/marekkuchcinski.pl\/wp-content\/uploads\/2019\/02\/received_308044190069462.jpeg\" alt=\"received_308044190069462\" width=\"2020\" height=\"1327\" srcset=\"https:\/\/marekkuchcinski.pl\/wp-content\/uploads\/2019\/02\/received_308044190069462.jpeg 2020w, https:\/\/marekkuchcinski.pl\/wp-content\/uploads\/2019\/02\/received_308044190069462-300x197.jpeg 300w, https:\/\/marekkuchcinski.pl\/wp-content\/uploads\/2019\/02\/received_308044190069462-768x505.jpeg 768w, https:\/\/marekkuchcinski.pl\/wp-content\/uploads\/2019\/02\/received_308044190069462-1024x673.jpeg 1024w\" sizes=\"(max-width: 2020px) 100vw, 2020px\" \/><\/a><\/p>\n<p>Jaros\u0142aw Kaczy\u0144ski, a PiS eln\u00f6ke j\u00e1tszotta az els\u0151 heged\u0171t a konvenci\u00f3n. A felsz\u00f3lal\u00f3k k\u00f6z\u00f6tt volt Mateusz Morawiecki minisztereln\u00f6k, Beata Szyd\u0142o minisztereln\u00f6k-helyettes, Jerzy Kwieci\u0144ski beruh\u00e1z\u00e1si \u00e9s fejleszt\u00e9si miniszter \u00e9s Lucjusz Nadbere\u017cny, Stalowa Wola polg\u00e1rmestere is.<\/p>\n<p>Jaroslaw Kaczynski hangs\u00falyozta, hogy a PiS helyre\u00e1ll\u00edtja a m\u00e9lt\u00f3s\u00e1got, az egyenl\u0151s\u00e9get \u00e9s a szabads\u00e1got. -<br \/>\nAkinek \u00fcres a zsebe, \u00fcres a p\u00e9nzt\u00e1rc\u00e1ja, az nem szabad. Mi, figyelembe v\u00e9ve a val\u00f3s\u00e1got, megt\u00f6ltj\u00fck ezeket a zsebeket\" - mondta.<\/p>\n<p>Kiemelte, hogy a kamp\u00e1ny t\u00e9tje Lengyelorsz\u00e1g, Lengyelorsz\u00e1g \u00e9s a lengyelek j\u00f6v\u0151je - Lengyelorsz\u00e1g mindenkinek vagy Lengyelorsz\u00e1g egyeseknek; a legfontosabb az egyenl\u0151s\u00e9g (a t\u00f6rv\u00e9ny el\u0151tt, a lehet\u0151s\u00e9gek) \u00e9s a szabads\u00e1g (v\u00e9lem\u00e9ny, sz\u00f3l\u00e1s, lelkiismeret, vall\u00e1s); a j\u00f3 v\u00e1ltoz\u00e1s \u00e9s az Eur\u00f3pa fel\u00e9 vezet\u0151 \u00faton haladunk.<\/p>\n<p>Mateusz Morawiecki minisztereln\u00f6k szerint a Jog \u00e9s Igazs\u00e1goss\u00e1gnak meg kell nyernie az EP-v\u00e1laszt\u00e1sokat, hogy az \u0151szi v\u00e1laszt\u00e1sokon er\u0151s poz\u00edci\u00f3ban indulhasson, \u00e9s meg\u0151rizhesse mindazt, amit eddig el\u00e9rt.<\/p>\n<p>- Mi \u00e9vezredek \u00f3ta eur\u00f3paiak vagyunk - az eur\u00f3pai identit\u00e1s \u00e9s Eur\u00f3pa nem a templomok bez\u00e1r\u00e1s\u00e1t, a falvak \u00e9s v\u00e1rosok \u00fcres utc\u00e1it, a k\u00fclf\u00f6ldi munkahelyeket jelenti - sz\u00e1munkra az eur\u00f3pai identit\u00e1s eur\u00f3pai b\u00e9reket \u00e9s k\u00e9nyelmes \u00e9letet jelent - ez a k\u00f6z\u00e9poszt\u00e1ly\u00e9rt folytatott k\u00fczdelem. Hangs\u00falyozta, hogy az Eur\u00f3p\u00e1ba vezet\u0151 \u00fat Lengyelorsz\u00e1g, mint annak dobog\u00f3 sz\u00edve, \u00e9s ez a val\u00f3di szabads\u00e1g.<\/p>\n<p><strong>\u00daj programar\u00e9na.<\/strong><\/p>\n<ul>\n<li><strong>Az \u00faj jog \u00e9s igazs\u00e1gszolg\u00e1ltat\u00e1s \u00f6t\u00f6sfogata: csal\u00e1d, ifj\u00fas\u00e1g, munkahelyek, Stasi \u00e9s a gyeng\u00e9bbek, infrastrukt\u00fara;<\/strong><\/li>\n<li><strong>A 3 pill\u00e9r - a PiS programj\u00e1nak alapja: csal\u00e1d, fejl\u0151d\u00e9s, hiteless\u00e9g;<\/strong><\/li>\n<li><strong>500+ az els\u0151 gyermekt\u0151l - j\u00falius 1-j\u00e9t\u0151l;<\/strong><\/li>\n<li><strong>PIT 37 - 0 sz\u00e1zal\u00e9k a fiataloknak 26 \u00e9ves korig - nincs PIT a munkav\u00e1llal\u00f3knak 26 \u00e9ves korig (kedvezm\u00e9nyes tarifa minden fiatalnak a feln\u0151tt \u00e9let els\u0151 n\u00e9h\u00e1ny \u00e9v\u00e9ben);<\/strong><\/li>\n<li><strong>a munkaer\u0151k\u00f6lts\u00e9gek cs\u00f6kkent\u00e9se;<\/strong><\/li>\n<li><strong>A munkav\u00e1llal\u00f3k PIT-j\u00e9nek cs\u00f6kkent\u00e9se;<\/strong><\/li>\n<li><strong>juttat\u00e1s (tizenh\u00e1rom nyugd\u00edjasnak) - 1100 zloty nyugd\u00edjasonk\u00e9nt - m\u00e1jus 1-j\u00e9t\u0151l;<\/strong><\/li>\n<li><strong>a megy\u00e9k \u00e9s telep\u00fcl\u00e9sek k\u00f6z\u00f6tti PKS-kapcsolatok helyre\u00e1ll\u00edt\u00e1sa;<\/strong><\/li>\n<li><strong>Lengyelorsz\u00e1g j\u00f6v\u0151j\u00e9t nem a zloty eur\u00f3ra v\u00e1lt\u00e1sa vagy a k\u00fclf\u00f6ldi villamosok behozatala \u00e9p\u00edti. Azzal \u00e9p\u00fcl, hogy itt munkahelyeket biztos\u00edtunk;<\/strong><\/li>\n<li><strong>Hallani akarjuk minden lengyel \u00e9s lengyel n\u0151 dobog\u00f3 sz\u00edv\u00e9t, azt a sz\u00edvet, amely azt akarja, hogy Lengyelorsz\u00e1g m\u00e9g szebb legyen, egy mindenki Lengyelorsz\u00e1ga, az egyenl\u0151s\u00e9g \u00e9s a szabads\u00e1g Lengyelorsz\u00e1ga;<\/strong><\/li>\n<li><strong>Gy\u0151zn\u00fcnk kell, \u00e9s a gy\u0151zelemhez vezet\u0151 \u00faton vagyunk - Eur\u00f3p\u00e1\u00e9rt \u00e9s Lengyelorsz\u00e1g\u00e9rt fogunk gy\u0151zni;<\/strong><\/li>\n<\/ul>\n<p>Beata Szyd\u0142o (ar\u00e9na Family) viszont hangs\u00falyozta, hogy a korm\u00e1ny nem dobja a szavakat a sz\u00e9lnek. A minisztereln\u00f6k-helyettes felid\u00e9zte a korm\u00e1ny sikereit, p\u00e9ld\u00e1ul azt, hogy a fiatalok visszat\u00e9rnek az orsz\u00e1gba, van munk\u00e1juk, \u00e9s most m\u00e1r nem fognak ad\u00f3t fizetni. A gazd\u00e1lkod\u00f3knak t\u00f6bb\u00e9 nem kell att\u00f3l tartaniuk, hogy m\u00e9g a legalacsonyabb nyugd\u00edjat sem kapj\u00e1k meg; az 500+ program korm\u00e1nyunk szimb\u00f3lum\u00e1v\u00e1 v\u00e1lt, \u00e9s Lengyelorsz\u00e1g ennek k\u00f6sz\u00f6nhet\u0151en a b\u00f6lcs csal\u00e1dbar\u00e1t politika szimb\u00f3lum\u00e1v\u00e1 v\u00e1lt; az 500+ program kiterjeszt\u00e9s\u00e9t k\u00e9r\u0151 sz\u00fcl\u0151k elv\u00e1r\u00e1sai teljes\u00fclnek; a Jog \u00e9s Igazs\u00e1goss\u00e1g korm\u00e1ny 3 \u00e9ve alatt n\u0151tt a minim\u00e1lb\u00e9r \u00e9s a fizet\u00e9sek, megval\u00f3sult a Csal\u00e1d 500+ program, \u00e9s a szeg\u00e9nys\u00e9gben \u00e9l\u0151 gyermekek sz\u00e1ma a fel\u00e9re cs\u00f6kkent; a Jog \u00e9s Igazs\u00e1goss\u00e1g korm\u00e1ny 3 \u00e9ve alatt 25 \u00e9ve a legalacsonyabb a munkan\u00e9lk\u00fclis\u00e9gi r\u00e1ta, a fiataloknak van munk\u00e1juk, \u00e9s v\u00e9gre elindult a nyugd\u00edjemel\u00e9s; a Jog \u00e9s Igazs\u00e1goss\u00e1g korm\u00e1ny 3 \u00e9ve alatt siker\u00fclt bevezetni a J\u00f3 Start programot, a Gy\u00f3gyszer 75 plusz programot, \u00e9s az \u00f6r\u00f6k\u00f6s haszon\u00e9lvezetet lak\u00f3telkek tulajdonjog\u00e1v\u00e1 alak\u00edtani.<\/p>\n<p>Jerzy Kwieci\u0144ski (ar\u00e9nafejleszt\u00e9si miniszter) m\u00e9ltatta a lengyel gazdas\u00e1gi n\u00f6veked\u00e9st, amely az egyik legmagasabb Eur\u00f3p\u00e1ban. - Amit tesz\u00fcnk, azt nemcsak a gazdas\u00e1g\u00e9rt tessz\u00fck, hanem mindenekel\u0151tt az emberek\u00e9rt, mert a gazdas\u00e1gnak az emberek\u00e9rt kell lennie - mondta. A miniszter a k\u00f6zponti kommunik\u00e1ci\u00f3s kik\u00f6t\u0151t eml\u00edtette, mint olyat, amely felkeltette Eur\u00f3pa \u00e9rdekl\u0151d\u00e9s\u00e9t, \u00e9s amely megv\u00e1ltoztatja k\u00f6zleked\u00e9s\u00fcnk arculat\u00e1t. Kwieci\u0144ski hangs\u00falyozta, hogy a korm\u00e1ny megkezdte a Tiszta Leveg\u0151 Program v\u00e9grehajt\u00e1s\u00e1t; t\u00e1mogatja a v\u00e1llalkoz\u00f3kat, p\u00e9ld\u00e1ul az Alkotm\u00e1ny a v\u00e1llalkoz\u00e1sok\u00e9rt programon kereszt\u00fcl;<\/p>\n<p>Lucjusz Nadbere\u017cny szerint a PiS az egyetlen olyan politikai form\u00e1ci\u00f3 Lengyelorsz\u00e1gban, amely egyed\u00fcl\u00e1ll\u00f3 szerz\u0151d\u00e9st k\u00f6t a lengyelekkel a v\u00e1laszt\u00e1si \u00edg\u00e9retek megval\u00f3s\u00edt\u00e1s\u00e1ra; - Hiteless\u00e9g\u00fcnk abban rejlik, hogy a PiS nem csak betartotta a szav\u00e1t, hanem \u00fajra\u00e9p\u00edtette az \u00e1llamba vetett alapvet\u0151 bizalmat; a PiS helyre\u00e1ll\u00edtja az \u00e1llamba vetett hitet. Nemcsak a nagy dolgokat l\u00e1tjuk, hanem azokat az apr\u00f3s\u00e1gokat is, amelyek a lengyeleket nap mint nap zavarj\u00e1k; hat\u00e9kony k\u00e9pvisel\u0151ink vannak, akik a nemzetk\u00f6zi sz\u00ednt\u00e9ren harcolnak a lengyel \u00fcgyek\u00e9rt; jelz\u0151t\u00e1bl\u00e1nk a legfontosabb \u00e9rt\u00e9ket - az embert - mutatja - mondta az eln\u00f6k.<\/p>\n<p><em>Fot\u00f3: Marta Olejnik<\/em><\/p>\n<p><a href=\"https:\/\/marekkuchcinski.pl\/wp-content\/uploads\/2019\/02\/IMG_7083.jpg\"><img decoding=\"async\" class=\"alignnone size-full wp-image-13318\" src=\"https:\/\/marekkuchcinski.pl\/wp-content\/uploads\/2019\/02\/IMG_7083.jpg\" alt=\"IMG_7083\" width=\"5569\" height=\"3688\" srcset=\"https:\/\/marekkuchcinski.pl\/wp-content\/uploads\/2019\/02\/IMG_7083.jpg 2048w, https:\/\/marekkuchcinski.pl\/wp-content\/uploads\/2019\/02\/IMG_7083-300x199.jpg 300w, https:\/\/marekkuchcinski.pl\/wp-content\/uploads\/2019\/02\/IMG_7083-768x509.jpg 768w, https:\/\/marekkuchcinski.pl\/wp-content\/uploads\/2019\/02\/IMG_7083-1024x678.jpg 1024w\" sizes=\"(max-width: 5569px) 100vw, 5569px\" \/><\/a><a href=\"https:\/\/marekkuchcinski.pl\/wp-content\/uploads\/2019\/02\/IMG_7061.jpg\"><img decoding=\"async\" class=\"alignnone size-full wp-image-13341\" src=\"https:\/\/marekkuchcinski.pl\/wp-content\/uploads\/2019\/02\/IMG_7061.jpg\" alt=\"IMG_7061\" width=\"6240\" height=\"4160\" srcset=\"https:\/\/marekkuchcinski.pl\/wp-content\/uploads\/2019\/02\/IMG_7061.jpg 2048w, https:\/\/marekkuchcinski.pl\/wp-content\/uploads\/2019\/02\/IMG_7061-300x200.jpg 300w, https:\/\/marekkuchcinski.pl\/wp-content\/uploads\/2019\/02\/IMG_7061-768x512.jpg 768w, https:\/\/marekkuchcinski.pl\/wp-content\/uploads\/2019\/02\/IMG_7061-1024x683.jpg 1024w\" sizes=\"(max-width: 6240px) 100vw, 6240px\" \/><\/a><a href=\"https:\/\/marekkuchcinski.pl\/wp-content\/uploads\/2019\/02\/IMG_7194-1.jpg\"><img loading=\"lazy\" decoding=\"async\" class=\"alignnone size-full wp-image-13345\" src=\"https:\/\/marekkuchcinski.pl\/wp-content\/uploads\/2019\/02\/IMG_7194-1.jpg\" alt=\"IMG_7194\" width=\"4121\" height=\"2876\" srcset=\"https:\/\/marekkuchcinski.pl\/wp-content\/uploads\/2019\/02\/IMG_7194-1.jpg 2048w, https:\/\/marekkuchcinski.pl\/wp-content\/uploads\/2019\/02\/IMG_7194-1-300x209.jpg 300w, https:\/\/marekkuchcinski.pl\/wp-content\/uploads\/2019\/02\/IMG_7194-1-768x536.jpg 768w, https:\/\/marekkuchcinski.pl\/wp-content\/uploads\/2019\/02\/IMG_7194-1-1024x715.jpg 1024w\" sizes=\"(max-width: 4121px) 100vw, 4121px\" \/><\/a><a href=\"https:\/\/marekkuchcinski.pl\/wp-content\/uploads\/2019\/02\/IMG_7282.jpg\"><img loading=\"lazy\" decoding=\"async\" class=\"alignnone size-full wp-image-13300\" src=\"https:\/\/marekkuchcinski.pl\/wp-content\/uploads\/2019\/02\/IMG_7282.jpg\" alt=\"IMG_7282\" width=\"3512\" height=\"2532\" srcset=\"https:\/\/marekkuchcinski.pl\/wp-content\/uploads\/2019\/02\/IMG_7282.jpg 2048w, https:\/\/marekkuchcinski.pl\/wp-content\/uploads\/2019\/02\/IMG_7282-300x216.jpg 300w, https:\/\/marekkuchcinski.pl\/wp-content\/uploads\/2019\/02\/IMG_7282-768x554.jpg 768w, https:\/\/marekkuchcinski.pl\/wp-content\/uploads\/2019\/02\/IMG_7282-1024x738.jpg 1024w\" sizes=\"(max-width: 3512px) 100vw, 3512px\" \/><\/a><a href=\"https:\/\/marekkuchcinski.pl\/wp-content\/uploads\/2019\/02\/IMG_7307.jpg\"><img loading=\"lazy\" decoding=\"async\" class=\"alignnone size-full wp-image-13297\" src=\"https:\/\/marekkuchcinski.pl\/wp-content\/uploads\/2019\/02\/IMG_7307.jpg\" alt=\"IMG_7307\" width=\"5883\" height=\"3823\" srcset=\"https:\/\/marekkuchcinski.pl\/wp-content\/uploads\/2019\/02\/IMG_7307.jpg 2048w, https:\/\/marekkuchcinski.pl\/wp-content\/uploads\/2019\/02\/IMG_7307-300x195.jpg 300w, https:\/\/marekkuchcinski.pl\/wp-content\/uploads\/2019\/02\/IMG_7307-768x499.jpg 768w, https:\/\/marekkuchcinski.pl\/wp-content\/uploads\/2019\/02\/IMG_7307-1024x665.jpg 1024w\" sizes=\"(max-width: 5883px) 100vw, 5883px\" \/><\/a><a href=\"https:\/\/marekkuchcinski.pl\/wp-content\/uploads\/2019\/02\/IMG_7189-1.jpg\"><img loading=\"lazy\" decoding=\"async\" class=\"alignnone size-full wp-image-13333\" src=\"https:\/\/marekkuchcinski.pl\/wp-content\/uploads\/2019\/02\/IMG_7189-1.jpg\" alt=\"IMG_7189\" width=\"6240\" height=\"4160\" srcset=\"https:\/\/marekkuchcinski.pl\/wp-content\/uploads\/2019\/02\/IMG_7189-1.jpg 2048w, https:\/\/marekkuchcinski.pl\/wp-content\/uploads\/2019\/02\/IMG_7189-1-300x200.jpg 300w, https:\/\/marekkuchcinski.pl\/wp-content\/uploads\/2019\/02\/IMG_7189-1-768x512.jpg 768w, https:\/\/marekkuchcinski.pl\/wp-content\/uploads\/2019\/02\/IMG_7189-1-1024x683.jpg 1024w\" sizes=\"(max-width: 6240px) 100vw, 6240px\" \/><\/a><a href=\"https:\/\/marekkuchcinski.pl\/wp-content\/uploads\/2019\/02\/IMG_7256.jpg\"><img loading=\"lazy\" decoding=\"async\" class=\"alignnone size-full wp-image-13303\" src=\"https:\/\/marekkuchcinski.pl\/wp-content\/uploads\/2019\/02\/IMG_7256.jpg\" alt=\"IMG_7256\" width=\"5409\" height=\"3718\" srcset=\"https:\/\/marekkuchcinski.pl\/wp-content\/uploads\/2019\/02\/IMG_7256.jpg 2048w, https:\/\/marekkuchcinski.pl\/wp-content\/uploads\/2019\/02\/IMG_7256-300x206.jpg 300w, https:\/\/marekkuchcinski.pl\/wp-content\/uploads\/2019\/02\/IMG_7256-768x528.jpg 768w, https:\/\/marekkuchcinski.pl\/wp-content\/uploads\/2019\/02\/IMG_7256-1024x704.jpg 1024w\" sizes=\"(max-width: 5409px) 100vw, 5409px\" \/><\/a><a href=\"https:\/\/marekkuchcinski.pl\/wp-content\/uploads\/2019\/02\/IMG_7318.jpg\"><img loading=\"lazy\" decoding=\"async\" class=\"alignnone size-full wp-image-13294\" src=\"https:\/\/marekkuchcinski.pl\/wp-content\/uploads\/2019\/02\/IMG_7318.jpg\" alt=\"IMG_7318\" width=\"6240\" height=\"4160\" srcset=\"https:\/\/marekkuchcinski.pl\/wp-content\/uploads\/2019\/02\/IMG_7318.jpg 2048w, https:\/\/marekkuchcinski.pl\/wp-content\/uploads\/2019\/02\/IMG_7318-300x200.jpg 300w, https:\/\/marekkuchcinski.pl\/wp-content\/uploads\/2019\/02\/IMG_7318-768x512.jpg 768w, https:\/\/marekkuchcinski.pl\/wp-content\/uploads\/2019\/02\/IMG_7318-1024x683.jpg 1024w\" sizes=\"(max-width: 6240px) 100vw, 6240px\" \/><\/a><a href=\"https:\/\/marekkuchcinski.pl\/wp-content\/uploads\/2019\/02\/IMG_7257.jpg\"><img loading=\"lazy\" decoding=\"async\" class=\"alignnone size-full wp-image-13354\" src=\"https:\/\/marekkuchcinski.pl\/wp-content\/uploads\/2019\/02\/IMG_7257.jpg\" alt=\"IMG_7257\" width=\"3860\" height=\"2599\" srcset=\"https:\/\/marekkuchcinski.pl\/wp-content\/uploads\/2019\/02\/IMG_7257.jpg 2048w, https:\/\/marekkuchcinski.pl\/wp-content\/uploads\/2019\/02\/IMG_7257-300x202.jpg 300w, https:\/\/marekkuchcinski.pl\/wp-content\/uploads\/2019\/02\/IMG_7257-768x517.jpg 768w, https:\/\/marekkuchcinski.pl\/wp-content\/uploads\/2019\/02\/IMG_7257-1024x689.jpg 1024w\" sizes=\"(max-width: 3860px) 100vw, 3860px\" \/><\/a><a href=\"https:\/\/marekkuchcinski.pl\/wp-content\/uploads\/2019\/02\/IMG_7245.jpg\"><img loading=\"lazy\" decoding=\"async\" class=\"alignnone size-full wp-image-13287\" src=\"https:\/\/marekkuchcinski.pl\/wp-content\/uploads\/2019\/02\/IMG_7245.jpg\" alt=\"IMG_7245\" width=\"5064\" height=\"3801\" srcset=\"https:\/\/marekkuchcinski.pl\/wp-content\/uploads\/2019\/02\/IMG_7245.jpg 2048w, https:\/\/marekkuchcinski.pl\/wp-content\/uploads\/2019\/02\/IMG_7245-300x225.jpg 300w, https:\/\/marekkuchcinski.pl\/wp-content\/uploads\/2019\/02\/IMG_7245-768x576.jpg 768w, https:\/\/marekkuchcinski.pl\/wp-content\/uploads\/2019\/02\/IMG_7245-1024x769.jpg 1024w\" sizes=\"(max-width: 5064px) 100vw, 5064px\" \/><\/a><a href=\"https:\/\/marekkuchcinski.pl\/wp-content\/uploads\/2019\/02\/IMG_7275.jpg\"><img loading=\"lazy\" decoding=\"async\" class=\"alignnone size-full wp-image-13285\" src=\"https:\/\/marekkuchcinski.pl\/wp-content\/uploads\/2019\/02\/IMG_7275.jpg\" alt=\"IMG_7275\" width=\"4352\" height=\"2539\" srcset=\"https:\/\/marekkuchcinski.pl\/wp-content\/uploads\/2019\/02\/IMG_7275.jpg 2048w, https:\/\/marekkuchcinski.pl\/wp-content\/uploads\/2019\/02\/IMG_7275-300x175.jpg 300w, https:\/\/marekkuchcinski.pl\/wp-content\/uploads\/2019\/02\/IMG_7275-768x448.jpg 768w, https:\/\/marekkuchcinski.pl\/wp-content\/uploads\/2019\/02\/IMG_7275-1024x597.jpg 1024w\" sizes=\"(max-width: 4352px) 100vw, 4352px\" \/><\/a><a href=\"https:\/\/marekkuchcinski.pl\/wp-content\/uploads\/2019\/02\/IMG_7139.jpg\"><img loading=\"lazy\" decoding=\"async\" class=\"alignnone size-full wp-image-13316\" src=\"https:\/\/marekkuchcinski.pl\/wp-content\/uploads\/2019\/02\/IMG_7139.jpg\" alt=\"IMG_7139\" width=\"5842\" height=\"4160\" srcset=\"https:\/\/marekkuchcinski.pl\/wp-content\/uploads\/2019\/02\/IMG_7139.jpg 2048w, https:\/\/marekkuchcinski.pl\/wp-content\/uploads\/2019\/02\/IMG_7139-300x214.jpg 300w, https:\/\/marekkuchcinski.pl\/wp-content\/uploads\/2019\/02\/IMG_7139-768x547.jpg 768w, https:\/\/marekkuchcinski.pl\/wp-content\/uploads\/2019\/02\/IMG_7139-1024x729.jpg 1024w\" sizes=\"(max-width: 5842px) 100vw, 5842px\" \/><\/a><a href=\"https:\/\/marekkuchcinski.pl\/wp-content\/uploads\/2019\/02\/IMG_7141.jpg\"><img loading=\"lazy\" decoding=\"async\" class=\"alignnone size-full wp-image-13315\" src=\"https:\/\/marekkuchcinski.pl\/wp-content\/uploads\/2019\/02\/IMG_7141.jpg\" alt=\"IMG_7141\" width=\"5346\" height=\"3954\" srcset=\"https:\/\/marekkuchcinski.pl\/wp-content\/uploads\/2019\/02\/IMG_7141.jpg 2048w, https:\/\/marekkuchcinski.pl\/wp-content\/uploads\/2019\/02\/IMG_7141-300x222.jpg 300w, https:\/\/marekkuchcinski.pl\/wp-content\/uploads\/2019\/02\/IMG_7141-768x568.jpg 768w, https:\/\/marekkuchcinski.pl\/wp-content\/uploads\/2019\/02\/IMG_7141-1024x757.jpg 1024w\" sizes=\"(max-width: 5346px) 100vw, 5346px\" \/><\/a> <a href=\"https:\/\/marekkuchcinski.pl\/wp-content\/uploads\/2019\/02\/IMG_7169.jpg\"><img loading=\"lazy\" decoding=\"async\" class=\"alignnone size-full wp-image-13313\" src=\"https:\/\/marekkuchcinski.pl\/wp-content\/uploads\/2019\/02\/IMG_7169.jpg\" alt=\"IMG_7169\" width=\"5531\" height=\"3696\" srcset=\"https:\/\/marekkuchcinski.pl\/wp-content\/uploads\/2019\/02\/IMG_7169.jpg 2048w, https:\/\/marekkuchcinski.pl\/wp-content\/uploads\/2019\/02\/IMG_7169-300x200.jpg 300w, https:\/\/marekkuchcinski.pl\/wp-content\/uploads\/2019\/02\/IMG_7169-768x513.jpg 768w, https:\/\/marekkuchcinski.pl\/wp-content\/uploads\/2019\/02\/IMG_7169-1024x684.jpg 1024w\" sizes=\"(max-width: 5531px) 100vw, 5531px\" \/><\/a> <a href=\"https:\/\/marekkuchcinski.pl\/wp-content\/uploads\/2019\/02\/IMG_7300.jpg\"><img loading=\"lazy\" decoding=\"async\" class=\"alignnone size-full wp-image-13298\" src=\"https:\/\/marekkuchcinski.pl\/wp-content\/uploads\/2019\/02\/IMG_7300.jpg\" alt=\"IMG_7300\" width=\"5569\" height=\"3829\" srcset=\"https:\/\/marekkuchcinski.pl\/wp-content\/uploads\/2019\/02\/IMG_7300.jpg 2048w, https:\/\/marekkuchcinski.pl\/wp-content\/uploads\/2019\/02\/IMG_7300-300x206.jpg 300w, https:\/\/marekkuchcinski.pl\/wp-content\/uploads\/2019\/02\/IMG_7300-768x528.jpg 768w, https:\/\/marekkuchcinski.pl\/wp-content\/uploads\/2019\/02\/IMG_7300-1024x704.jpg 1024w\" sizes=\"(max-width: 5569px) 100vw, 5569px\" \/><\/a> <a href=\"https:\/\/marekkuchcinski.pl\/wp-content\/uploads\/2019\/02\/IMG_7148-3.jpg\"><img loading=\"lazy\" decoding=\"async\" class=\"alignnone size-full wp-image-13349\" src=\"https:\/\/marekkuchcinski.pl\/wp-content\/uploads\/2019\/02\/IMG_7148-3.jpg\" alt=\"IMG_7148 3\" width=\"5637\" height=\"3651\" srcset=\"https:\/\/marekkuchcinski.pl\/wp-content\/uploads\/2019\/02\/IMG_7148-3.jpg 2048w, https:\/\/marekkuchcinski.pl\/wp-content\/uploads\/2019\/02\/IMG_7148-3-300x194.jpg 300w, https:\/\/marekkuchcinski.pl\/wp-content\/uploads\/2019\/02\/IMG_7148-3-768x497.jpg 768w, https:\/\/marekkuchcinski.pl\/wp-content\/uploads\/2019\/02\/IMG_7148-3-1024x663.jpg 1024w\" sizes=\"(max-width: 5637px) 100vw, 5637px\" \/><\/a><a href=\"https:\/\/marekkuchcinski.pl\/wp-content\/uploads\/2019\/02\/IMG_7131-2.jpg\"><img loading=\"lazy\" decoding=\"async\" class=\"alignnone size-full wp-image-13350\" src=\"https:\/\/marekkuchcinski.pl\/wp-content\/uploads\/2019\/02\/IMG_7131-2.jpg\" alt=\"IMG_7131 2\" width=\"3218\" height=\"2322\" srcset=\"https:\/\/marekkuchcinski.pl\/wp-content\/uploads\/2019\/02\/IMG_7131-2.jpg 2048w, https:\/\/marekkuchcinski.pl\/wp-content\/uploads\/2019\/02\/IMG_7131-2-300x216.jpg 300w, https:\/\/marekkuchcinski.pl\/wp-content\/uploads\/2019\/02\/IMG_7131-2-768x554.jpg 768w, https:\/\/marekkuchcinski.pl\/wp-content\/uploads\/2019\/02\/IMG_7131-2-1024x739.jpg 1024w\" sizes=\"(max-width: 3218px) 100vw, 3218px\" \/><\/a><a href=\"https:\/\/marekkuchcinski.pl\/wp-content\/uploads\/2019\/02\/IMG_7250-1.jpg\"><img loading=\"lazy\" decoding=\"async\" class=\"alignnone size-full wp-image-13352\" src=\"https:\/\/marekkuchcinski.pl\/wp-content\/uploads\/2019\/02\/IMG_7250-1.jpg\" alt=\"IMG_7250\" width=\"4445\" height=\"3346\" srcset=\"https:\/\/marekkuchcinski.pl\/wp-content\/uploads\/2019\/02\/IMG_7250-1.jpg 2048w, https:\/\/marekkuchcinski.pl\/wp-content\/uploads\/2019\/02\/IMG_7250-1-300x226.jpg 300w, https:\/\/marekkuchcinski.pl\/wp-content\/uploads\/2019\/02\/IMG_7250-1-768x578.jpg 768w, https:\/\/marekkuchcinski.pl\/wp-content\/uploads\/2019\/02\/IMG_7250-1-1024x771.jpg 1024w\" sizes=\"(max-width: 4445px) 100vw, 4445px\" \/><\/a><a href=\"https:\/\/marekkuchcinski.pl\/wp-content\/uploads\/2019\/02\/IMG_7103.jpg\"><img loading=\"lazy\" decoding=\"async\" class=\"alignnone size-full wp-image-13340\" src=\"https:\/\/marekkuchcinski.pl\/wp-content\/uploads\/2019\/02\/IMG_7103.jpg\" alt=\"IMG_7103\" width=\"6240\" height=\"4160\" srcset=\"https:\/\/marekkuchcinski.pl\/wp-content\/uploads\/2019\/02\/IMG_7103.jpg 2048w, https:\/\/marekkuchcinski.pl\/wp-content\/uploads\/2019\/02\/IMG_7103-300x200.jpg 300w, https:\/\/marekkuchcinski.pl\/wp-content\/uploads\/2019\/02\/IMG_7103-768x512.jpg 768w, https:\/\/marekkuchcinski.pl\/wp-content\/uploads\/2019\/02\/IMG_7103-1024x683.jpg 1024w\" sizes=\"(max-width: 6240px) 100vw, 6240px\" \/><\/a><a href=\"https:\/\/marekkuchcinski.pl\/wp-content\/uploads\/2019\/02\/IMG_7317-2.jpg\"><img loading=\"lazy\" decoding=\"async\" class=\"alignnone size-full wp-image-13342\" src=\"https:\/\/marekkuchcinski.pl\/wp-content\/uploads\/2019\/02\/IMG_7317-2.jpg\" alt=\"IMG_7317 2\" width=\"3514\" height=\"3961\" srcset=\"https:\/\/marekkuchcinski.pl\/wp-content\/uploads\/2019\/02\/IMG_7317-2.jpg 1817w, https:\/\/marekkuchcinski.pl\/wp-content\/uploads\/2019\/02\/IMG_7317-2-266x300.jpg 266w, https:\/\/marekkuchcinski.pl\/wp-content\/uploads\/2019\/02\/IMG_7317-2-768x866.jpg 768w, https:\/\/marekkuchcinski.pl\/wp-content\/uploads\/2019\/02\/IMG_7317-2-908x1024.jpg 908w\" sizes=\"(max-width: 3514px) 100vw, 3514px\" \/><\/a><a href=\"https:\/\/marekkuchcinski.pl\/wp-content\/uploads\/2019\/02\/IMG_7322.jpg\"><img loading=\"lazy\" decoding=\"async\" class=\"alignnone size-full wp-image-13344\" src=\"https:\/\/marekkuchcinski.pl\/wp-content\/uploads\/2019\/02\/IMG_7322.jpg\" alt=\"IMG_7322\" width=\"5013\" height=\"3222\" srcset=\"https:\/\/marekkuchcinski.pl\/wp-content\/uploads\/2019\/02\/IMG_7322.jpg 2048w, https:\/\/marekkuchcinski.pl\/wp-content\/uploads\/2019\/02\/IMG_7322-300x193.jpg 300w, https:\/\/marekkuchcinski.pl\/wp-content\/uploads\/2019\/02\/IMG_7322-768x494.jpg 768w, https:\/\/marekkuchcinski.pl\/wp-content\/uploads\/2019\/02\/IMG_7322-1024x658.jpg 1024w\" sizes=\"(max-width: 5013px) 100vw, 5013px\" \/><\/a><\/p>\n<p>&nbsp;<\/p>\n<p>&nbsp;<\/p>\n<pre><\/pre>\n<p>&nbsp;<\/p>","protected":false},"excerpt":{"rendered":"<p>500 plus na ka\u017cde dziecko, obni\u017cenie PIT oraz jego zniesienie dla pracownikow do 26 roku \u017cycia, trzynastka &#8211; 1100 z\u0142 dla kadego emeryta oraz rozw\u00f3j infrastruktury, w tym przywr\u00f3cenie zlikwidowanych po\u0142\u0105cze\u0144 PKS &#8211; przede wszystkim w mniejszych miastach i na wsi &#8211; to programowe zapowiedzi Prawa i Sprawiedliwo\u015bci, jakie pad\u0142y podczas warszawskiej Konwencji 23 lutego. [&hellip;]<\/p>","protected":false},"author":6,"featured_media":13345,"comment_status":"open","ping_status":"open","sticky":false,"template":"","format":"standard","meta":{"ngg_post_thumbnail":0,"footnotes":""},"categories":[82,3],"tags":[],"class_list":["post-13321","post","type-post","status-publish","format-standard","has-post-thumbnail","hentry","category-prawo-i-sprawiedliwosc","category-wydarzenia"],"yoast_head":"<!-- This site is optimized with the Yoast SEO plugin v24.7 - https:\/\/yoast.com\/wordpress\/plugins\/seo\/ -->\n<title>Prawo i Sprawiedliwo\u015b\u0107 odpali\u0142o kampanijn\u0105 petard\u0119. Podczas warszawskiej Konwencji przedstawiono now\u0105 PI\u0104TK\u0118 Morawieckiego &#8211; Marek Kuchci\u0144ski<\/title>\n<meta name=\"robots\" content=\"index, follow, max-snippet:-1, max-image-preview:large, max-video-preview:-1\" \/>\n<link rel=\"canonical\" href=\"https:\/\/marekkuchcinski.pl\/hu\/wydarzenia\/prawo-sprawiedliwosc-odpalilo-kampanijna-petarde-warszawskiej-konwencji-przedstawiono-nowa-piatke-morawieckiego\/\" \/>\n<meta property=\"og:locale\" content=\"hu_HU\" \/>\n<meta property=\"og:type\" content=\"article\" \/>\n<meta property=\"og:title\" content=\"Prawo i Sprawiedliwo\u015b\u0107 odpali\u0142o kampanijn\u0105 petard\u0119. Podczas warszawskiej Konwencji przedstawiono now\u0105 PI\u0104TK\u0118 Morawieckiego &#8211; Marek Kuchci\u0144ski\" \/>\n<meta property=\"og:description\" content=\"500 plus na ka\u017cde dziecko, obni\u017cenie PIT oraz jego zniesienie dla pracownikow do 26 roku \u017cycia, trzynastka &#8211; 1100 z\u0142 dla kadego emeryta oraz rozw\u00f3j infrastruktury, w tym przywr\u00f3cenie zlikwidowanych po\u0142\u0105cze\u0144 PKS &#8211; przede wszystkim w mniejszych miastach i na wsi &#8211; to programowe zapowiedzi Prawa i Sprawiedliwo\u015bci, jakie pad\u0142y podczas warszawskiej Konwencji 23 lutego. [&hellip;]\" \/>\n<meta property=\"og:url\" content=\"https:\/\/marekkuchcinski.pl\/hu\/wydarzenia\/prawo-sprawiedliwosc-odpalilo-kampanijna-petarde-warszawskiej-konwencji-przedstawiono-nowa-piatke-morawieckiego\/\" \/>\n<meta property=\"og:site_name\" content=\"Marek Kuchci\u0144ski\" \/>\n<meta property=\"article:published_time\" content=\"2019-02-23T18:21:27+00:00\" \/>\n<meta property=\"article:modified_time\" content=\"2019-02-24T21:18:48+00:00\" \/>\n<meta property=\"og:image\" content=\"https:\/\/marekkuchcinski.pl\/wp-content\/uploads\/2019\/02\/IMG_7194-1.jpg\" \/>\n\t<meta property=\"og:image:width\" content=\"2048\" \/>\n\t<meta property=\"og:image:height\" content=\"1429\" \/>\n\t<meta property=\"og:image:type\" content=\"image\/jpeg\" \/>\n<meta name=\"author\" content=\"admin\" \/>\n<meta name=\"twitter:card\" content=\"summary_large_image\" \/>\n<meta name=\"twitter:label1\" content=\"Szerz\u0151:\" \/>\n\t<meta name=\"twitter:data1\" content=\"admin\" \/>\n\t<meta name=\"twitter:label2\" content=\"Becs\u00fclt olvas\u00e1si id\u0151\" \/>\n\t<meta name=\"twitter:data2\" content=\"4 perc\" \/>\n<script type=\"application\/ld+json\" class=\"yoast-schema-graph\">{\"@context\":\"https:\/\/schema.org\",\"@graph\":[{\"@type\":\"Article\",\"@id\":\"https:\/\/marekkuchcinski.pl\/uk\/wydarzenia\/prawo-sprawiedliwosc-odpalilo-kampanijna-petarde-warszawskiej-konwencji-przedstawiono-nowa-piatke-morawieckiego\/#article\",\"isPartOf\":{\"@id\":\"https:\/\/marekkuchcinski.pl\/uk\/wydarzenia\/prawo-sprawiedliwosc-odpalilo-kampanijna-petarde-warszawskiej-konwencji-przedstawiono-nowa-piatke-morawieckiego\/\"},\"author\":{\"name\":\"admin\",\"@id\":\"https:\/\/marekkuchcinski.pl\/#\/schema\/person\/6f62700996b4d950b6ea2d1183b6c6be\"},\"headline\":\"Prawo i Sprawiedliwo\u015b\u0107 odpali\u0142o kampanijn\u0105 petard\u0119. Podczas warszawskiej Konwencji przedstawiono now\u0105 PI\u0104TK\u0118 Morawieckiego\",\"datePublished\":\"2019-02-23T18:21:27+00:00\",\"dateModified\":\"2019-02-24T21:18:48+00:00\",\"mainEntityOfPage\":{\"@id\":\"https:\/\/marekkuchcinski.pl\/uk\/wydarzenia\/prawo-sprawiedliwosc-odpalilo-kampanijna-petarde-warszawskiej-konwencji-przedstawiono-nowa-piatke-morawieckiego\/\"},\"wordCount\":868,\"commentCount\":0,\"publisher\":{\"@id\":\"https:\/\/marekkuchcinski.pl\/#organization\"},\"image\":{\"@id\":\"https:\/\/marekkuchcinski.pl\/uk\/wydarzenia\/prawo-sprawiedliwosc-odpalilo-kampanijna-petarde-warszawskiej-konwencji-przedstawiono-nowa-piatke-morawieckiego\/#primaryimage\"},\"thumbnailUrl\":\"https:\/\/marekkuchcinski.pl\/wp-content\/uploads\/2019\/02\/IMG_7194-1.jpg\",\"articleSection\":[\"Prawo i Sprawiedliwo\u015b\u0107\",\"Wydarzenia\"],\"inLanguage\":\"hu\",\"potentialAction\":[{\"@type\":\"CommentAction\",\"name\":\"Comment\",\"target\":[\"https:\/\/marekkuchcinski.pl\/uk\/wydarzenia\/prawo-sprawiedliwosc-odpalilo-kampanijna-petarde-warszawskiej-konwencji-przedstawiono-nowa-piatke-morawieckiego\/#respond\"]}]},{\"@type\":\"WebPage\",\"@id\":\"https:\/\/marekkuchcinski.pl\/uk\/wydarzenia\/prawo-sprawiedliwosc-odpalilo-kampanijna-petarde-warszawskiej-konwencji-przedstawiono-nowa-piatke-morawieckiego\/\",\"url\":\"https:\/\/marekkuchcinski.pl\/uk\/wydarzenia\/prawo-sprawiedliwosc-odpalilo-kampanijna-petarde-warszawskiej-konwencji-przedstawiono-nowa-piatke-morawieckiego\/\",\"name\":\"Prawo i Sprawiedliwo\u015b\u0107 odpali\u0142o kampanijn\u0105 petard\u0119. Podczas warszawskiej Konwencji przedstawiono now\u0105 PI\u0104TK\u0118 Morawieckiego &#8211; Marek Kuchci\u0144ski\",\"isPartOf\":{\"@id\":\"https:\/\/marekkuchcinski.pl\/#website\"},\"primaryImageOfPage\":{\"@id\":\"https:\/\/marekkuchcinski.pl\/uk\/wydarzenia\/prawo-sprawiedliwosc-odpalilo-kampanijna-petarde-warszawskiej-konwencji-przedstawiono-nowa-piatke-morawieckiego\/#primaryimage\"},\"image\":{\"@id\":\"https:\/\/marekkuchcinski.pl\/uk\/wydarzenia\/prawo-sprawiedliwosc-odpalilo-kampanijna-petarde-warszawskiej-konwencji-przedstawiono-nowa-piatke-morawieckiego\/#primaryimage\"},\"thumbnailUrl\":\"https:\/\/marekkuchcinski.pl\/wp-content\/uploads\/2019\/02\/IMG_7194-1.jpg\",\"datePublished\":\"2019-02-23T18:21:27+00:00\",\"dateModified\":\"2019-02-24T21:18:48+00:00\",\"breadcrumb\":{\"@id\":\"https:\/\/marekkuchcinski.pl\/uk\/wydarzenia\/prawo-sprawiedliwosc-odpalilo-kampanijna-petarde-warszawskiej-konwencji-przedstawiono-nowa-piatke-morawieckiego\/#breadcrumb\"},\"inLanguage\":\"hu\",\"potentialAction\":[{\"@type\":\"ReadAction\",\"target\":[\"https:\/\/marekkuchcinski.pl\/uk\/wydarzenia\/prawo-sprawiedliwosc-odpalilo-kampanijna-petarde-warszawskiej-konwencji-przedstawiono-nowa-piatke-morawieckiego\/\"]}]},{\"@type\":\"ImageObject\",\"inLanguage\":\"hu\",\"@id\":\"https:\/\/marekkuchcinski.pl\/uk\/wydarzenia\/prawo-sprawiedliwosc-odpalilo-kampanijna-petarde-warszawskiej-konwencji-przedstawiono-nowa-piatke-morawieckiego\/#primaryimage\",\"url\":\"https:\/\/marekkuchcinski.pl\/wp-content\/uploads\/2019\/02\/IMG_7194-1.jpg\",\"contentUrl\":\"https:\/\/marekkuchcinski.pl\/wp-content\/uploads\/2019\/02\/IMG_7194-1.jpg\",\"width\":2048,\"height\":1429},{\"@type\":\"BreadcrumbList\",\"@id\":\"https:\/\/marekkuchcinski.pl\/uk\/wydarzenia\/prawo-sprawiedliwosc-odpalilo-kampanijna-petarde-warszawskiej-konwencji-przedstawiono-nowa-piatke-morawieckiego\/#breadcrumb\",\"itemListElement\":[{\"@type\":\"ListItem\",\"position\":1,\"name\":\"Strona g\u0142\u00f3wna\",\"item\":\"https:\/\/marekkuchcinski.pl\/\"},{\"@type\":\"ListItem\",\"position\":2,\"name\":\"Prawo i Sprawiedliwo\u015b\u0107 odpali\u0142o kampanijn\u0105 petard\u0119. Podczas warszawskiej Konwencji przedstawiono now\u0105 PI\u0104TK\u0118 Morawieckiego\"}]},{\"@type\":\"WebSite\",\"@id\":\"https:\/\/marekkuchcinski.pl\/#website\",\"url\":\"https:\/\/marekkuchcinski.pl\/\",\"name\":\"Marek Kuchci\u0144ski\",\"description\":\"Pose\u0142 na sejm RP &ndash; okr\u0119g nr 22\",\"publisher\":{\"@id\":\"https:\/\/marekkuchcinski.pl\/#organization\"},\"potentialAction\":[{\"@type\":\"SearchAction\",\"target\":{\"@type\":\"EntryPoint\",\"urlTemplate\":\"https:\/\/marekkuchcinski.pl\/?s={search_term_string}\"},\"query-input\":{\"@type\":\"PropertyValueSpecification\",\"valueRequired\":true,\"valueName\":\"search_term_string\"}}],\"inLanguage\":\"hu\"},{\"@type\":\"Organization\",\"@id\":\"https:\/\/marekkuchcinski.pl\/#organization\",\"name\":\"Marek Kuchci\u0144ski\",\"url\":\"https:\/\/marekkuchcinski.pl\/\",\"logo\":{\"@type\":\"ImageObject\",\"inLanguage\":\"hu\",\"@id\":\"https:\/\/marekkuchcinski.pl\/#\/schema\/logo\/image\/\",\"url\":\"https:\/\/marekkuchcinski.pl\/wp-content\/uploads\/2022\/09\/Marek.jpg\",\"contentUrl\":\"https:\/\/marekkuchcinski.pl\/wp-content\/uploads\/2022\/09\/Marek.jpg\",\"width\":1600,\"height\":971,\"caption\":\"Marek Kuchci\u0144ski\"},\"image\":{\"@id\":\"https:\/\/marekkuchcinski.pl\/#\/schema\/logo\/image\/\"}},{\"@type\":\"Person\",\"@id\":\"https:\/\/marekkuchcinski.pl\/#\/schema\/person\/6f62700996b4d950b6ea2d1183b6c6be\",\"name\":\"admin\",\"image\":{\"@type\":\"ImageObject\",\"inLanguage\":\"hu\",\"@id\":\"https:\/\/marekkuchcinski.pl\/#\/schema\/person\/image\/\",\"url\":\"https:\/\/secure.gravatar.com\/avatar\/4bab693b9d55c3d6b52c0296a8765085?s=96&d=mm&r=g\",\"contentUrl\":\"https:\/\/secure.gravatar.com\/avatar\/4bab693b9d55c3d6b52c0296a8765085?s=96&d=mm&r=g\",\"caption\":\"admin\"},\"url\":\"https:\/\/marekkuchcinski.pl\/hu\/author\/marta-olejnik\/\"}]}<\/script>\n<!-- \/ Yoast SEO plugin. -->","yoast_head_json":{"title":"Prawo i Sprawiedliwo\u015b\u0107 odpali\u0142o kampanijn\u0105 petard\u0119. Podczas warszawskiej Konwencji przedstawiono now\u0105 PI\u0104TK\u0118 Morawieckiego &#8211; Marek Kuchci\u0144ski","robots":{"index":"index","follow":"follow","max-snippet":"max-snippet:-1","max-image-preview":"max-image-preview:large","max-video-preview":"max-video-preview:-1"},"canonical":"https:\/\/marekkuchcinski.pl\/hu\/wydarzenia\/prawo-sprawiedliwosc-odpalilo-kampanijna-petarde-warszawskiej-konwencji-przedstawiono-nowa-piatke-morawieckiego\/","og_locale":"hu_HU","og_type":"article","og_title":"Prawo i Sprawiedliwo\u015b\u0107 odpali\u0142o kampanijn\u0105 petard\u0119. Podczas warszawskiej Konwencji przedstawiono now\u0105 PI\u0104TK\u0118 Morawieckiego &#8211; Marek Kuchci\u0144ski","og_description":"500 plus na ka\u017cde dziecko, obni\u017cenie PIT oraz jego zniesienie dla pracownikow do 26 roku \u017cycia, trzynastka &#8211; 1100 z\u0142 dla kadego emeryta oraz rozw\u00f3j infrastruktury, w tym przywr\u00f3cenie zlikwidowanych po\u0142\u0105cze\u0144 PKS &#8211; przede wszystkim w mniejszych miastach i na wsi &#8211; to programowe zapowiedzi Prawa i Sprawiedliwo\u015bci, jakie pad\u0142y podczas warszawskiej Konwencji 23 lutego. [&hellip;]","og_url":"https:\/\/marekkuchcinski.pl\/hu\/wydarzenia\/prawo-sprawiedliwosc-odpalilo-kampanijna-petarde-warszawskiej-konwencji-przedstawiono-nowa-piatke-morawieckiego\/","og_site_name":"Marek Kuchci\u0144ski","article_published_time":"2019-02-23T18:21:27+00:00","article_modified_time":"2019-02-24T21:18:48+00:00","og_image":[{"width":2048,"height":1429,"url":"https:\/\/marekkuchcinski.pl\/wp-content\/uploads\/2019\/02\/IMG_7194-1.jpg","type":"image\/jpeg"}],"author":"admin","twitter_card":"summary_large_image","twitter_misc":{"Szerz\u0151:":"admin","Becs\u00fclt olvas\u00e1si id\u0151":"4 perc"},"schema":{"@context":"https:\/\/schema.org","@graph":[{"@type":"Article","@id":"https:\/\/marekkuchcinski.pl\/uk\/wydarzenia\/prawo-sprawiedliwosc-odpalilo-kampanijna-petarde-warszawskiej-konwencji-przedstawiono-nowa-piatke-morawieckiego\/#article","isPartOf":{"@id":"https:\/\/marekkuchcinski.pl\/uk\/wydarzenia\/prawo-sprawiedliwosc-odpalilo-kampanijna-petarde-warszawskiej-konwencji-przedstawiono-nowa-piatke-morawieckiego\/"},"author":{"name":"admin","@id":"https:\/\/marekkuchcinski.pl\/#\/schema\/person\/6f62700996b4d950b6ea2d1183b6c6be"},"headline":"Prawo i Sprawiedliwo\u015b\u0107 odpali\u0142o kampanijn\u0105 petard\u0119. Podczas warszawskiej Konwencji przedstawiono now\u0105 PI\u0104TK\u0118 Morawieckiego","datePublished":"2019-02-23T18:21:27+00:00","dateModified":"2019-02-24T21:18:48+00:00","mainEntityOfPage":{"@id":"https:\/\/marekkuchcinski.pl\/uk\/wydarzenia\/prawo-sprawiedliwosc-odpalilo-kampanijna-petarde-warszawskiej-konwencji-przedstawiono-nowa-piatke-morawieckiego\/"},"wordCount":868,"commentCount":0,"publisher":{"@id":"https:\/\/marekkuchcinski.pl\/#organization"},"image":{"@id":"https:\/\/marekkuchcinski.pl\/uk\/wydarzenia\/prawo-sprawiedliwosc-odpalilo-kampanijna-petarde-warszawskiej-konwencji-przedstawiono-nowa-piatke-morawieckiego\/#primaryimage"},"thumbnailUrl":"https:\/\/marekkuchcinski.pl\/wp-content\/uploads\/2019\/02\/IMG_7194-1.jpg","articleSection":["Prawo i Sprawiedliwo\u015b\u0107","Wydarzenia"],"inLanguage":"hu","potentialAction":[{"@type":"CommentAction","name":"Comment","target":["https:\/\/marekkuchcinski.pl\/uk\/wydarzenia\/prawo-sprawiedliwosc-odpalilo-kampanijna-petarde-warszawskiej-konwencji-przedstawiono-nowa-piatke-morawieckiego\/#respond"]}]},{"@type":"WebPage","@id":"https:\/\/marekkuchcinski.pl\/uk\/wydarzenia\/prawo-sprawiedliwosc-odpalilo-kampanijna-petarde-warszawskiej-konwencji-przedstawiono-nowa-piatke-morawieckiego\/","url":"https:\/\/marekkuchcinski.pl\/uk\/wydarzenia\/prawo-sprawiedliwosc-odpalilo-kampanijna-petarde-warszawskiej-konwencji-przedstawiono-nowa-piatke-morawieckiego\/","name":"Prawo i Sprawiedliwo\u015b\u0107 odpali\u0142o kampanijn\u0105 petard\u0119. Podczas warszawskiej Konwencji przedstawiono now\u0105 PI\u0104TK\u0118 Morawieckiego &#8211; Marek Kuchci\u0144ski","isPartOf":{"@id":"https:\/\/marekkuchcinski.pl\/#website"},"primaryImageOfPage":{"@id":"https:\/\/marekkuchcinski.pl\/uk\/wydarzenia\/prawo-sprawiedliwosc-odpalilo-kampanijna-petarde-warszawskiej-konwencji-przedstawiono-nowa-piatke-morawieckiego\/#primaryimage"},"image":{"@id":"https:\/\/marekkuchcinski.pl\/uk\/wydarzenia\/prawo-sprawiedliwosc-odpalilo-kampanijna-petarde-warszawskiej-konwencji-przedstawiono-nowa-piatke-morawieckiego\/#primaryimage"},"thumbnailUrl":"https:\/\/marekkuchcinski.pl\/wp-content\/uploads\/2019\/02\/IMG_7194-1.jpg","datePublished":"2019-02-23T18:21:27+00:00","dateModified":"2019-02-24T21:18:48+00:00","breadcrumb":{"@id":"https:\/\/marekkuchcinski.pl\/uk\/wydarzenia\/prawo-sprawiedliwosc-odpalilo-kampanijna-petarde-warszawskiej-konwencji-przedstawiono-nowa-piatke-morawieckiego\/#breadcrumb"},"inLanguage":"hu","potentialAction":[{"@type":"ReadAction","target":["https:\/\/marekkuchcinski.pl\/uk\/wydarzenia\/prawo-sprawiedliwosc-odpalilo-kampanijna-petarde-warszawskiej-konwencji-przedstawiono-nowa-piatke-morawieckiego\/"]}]},{"@type":"ImageObject","inLanguage":"hu","@id":"https:\/\/marekkuchcinski.pl\/uk\/wydarzenia\/prawo-sprawiedliwosc-odpalilo-kampanijna-petarde-warszawskiej-konwencji-przedstawiono-nowa-piatke-morawieckiego\/#primaryimage","url":"https:\/\/marekkuchcinski.pl\/wp-content\/uploads\/2019\/02\/IMG_7194-1.jpg","contentUrl":"https:\/\/marekkuchcinski.pl\/wp-content\/uploads\/2019\/02\/IMG_7194-1.jpg","width":2048,"height":1429},{"@type":"BreadcrumbList","@id":"https:\/\/marekkuchcinski.pl\/uk\/wydarzenia\/prawo-sprawiedliwosc-odpalilo-kampanijna-petarde-warszawskiej-konwencji-przedstawiono-nowa-piatke-morawieckiego\/#breadcrumb","itemListElement":[{"@type":"ListItem","position":1,"name":"Strona g\u0142\u00f3wna","item":"https:\/\/marekkuchcinski.pl\/"},{"@type":"ListItem","position":2,"name":"Prawo i Sprawiedliwo\u015b\u0107 odpali\u0142o kampanijn\u0105 petard\u0119. Podczas warszawskiej Konwencji przedstawiono now\u0105 PI\u0104TK\u0118 Morawieckiego"}]},{"@type":"WebSite","@id":"https:\/\/marekkuchcinski.pl\/#website","url":"https:\/\/marekkuchcinski.pl\/","name":"Marek Kuchci\u0144ski","description":"Pose\u0142 na sejm RP &ndash; okr\u0119g nr 22","publisher":{"@id":"https:\/\/marekkuchcinski.pl\/#organization"},"potentialAction":[{"@type":"SearchAction","target":{"@type":"EntryPoint","urlTemplate":"https:\/\/marekkuchcinski.pl\/?s={search_term_string}"},"query-input":{"@type":"PropertyValueSpecification","valueRequired":true,"valueName":"search_term_string"}}],"inLanguage":"hu"},{"@type":"Organization","@id":"https:\/\/marekkuchcinski.pl\/#organization","name":"Marek Kuchci\u0144ski","url":"https:\/\/marekkuchcinski.pl\/","logo":{"@type":"ImageObject","inLanguage":"hu","@id":"https:\/\/marekkuchcinski.pl\/#\/schema\/logo\/image\/","url":"https:\/\/marekkuchcinski.pl\/wp-content\/uploads\/2022\/09\/Marek.jpg","contentUrl":"https:\/\/marekkuchcinski.pl\/wp-content\/uploads\/2022\/09\/Marek.jpg","width":1600,"height":971,"caption":"Marek Kuchci\u0144ski"},"image":{"@id":"https:\/\/marekkuchcinski.pl\/#\/schema\/logo\/image\/"}},{"@type":"Person","@id":"https:\/\/marekkuchcinski.pl\/#\/schema\/person\/6f62700996b4d950b6ea2d1183b6c6be","name":"admin","image":{"@type":"ImageObject","inLanguage":"hu","@id":"https:\/\/marekkuchcinski.pl\/#\/schema\/person\/image\/","url":"https:\/\/secure.gravatar.com\/avatar\/4bab693b9d55c3d6b52c0296a8765085?s=96&d=mm&r=g","contentUrl":"https:\/\/secure.gravatar.com\/avatar\/4bab693b9d55c3d6b52c0296a8765085?s=96&d=mm&r=g","caption":"admin"},"url":"https:\/\/marekkuchcinski.pl\/hu\/author\/marta-olejnik\/"}]}},"_links":{"self":[{"href":"https:\/\/marekkuchcinski.pl\/hu\/wp-json\/wp\/v2\/posts\/13321","targetHints":{"allow":["GET"]}}],"collection":[{"href":"https:\/\/marekkuchcinski.pl\/hu\/wp-json\/wp\/v2\/posts"}],"about":[{"href":"https:\/\/marekkuchcinski.pl\/hu\/wp-json\/wp\/v2\/types\/post"}],"author":[{"embeddable":true,"href":"https:\/\/marekkuchcinski.pl\/hu\/wp-json\/wp\/v2\/users\/6"}],"replies":[{"embeddable":true,"href":"https:\/\/marekkuchcinski.pl\/hu\/wp-json\/wp\/v2\/comments?post=13321"}],"version-history":[{"count":18,"href":"https:\/\/marekkuchcinski.pl\/hu\/wp-json\/wp\/v2\/posts\/13321\/revisions"}],"predecessor-version":[{"id":13355,"href":"https:\/\/marekkuchcinski.pl\/hu\/wp-json\/wp\/v2\/posts\/13321\/revisions\/13355"}],"wp:featuredmedia":[{"embeddable":true,"href":"https:\/\/marekkuchcinski.pl\/hu\/wp-json\/wp\/v2\/media\/13345"}],"wp:attachment":[{"href":"https:\/\/marekkuchcinski.pl\/hu\/wp-json\/wp\/v2\/media?parent=13321"}],"wp:term":[{"taxonomy":"category","embeddable":true,"href":"https:\/\/marekkuchcinski.pl\/hu\/wp-json\/wp\/v2\/categories?post=13321"},{"taxonomy":"post_tag","embeddable":true,"href":"https:\/\/marekkuchcinski.pl\/hu\/wp-json\/wp\/v2\/tags?post=13321"}],"curies":[{"name":"wp","href":"https:\/\/api.w.org\/{rel}","templated":true}]}}