{"id":13260,"date":"2019-02-22T12:45:09","date_gmt":"2019-02-22T11:45:09","guid":{"rendered":"https:\/\/marekkuchcinski.pl\/?p=13260"},"modified":"2019-03-17T00:26:15","modified_gmt":"2019-03-16T23:26:15","slug":"odbudowujemy-wspolprace-litwa-marszalek-sejmu-spotkal-sie-prezydent-grybauskaite","status":"publish","type":"post","link":"https:\/\/marekkuchcinski.pl\/hu\/wydarzenia\/odbudowujemy-wspolprace-litwa-marszalek-sejmu-spotkal-sie-prezydent-grybauskaite\/","title":{"rendered":"A Szejm eln\u00f6ke \"A Litv\u00e1ni\u00e1\u00e9rt \u00c9rdemrenddel\" kit\u00fcntet\u00e9sben r\u00e9szes\u00fclt"},"content":{"rendered":"<p>Dalia Grybauskait\u0117, aki hivatalos l\u00e1togat\u00e1son tart\u00f3zkodik Lengyelorsz\u00e1gban, cs\u00fct\u00f6rt\u00f6k\u00f6n tal\u00e1lkozott Marek Kuchcinski szejmeln\u00f6kkel. A besz\u00e9lget\u00e9s sor\u00e1n t\u00f6bbek k\u00f6z\u00f6tt sz\u00f3ba ker\u00fclt a Szejm \u00e9s a Szejm k\u00f6z\u00f6tti parlamenti szint\u0171 egy\u00fcttm\u0171k\u00f6d\u00e9s, a biztons\u00e1g, az energia, valamint a lublini uni\u00f3 450. \u00e9vfordul\u00f3ja, amely 2019-re esik.<br \/>\nKuchci\u0144ski marsall hangs\u00falyozta annak fontoss\u00e1g\u00e1t, hogy folytatni kell a n\u00e9hai Lech Kaczy\u0144ski politik\u00e1j\u00e1t, amely Lengyelorsz\u00e1g, Litv\u00e1nia \u00e9s Eur\u00f3pa m\u00e1s orsz\u00e1gainak k\u00f6zeled\u00e9s\u00e9t c\u00e9lozta. - A tal\u00e1lkoz\u00f3k intenz\u00edvebb\u00e9 v\u00e1l\u00e1sa a legjobb bizony\u00edt\u00e9ka annak, hogy \u00fajra\u00e9p\u00edtj\u00fck egy\u00fcttm\u0171k\u00f6d\u00e9s\u00fcnket. A magunk r\u00e9sz\u00e9r\u0151l a lehet\u0151 leghamarabb ki fogjuk alak\u00edtani az egy\u00fcttm\u0171k\u00f6d\u00e9s k\u00fcl\u00f6nb\u00f6z\u0151 form\u00e1it. Ezek m\u00e1r meghozt\u00e1k gy\u00fcm\u00f6lcs\u00fcket; p\u00e9ld\u00e1ul nagyon hasonl\u00f3an l\u00e1tjuk a biztons\u00e1gi k\u00e9rd\u00e9seket, p\u00e9ld\u00e1ul a NATO-csapatok jelenl\u00e9t\u00e9t. A 14. sz\u00e1zad \u00f3ta tart\u00f3 t\u00f6rt\u00e9nelm\u00fcnk, illetve a Lublini Uni\u00f3 szempontj\u00e1b\u00f3l a lengyel-litv\u00e1n egy\u00fcttm\u0171k\u00f6d\u00e9s sz\u00fcks\u00e9gess\u00e9ge nyilv\u00e1nval\u00f3. Ahogy mondani szoktuk, amikor egy\u00fctt voltunk, mi voltunk a legnagyobb er\u0151 Eur\u00f3p\u00e1ban\" - mondta Marek Kuchci\u0144ski.<br \/>\nA litv\u00e1n eln\u00f6k Lech Kaczynskit is megeml\u00edtette, akivel - mint hangs\u00falyozta - nagyon rendszeresen tal\u00e1lkozott. - Eln\u00f6ks\u00e9ge utols\u00f3 nyolc h\u00f3napja alatt n\u00e9gyszer is. Ezek nagyon j\u00f3 kapcsolatok voltak. Lengyelorsz\u00e1g \u00e9s Litv\u00e1nia v\u00e9delmi, gazdas\u00e1gi \u00e9s energetikai k\u00e9rd\u00e9sekben azonos \u00e1ll\u00e1spontot k\u00e9pvisel. Sok probl\u00e9m\u00e1t meg tudunk oldani egy\u00fctt\" - mutatott r\u00e1 Grybauskait\u0117 eln\u00f6k asszony. - Az \u00c9szaki \u00c1ramlat-2-vel kapcsolatos \u00e9rdekeinket is, amely Eur\u00f3p\u00e1t Oroszorsz\u00e1gt\u00f3l teszi f\u00fcgg\u0151v\u00e9. Ez\u00e9rt t\u00e1mogatjuk egym\u00e1st a NATO-val \u00e9s az EU-val folytatott t\u00e1rgyal\u00e1sokon\" - tette hozz\u00e1 a litv\u00e1n politikus.<br \/>\nA Szejm eln\u00f6ke meleg k\u00f6sz\u00f6net\u00e9t fejezte ki Litv\u00e1nia eln\u00f6k\u00e9nek a k\u00e9t orsz\u00e1g kultur\u00e1lis minisztereinek kezdem\u00e9nyez\u00e9s\u00e9\u00e9rt, akik - m\u00e1s k\u00f6z\u00e9p-eur\u00f3pai orsz\u00e1gok minisztereivel egy\u00fctt - javaslatot ny\u00fajtottak be az UNESCO-nak a Lublini Uni\u00f3nak a vil\u00e1g\u00f6r\u00f6ks\u00e9gi list\u00e1ra val\u00f3 felv\u00e9tel\u00e9re. A Szejm eln\u00f6ke azt is megjegyezte, hogy -K\u00f6z\u00e9p-Eur\u00f3pa parlamentjei k\u00f6z\u00f6tti egy\u00fcttm\u0171k\u00f6d\u00e9st fejlesztj\u00fck. Jelentkezt\u00fcnk a Balti \u00c1llamok Parlamenti K\u00f6zgy\u0171l\u00e9s\u00e9hez val\u00f3 csatlakoz\u00e1sra. - \u00dagy v\u00e9lj\u00fck, hogy ez az egy\u00fcttm\u0171k\u00f6d\u00e9s fontos eleme, \u00e9s t\u00e1mogatjuk azt a javaslatot is, hogy hozzuk l\u00e9tre a H\u00e1rmashat\u00e1rhegys\u00e9g parlamenti dimenzi\u00f3j\u00e1t. Az Eur\u00f3pai Uni\u00f3t annak prizm\u00e1j\u00e1n kereszt\u00fcl szeml\u00e9lj\u00fck, hogy minden ter\u00fcleten meg kell er\u0151s\u00edteni\" - hangs\u00falyozta Kuchci\u0144ski marsall.<br \/>\nAz \u00fcl\u00e9sen r\u00e9szt vett Beata Mazurek, a Szejm aleln\u00f6ke \u00e9s Agnieszka Kaczmarska, a Szejm kancell\u00e1ri\u00e1j\u00e1nak vezet\u0151je is.<\/p>\n<p><strong>Marek Kuchcinski, mint a litv\u00e1n \u00e1llam\u00e9rt \u00e9rdemeket szerzett szem\u00e9ly, a \"Litv\u00e1ni\u00e1\u00e9rt \u00c9rdemrenddel\" t\u00fcntett\u00e9k ki.<\/strong><\/p>\n<p><em>Fot\u00f3: Rafa\u0142 Zambrzycki<\/em><\/p>\n<p><a href=\"https:\/\/marekkuchcinski.pl\/wp-content\/uploads\/2019\/02\/prezydent-Litwy.jpg\"><img fetchpriority=\"high\" decoding=\"async\" class=\"alignnone size-full wp-image-13262\" src=\"https:\/\/marekkuchcinski.pl\/wp-content\/uploads\/2019\/02\/prezydent-Litwy.jpg\" alt=\"prezydent Litwy\" width=\"1200\" height=\"800\" srcset=\"https:\/\/marekkuchcinski.pl\/wp-content\/uploads\/2019\/02\/prezydent-Litwy.jpg 1200w, https:\/\/marekkuchcinski.pl\/wp-content\/uploads\/2019\/02\/prezydent-Litwy-300x200.jpg 300w, https:\/\/marekkuchcinski.pl\/wp-content\/uploads\/2019\/02\/prezydent-Litwy-768x512.jpg 768w, https:\/\/marekkuchcinski.pl\/wp-content\/uploads\/2019\/02\/prezydent-Litwy-1024x683.jpg 1024w\" sizes=\"(max-width: 1200px) 100vw, 1200px\" \/><\/a><\/p>\n<p><em>Fot\u00f3: Marta Olejnik<\/em><\/p>\n<p><a href=\"https:\/\/marekkuchcinski.pl\/wp-content\/uploads\/2019\/02\/olit.jpg\"><img decoding=\"async\" class=\"alignnone size-full wp-image-13875\" src=\"https:\/\/marekkuchcinski.pl\/wp-content\/uploads\/2019\/02\/olit.jpg\" alt=\"olit\" width=\"2048\" height=\"1365\" srcset=\"https:\/\/marekkuchcinski.pl\/wp-content\/uploads\/2019\/02\/olit.jpg 2048w, https:\/\/marekkuchcinski.pl\/wp-content\/uploads\/2019\/02\/olit-300x200.jpg 300w, https:\/\/marekkuchcinski.pl\/wp-content\/uploads\/2019\/02\/olit-768x512.jpg 768w, https:\/\/marekkuchcinski.pl\/wp-content\/uploads\/2019\/02\/olit-1024x683.jpg 1024w\" sizes=\"(max-width: 2048px) 100vw, 2048px\" \/><\/a><\/p>\n<p>&nbsp;<\/p>","protected":false},"excerpt":{"rendered":"<p>Przebywaj\u0105ca z oficjaln\u0105 wizyt\u0105 w Polsce Dalia Grybauskait\u0117 w czwartek spotka\u0142a si\u0119 z marsza\u0142kiem Sejmu Markiem Kuchci\u0144skim. W\u015br\u00f3d temat\u00f3w, kt\u00f3re pojawi\u0142y si\u0119 podczas rozmowy, by\u0142y m.in. wsp\u00f3\u0142praca na poziomie parlamentarnym pomi\u0119dzy Sejmem a Seimasem, bezpiecze\u0144stwo, energetyka, a tak\u017ce 450-lecie Unii Lubelskiej, kt\u00f3re przypada w 2019 r. Marsza\u0142ek Kuchci\u0144ski podkre\u015bli\u0142, \u017ce wa\u017cna jest kontynuacja polityki \u015bp. [&hellip;]<\/p>\n","protected":false},"author":6,"featured_media":13875,"comment_status":"open","ping_status":"open","sticky":false,"template":"","format":"standard","meta":{"ngg_post_thumbnail":0,"footnotes":""},"categories":[81,50,3],"tags":[],"class_list":["post-13260","post","type-post","status-publish","format-standard","has-post-thumbnail","hentry","category-wiesci-z-sejmu","category-wspolpraca-miedzynarodowa","category-wydarzenia"],"_links":{"self":[{"href":"https:\/\/marekkuchcinski.pl\/hu\/wp-json\/wp\/v2\/posts\/13260","targetHints":{"allow":["GET"]}}],"collection":[{"href":"https:\/\/marekkuchcinski.pl\/hu\/wp-json\/wp\/v2\/posts"}],"about":[{"href":"https:\/\/marekkuchcinski.pl\/hu\/wp-json\/wp\/v2\/types\/post"}],"author":[{"embeddable":true,"href":"https:\/\/marekkuchcinski.pl\/hu\/wp-json\/wp\/v2\/users\/6"}],"replies":[{"embeddable":true,"href":"https:\/\/marekkuchcinski.pl\/hu\/wp-json\/wp\/v2\/comments?post=13260"}],"version-history":[{"count":12,"href":"https:\/\/marekkuchcinski.pl\/hu\/wp-json\/wp\/v2\/posts\/13260\/revisions"}],"predecessor-version":[{"id":13892,"href":"https:\/\/marekkuchcinski.pl\/hu\/wp-json\/wp\/v2\/posts\/13260\/revisions\/13892"}],"wp:featuredmedia":[{"embeddable":true,"href":"https:\/\/marekkuchcinski.pl\/hu\/wp-json\/wp\/v2\/media\/13875"}],"wp:attachment":[{"href":"https:\/\/marekkuchcinski.pl\/hu\/wp-json\/wp\/v2\/media?parent=13260"}],"wp:term":[{"taxonomy":"category","embeddable":true,"href":"https:\/\/marekkuchcinski.pl\/hu\/wp-json\/wp\/v2\/categories?post=13260"},{"taxonomy":"post_tag","embeddable":true,"href":"https:\/\/marekkuchcinski.pl\/hu\/wp-json\/wp\/v2\/tags?post=13260"}],"curies":[{"name":"wp","href":"https:\/\/api.w.org\/{rel}","templated":true}]}}