{"id":13255,"date":"2019-02-22T14:20:53","date_gmt":"2019-02-22T13:20:53","guid":{"rendered":"https:\/\/marekkuchcinski.pl\/?p=13255"},"modified":"2019-02-22T14:20:53","modified_gmt":"2019-02-22T13:20:53","slug":"marek-kuchcinski-dniu-mysli-braterskiej-zycze-wszystkim-skautom-aby-jasnymi-umyslami-goracymi-sercami-pomocnymi-dlonmi-wspaniale-sluzyli-naszej-ojczyznie","status":"publish","type":"post","link":"https:\/\/marekkuchcinski.pl\/hu\/wydarzenia\/marek-kuchcinski-dniu-mysli-braterskiej-zycze-wszystkim-skautom-aby-jasnymi-umyslami-goracymi-sercami-pomocnymi-dlonmi-wspaniale-sluzyli-naszej-ojczyznie\/","title":{"rendered":"Marek Kuchci\u0144ski a testv\u00e9ri gondolatok napj\u00e1n: K\u00edv\u00e1nom minden cserk\u00e9sznek, hogy tiszta elm\u00e9vel, meleg sz\u00edvvel \u00e9s seg\u00edt\u0151 kezekkel tov\u00e1bbra is csod\u00e1latos m\u00f3don szolg\u00e1lj\u00e1k haz\u00e1nkat."},"content":{"rendered":"<p><strong>Febru\u00e1r 22-\u00e9n vil\u00e1gszerte a cserk\u00e9szek \u00fcnneplik a napjukat. A Testv\u00e9ri Gondolatok Napj\u00e1t az\u00e9rt hozt\u00e1k l\u00e9tre, hogy megeml\u00e9kezzenek a cserk\u00e9szet alap\u00edt\u00f3i - Robert Baden-Powell, a vil\u00e1g f\u0151cserk\u00e9sze \u00e9s feles\u00e9ge, Olave Baden-Powell, a vil\u00e1g f\u0151cserk\u00e9sze - sz\u00fclet\u00e9s\u00e9nek \u00e9vfordul\u00f3j\u00e1r\u00f3l. Marek Kuchci\u0144ski, a szejm eln\u00f6ke elismer\u00e9s\u00e9t fejezte ki a Lengyel Cserk\u00e9szsz\u00f6vets\u00e9gnek. A szervezet hat\u00f3s\u00e1gainak c\u00edmzett level\u00e9ben azt \u00edrta:<\/strong><\/p>\n<p><em>Ez a k\u00fcl\u00f6nleges id\u0151szak arra \u00f6szt\u00f6n\u00f6z benn\u00fcnket, hogy elgondolkodjunk a cserk\u00e9szmozgalom gy\u00f6ny\u00f6r\u0171 eszm\u00e9in, valamint lehet\u0151s\u00e9get ny\u00fajt a tagok k\u00f6z\u00f6tti k\u00f6tel\u00e9kek meger\u0151s\u00edt\u00e9s\u00e9re. Fellowship<br \/>\n\u00e9s a bar\u00e1ts\u00e1g sokakat k\u00f6z\u00fcletek \u00f6sszek\u00f6t. Eml\u00e9kezz\u00fcnk teh\u00e1t ezeknek a csod\u00e1latos kapcsolatoknak a fontoss\u00e1g\u00e1ra, amelyek jobb\u00e1 \u00e9s teljesebb\u00e9 teszik az \u00e9let\u00fcnket.<\/em><\/p>\n<p><em>Ma szeretn\u00e9m kifejezni nagyrabecs\u00fcl\u00e9semet az eg\u00e9sz szervezetnek. Sok elk\u00f6telezett embert t\u00f6m\u00f6r\u00edt soraiban, akik sz\u00e1m\u00e1ra a cserk\u00e9szk\u00f6z\u00f6ss\u00e9ghez val\u00f3 tartoz\u00e1s b\u00fcszkes\u00e9get jelent, a hagyom\u00e1nyok \u00e9s \u00e9rt\u00e9kek tisztelet\u00e9nek szellem\u00e9ben neveli a k\u00f6vetkez\u0151 gener\u00e1ci\u00f3t, form\u00e1lja a jellemet, edzi a szellemet, \u00e9s lehet\u0151v\u00e9 teszi, hogy \u00f6r\u00f6met mer\u00edts\u00fcnk a k\u00f6z\u00f6s cselekv\u00e9sb\u0151l.<\/em><\/p>\n<p><em>A cserk\u00e9szfi\u00fak \u00e9s -l\u00e1nyok magatart\u00e1s\u00e1ra a legnagyobb hat\u00e1st az oktat\u00f3k gyakorolj\u00e1k.<br \/>\nEzek a kiv\u00e9teles alakok a viselked\u00e9s mintak\u00e9pei \u00e9s a tud\u00e1s kincsest\u00e1ra. A \"Rendk\u00edv\u00fcli\" c\u00edm kiemeli az \u00d6n al\u00e1zatos szolg\u00e1lat\u00e1nak nagy \u00e9rdemeit. Ez\u00e9rt k\u00fcl\u00f6n gratul\u00e1lunk a d\u00edjazottaknak. K\u00f6sz\u00f6n\u00f6m elk\u00f6telezetts\u00e9geteket, megb\u00edzhat\u00f3s\u00e1gotokat, nemes magatart\u00e1sotokat \u00e9s a j\u00f3 cserk\u00e9szhagyom\u00e1ny terjeszt\u00e9s\u00e9t. Sok szerencs\u00e9t \u00e9s sikert k\u00edv\u00e1nok tov\u00e1bbi oktat\u00f3i munk\u00e1j\u00e1hoz. <\/em><\/p>\n<p><em>A testv\u00e9ri gondolatok napj\u00e1n azt k\u00edv\u00e1nom minden cserk\u00e9sznek, hogy tov\u00e1bbra is tiszta elm\u00e9vel, meleg sz\u00edvvel \u00e9s seg\u00edt\u0151 k\u00e9zzel szolg\u00e1lj\u00e1k haz\u00e1nkat. Csod\u00e1latos \u00fcnnepl\u00e9st \u00e9s sok felejthetetlen \u00e9rzelmet k\u00edv\u00e1nok.<\/em><\/p>\n<p><em>\u00dcdv\u00f6zlettel \u00e9s legjobb k\u00edv\u00e1ns\u00e1gaival.<\/em><\/p>\n<p><em>\u00a0<\/em><\/p>\n<p><em>\u00a0<\/em><\/p>\n<p><em>\u00a0<\/em><em>\u00a0\u00a0\u00a0\u00a0\u00a0\u00a0\u00a0\u00a0\u00a0\u00a0\u00a0\u00a0\u00a0\u00a0\u00a0\u00a0\u00a0\u00a0\u00a0\u00a0\u00a0\u00a0\u00a0\u00a0\u00a0\u00a0\u00a0\u00a0\u00a0\u00a0\u00a0\u00a0\u00a0\u00a0\u00a0\u00a0\u00a0\u00a0\u00a0\u00a0\u00a0\u00a0\u00a0\u00a0\u00a0\u00a0\u00a0\u00a0\u00a0\u00a0\u00a0\u00a0\u00a0\u00a0\u00a0\u00a0\u00a0\u00a0\u00a0\u00a0\u00a0\u00a0\u00a0\u00a0\u00a0\u00a0\u00a0\u00a0\u00a0\u00a0\u00a0\u00a0\u00a0\u00a0\u00a0\u00a0\u00a0\u00a0\u00a0\u00a0\u00a0\u00a0\u00a0\u00a0\u00a0\u00a0\u00a0\u00a0\u00a0\u00a0\u00a0\u00a0\u00a0 Marek Kuchci\u0144ski \u00a0\u00a0<\/em><\/p>\n<p>&nbsp;<\/p>\n<p><a href=\"https:\/\/marekkuchcinski.pl\/wp-content\/uploads\/2019\/02\/Obraz411.jpg\"><img fetchpriority=\"high\" decoding=\"async\" class=\"alignnone size-full wp-image-13256\" src=\"https:\/\/marekkuchcinski.pl\/wp-content\/uploads\/2019\/02\/Obraz411.jpg\" alt=\"Obraz411\" width=\"2844\" height=\"1775\" srcset=\"https:\/\/marekkuchcinski.pl\/wp-content\/uploads\/2019\/02\/Obraz411.jpg 2048w, https:\/\/marekkuchcinski.pl\/wp-content\/uploads\/2019\/02\/Obraz411-300x187.jpg 300w, https:\/\/marekkuchcinski.pl\/wp-content\/uploads\/2019\/02\/Obraz411-768x479.jpg 768w, https:\/\/marekkuchcinski.pl\/wp-content\/uploads\/2019\/02\/Obraz411-1024x639.jpg 1024w\" sizes=\"(max-width: 2844px) 100vw, 2844px\" \/><\/a><\/p>\n<p><em>1999: cserk\u00e9szek \u00e9s Marek Kuchci\u0144ski, K\u00e1rp\u00e1talja korm\u00e1nyz\u00f3helyettese (balr\u00f3l a hatodik).<\/em><\/p>","protected":false},"excerpt":{"rendered":"<p>22 lutego skauci na ca\u0142ym \u015bwiecie obchodz\u0105 swoje \u015bwi\u0119to. Dzie\u0144 My\u015bli Braterskiej utworzono na pami\u0105tk\u0119 rocznicy urodzin za\u0142o\u017cycieli skautingu &#8211; Roberta Baden-Powella, Naczelnego Skauta \u015awiata i jego \u017cony Olave Baden-Powell Naczelnej Skautki \u015awiata. Swoje uznanie dla Zwi\u0105zku Harcerstwa Polskiego wyrazi\u0142 marsza\u0142ek Sejmu Marek Kuchci\u0144ski. W li\u015bcie skierowanym do w\u0142adz organizacji napisa\u0142: Ten wyj\u0105tkowy czas sk\u0142ania [&hellip;]<\/p>\n","protected":false},"author":6,"featured_media":13256,"comment_status":"open","ping_status":"open","sticky":false,"template":"","format":"standard","meta":{"ngg_post_thumbnail":0,"footnotes":""},"categories":[77,3],"tags":[],"class_list":["post-13255","post","type-post","status-publish","format-standard","has-post-thumbnail","hentry","category-wazne-daty","category-wydarzenia"],"_links":{"self":[{"href":"https:\/\/marekkuchcinski.pl\/hu\/wp-json\/wp\/v2\/posts\/13255","targetHints":{"allow":["GET"]}}],"collection":[{"href":"https:\/\/marekkuchcinski.pl\/hu\/wp-json\/wp\/v2\/posts"}],"about":[{"href":"https:\/\/marekkuchcinski.pl\/hu\/wp-json\/wp\/v2\/types\/post"}],"author":[{"embeddable":true,"href":"https:\/\/marekkuchcinski.pl\/hu\/wp-json\/wp\/v2\/users\/6"}],"replies":[{"embeddable":true,"href":"https:\/\/marekkuchcinski.pl\/hu\/wp-json\/wp\/v2\/comments?post=13255"}],"version-history":[{"count":1,"href":"https:\/\/marekkuchcinski.pl\/hu\/wp-json\/wp\/v2\/posts\/13255\/revisions"}],"predecessor-version":[{"id":13257,"href":"https:\/\/marekkuchcinski.pl\/hu\/wp-json\/wp\/v2\/posts\/13255\/revisions\/13257"}],"wp:featuredmedia":[{"embeddable":true,"href":"https:\/\/marekkuchcinski.pl\/hu\/wp-json\/wp\/v2\/media\/13256"}],"wp:attachment":[{"href":"https:\/\/marekkuchcinski.pl\/hu\/wp-json\/wp\/v2\/media?parent=13255"}],"wp:term":[{"taxonomy":"category","embeddable":true,"href":"https:\/\/marekkuchcinski.pl\/hu\/wp-json\/wp\/v2\/categories?post=13255"},{"taxonomy":"post_tag","embeddable":true,"href":"https:\/\/marekkuchcinski.pl\/hu\/wp-json\/wp\/v2\/tags?post=13255"}],"curies":[{"name":"wp","href":"https:\/\/api.w.org\/{rel}","templated":true}]}}