{"id":13249,"date":"2019-02-21T15:45:46","date_gmt":"2019-02-21T14:45:46","guid":{"rendered":"https:\/\/marekkuchcinski.pl\/?p=13249"},"modified":"2019-02-22T23:20:08","modified_gmt":"2019-02-22T22:20:08","slug":"marszalek-sejmu-glebokim-smutkiem-przyjalem-wiadomosc-ze-odszedl-nas-ks-pralat-stanislaw-krzywinski-wybitny-niezlomny-kaplan-zasluzony-dla-ojczyzny","status":"publish","type":"post","link":"https:\/\/marekkuchcinski.pl\/hu\/wydarzenia\/marszalek-sejmu-glebokim-smutkiem-przyjalem-wiadomosc-ze-odszedl-nas-ks-pralat-stanislaw-krzywinski-wybitny-niezlomny-kaplan-zasluzony-dla-ojczyzny\/","title":{"rendered":"A Szejm eln\u00f6ke: M\u00e9ly szomor\u00fas\u00e1ggal \u00e9rtes\u00fcltem a h\u00edrr\u0151l, hogy Stanislaw Krzywinski tiszteletes \u00far, egy kiv\u00e1l\u00f3 \u00e9s \u00e1llhatatos, a haz\u00e1\u00e9rt \u00e9rdemes pap elt\u00e1vozott k\u00f6z\u00fcl\u00fcnk."},"content":{"rendered":"<div align=\"center\">M\u00e9lyen elszomorodtam, amikor megtudtam, hogy elhagyott minket.<br \/>\n<b>prel\u00e1tus\u00a0<\/b><br \/>\n<b>Stanis\u0142aw Krzywi\u0144ski<\/b><br \/>\negy kiv\u00e1l\u00f3 \u00e9s \u00e1llhatatos pap, aki \u00e9rdemeket szerzett haz\u00e1j\u00e1nak.<br \/>\nA przemy\u015bli egyh\u00e1zmegye papjainak pet\u00edci\u00f3j\u00e1nak kezdem\u00e9nyez\u0151je, hogy hagyj\u00e1k el a<br \/>\naz 1976-os sztr\u00e1jkok r\u00e9sztvev\u0151inek elnyom\u00e1sa.<br \/>\nA Szolidarit\u00e1s nagy bar\u00e1tja,<\/div>\n<div align=\"center\">a f\u00f6ldalatti szerkezeteket t\u00e1mogatta.<br \/>\nAz 1980-as \u00e9vekben a kijel\u00f6lt<br \/>\nTokarczuk Ign\u00e1c p\u00fcsp\u00f6k<br \/>\naz ellenz\u00e9kkel val\u00f3 kapcsolattart\u00e1s\u00e9rt,<br \/>\na biztons\u00e1gi appar\u00e1tus dolgozott rajta.<br \/>\nA k\u00f6vetkez\u0151kh\u00f6z val\u00f3 kiemelked\u0151 hozz\u00e1j\u00e1rul\u00e1s\u00e9rt<br \/>\ndemokratikus v\u00e1ltoz\u00e1sok Lengyelorsz\u00e1gban<br \/>\na Lengyel K\u00f6zt\u00e1rsas\u00e1g n\u00e9hai eln\u00f6ke, Lech Kaczy\u0144ski kit\u00fcntet\u00e9se.<br \/>\nA Polonia Restituta-rend csillaggal ell\u00e1tott parancsnoki keresztje<br \/>\nAdj neki \u00f6r\u00f6k nyugalmat, Uram...<br \/>\nMarek Kuchci\u0144ski<br \/>\na szejm marsallja<\/div>\n<div align=\"center\"><\/div>\n<div align=\"center\"><\/div>\n<div style=\"text-align: left;\" align=\"center\"><a href=\"http:\/\/www.encysol.pl\/wiki\/Stanis%C5%82aw_Krzywi%C5%84ski\">Stanis\u0142aw Krzywi\u0144ski tiszteletesr\u0151l<\/a><\/div>\n<div style=\"text-align: left;\" align=\"center\"><\/div>\n<div style=\"text-align: left;\" align=\"center\">A prel\u00e1tus temet\u00e9si szertart\u00e1s\u00e1ra febru\u00e1r 22-\u00e9n ker\u00fclt sor Przemy\u015blben.<\/div>\n<div style=\"text-align: left;\" align=\"center\"><\/div>\n<div style=\"text-align: left;\" align=\"center\"><a href=\"https:\/\/marekkuchcinski.pl\/wp-content\/uploads\/2019\/02\/p7.jpg\"><img fetchpriority=\"high\" decoding=\"async\" class=\"alignnone size-full wp-image-13274\" src=\"https:\/\/marekkuchcinski.pl\/wp-content\/uploads\/2019\/02\/p7.jpg\" alt=\"p7\" width=\"4608\" height=\"3072\" srcset=\"https:\/\/marekkuchcinski.pl\/wp-content\/uploads\/2019\/02\/p7.jpg 2048w, https:\/\/marekkuchcinski.pl\/wp-content\/uploads\/2019\/02\/p7-300x200.jpg 300w, https:\/\/marekkuchcinski.pl\/wp-content\/uploads\/2019\/02\/p7-768x512.jpg 768w, https:\/\/marekkuchcinski.pl\/wp-content\/uploads\/2019\/02\/p7-1024x683.jpg 1024w\" sizes=\"(max-width: 4608px) 100vw, 4608px\" \/><\/a> <a href=\"https:\/\/marekkuchcinski.pl\/wp-content\/uploads\/2019\/02\/p6.jpg\"><img decoding=\"async\" class=\"alignnone size-full wp-image-13275\" src=\"https:\/\/marekkuchcinski.pl\/wp-content\/uploads\/2019\/02\/p6.jpg\" alt=\"p6\" width=\"4608\" height=\"3072\" srcset=\"https:\/\/marekkuchcinski.pl\/wp-content\/uploads\/2019\/02\/p6.jpg 2048w, https:\/\/marekkuchcinski.pl\/wp-content\/uploads\/2019\/02\/p6-300x200.jpg 300w, https:\/\/marekkuchcinski.pl\/wp-content\/uploads\/2019\/02\/p6-768x512.jpg 768w, https:\/\/marekkuchcinski.pl\/wp-content\/uploads\/2019\/02\/p6-1024x683.jpg 1024w\" sizes=\"(max-width: 4608px) 100vw, 4608px\" \/><\/a> <a href=\"https:\/\/marekkuchcinski.pl\/wp-content\/uploads\/2019\/02\/p4.jpg\"><img decoding=\"async\" class=\"alignnone size-full wp-image-13276\" src=\"https:\/\/marekkuchcinski.pl\/wp-content\/uploads\/2019\/02\/p4.jpg\" alt=\"p4\" width=\"4608\" height=\"3072\" srcset=\"https:\/\/marekkuchcinski.pl\/wp-content\/uploads\/2019\/02\/p4.jpg 2048w, https:\/\/marekkuchcinski.pl\/wp-content\/uploads\/2019\/02\/p4-300x200.jpg 300w, https:\/\/marekkuchcinski.pl\/wp-content\/uploads\/2019\/02\/p4-768x512.jpg 768w, https:\/\/marekkuchcinski.pl\/wp-content\/uploads\/2019\/02\/p4-1024x683.jpg 1024w\" sizes=\"(max-width: 4608px) 100vw, 4608px\" \/><\/a> <a href=\"https:\/\/marekkuchcinski.pl\/wp-content\/uploads\/2019\/02\/p3.jpg\"><img loading=\"lazy\" decoding=\"async\" class=\"alignnone size-full wp-image-13277\" src=\"https:\/\/marekkuchcinski.pl\/wp-content\/uploads\/2019\/02\/p3.jpg\" alt=\"p3\" width=\"4608\" height=\"3072\" srcset=\"https:\/\/marekkuchcinski.pl\/wp-content\/uploads\/2019\/02\/p3.jpg 2048w, https:\/\/marekkuchcinski.pl\/wp-content\/uploads\/2019\/02\/p3-300x200.jpg 300w, https:\/\/marekkuchcinski.pl\/wp-content\/uploads\/2019\/02\/p3-768x512.jpg 768w, https:\/\/marekkuchcinski.pl\/wp-content\/uploads\/2019\/02\/p3-1024x683.jpg 1024w\" sizes=\"(max-width: 4608px) 100vw, 4608px\" \/><\/a> <a href=\"https:\/\/marekkuchcinski.pl\/wp-content\/uploads\/2019\/02\/p2.jpg\"><img loading=\"lazy\" decoding=\"async\" class=\"alignnone size-full wp-image-13278\" src=\"https:\/\/marekkuchcinski.pl\/wp-content\/uploads\/2019\/02\/p2.jpg\" alt=\"p2\" width=\"4608\" height=\"3072\" srcset=\"https:\/\/marekkuchcinski.pl\/wp-content\/uploads\/2019\/02\/p2.jpg 2048w, https:\/\/marekkuchcinski.pl\/wp-content\/uploads\/2019\/02\/p2-300x200.jpg 300w, https:\/\/marekkuchcinski.pl\/wp-content\/uploads\/2019\/02\/p2-768x512.jpg 768w, https:\/\/marekkuchcinski.pl\/wp-content\/uploads\/2019\/02\/p2-1024x683.jpg 1024w\" sizes=\"(max-width: 4608px) 100vw, 4608px\" \/><\/a> <a href=\"https:\/\/marekkuchcinski.pl\/wp-content\/uploads\/2019\/02\/p1.jpg\"><img loading=\"lazy\" decoding=\"async\" class=\"alignnone size-full wp-image-13279\" src=\"https:\/\/marekkuchcinski.pl\/wp-content\/uploads\/2019\/02\/p1.jpg\" alt=\"p1\" width=\"4608\" height=\"3072\" srcset=\"https:\/\/marekkuchcinski.pl\/wp-content\/uploads\/2019\/02\/p1.jpg 2048w, https:\/\/marekkuchcinski.pl\/wp-content\/uploads\/2019\/02\/p1-300x200.jpg 300w, https:\/\/marekkuchcinski.pl\/wp-content\/uploads\/2019\/02\/p1-768x512.jpg 768w, https:\/\/marekkuchcinski.pl\/wp-content\/uploads\/2019\/02\/p1-1024x683.jpg 1024w\" sizes=\"(max-width: 4608px) 100vw, 4608px\" \/><\/a><\/div>","protected":false},"excerpt":{"rendered":"<p>Z g\u0142\u0119bokim smutkiem przyj\u0105\u0142em wiadomo\u015b\u0107, \u017ce odszed\u0142 od nas ks. pra\u0142at\u00a0 Stanis\u0142aw Krzywi\u0144ski wybitny i niez\u0142omny kap\u0142an, zas\u0142u\u017cony dla Ojczyzny. Inicjator petycji ksi\u0119\u017cy diecezji przemyskiej o zaniechanie represji wobec uczestnik\u00f3w strajk\u00f3w z 1976 r. Wielki przyjaciel Solidarno\u015bci, wspiera\u0142 jej podziemne struktury. W latach osiemdziesi\u0105tych wyznaczony przez bpa Ignacego Tokarczuka do kontakt\u00f3w z opozycj\u0105, rozpracowywany przez [&hellip;]<\/p>\n","protected":false},"author":6,"featured_media":13252,"comment_status":"open","ping_status":"open","sticky":false,"template":"","format":"standard","meta":{"ngg_post_thumbnail":0,"footnotes":""},"categories":[49,3],"tags":[],"class_list":["post-13249","post","type-post","status-publish","format-standard","has-post-thumbnail","hentry","category-podkarpacie","category-wydarzenia"],"_links":{"self":[{"href":"https:\/\/marekkuchcinski.pl\/hu\/wp-json\/wp\/v2\/posts\/13249","targetHints":{"allow":["GET"]}}],"collection":[{"href":"https:\/\/marekkuchcinski.pl\/hu\/wp-json\/wp\/v2\/posts"}],"about":[{"href":"https:\/\/marekkuchcinski.pl\/hu\/wp-json\/wp\/v2\/types\/post"}],"author":[{"embeddable":true,"href":"https:\/\/marekkuchcinski.pl\/hu\/wp-json\/wp\/v2\/users\/6"}],"replies":[{"embeddable":true,"href":"https:\/\/marekkuchcinski.pl\/hu\/wp-json\/wp\/v2\/comments?post=13249"}],"version-history":[{"count":4,"href":"https:\/\/marekkuchcinski.pl\/hu\/wp-json\/wp\/v2\/posts\/13249\/revisions"}],"predecessor-version":[{"id":13273,"href":"https:\/\/marekkuchcinski.pl\/hu\/wp-json\/wp\/v2\/posts\/13249\/revisions\/13273"}],"wp:featuredmedia":[{"embeddable":true,"href":"https:\/\/marekkuchcinski.pl\/hu\/wp-json\/wp\/v2\/media\/13252"}],"wp:attachment":[{"href":"https:\/\/marekkuchcinski.pl\/hu\/wp-json\/wp\/v2\/media?parent=13249"}],"wp:term":[{"taxonomy":"category","embeddable":true,"href":"https:\/\/marekkuchcinski.pl\/hu\/wp-json\/wp\/v2\/categories?post=13249"},{"taxonomy":"post_tag","embeddable":true,"href":"https:\/\/marekkuchcinski.pl\/hu\/wp-json\/wp\/v2\/tags?post=13249"}],"curies":[{"name":"wp","href":"https:\/\/api.w.org\/{rel}","templated":true}]}}