{"id":13172,"date":"2019-02-19T23:38:56","date_gmt":"2019-02-19T22:38:56","guid":{"rendered":"https:\/\/marekkuchcinski.pl\/?p=13172"},"modified":"2019-02-20T00:41:10","modified_gmt":"2019-02-19T23:41:10","slug":"marek-kuchcinski-poslow-laczylo-przekonanie-ze-rzeczpospolita-wartoscia-najwyzsza-przekonanie-ze-warunkiem-istnienia-demokratycznego-panstwa-wolnosc-a-gwarantem-sejm","status":"publish","type":"post","link":"https:\/\/marekkuchcinski.pl\/hu\/wydarzenia\/marek-kuchcinski-poslow-laczylo-przekonanie-ze-rzeczpospolita-wartoscia-najwyzsza-przekonanie-ze-warunkiem-istnienia-demokratycznego-panstwa-wolnosc-a-gwarantem-sejm\/","title":{"rendered":"Marek Kuchci\u0144ski: A parlamenti k\u00e9pvisel\u0151ket egyes\u00edtette az a meggy\u0151z\u0151d\u00e9s, hogy a Lengyel K\u00f6zt\u00e1rsas\u00e1g a legmagasabb \u00e9rt\u00e9k. Az a meggy\u0151z\u0151d\u00e9s, hogy a szabads\u00e1g a demokratikus \u00e1llam l\u00e9tez\u00e9s\u00e9nek felt\u00e9tele. \u00c9s a garanciav\u00e1llal\u00f3 - a Szejm"},"content":{"rendered":"<p><strong>Sz\u00e1z \u00e9vvel ezel\u0151tt J\u00f3zef Pi\u0142sudski marsall a t\u00f6rv\u00e9nyhoz\u00f3 szejm el\u0151tt tartott nyit\u00f3besz\u00e9d\u00e9ben azt mondta: \"Ma van a nemzet nagy \u00fcnnepe, az \u00f6r\u00f6m \u00fcnnepe\". Marek Kuchci\u0144ski, a szejm eln\u00f6ke ma a lengyel parlamentarizmus \u00fajj\u00e1sz\u00fclet\u00e9s\u00e9t \u00fcnnepl\u0151 \u00fcnneps\u00e9gen id\u00e9zte fel ezeket a szavakat. Pi\u0142sudski szavai voltak az els\u0151\u00a0<\/strong><strong>a lengyel parlamentben 1831 szeptembere \u00f3ta<\/strong>,<strong> amikor a Lengyel Kir\u00e1lys\u00e1g Szejmje befejezte a t\u00f6rt\u00e9nelm\u00e9t.<\/strong><\/p>\n<p>Marek Kuchci\u0144ski azt mondta, hogy f\u00fcggetlens\u00e9g\u00fcnk megteremt\u0151i azzal a k\u00e9rd\u00e9ssel szembes\u00fcltek, hogy milyen legyen Lengyelorsz\u00e1g, \u00e9s a t\u00f6rv\u00e9nyhoz\u00f3 szejmnek kellett volna erre a k\u00e9rd\u00e9sre v\u00e1laszt adnia.<\/p>\n<p>- A t\u00f6rv\u00e9nyhoz\u00f3 szejm k\u00fcl\u00f6nb\u00f6z\u0151 n\u00e9zetekkel \u00e9s politikai tapasztalattal rendelkez\u0151 tagokb\u00f3l \u00e1llt. Azonban egyes\u00edtette \u0151ket az a meggy\u0151z\u0151d\u00e9s, hogy a Lengyel K\u00f6zt\u00e1rsas\u00e1g a legf\u0151bb \u00e9rt\u00e9k. Az a meggy\u0151z\u0151d\u00e9s, hogy a szabads\u00e1g a demokratikus \u00e1llam l\u00e9t\u00e9nek el\u0151felt\u00e9tele.  \u00c9s annak garanci\u00e1ja - a szejm - mondta a szejm eln\u00f6ke, aki szerint a t\u00f6rv\u00e9nyhoz\u00f3 szejm leny\u0171g\u00f6z\u0151 eredm\u00e9nyei: 571 t\u00f6rv\u00e9nyek, lehet\u0151v\u00e9 tette az orsz\u00e1g k\u00f6zigazgat\u00e1si egys\u00e9ges\u00edt\u00e9s\u00e9t, a gazdas\u00e1gi \u00fajj\u00e1\u00e9p\u00edt\u00e9st \u00e9s a t\u00e1rsadalmi \u00e9let fejl\u0151d\u00e9s\u00e9t.<\/p>\n<p>Az elfogadott jogszab\u00e1lyokat rendk\u00edv\u00fcl modern szoci\u00e1lis megold\u00e1sok jellemezt\u00e9k.  A t\u00f6rv\u00e9nyhoz\u00f3 szejm legnagyobb eredm\u00e9nye az 1921. m\u00e1rcius 17-i alkotm\u00e1ny elfogad\u00e1sa volt - az els\u0151 modern alkotm\u00e1ny, amely bevezette a demokr\u00e1ci\u00e1t \u00e9s a t\u00e1rsadalmi igazs\u00e1goss\u00e1got, valamint a szuver\u00e9nt, azaz a nemzetet k\u00e9pvisel\u0151 k\u00e9tkamar\u00e1s parlamentet.<\/p>\n<p>Az Alkotm\u00e1nyoz\u00f3 Gy\u0171l\u00e9s els\u0151 \u00fcl\u00e9s\u00e9re 1919. febru\u00e1r 10-\u00e9n ker\u00fclt sor a vars\u00f3i Wiejska utc\u00e1ban, az egykori Alexandria-M\u00e1ria N\u0151i Nevel\u0151int\u00e9zet \u00e9p\u00fclet\u00e9ben. Az \u00fcl\u00e9st J\u00f3zef Pi\u0142sudski ideiglenes \u00e1llamf\u0151 besz\u00e9de nyitotta meg. A t\u00f6rv\u00e9nyhoz\u00f3 szejm eln\u00f6ki feladatait Wojciech Tr\u0105mpczy\u0144ski l\u00e1tta el. 1921. m\u00e1rcius 17-\u00e9n A H\u00e1z elfogadta a Lengyel K\u00f6zt\u00e1rsas\u00e1g Alkotm\u00e1ny\u00e1t, az \u00fagynevezett m\u00e1rciusi alkotm\u00e1nyt. A Szejm tagjai 1922. november 27-\u00e9n \u00fcltek \u00f6ssze utols\u00f3 \u00fcl\u00e9s\u00fckre.<\/p>\n<p><em>fot\u00f3 mo<\/em><\/p>\n<p><a href=\"https:\/\/marekkuchcinski.pl\/wp-content\/uploads\/2019\/02\/IMG_6156-1.jpg\"><img fetchpriority=\"high\" decoding=\"async\" class=\"alignnone size-full wp-image-13202\" src=\"https:\/\/marekkuchcinski.pl\/wp-content\/uploads\/2019\/02\/IMG_6156-1.jpg\" alt=\"IMG_6156\" width=\"5470\" height=\"3431\" srcset=\"https:\/\/marekkuchcinski.pl\/wp-content\/uploads\/2019\/02\/IMG_6156-1.jpg 2048w, https:\/\/marekkuchcinski.pl\/wp-content\/uploads\/2019\/02\/IMG_6156-1-300x188.jpg 300w, https:\/\/marekkuchcinski.pl\/wp-content\/uploads\/2019\/02\/IMG_6156-1-768x482.jpg 768w, https:\/\/marekkuchcinski.pl\/wp-content\/uploads\/2019\/02\/IMG_6156-1-1024x642.jpg 1024w\" sizes=\"(max-width: 5470px) 100vw, 5470px\" \/><\/a><a href=\"https:\/\/marekkuchcinski.pl\/wp-content\/uploads\/2019\/02\/IMG_5865-1.jpg\"><img decoding=\"async\" class=\"alignnone size-full wp-image-13192\" src=\"https:\/\/marekkuchcinski.pl\/wp-content\/uploads\/2019\/02\/IMG_5865-1.jpg\" alt=\"IMG_5865\" width=\"3471\" height=\"2236\" srcset=\"https:\/\/marekkuchcinski.pl\/wp-content\/uploads\/2019\/02\/IMG_5865-1.jpg 2048w, https:\/\/marekkuchcinski.pl\/wp-content\/uploads\/2019\/02\/IMG_5865-1-300x193.jpg 300w, https:\/\/marekkuchcinski.pl\/wp-content\/uploads\/2019\/02\/IMG_5865-1-768x495.jpg 768w, https:\/\/marekkuchcinski.pl\/wp-content\/uploads\/2019\/02\/IMG_5865-1-1024x660.jpg 1024w\" sizes=\"(max-width: 3471px) 100vw, 3471px\" \/><\/a><a href=\"https:\/\/marekkuchcinski.pl\/wp-content\/uploads\/2019\/02\/IMG_6065.jpg\"><img decoding=\"async\" class=\"alignnone size-full wp-image-13195\" src=\"https:\/\/marekkuchcinski.pl\/wp-content\/uploads\/2019\/02\/IMG_6065.jpg\" alt=\"IMG_6065\" width=\"6040\" height=\"3960\" srcset=\"https:\/\/marekkuchcinski.pl\/wp-content\/uploads\/2019\/02\/IMG_6065.jpg 2048w, https:\/\/marekkuchcinski.pl\/wp-content\/uploads\/2019\/02\/IMG_6065-300x197.jpg 300w, https:\/\/marekkuchcinski.pl\/wp-content\/uploads\/2019\/02\/IMG_6065-768x504.jpg 768w, https:\/\/marekkuchcinski.pl\/wp-content\/uploads\/2019\/02\/IMG_6065-1024x671.jpg 1024w\" sizes=\"(max-width: 6040px) 100vw, 6040px\" \/><\/a><a href=\"https:\/\/marekkuchcinski.pl\/wp-content\/uploads\/2019\/02\/IMG_5814.jpg\"><img loading=\"lazy\" decoding=\"async\" class=\"alignnone size-full wp-image-13185\" src=\"https:\/\/marekkuchcinski.pl\/wp-content\/uploads\/2019\/02\/IMG_5814.jpg\" alt=\"IMG_5814\" width=\"6240\" height=\"4160\" srcset=\"https:\/\/marekkuchcinski.pl\/wp-content\/uploads\/2019\/02\/IMG_5814.jpg 2048w, https:\/\/marekkuchcinski.pl\/wp-content\/uploads\/2019\/02\/IMG_5814-300x200.jpg 300w, https:\/\/marekkuchcinski.pl\/wp-content\/uploads\/2019\/02\/IMG_5814-768x512.jpg 768w, https:\/\/marekkuchcinski.pl\/wp-content\/uploads\/2019\/02\/IMG_5814-1024x683.jpg 1024w\" sizes=\"(max-width: 6240px) 100vw, 6240px\" \/><\/a><a href=\"https:\/\/marekkuchcinski.pl\/wp-content\/uploads\/2019\/02\/IMG_5857-6.jpg\"><img loading=\"lazy\" decoding=\"async\" class=\"alignnone size-full wp-image-13198\" src=\"https:\/\/marekkuchcinski.pl\/wp-content\/uploads\/2019\/02\/IMG_5857-6.jpg\" alt=\"IMG_5857 6\" width=\"1900\" height=\"1218\" srcset=\"https:\/\/marekkuchcinski.pl\/wp-content\/uploads\/2019\/02\/IMG_5857-6.jpg 1900w, https:\/\/marekkuchcinski.pl\/wp-content\/uploads\/2019\/02\/IMG_5857-6-300x192.jpg 300w, https:\/\/marekkuchcinski.pl\/wp-content\/uploads\/2019\/02\/IMG_5857-6-768x492.jpg 768w, https:\/\/marekkuchcinski.pl\/wp-content\/uploads\/2019\/02\/IMG_5857-6-1024x656.jpg 1024w\" sizes=\"(max-width: 1900px) 100vw, 1900px\" \/><\/a><\/p>\n<p>&nbsp;<\/p>","protected":false},"excerpt":{"rendered":"<p>Sto lat temu,\u00a0w wyst\u0105pieniu otwieraj\u0105cym Sejm Ustawodawczy, marsza\u0142ek J\u00f3zef Pi\u0142sudski powiedzia\u0142:\u00a0\u201eDzisiaj mamy wielkie \u015bwi\u0119to narodu, \u015bwi\u0119to rado\u015bci\u201d. S\u0142owa te przypomnia\u0142 dzi\u015b marsza\u0142ek Sejmu Marek Kuchci\u0144ski podczas uroczysto\u015bci zwi\u0105zanych z odrodzeniem polskiego parlamentaryzmu. S\u0142owa Pi\u0142sudskiego by\u0142y pierwszymi\u00a0wypowiedzianymi w polskim parlamencie od wrze\u015bnia 1831 roku, kiedy zako\u0144czy\u0142 swoje dzieje Sejm Kr\u00f3lestwa Polskiego. Marek Kuchci\u0144ski m\u00f3wi\u0142, \u017ce tw\u00f3rcy [&hellip;]<\/p>\n","protected":false},"author":6,"featured_media":13198,"comment_status":"open","ping_status":"open","sticky":false,"template":"","format":"standard","meta":{"ngg_post_thumbnail":0,"footnotes":""},"categories":[77,81,3],"tags":[],"class_list":["post-13172","post","type-post","status-publish","format-standard","has-post-thumbnail","hentry","category-wazne-daty","category-wiesci-z-sejmu","category-wydarzenia"],"_links":{"self":[{"href":"https:\/\/marekkuchcinski.pl\/hu\/wp-json\/wp\/v2\/posts\/13172","targetHints":{"allow":["GET"]}}],"collection":[{"href":"https:\/\/marekkuchcinski.pl\/hu\/wp-json\/wp\/v2\/posts"}],"about":[{"href":"https:\/\/marekkuchcinski.pl\/hu\/wp-json\/wp\/v2\/types\/post"}],"author":[{"embeddable":true,"href":"https:\/\/marekkuchcinski.pl\/hu\/wp-json\/wp\/v2\/users\/6"}],"replies":[{"embeddable":true,"href":"https:\/\/marekkuchcinski.pl\/hu\/wp-json\/wp\/v2\/comments?post=13172"}],"version-history":[{"count":16,"href":"https:\/\/marekkuchcinski.pl\/hu\/wp-json\/wp\/v2\/posts\/13172\/revisions"}],"predecessor-version":[{"id":13204,"href":"https:\/\/marekkuchcinski.pl\/hu\/wp-json\/wp\/v2\/posts\/13172\/revisions\/13204"}],"wp:featuredmedia":[{"embeddable":true,"href":"https:\/\/marekkuchcinski.pl\/hu\/wp-json\/wp\/v2\/media\/13198"}],"wp:attachment":[{"href":"https:\/\/marekkuchcinski.pl\/hu\/wp-json\/wp\/v2\/media?parent=13172"}],"wp:term":[{"taxonomy":"category","embeddable":true,"href":"https:\/\/marekkuchcinski.pl\/hu\/wp-json\/wp\/v2\/categories?post=13172"},{"taxonomy":"post_tag","embeddable":true,"href":"https:\/\/marekkuchcinski.pl\/hu\/wp-json\/wp\/v2\/tags?post=13172"}],"curies":[{"name":"wp","href":"https:\/\/api.w.org\/{rel}","templated":true}]}}