{"id":13145,"date":"2019-02-17T01:01:05","date_gmt":"2019-02-17T00:01:05","guid":{"rendered":"https:\/\/marekkuchcinski.pl\/?p=13145"},"modified":"2019-04-19T14:06:15","modified_gmt":"2019-04-19T12:06:15","slug":"trzech-latach-rzadow-wynik-pis-wyzszy-niz-wyborach-sejmu-2015-r","status":"publish","type":"post","link":"https:\/\/marekkuchcinski.pl\/hu\/wydarzenia\/trzech-latach-rzadow-wynik-pis-wyzszy-niz-wyborach-sejmu-2015-r\/","title":{"rendered":"H\u00e1rom \u00e9v korm\u00e1nyz\u00e1s ut\u00e1n a PiS eredm\u00e9nye magasabb, mint a 2015-\u00f6s szejmv\u00e1laszt\u00e1son."},"content":{"rendered":"<p>A CBOS \u00e9s a Kantar febru\u00e1rban v\u00e9gzett felm\u00e9r\u00e9se azt mutatja, hogy h\u00e1rom \u00e9v korm\u00e1nyz\u00e1s ut\u00e1n a Jog \u00e9s Igazs\u00e1goss\u00e1g eredm\u00e9nye magasabb, mint a 2015-\u00f6s v\u00e1laszt\u00e1sokon. Ezzel a PiS-nek t\u00f6bbs\u00e9ge lenne a Szejmben.<\/p>\n<p>A korm\u00e1nyt \u00e9s a korm\u00e1nyp\u00e1rtot \u00e9r\u0151 m\u00e9diat\u00e1mad\u00e1sok a v\u00e1laszt\u00f3k sz\u00e1m\u00e1ra megb\u00edzhatatlannak bizonyulnak, \u00e9s a szociol\u00f3gusok \u00e9s pszichol\u00f3gusok \u00e1ltal j\u00f3l ismert bumer\u00e1nghat\u00e1st okoznak - a negat\u00edv kamp\u00e1nyt alkalmaz\u00f3 p\u00e1rt hiteless\u00e9g\u00e9nek cs\u00f6kken\u00e9s\u00e9t.<\/p>\n<p>A Kantar Public szerint a megk\u00e9rdezettek 40,7%-a szavazna a PiS-re, m\u00edg a CBOS szerint 46,8%.<\/p>\n<p>PO 24 \u00e9s 18 sz\u00e1zal\u00e9k.<\/p>\n<p>Tavasz 13, 3 \u00e9s 11.9<\/p>\n<p>Kukiz'15 6,6 \u00e9s 6,3 sz\u00e1zal\u00e9k.<\/p>\n<p>SLD 5.9 \u00e9s 2.6<\/p>\n<p>PSL 4.8 \u00e9s 5.6<\/p>\n<p>.N 2,3 \u00e9s 2,2<\/p>\n<p><a href=\"https:\/\/marekkuchcinski.pl\/wp-content\/uploads\/2019\/02\/image.png\"><img fetchpriority=\"high\" decoding=\"async\" class=\"alignnone size-full wp-image-13148\" src=\"https:\/\/marekkuchcinski.pl\/wp-content\/uploads\/2019\/02\/image.png\" alt=\"image\" width=\"605\" height=\"134\" srcset=\"https:\/\/marekkuchcinski.pl\/wp-content\/uploads\/2019\/02\/image.png 605w, https:\/\/marekkuchcinski.pl\/wp-content\/uploads\/2019\/02\/image-300x66.png 300w\" sizes=\"(max-width: 605px) 100vw, 605px\" \/><\/a><\/p>\n\n\n<figure class=\"wp-block-image\"><img decoding=\"async\" width=\"891\" height=\"512\" src=\"https:\/\/marekkuchcinski.pl\/wp-content\/uploads\/2019\/04\/1-2.jpg\" alt=\"\" class=\"wp-image-14977\" srcset=\"https:\/\/marekkuchcinski.pl\/wp-content\/uploads\/2019\/04\/1-2.jpg 891w, https:\/\/marekkuchcinski.pl\/wp-content\/uploads\/2019\/04\/1-2-300x172.jpg 300w, https:\/\/marekkuchcinski.pl\/wp-content\/uploads\/2019\/04\/1-2-768x441.jpg 768w\" sizes=\"(max-width: 891px) 100vw, 891px\" \/><\/figure>","protected":false},"excerpt":{"rendered":"<p>Z przeprowadzonych w lutym br. bada\u0144&nbsp;CBOS i Kantar wynika, \u017ce po trzech latach rz\u0105d\u00f3w wynik Prawa i Sprawiedliwo\u015bci jest wy\u017cszy ni\u017c w wyborach z 2015 r.&nbsp;To&nbsp;da\u0142oby PiS wi\u0119kszo\u015b\u0107 w Sejmie. Ataki medialne na rz\u0105d i parti\u0119 rz\u0105dz\u0105c\u0105 okazuj\u0105 si\u0119 niewiarygodne dla wyborc\u00f3w i wywo\u0142uj\u0105 dobrze znany socjologom i psychologom&nbsp; efekt bumerangowy &#8211; spadek wiarygodno\u015bci strony [&hellip;]<\/p>\n","protected":false},"author":6,"featured_media":13146,"comment_status":"open","ping_status":"open","sticky":false,"template":"","format":"standard","meta":{"ngg_post_thumbnail":0,"footnotes":""},"categories":[82,81,3],"tags":[],"class_list":["post-13145","post","type-post","status-publish","format-standard","has-post-thumbnail","hentry","category-prawo-i-sprawiedliwosc","category-wiesci-z-sejmu","category-wydarzenia"],"_links":{"self":[{"href":"https:\/\/marekkuchcinski.pl\/hu\/wp-json\/wp\/v2\/posts\/13145","targetHints":{"allow":["GET"]}}],"collection":[{"href":"https:\/\/marekkuchcinski.pl\/hu\/wp-json\/wp\/v2\/posts"}],"about":[{"href":"https:\/\/marekkuchcinski.pl\/hu\/wp-json\/wp\/v2\/types\/post"}],"author":[{"embeddable":true,"href":"https:\/\/marekkuchcinski.pl\/hu\/wp-json\/wp\/v2\/users\/6"}],"replies":[{"embeddable":true,"href":"https:\/\/marekkuchcinski.pl\/hu\/wp-json\/wp\/v2\/comments?post=13145"}],"version-history":[{"count":6,"href":"https:\/\/marekkuchcinski.pl\/hu\/wp-json\/wp\/v2\/posts\/13145\/revisions"}],"predecessor-version":[{"id":14978,"href":"https:\/\/marekkuchcinski.pl\/hu\/wp-json\/wp\/v2\/posts\/13145\/revisions\/14978"}],"wp:featuredmedia":[{"embeddable":true,"href":"https:\/\/marekkuchcinski.pl\/hu\/wp-json\/wp\/v2\/media\/13146"}],"wp:attachment":[{"href":"https:\/\/marekkuchcinski.pl\/hu\/wp-json\/wp\/v2\/media?parent=13145"}],"wp:term":[{"taxonomy":"category","embeddable":true,"href":"https:\/\/marekkuchcinski.pl\/hu\/wp-json\/wp\/v2\/categories?post=13145"},{"taxonomy":"post_tag","embeddable":true,"href":"https:\/\/marekkuchcinski.pl\/hu\/wp-json\/wp\/v2\/tags?post=13145"}],"curies":[{"name":"wp","href":"https:\/\/api.w.org\/{rel}","templated":true}]}}