{"id":13123,"date":"2019-02-16T23:22:46","date_gmt":"2019-02-16T22:22:46","guid":{"rendered":"https:\/\/marekkuchcinski.pl\/?p=13123"},"modified":"2019-02-16T23:32:27","modified_gmt":"2019-02-16T22:32:27","slug":"ostatnia-droga-sp-premiera-jana-olszewskiego","status":"publish","type":"post","link":"https:\/\/marekkuchcinski.pl\/hu\/wydarzenia\/ostatnia-droga-sp-premiera-jana-olszewskiego\/","title":{"rendered":"Jan Olszewski n\u00e9hai minisztereln\u00f6k utols\u00f3 \u00fatja"},"content":{"rendered":"<p><strong>Jan Olszewski, a sz\u00fcrke ezred katon\u00e1ja, minisztereln\u00f6k, parlamenti k\u00e9pvisel\u0151, \u00fcgyv\u00e9d, v\u00e9d\u0151 a politikai perekben, publicista. Egy nagyszer\u0171 ember.<\/strong><\/p>\n<p>Korm\u00e1ny\u00e1r\u00f3l (1991-1992) \u00edgy nyilatkozott:<br \/>\n<em>\u00dagy v\u00e9lem, hogy ez volt az els\u0151 k\u00eds\u00e9rlet a lengyel t\u00f6rt\u00e9nelem megford\u00edt\u00e1s\u00e1ra, amelyet olyan emberek felt\u00e9telez\u00e9sei hat\u00e1roztak meg, akik az 1980-as \u00e9vekben teljesen tiszt\u00e1ban voltak azzal, hogy a kommunista rendszer nem tarthat\u00f3 fenn abban a form\u00e1ban, amelyben addig l\u00e9tezett...<\/em><br \/>\n<em> A mi r\u00e9sz\u00fcnkr\u0151l ez volt az els\u0151 k\u00eds\u00e9rlet arra, hogy ezt a helyzetet megford\u00edtsuk. K\u00eds\u00e9rlet arra, hogy megakad\u00e1lyozz\u00e1k egy oligarchikus \u00e1llam fel\u00e9p\u00edt\u00e9s\u00e9t a Lengyel N\u00e9pk\u00f6zt\u00e1rsas\u00e1g alapjain. Ez egy k\u00eds\u00e9rlet volt a demokratikus polg\u00e1ri \u00e1llam ki\u00e9p\u00edt\u00e9s\u00e9nek megkezd\u00e9s\u00e9re. V\u00e9lem\u00e9nyem szerint akkoriban a k\u00eds\u00e9rlet m\u00e1r legal\u00e1bb k\u00e9t\u00e9ves k\u00e9s\u00e9sben volt. \u00cdgy minim\u00e1lis es\u00e9lye volt a megval\u00f3sul\u00e1sra. De el kellett k\u00e9sz\u00edteni. A m\u00e1sodik lehet\u0151s\u00e9g csak 15 \u00e9vvel k\u00e9s\u0151bb j\u00f6tt el (a 2005-2007-es Jog \u00e9s Igazs\u00e1goss\u00e1g korm\u00e1nya), a harmadik lehet\u0151s\u00e9g pedig most j\u00f6tt el (a 2015-\u00f6s Jog \u00e9s Igazs\u00e1goss\u00e1g korm\u00e1nya).<\/em><\/p>\n<p>Jan Olszewski szerettei, az eln\u00f6k, a Szejm \u00e9s a szen\u00e1tus eln\u00f6ke, a minisztereln\u00f6k, parlamenti k\u00e9pvisel\u0151k, veter\u00e1nok k\u00eds\u00e9rt\u00e9k utols\u00f3 \u00fatj\u00e1ra...<\/p>\n<p>A vars\u00f3i katonai Powazkiban helyezt\u00e9k \u00f6r\u00f6k nyugalomra.<\/p>\n<p><a href=\"https:\/\/marekkuchcinski.pl\/wp-content\/uploads\/2019\/02\/46377380044_9bed857d27_o.view_.jpg\"><img fetchpriority=\"high\" decoding=\"async\" class=\"alignnone size-full wp-image-13125\" src=\"https:\/\/marekkuchcinski.pl\/wp-content\/uploads\/2019\/02\/46377380044_9bed857d27_o.view_.jpg\" alt=\"46377380044_9bed857d27_o.view\" width=\"800\" height=\"533\" srcset=\"https:\/\/marekkuchcinski.pl\/wp-content\/uploads\/2019\/02\/46377380044_9bed857d27_o.view_.jpg 800w, https:\/\/marekkuchcinski.pl\/wp-content\/uploads\/2019\/02\/46377380044_9bed857d27_o.view_-300x200.jpg 300w, https:\/\/marekkuchcinski.pl\/wp-content\/uploads\/2019\/02\/46377380044_9bed857d27_o.view_-768x512.jpg 768w\" sizes=\"(max-width: 800px) 100vw, 800px\" \/><\/a>KPRM: P\u00e9ntek - Jan Olszewski el\u0151tt tiszteleg Marek Kuchci\u0144ski, a szejm eln\u00f6ke, <em>Fot\u00f3: \u0141ukasz B\u0142asikiewicz<\/em><a href=\"https:\/\/marekkuchcinski.pl\/wp-content\/uploads\/2019\/02\/LB1_8611.view_.jpg\"><img decoding=\"async\" class=\"alignnone size-full wp-image-13124\" src=\"https:\/\/marekkuchcinski.pl\/wp-content\/uploads\/2019\/02\/LB1_8611.view_.jpg\" alt=\"LB1_8611.view\" width=\"800\" height=\"533\" srcset=\"https:\/\/marekkuchcinski.pl\/wp-content\/uploads\/2019\/02\/LB1_8611.view_.jpg 800w, https:\/\/marekkuchcinski.pl\/wp-content\/uploads\/2019\/02\/LB1_8611.view_-300x200.jpg 300w, https:\/\/marekkuchcinski.pl\/wp-content\/uploads\/2019\/02\/LB1_8611.view_-768x512.jpg 768w\" sizes=\"(max-width: 800px) 100vw, 800px\" \/><\/a><a href=\"https:\/\/marekkuchcinski.pl\/wp-content\/uploads\/2019\/02\/LB1_9376.view_.jpg\"><img decoding=\"async\" class=\"alignnone size-full wp-image-13131\" src=\"https:\/\/marekkuchcinski.pl\/wp-content\/uploads\/2019\/02\/LB1_9376.view_.jpg\" alt=\"LB1_9376.view\" width=\"800\" height=\"533\" srcset=\"https:\/\/marekkuchcinski.pl\/wp-content\/uploads\/2019\/02\/LB1_9376.view_.jpg 800w, https:\/\/marekkuchcinski.pl\/wp-content\/uploads\/2019\/02\/LB1_9376.view_-300x200.jpg 300w, https:\/\/marekkuchcinski.pl\/wp-content\/uploads\/2019\/02\/LB1_9376.view_-768x512.jpg 768w\" sizes=\"(max-width: 800px) 100vw, 800px\" \/><\/a> Szombat reggel Jan Olszewski kopors\u00f3j\u00e1t a Keresztel\u0151 Szent J\u00e1nos-bazilik\u00e1ba vitt\u00e9k, ahol gy\u00e1szmis\u00e9t tartottak.<a href=\"https:\/\/marekkuchcinski.pl\/wp-content\/uploads\/2019\/02\/RZ__2195.view_.jpg\"><img loading=\"lazy\" decoding=\"async\" class=\"alignnone size-full wp-image-13126\" src=\"https:\/\/marekkuchcinski.pl\/wp-content\/uploads\/2019\/02\/RZ__2195.view_.jpg\" alt=\"RZ__2195.view\" width=\"800\" height=\"533\" srcset=\"https:\/\/marekkuchcinski.pl\/wp-content\/uploads\/2019\/02\/RZ__2195.view_.jpg 800w, https:\/\/marekkuchcinski.pl\/wp-content\/uploads\/2019\/02\/RZ__2195.view_-300x200.jpg 300w, https:\/\/marekkuchcinski.pl\/wp-content\/uploads\/2019\/02\/RZ__2195.view_-768x512.jpg 768w\" sizes=\"(max-width: 800px) 100vw, 800px\" \/><\/a>A vars\u00f3i felkel\u00e9s eml\u00e9km\u0171v\u00e9n\u00e9l Olszewski minisztereln\u00f6k\u00f6t a Honi Hadsereg katon\u00e1i, vars\u00f3i felkel\u0151k \u00e9s antikommunista ellenz\u00e9ki aktivist\u00e1k b\u00facs\u00faztatt\u00e1k.<a href=\"https:\/\/marekkuchcinski.pl\/wp-content\/uploads\/2019\/02\/RZ__1998.view_.jpg\"><img loading=\"lazy\" decoding=\"async\" class=\"alignnone size-full wp-image-13128\" src=\"https:\/\/marekkuchcinski.pl\/wp-content\/uploads\/2019\/02\/RZ__1998.view_.jpg\" alt=\"RZ__1998.view\" width=\"800\" height=\"533\" srcset=\"https:\/\/marekkuchcinski.pl\/wp-content\/uploads\/2019\/02\/RZ__1998.view_.jpg 800w, https:\/\/marekkuchcinski.pl\/wp-content\/uploads\/2019\/02\/RZ__1998.view_-300x200.jpg 300w, https:\/\/marekkuchcinski.pl\/wp-content\/uploads\/2019\/02\/RZ__1998.view_-768x512.jpg 768w\" sizes=\"(max-width: 800px) 100vw, 800px\" \/><\/a><em>Fot\u00f3: Rafa\u0142 Zambrzycki\/ Sejm<\/em><\/p>\n<p><em>K\u00eds\u00e9rlet a polg\u00e1ri \u00e1llam fel\u00e9p\u00edt\u00e9s\u00e9re - Piotr Woyciechowski interj\u00faja Jan Olszewskivel<\/em><\/p>","protected":false},"excerpt":{"rendered":"<p>Jan Olszewski, \u017co\u0142nierz Szarych Szereg\u00f3w,\u00a0premier, pose\u0142, adwokat, obro\u0144ca w procesach politycznych, publicysta. Wielki cz\u0142owiek. O swoim rz\u0105dzie (1991\u20131992) m\u00f3wi\u0142: Uwa\u017cam, \u017ce by\u0142a to pierwsza pr\u00f3ba odwr\u00f3cenia biegu historii Polski, kt\u00f3ry zosta\u0142 zdeterminowany za\u0142o\u017ceniami ludzi maj\u0105cych w latach 80. ubieg\u0142ego wieku pe\u0142n\u0105 \u015bwiadomo\u015b\u0107, \u017ce ustroju komunistycznego nie da si\u0119 utrzyma\u0107 w takiej formie, w jakiej dotychczas [&hellip;]<\/p>\n","protected":false},"author":6,"featured_media":13125,"comment_status":"open","ping_status":"open","sticky":false,"template":"","format":"standard","meta":{"ngg_post_thumbnail":0,"footnotes":""},"categories":[3],"tags":[],"class_list":["post-13123","post","type-post","status-publish","format-standard","has-post-thumbnail","hentry","category-wydarzenia"],"_links":{"self":[{"href":"https:\/\/marekkuchcinski.pl\/hu\/wp-json\/wp\/v2\/posts\/13123","targetHints":{"allow":["GET"]}}],"collection":[{"href":"https:\/\/marekkuchcinski.pl\/hu\/wp-json\/wp\/v2\/posts"}],"about":[{"href":"https:\/\/marekkuchcinski.pl\/hu\/wp-json\/wp\/v2\/types\/post"}],"author":[{"embeddable":true,"href":"https:\/\/marekkuchcinski.pl\/hu\/wp-json\/wp\/v2\/users\/6"}],"replies":[{"embeddable":true,"href":"https:\/\/marekkuchcinski.pl\/hu\/wp-json\/wp\/v2\/comments?post=13123"}],"version-history":[{"count":12,"href":"https:\/\/marekkuchcinski.pl\/hu\/wp-json\/wp\/v2\/posts\/13123\/revisions"}],"predecessor-version":[{"id":13144,"href":"https:\/\/marekkuchcinski.pl\/hu\/wp-json\/wp\/v2\/posts\/13123\/revisions\/13144"}],"wp:featuredmedia":[{"embeddable":true,"href":"https:\/\/marekkuchcinski.pl\/hu\/wp-json\/wp\/v2\/media\/13125"}],"wp:attachment":[{"href":"https:\/\/marekkuchcinski.pl\/hu\/wp-json\/wp\/v2\/media?parent=13123"}],"wp:term":[{"taxonomy":"category","embeddable":true,"href":"https:\/\/marekkuchcinski.pl\/hu\/wp-json\/wp\/v2\/categories?post=13123"},{"taxonomy":"post_tag","embeddable":true,"href":"https:\/\/marekkuchcinski.pl\/hu\/wp-json\/wp\/v2\/tags?post=13123"}],"curies":[{"name":"wp","href":"https:\/\/api.w.org\/{rel}","templated":true}]}}