{"id":13117,"date":"2019-02-17T23:06:03","date_gmt":"2019-02-17T22:06:03","guid":{"rendered":"https:\/\/marekkuchcinski.pl\/?p=13117"},"modified":"2019-02-17T23:06:58","modified_gmt":"2019-02-17T22:06:58","slug":"porozumienia-rzeszowsko-ustrzyckie","status":"publish","type":"post","link":"https:\/\/marekkuchcinski.pl\/hu\/wydarzenia\/porozumienia-rzeszowsko-ustrzyckie\/","title":{"rendered":"A Rzesz\u00f3wi \u00e9s az Augusticei Meg\u00e1llapod\u00e1s 38. \u00e9vfordul\u00f3ja"},"content":{"rendered":"<p><strong>A Szejm eln\u00f6ke, Marek Kuchci\u0144ski tiszteletbeli v\u00e9dn\u00f6ks\u00e9ge alatt \u00fcnneps\u00e9geket tartottak a Rzesz\u00f3w-Oustrzyce-i meg\u00e1llapod\u00e1sok 38. \u00e9vfordul\u00f3ja alkalm\u00e1b\u00f3l.\u00a0<\/strong><\/p>\n<p>Az 1981. febru\u00e1r 18-19-\u00e9n \u00e9s 20-\u00e1n \u00e9jszaka al\u00e1\u00edrt meg\u00e1llapod\u00e1sok v\u00e9get vetettek a m\u00e1sf\u00e9l h\u00f3napig tart\u00f3 mez\u0151gazdas\u00e1gi sztr\u00e1jknak Rzesz\u00f3wban \u00e9s Ustrzyki Dolne-ban. \u0150k voltak az els\u0151k, akik figyelembe vett\u00e9k a vid\u00e9ki lakoss\u00e1g ig\u00e9nyeit, \u00e9s ilyen m\u00e9rt\u00e9kben felh\u00edvt\u00e1k a figyelmet probl\u00e9m\u00e1ikra. A sztr\u00e1jkok eredm\u00e9nyek\u00e9nt a gazd\u00e1k garanci\u00e1kat kaptak a paraszti tulajdon s\u00e9rthetetlens\u00e9g\u00e9re, az \u00f6r\u00f6kl\u00e9si jogokkal egy\u00fctt, az egy\u00e9ni gazd\u00e1k egyenl\u0151 jogait az \u00e1llami \u00e9s sz\u00f6vetkezeti mez\u0151gazdas\u00e1ggal, valamint a mez\u0151gazdas\u00e1gi f\u00f6ldek kereskedelm\u00e9re vonatkoz\u00f3 korl\u00e1toz\u00e1sok elt\u00f6rl\u00e9s\u00e9t.<\/p>\n<p>Marek Kuchci\u0144ski a rzesz\u00f3wi \u00fcnneps\u00e9g \u00e9s konferencia r\u00e9sztvev\u0151inek \u00edrt level\u00e9ben azt \u00edrta, hogy a szabads\u00e1g nagyszer\u0171 j\u00f3sz\u00e1g, amelyet minden erej\u00e9vel \u00e1polni \u00e9s \u0151rizni kell. A szabads\u00e1g fel\u00e9 vezet\u0151 hossz\u00fa menetel\u00e9s mag\u00e1ban foglalja az 1981\/1982-es mez\u0151gazdas\u00e1gi sztr\u00e1jkokat Ustrzyki Dolne-ban \u00e9s Rzesz\u00f3wban, amikor a gazd\u00e1k b\u00e1tran k\u00f6vetelt\u00e9k a f\u00f6ld tulajdonjog\u00e1t, valamint a sz\u00f3l\u00e1s- \u00e9s lelkiismereti szabads\u00e1g tiszteletben tart\u00e1s\u00e1t. Nagy sikereket \u00e9rtek el, \u00e9s a Rzesz\u00f3w-Ustrzyki meg\u00e1llapod\u00e1sok az \u0151 elsz\u00e1nts\u00e1guk eredm\u00e9nye. - Ez a nagy gy\u0151zelem fel\u00e9bresztette benn\u00fcnk - a k\u00e1rp\u00e1taljai emberekben - a m\u00e9lt\u00f3s\u00e1g \u00e9rz\u00e9s\u00e9t, valamint a saj\u00e1t k\u00e9pess\u00e9geinkbe \u00e9s er\u0151nkbe vetett hitet. Ez a hit lehet\u0151v\u00e9 tette sz\u00e1munkra, hogy a kommunista rendszer elleni harcunkat a hadi\u00e1llapot neh\u00e9z h\u00f3napjaiban \u00e9s az azt k\u00f6vet\u0151 \u00e9vekben is folytassuk\" - hangs\u00falyozta a szejm eln\u00f6ke.<\/p>\n<p><em>Fot\u00f3: IPN Rzesz\u00f3w<\/em><\/p>","protected":false},"excerpt":{"rendered":"<p>Pod honorowym patronatem marsza\u0142ka Sejmu Marka Kuchci\u0144skiego odby\u0142y si\u0119 uroczysto\u015bci zwi\u0105zane z 38. rocznic\u0105 porozumie\u0144 rzeszowsko-ustrzyckich.\u00a0 Podpisane w nocy z 18 na 19 i 20 lutego 1981 roku porozumienia ko\u0144czy\u0142y trwaj\u0105ce ponad p\u00f3\u0142tora miesi\u0105ca strajki rolnicze w Rzeszowie i Ustrzykach Dolnych. By\u0142y pierwszymi, w kt\u00f3rych uwzgl\u0119dniono postulaty mieszka\u0144c\u00f3w wsi i kt\u00f3re w takiej skali zwr\u00f3ci\u0142y [&hellip;]<\/p>\n","protected":false},"author":6,"featured_media":13155,"comment_status":"open","ping_status":"open","sticky":false,"template":"","format":"standard","meta":{"ngg_post_thumbnail":0,"footnotes":""},"categories":[49,77,3],"tags":[],"class_list":["post-13117","post","type-post","status-publish","format-standard","has-post-thumbnail","hentry","category-podkarpacie","category-wazne-daty","category-wydarzenia"],"_links":{"self":[{"href":"https:\/\/marekkuchcinski.pl\/hu\/wp-json\/wp\/v2\/posts\/13117","targetHints":{"allow":["GET"]}}],"collection":[{"href":"https:\/\/marekkuchcinski.pl\/hu\/wp-json\/wp\/v2\/posts"}],"about":[{"href":"https:\/\/marekkuchcinski.pl\/hu\/wp-json\/wp\/v2\/types\/post"}],"author":[{"embeddable":true,"href":"https:\/\/marekkuchcinski.pl\/hu\/wp-json\/wp\/v2\/users\/6"}],"replies":[{"embeddable":true,"href":"https:\/\/marekkuchcinski.pl\/hu\/wp-json\/wp\/v2\/comments?post=13117"}],"version-history":[{"count":5,"href":"https:\/\/marekkuchcinski.pl\/hu\/wp-json\/wp\/v2\/posts\/13117\/revisions"}],"predecessor-version":[{"id":13157,"href":"https:\/\/marekkuchcinski.pl\/hu\/wp-json\/wp\/v2\/posts\/13117\/revisions\/13157"}],"wp:featuredmedia":[{"embeddable":true,"href":"https:\/\/marekkuchcinski.pl\/hu\/wp-json\/wp\/v2\/media\/13155"}],"wp:attachment":[{"href":"https:\/\/marekkuchcinski.pl\/hu\/wp-json\/wp\/v2\/media?parent=13117"}],"wp:term":[{"taxonomy":"category","embeddable":true,"href":"https:\/\/marekkuchcinski.pl\/hu\/wp-json\/wp\/v2\/categories?post=13117"},{"taxonomy":"post_tag","embeddable":true,"href":"https:\/\/marekkuchcinski.pl\/hu\/wp-json\/wp\/v2\/tags?post=13117"}],"curies":[{"name":"wp","href":"https:\/\/api.w.org\/{rel}","templated":true}]}}