{"id":13083,"date":"2019-02-13T10:03:11","date_gmt":"2019-02-13T09:03:11","guid":{"rendered":"https:\/\/marekkuchcinski.pl\/?p=13083"},"modified":"2019-02-13T20:15:10","modified_gmt":"2019-02-13T19:15:10","slug":"sila-polski-wspolpraca-panstwami-regionu","status":"publish","type":"post","link":"https:\/\/marekkuchcinski.pl\/hu\/wydarzenia\/sila-polski-wspolpraca-panstwami-regionu\/","title":{"rendered":"Lengyelorsz\u00e1g er\u0151ss\u00e9ge a r\u00e9gi\u00f3 orsz\u00e1gaival val\u00f3 egy\u00fcttm\u0171k\u00f6d\u00e9sben rejlik"},"content":{"rendered":"<p><strong>M\u00e1r \u00e9vek \u00f3ta munkahelyeket teremt\u00fcnk, megteremtj\u00fck a beruh\u00e1z\u00e1sok alapj\u00e1t \u00e9s fejlesztj\u00fck a lengyel gazdas\u00e1got a k\u00f6z\u00e9p- \u00e9s kelet-eur\u00f3pai orsz\u00e1gokkal folytatott \u00fcgyes p\u00e1rbesz\u00e9d r\u00e9v\u00e9n. A p\u00e1rbesz\u00e9d egyik ilyen helysz\u00edne a \"K\u00e1rp\u00e1tok Eur\u00f3p\u00e1ja\" nemzetk\u00f6zi konferencia, amelyet febru\u00e1r 16-17-\u00e9n tartanak a Przemy\u015bl melletti Krasiczynban Marek Kuchci\u0144ski szejmeln\u00f6k kezdem\u00e9nyez\u00e9s\u00e9re.<\/strong><\/p>\n<p>Ez lesz a 22. alkalommal megrendez\u00e9sre ker\u00fcl\u0151 esem\u00e9ny, amelynek c\u00e9lja az eur\u00f3pai r\u00e9gi\u00f3 orsz\u00e1gai k\u00f6z\u00f6tti egy\u00fcttm\u0171k\u00f6d\u00e9s \u00e9s partners\u00e9gi kapcsolatok er\u0151s\u00edt\u00e9se. A \"K\u00e1rp\u00e1tok Eur\u00f3p\u00e1ja\" gondolata 2007-re ny\u00falik vissza. Ekkor ker\u00fclt sor a K\u00e1rp\u00e1t-medencei orsz\u00e1gok parlamenti k\u00e9pvisel\u0151inek els\u0151 tal\u00e1lkoz\u00f3j\u00e1ra, amelyet Marek Kuchci\u0144ski, a Parlament K\u00f6rnyezetv\u00e9delmi, Term\u00e9szeti Er\u0151forr\u00e1sok \u00e9s Erd\u00e9szeti Bizotts\u00e1g\u00e1nak akkori eln\u00f6ke kezdem\u00e9nyezett. Ez a projekt fokozatosan fontos f\u00f3rumm\u00e1 fejl\u0151d\u00f6tt, ahol ny\u00edltan megvitatj\u00e1k a gazdas\u00e1gi \u00e9rdekeket, a tranzit\u00fatvonalakat, a t\u00e1rsadalmi ig\u00e9nyeket, a k\u00f6rnyezeti koh\u00e9zi\u00f3t, a biztons\u00e1gi k\u00e9rd\u00e9seket \u00e9s az egy\u00fcttm\u0171k\u00f6d\u00e9si k\u00e9pess\u00e9get. Ma ez egy nagyon komoly v\u00e1llalkoz\u00e1s, amely befoly\u00e1solja a r\u00e9gi\u00f3 stabilit\u00e1s\u00e1t \u00e9s gazdas\u00e1gi jelent\u0151s\u00e9g\u00e9t.<\/p>\n<p>J\u00f3 p\u00e9lda erre a visegr\u00e1di csoport, amely fontos helyet foglal el a \"K\u00e1rp\u00e1ti Eur\u00f3pa\" tal\u00e1lkoz\u00f3in. A 2015 ut\u00e1n a V4-orsz\u00e1gokban bevezetett csal\u00e1dt\u00e1mogat\u00e1si modell egyre er\u0151sebb alternat\u00edv\u00e1v\u00e1 v\u00e1lik sz\u00e1mos m\u00e1s eur\u00f3pai orsz\u00e1g migr\u00e1ci\u00f3p\u00e1rti politik\u00e1j\u00e1val szemben, amelyek \u00fagy d\u00f6nt\u00f6ttek, hogy saj\u00e1t t\u00e1rsadalmuk el\u00f6reged\u00e9s\u00e9nek jelens\u00e9ge ellen m\u00e1s m\u00f3don k\u00fczdenek: azzal, hogy sz\u00e9les k\u00f6rben nyitnak a nem eur\u00f3paiak Eur\u00f3p\u00e1ba t\u00f6rt\u00e9n\u0151 kiv\u00e1ndorl\u00e1sa el\u0151tt. A V4-ek jelent\u0151s\u00e9ge Eur\u00f3pa gazdas\u00e1gi t\u00e9rk\u00e9p\u00e9n egyre n\u0151. A m\u00falt h\u00e9ten Angela Merkel n\u00e9met kancell\u00e1r a visegr\u00e1di orsz\u00e1gok - Csehorsz\u00e1g, Lengyelorsz\u00e1g, Szlov\u00e1kia \u00e9s Magyarorsz\u00e1g - minisztereln\u00f6keivel tal\u00e1lkozott. Csak 2017-ben a lengyel, cseh, szlov\u00e1k \u00e9s magyar gazdas\u00e1gok N\u00e9metorsz\u00e1gba ir\u00e1nyul\u00f3 exportja \u00f6sszesen 138 milli\u00e1rd eur\u00f3t tett ki, ami a k\u00fclf\u00f6ld\u00f6n \u00e9rt\u00e9kes\u00edtett \u00e1ruk \u00e9s szolg\u00e1ltat\u00e1sok mintegy 25-30%-je. A V4-csoport a n\u00e9met export legfontosabb c\u00edmzettje is. 139,4 milli\u00e1rd eur\u00f3 2017-ben nagyobb \u00f6sszeg, mint az USA (111,5 milli\u00e1rd eur\u00f3), Franciaorsz\u00e1g (105,2 milli\u00e1rd eur\u00f3) vagy K\u00edna (86,2 milli\u00e1rd eur\u00f3). A k\u00f6z\u00f6s t\u00e1rgyal\u00e1si poz\u00edci\u00f3k t\u00f6bb lehet\u0151s\u00e9get biztos\u00edtanak az egyes orsz\u00e1gok sz\u00e1m\u00e1ra, \u00e9s t\u00f6bbek k\u00f6z\u00f6tt ezek azok az el\u0151ny\u00f6k, amelyekr\u0151l Lengyelorsz\u00e1g, Csehorsz\u00e1g, Szlov\u00e1kia \u00e9s Magyarorsz\u00e1g politikai \u00e9s \u00fczleti k\u00e9pvisel\u0151i t\u00e1rgyalhatnak.<\/p>\n<p>A V4-ek \u00e9s a r\u00e9gi\u00f3 m\u00e1s orsz\u00e1gaiban rejl\u0151 lehet\u0151s\u00e9gek kihaszn\u00e1l\u00e1sa a Lengyelorsz\u00e1g \u00e1ltal kezdem\u00e9nyezett K\u00e1rp\u00e1t-medencei strat\u00e9gia k\u00f6z\u00e9ppontj\u00e1ban \u00e1ll. A dokumentum, amelyet Lengyelorsz\u00e1g, Ukrajna, Magyarorsz\u00e1g \u00e9s Szlov\u00e1kia k\u00e9pvisel\u0151i \u00edrtak al\u00e1 a XXVIII. gazdas\u00e1gi f\u00f3rumon Krynic\u00e1ban, a j\u00f6v\u0151ben szorosabb egy\u00fcttm\u0171k\u00f6d\u00e9st tesz lehet\u0151v\u00e9 a r\u00e9gi\u00f3 orsz\u00e1gai k\u00f6z\u00f6tt. V\u00e9gs\u0151 soron az EU makroregion\u00e1lis strat\u00e9gi\u00e1j\u00e1v\u00e1 kell v\u00e1lnia, \u00e9s meg kell k\u00f6nny\u00edtenie a jelent\u0151s uni\u00f3s k\u00f6lts\u00e9gvet\u00e9si forr\u00e1sokhoz val\u00f3 hozz\u00e1f\u00e9r\u00e9st, lend\u00fcletet kell adnia a beruh\u00e1z\u00e1sok ter\u00e9n folytatott egy\u00fcttm\u0171k\u00f6d\u00e9snek, \u00e9s c\u00e9lzott megold\u00e1sokat kell l\u00e9trehoznia a r\u00e9gi\u00f3 sz\u00e1m\u00e1ra. \u00c9rdemes megeml\u00edteni, hogy a lengyel kezdem\u00e9nyez\u00e9s az \u00f6t\u00f6dik uni\u00f3s makroregion\u00e1lis strat\u00e9gi\u00e1v\u00e1 \u00e9s a m\u00e1sodik hegyvid\u00e9ki strat\u00e9gi\u00e1v\u00e1 v\u00e1lhat (az alpesi strat\u00e9gia ut\u00e1n). Lengyelorsz\u00e1gban a K\u00e1rp\u00e1tok-strat\u00e9gia Podkarpacie, Ma\u0142opolskie \u00e9s \u015al\u0105skie tartom\u00e1nyokra terjedne ki.<\/p>\n<p>Annak \u00e9rdek\u00e9ben, hogy a \"K\u00e1rp\u00e1ti Eur\u00f3pa\" hat\u00e9kony kezdem\u00e9nyez\u00e9ss\u00e9 v\u00e1ljon, Lengyelorsz\u00e1g nem feledkezik meg k\u00f6zeli szomsz\u00e9dair\u00f3l sem. Ez\u00e9rt a parlamentek, a korm\u00e1ny \u00e9s a helyi k\u00f6zigazgat\u00e1s k\u00e9pvisel\u0151i, tud\u00f3sok, szak\u00e9rt\u0151k \u00e9s elemz\u0151k Rom\u00e1ni\u00e1b\u00f3l \u00e9s Ukrajn\u00e1b\u00f3l \u00e9rkeznek Krasiczynba. E partnerek fontoss\u00e1g\u00e1t j\u00f3l szeml\u00e9lteti a Lengyelorsz\u00e1g-Belorusz-Ukrajna hat\u00e1ron \u00e1tny\u00fal\u00f3 egy\u00fcttm\u0171k\u00f6d\u00e9si program. Az imm\u00e1r 15 \u00e9ves m\u0171k\u00f6d\u00e9s\u00e9nek kezdete \u00f3ta k\u00f6zel 400 projektet t\u00e1mogatott, \u00e9s az \u00f6sszeg kb. 400 milli\u00f3 EUR. Jelenleg ez a program az Eur\u00f3pai Uni\u00f3 sz\u00e1razf\u00f6ldi hat\u00e1rain a legnagyobb k\u00f6lts\u00e9gvet\u00e9s\u0171, hat\u00e1rokon \u00e1tny\u00fal\u00f3 uni\u00f3s program. A h\u00e1rom orsz\u00e1g egy\u00fcttesen t\u00f6bb mint 21 milli\u00f3 ember \u00e1ltal lakott ter\u00fcletet foglal mag\u00e1ban, amely majdnem akkora, mint Lengyelorsz\u00e1g.<\/p>\n<p>A beruh\u00e1z\u00e1sok, a gazdas\u00e1gi fejl\u0151d\u00e9s, a kultur\u00e1lis csere, a turizmus nem lenne lehets\u00e9ges hat\u00e9kony k\u00f6zleked\u00e9s n\u00e9lk\u00fcl. A \"K\u00e1rp\u00e1tok Eur\u00f3p\u00e1ja\" rendezv\u00e9nyen az \u00e9rdekelt orsz\u00e1gok szak\u00e9rt\u0151i megvitathatj\u00e1k a K\u00f6z\u00e9p-Eur\u00f3pa sz\u00e1m\u00e1ra kulcsfontoss\u00e1g\u00fa Via Carpatia projekt fejleszt\u00e9s\u00e9t. A k\u00f6zleked\u00e9si \u00fatvonal t\u00f6bb mint 7700 km hossz\u00fa (!!!), \u00e9s t\u00f6bb mint 110 milli\u00f3 ember \u00e1ltal lakott r\u00e9gi\u00f3kon halad kereszt\u00fcl. A Via Carpatia lengyel ter\u00fcleten 633 km hossz\u00fa.<\/p>\n<p>Ez a projekt az\u00e9rt is fontos, mert megv\u00e1ltoztatja a k\u00f6z\u00fati infrastrukt\u00far\u00e1ba t\u00f6rt\u00e9n\u0151 beruh\u00e1z\u00e1sok szok\u00e1sos mint\u00e1it. K\u00f6z\u00e9p- \u00e9s Kelet-Eur\u00f3p\u00e1t \u00f6ssze kellett volna kapcsolni a Nyugattal. Ez\u00e9rt az Eur\u00f3pa \u00e9szaki \u00e9s d\u00e9li r\u00e9sz\u00e9t \u00f6sszek\u00f6t\u0151, a mi szempontunkb\u00f3l fontos \u00fatvonalakat n\u00e9mileg elhanyagolt\u00e1k. Ez \u00fajabb lehet\u0151s\u00e9get nyit meg a t\u00e9rs\u00e9g\u00fcnkb\u0151l, k\u00f6zt\u00fck Lengyelorsz\u00e1gb\u00f3l \u00e9rkez\u0151 v\u00e1llalkoz\u00f3k sz\u00e1m\u00e1ra. A balti-adriai folyos\u00f3, amely Gda\u0144skot, Gdyni\u00e1t, Szczecint \u00e9s \u015awinouj\u015bcie-t \u00e9szakon Kopra, Trieszt, Velence \u00e9s Ravenna kik\u00f6t\u0151ivel k\u00f6ti majd \u00f6ssze, szint\u00e9n ebbe a filoz\u00f3fi\u00e1ba illeszkedik. \u00c9s nagysebess\u00e9g\u0171 vas\u00fat Vars\u00f3 \u00e9s Budapest k\u00f6z\u00f6tt.<\/p>\n<p>A \"K\u00e1rp\u00e1ti Eur\u00f3pa\" sor\u00e1n lehet\u0151s\u00e9g ny\u00edlik a r\u00e9gi\u00f3 egy\u00e9b k\u00f6zleked\u00e9si sikereinek bemutat\u00e1s\u00e1ra is. A Kijev-Lviv-Przemy\u015bl \u00f6sszek\u00f6ttet\u00e9s, amelyet az elm\u00falt \u00e9vekben nyitottak meg, \u00e9vente k\u00f6zel 700 000 utast sz\u00e1ll\u00edt. Jelenleg folyik a Rail Baltica kezdem\u00e9nyez\u00e9s munk\u00e1latai, amely \u00f6sszek\u00f6ti majd Tallinnt, Rig\u00e1t, Vilniust \u00e9s Vars\u00f3t. Lengyelorsz\u00e1g a Cseh K\u00f6zt\u00e1rsas\u00e1ggal, Szlov\u00e1ki\u00e1val \u00e9s Magyarorsz\u00e1ggal val\u00f3 vas\u00fati \u00f6sszek\u00f6ttet\u00e9s jav\u00edt\u00e1s\u00e1t c\u00e9lz\u00f3 projekten is dolgozik. A Visegr\u00e1di Csoport szorosabb egy\u00fcttm\u0171k\u00f6d\u00e9se fel\u00e9 tett \u00fajabb l\u00e9p\u00e9s lehet a nagysebess\u00e9g\u0171 vas\u00fati rendszer ki\u00e9p\u00edt\u00e9s\u00e9nek projektje.<\/p>\n<p>A K\u00e1rp\u00e1tok, mint minden hegys\u00e9g, arra k\u00e9nyszer\u00edt, hogy a megszokott horizonton t\u00falra tekints\u00fcnk. A \"K\u00e1rp\u00e1ti Eur\u00f3pa\" olyan kezdem\u00e9nyez\u00e9s, amelynek c\u00e9lja, hogy val\u00f3di seg\u00edts\u00e9get ny\u00fajtson Lengyelorsz\u00e1g fejl\u0151d\u00e9s\u00e9hez, \u00e9s a nemzetk\u00f6zi f\u00f3rumon folytatott p\u00e1rbesz\u00e9d \u00e9s a k\u00f6z\u00f6s d\u00f6nt\u00e9sek val\u00f3di el\u0151ny\u00f6ket jelentenek a r\u00e9gi\u00f3 lakosainak, a gazdas\u00e1g \u00e9s a turizmus fejl\u0151d\u00e9s\u00e9nek. A nemzetek k\u00f6z\u00f6tti tart\u00f3s meg\u00e9rt\u00e9s azonban lehetetlen a k\u00f6z\u00f6s t\u00f6rt\u00e9nelem \u00e9s kult\u00fara fontoss\u00e1g\u00e1nak tudatos\u00edt\u00e1sa n\u00e9lk\u00fcl. Ez\u00e9rt j\u00e1tszanak olyan fontos szerepet a \"A szabads\u00e1g k\u00f6z\u00f6s h\u0151sei\" \u00e9s a \"B\u00f6lcsek \u00fatj\u00e1n - K\u00f6z\u00e9p-Eur\u00f3pa j\u00f6v\u0151je\" c\u00edm\u0171 panelek. Amint l\u00e1thatj\u00e1k, Eur\u00f3pa egyes\u00fclhet a K\u00e1rp\u00e1tok k\u00f6r\u00fcl, \u00e9s ebb\u0151l t\u00f6bb szinten is profit\u00e1lhat. Ez\u00e9rt olyan fontosak azok a tal\u00e1lkoz\u00f3k, amelyeken Lengyelorsz\u00e1g fontos szerepet j\u00e1tszik az \u00f6tletek \u00e9s a k\u00e9zzelfoghat\u00f3 projektek megszil\u00e1rd\u00edt\u00e1s\u00e1ban.<\/p>\n<p>Szeretettel megh\u00edvjuk \u00d6nt a r\u00e9szv\u00e9telre!<\/p>\n<p><em>Sz\u00f6veg Marta Olejnik<\/em><\/p>\n<p><a href=\"https:\/\/marekkuchcinski.pl\/wp-content\/uploads\/2019\/02\/EK-do-tekstu-M-2019.jpg\"><img fetchpriority=\"high\" decoding=\"async\" class=\"alignnone size-full wp-image-13084\" src=\"https:\/\/marekkuchcinski.pl\/wp-content\/uploads\/2019\/02\/EK-do-tekstu-M-2019.jpg\" alt=\"EK do tekstu M 2019\" width=\"4056\" height=\"2604\" srcset=\"https:\/\/marekkuchcinski.pl\/wp-content\/uploads\/2019\/02\/EK-do-tekstu-M-2019.jpg 2048w, https:\/\/marekkuchcinski.pl\/wp-content\/uploads\/2019\/02\/EK-do-tekstu-M-2019-300x193.jpg 300w, https:\/\/marekkuchcinski.pl\/wp-content\/uploads\/2019\/02\/EK-do-tekstu-M-2019-768x493.jpg 768w, https:\/\/marekkuchcinski.pl\/wp-content\/uploads\/2019\/02\/EK-do-tekstu-M-2019-1024x657.jpg 1024w\" sizes=\"(max-width: 4056px) 100vw, 4056px\" \/><\/a><em>K\u00e1rp\u00e1ti Eur\u00f3pa, Krynica, fot\u00f3. mo<\/em><\/p>\n<p>&nbsp;<\/p>\n<p style=\"text-align: center;\"><strong>A \"K\u00e1rp\u00e1ti Eur\u00f3pa\" konferencia programtervezete<\/strong><\/p>\n<p style=\"text-align: center;\"><strong>Krasiczyn kast\u00e9ly 2019. febru\u00e1r 16-17.<\/strong><\/p>\n<p style=\"text-align: center;\"><strong>FEBRU\u00c1R 16. (SZOMBAT)<\/strong><\/p>\n<p style=\"text-align: center;\"><strong>16:00 - 17:15 I. panel \"Egy\u00fctt a szabads\u00e1g h\u0151sei\"<\/strong><\/p>\n<p style=\"text-align: center;\">Moder\u00e1tor: Maciej Szymanowski, a Wac\u0142aw Felczak Lengyel-Magyar Egy\u00fcttm\u0171k\u00f6d\u00e9si Int\u00e9zet igazgat\u00f3ja.<\/p>\n<p style=\"text-align: center;\"><strong>R\u00e9sztvev\u0151k:<\/strong><\/p>\n<p style=\"text-align: center;\">Lucjan Fac \u00far, hadt\u00f6rt\u00e9n\u00e9sz<\/p>\n<p style=\"text-align: center;\">Pavol Ma\u010dala \u00far, Szem\u00e9lyis\u00e9gtudom\u00e1nyi Tudom\u00e1nyos Egyes\u00fclet Szlov\u00e1ki\u00e1b\u00f3l<\/p>\n<p style=\"text-align: center;\">L\u00e1szl\u00f3 E. Varga, magyar t\u00f6rt\u00e9n\u00e9sz<\/p>\n<p style=\"text-align: center;\">Mykola Kniazhytski, az ukr\u00e1n Verhovna Rada parlamenti k\u00e9pvisel\u0151je, az Ukrajna-Lengyelorsz\u00e1g Bar\u00e1ti Csoport t\u00e1rseln\u00f6ke.<\/p>\n<p style=\"text-align: center;\">17:15 - 17:30 k\u00e1v\u00e9sz\u00fcnet<\/p>\n<p style=\"text-align: center;\"><strong>17:30 - 18:45 II. panel \"A b\u00f6lcsek \u00fatjain - K\u00f6z\u00e9p-Eur\u00f3pa j\u00f6v\u0151j\u00e9r\u0151l\"<\/strong><\/p>\n<p style=\"text-align: center;\">Moder\u00e1tor: Jan Malicki \u00far, a Kelet-eur\u00f3pai Tanulm\u00e1nyok igazgat\u00f3ja, Vars\u00f3i Egyetem<\/p>\n<p style=\"text-align: center;\"><strong>R\u00e9sztvev\u0151k:<\/strong><\/p>\n<p style=\"text-align: center;\">\u0150ze S\u00e1ndor, a Budapesti Katolikus Egyetem T\u00f6rt\u00e9nettudom\u00e1nyi Int\u00e9zet\u00e9nek igazgat\u00f3ja<\/p>\n<p style=\"text-align: center;\">Pawe\u0142 Trefler \u00far, a przemy\u015bli Kelet-eur\u00f3pai \u00c1llami Egyetem rektora<\/p>\n<p style=\"text-align: center;\">Peter K\u00e1\u0161a \u00far, a Collegium Carpathicum programkoordin\u00e1tora a Pre\u0161ovi Egyetemen.<\/p>\n<p style=\"text-align: center;\">Igor Cependa \u00far, az Ivano-Frankivszki K\u00e1rp\u00e1taljai Nemzeti Egyetem rektora<\/p>\n<p style=\"text-align: center;\">Stefan Purici \u00far, a suceavai Stefan III Velikian Egyetem prorektora<\/p>\n<p style=\"text-align: center;\">Ren\u00e1ta Tom\u00e1\u0161kov\u00e1, az Ostravai Egyetem prorektora<\/p>\n<p style=\"text-align: center;\"><strong>18:45 - 19:00 A hat\u00e1rokon \u00e1tny\u00fal\u00f3 program bemutat\u00e1sa<br \/>\nLengyelorsz\u00e1g - Feh\u00e9roroszorsz\u00e1g - Ukrajna<\/strong><\/p>\n<p style=\"text-align: center;\">Alicja Wosik-Majewska, a programiroda vezet\u0151je<br \/>\nLENGYELORSZ\u00c1G - BELARUSZ - UKRAINA Rzesz\u00f3wban<\/p>\n<p style=\"text-align: center;\"><strong>FEBRU\u00c1R 17. (VAS\u00c1RNAP)<\/strong><\/p>\n<p style=\"text-align: center;\"><strong>10:00 - 11:15 III. panel \"K\u00e1rp\u00e1talja t\u00f6rt\u00e9nelme \u00e9s turizmus\"<\/strong><\/p>\n<p style=\"text-align: center;\">Moder\u00e1tor: Dawid Lasek \u00far, a K\u00e1rp\u00e1tok Euror\u00e9gi\u00f3 Egyes\u00fclet igazgat\u00f3tan\u00e1cs\u00e1nak aleln\u00f6ke.<\/p>\n<p style=\"text-align: center;\"><strong>R\u00e9sztvev\u0151k:<\/strong><\/p>\n<p style=\"text-align: center;\">Du\u0161an Kri\u0161tofik \u00far, a Szlov\u00e1k K\u00f6zt\u00e1rsas\u00e1g lengyelorsz\u00e1gi nagyk\u00f6vete<\/p>\n<p style=\"text-align: center;\">Adrienne K\u00f6rmendy Adrienne, Magyarorsz\u00e1g krakk\u00f3i f\u0151konzulja<\/p>\n<p style=\"text-align: center;\">Vasyl Pavluk \u00far, Ukrajna lublini f\u0151konzulja<\/p>\n<p style=\"text-align: center;\">W\u0142adys\u0142aw Ortyl, Podkarpatszkaja tartom\u00e1ny marsallja<\/p>\n<p style=\"text-align: center;\">Pawe\u0142 W\u0142odarczyk \u00far, a Horv\u00e1t K\u00f6zt\u00e1rsas\u00e1g krakk\u00f3i tiszteletbeli konzulja<\/p>\n<p style=\"text-align: center;\">Egy hang a vit\u00e1ban:<\/p>\n<p style=\"text-align: center;\">Prof. Marta Malska, a lvivi I. Franko Egyetem Turisztikai Tansz\u00e9k\u00e9nek vezet\u0151je<\/p>\n<p style=\"text-align: center;\">Piotr Bies, szobr\u00e1szm\u0171v\u00e9sz, a zakopanei A. Kenar M\u0171v\u00e9szeti Szakk\u00f6z\u00e9piskola szobr\u00e1sz szakos tan\u00e1ra.<\/p>\n<p style=\"text-align: center;\">11:15- 11:30 k\u00e1v\u00e9sz\u00fcnet<\/p>\n<p style=\"text-align: center;\"><strong>11:30 - 12:45 IV. panel \"K\u00f6z\u00e9p-Eur\u00f3pa infrastrukt\u00far\u00e1ja\"<\/strong><\/p>\n<p style=\"text-align: center;\">Moder\u00e1tor: Bogdan Rzonca, a lengyel parlament infrastruktur\u00e1lis bizotts\u00e1g\u00e1nak eln\u00f6ke.<\/p>\n<p style=\"text-align: center;\"><strong>R\u00e9sztvev\u0151k:<\/strong><\/p>\n<p style=\"text-align: center;\">Andrzej Adamczyk, a Lengyel K\u00f6zt\u00e1rsas\u00e1g infrastruktur\u00e1lis minisztere<\/p>\n<p style=\"text-align: center;\">Piotr Naimski, a Minisztereln\u00f6ki Kancell\u00e1ria \u00e1llamtitk\u00e1ra, a strat\u00e9giai energetikai infrastrukt\u00far\u00e1\u00e9rt felel\u0151s korm\u00e1nymeghatalmazott<\/p>\n<p style=\"text-align: center;\">H\u00f6rcsik Rich\u00e1rd, az Orsz\u00e1ggy\u0171l\u00e9s EU-\u00fcgyi bizotts\u00e1g\u00e1nak eln\u00f6ke<\/p>\n<p style=\"text-align: center;\">\u00c9rsek \u00c1rp\u00e1d, a Szlov\u00e1k K\u00f6zt\u00e1rsas\u00e1g k\u00f6zleked\u00e9si \u00e9s \u00e9p\u00edt\u00e9s\u00fcgyi minisztere<\/p>\n<p style=\"text-align: center;\">Volodimir Omeljan, Ukrajna infrastruktur\u00e1lis minisztere<\/p>\n<p style=\"text-align: center;\">Egy hang a vit\u00e1ban:<\/p>\n<p style=\"text-align: center;\">Jan Hudacky \u00far, a Szlov\u00e1k Nemzeti Tan\u00e1cs volt tagja<\/p>\n<p style=\"text-align: center;\"><strong>15:00 Az \u00e9rmek \u00e1tad\u00e1sa a Szejm eln\u00f6ke \u00e1ltal a \"T\u00e9li K\u00e1rp\u00e1ti \u00d6t\u00f6s\" 5 km-es fut\u00f3versenyen.<\/strong><\/p>\n<p style=\"text-align: center;\"><a href=\"https:\/\/marekkuchcinski.pl\/wp-content\/uploads\/2019\/02\/DbYUVtDX4AALr4h.jpg\"><img decoding=\"async\" class=\"alignnone size-full wp-image-13102\" src=\"https:\/\/marekkuchcinski.pl\/wp-content\/uploads\/2019\/02\/DbYUVtDX4AALr4h.jpg\" alt=\"DbYUVtDX4AALr4h\" width=\"1200\" height=\"800\" srcset=\"https:\/\/marekkuchcinski.pl\/wp-content\/uploads\/2019\/02\/DbYUVtDX4AALr4h.jpg 1200w, https:\/\/marekkuchcinski.pl\/wp-content\/uploads\/2019\/02\/DbYUVtDX4AALr4h-300x200.jpg 300w, https:\/\/marekkuchcinski.pl\/wp-content\/uploads\/2019\/02\/DbYUVtDX4AALr4h-768x512.jpg 768w, https:\/\/marekkuchcinski.pl\/wp-content\/uploads\/2019\/02\/DbYUVtDX4AALr4h-1024x683.jpg 1024w\" sizes=\"(max-width: 1200px) 100vw, 1200px\" \/><\/a><\/p>\n<p><em>Krasiczyn kast\u00e9ly, fot\u00f3 Pawe\u0142 Kula<\/em><\/p>\n<p>&nbsp;<\/p>","protected":false},"excerpt":{"rendered":"<p>Od lat tworzymy miejsca pracy, grunt pod inwestycje i rozw\u00f3j polskiej gospodarki dzi\u0119ki umiej\u0119tnemu dialogowi z pa\u0144stwami Europy \u015arodkowej i Wschodniej. Jednym z takich miejsc dialogu jest mi\u0119dzynarodowa konferencja \u201eEuropa Karpat\u201d, kt\u00f3ra odb\u0119dzie si\u0119 w dniach 16-17 lutego w Krasiczynie k. Przemy\u015bla, z inicjatywy marsza\u0142ka Sejmu Marka Kuchci\u0144skiego. B\u0119dzie to 22. edycja wydarzenia s\u0142u\u017c\u0105cego zacie\u015bnianiu [&hellip;]<\/p>\n","protected":false},"author":6,"featured_media":13084,"comment_status":"open","ping_status":"open","sticky":false,"template":"","format":"standard","meta":{"ngg_post_thumbnail":0,"footnotes":""},"categories":[78,49,50,3],"tags":[],"class_list":["post-13083","post","type-post","status-publish","format-standard","has-post-thumbnail","hentry","category-europa-karpat","category-podkarpacie","category-wspolpraca-miedzynarodowa","category-wydarzenia"],"_links":{"self":[{"href":"https:\/\/marekkuchcinski.pl\/hu\/wp-json\/wp\/v2\/posts\/13083","targetHints":{"allow":["GET"]}}],"collection":[{"href":"https:\/\/marekkuchcinski.pl\/hu\/wp-json\/wp\/v2\/posts"}],"about":[{"href":"https:\/\/marekkuchcinski.pl\/hu\/wp-json\/wp\/v2\/types\/post"}],"author":[{"embeddable":true,"href":"https:\/\/marekkuchcinski.pl\/hu\/wp-json\/wp\/v2\/users\/6"}],"replies":[{"embeddable":true,"href":"https:\/\/marekkuchcinski.pl\/hu\/wp-json\/wp\/v2\/comments?post=13083"}],"version-history":[{"count":15,"href":"https:\/\/marekkuchcinski.pl\/hu\/wp-json\/wp\/v2\/posts\/13083\/revisions"}],"predecessor-version":[{"id":13109,"href":"https:\/\/marekkuchcinski.pl\/hu\/wp-json\/wp\/v2\/posts\/13083\/revisions\/13109"}],"wp:featuredmedia":[{"embeddable":true,"href":"https:\/\/marekkuchcinski.pl\/hu\/wp-json\/wp\/v2\/media\/13084"}],"wp:attachment":[{"href":"https:\/\/marekkuchcinski.pl\/hu\/wp-json\/wp\/v2\/media?parent=13083"}],"wp:term":[{"taxonomy":"category","embeddable":true,"href":"https:\/\/marekkuchcinski.pl\/hu\/wp-json\/wp\/v2\/categories?post=13083"},{"taxonomy":"post_tag","embeddable":true,"href":"https:\/\/marekkuchcinski.pl\/hu\/wp-json\/wp\/v2\/tags?post=13083"}],"curies":[{"name":"wp","href":"https:\/\/api.w.org\/{rel}","templated":true}]}}