{"id":13045,"date":"2019-02-10T20:58:12","date_gmt":"2019-02-10T19:58:12","guid":{"rendered":"https:\/\/marekkuchcinski.pl\/?p=13045"},"modified":"2019-05-09T14:13:31","modified_gmt":"2019-05-09T12:13:31","slug":"fundament-nowoczesnej-polskiej-demokracji-konferencja-wystawa-poswiecona-100-leciu-sejmu-ustawodawczego","status":"publish","type":"post","link":"https:\/\/marekkuchcinski.pl\/hu\/wydarzenia\/fundament-nowoczesnej-polskiej-demokracji-konferencja-wystawa-poswiecona-100-leciu-sejmu-ustawodawczego\/","title":{"rendered":"\"A modern lengyel demokr\u00e1cia alapja\". Konferencia \u00e9s ki\u00e1ll\u00edt\u00e1s a t\u00f6rv\u00e9nyhoz\u00f3 szejm 100. \u00e9vfordul\u00f3ja alkalm\u00e1b\u00f3l"},"content":{"rendered":"<p dir=\"ltr\">A f\u00fcggetlen M\u00e1sodik Lengyel K\u00f6zt\u00e1rsas\u00e1g els\u0151 parlamentje, a t\u00f6rv\u00e9nyhoz\u00f3 szejm beiktat\u00e1s\u00e1nak 100. \u00e9vfordul\u00f3j\u00e1nak el\u0151est\u00e9j\u00e9n, a \"A f\u00fcggetlens\u00e9g alapjai. A t\u00f6rv\u00e9nyhoz\u00f3 szejm (1919-1922)\". Az esem\u00e9nyen r\u00e9szt vett Marek Kuchci\u0144ski \u00e9s Stanis\u0142aw Karczewski, a Szejm \u00e9s a Szen\u00e1tus eln\u00f6ke, Mateusz Morawiecki minisztereln\u00f6k, Halina Szyma\u0144ska, az Eln\u00f6ki Kancell\u00e1ria vezet\u0151je, parlamenti k\u00e9pvisel\u0151k, a korm\u00e1ny k\u00e9pvisel\u0151i, valamint tan\u00e1rok, t\u00f6rt\u00e9n\u00e9szek \u00e9s cserk\u00e9szek.<\/p>\n<p dir=\"ltr\">A tal\u00e1lkoz\u00f3 kezdete el\u0151tt a r\u00e9sztvev\u0151k egyperces n\u00e9ma csenddel eml\u00e9keztek meg Jan Olszewski volt minisztereln\u00f6kr\u0151l, az els\u0151, harmadik \u00e9s negyedik ciklus parlamenti k\u00e9pvisel\u0151j\u00e9r\u0151l, aki a Lengyel N\u00e9pk\u00f6zt\u00e1rsas\u00e1g idej\u00e9n az ellenz\u00e9k v\u00e9delmez\u0151je volt a politikai perekben.<\/p>\n<p dir=\"ltr\">A konferenci\u00e1t megnyitva a szejm eln\u00f6ke hangs\u00falyozta, hogy az Alkotm\u00e1nyoz\u00f3 Gy\u0171l\u00e9s centen\u00e1riuma alkalmat ad arra, hogy a lengyel parlamentarizmus t\u00f6rt\u00e9net\u00e9ben egy m\u00e9rf\u00f6ldk\u0151nek sz\u00e1m\u00edt\u00f3 szakaszra felh\u00edvjuk a figyelmet, \u00e9s felid\u00e9zz\u00fck az akkori parlamenti k\u00e9pvisel\u0151k \u00e9rdemeit. - A parlament \u00f6sszeh\u00edv\u00e1s\u00e1t a nemzet szubjektivit\u00e1s\u00e1nak megval\u00f3sul\u00e1s\u00e1nak, Lengyelorsz\u00e1g f\u00fcggetlens\u00e9g\u00e9nek visszanyer\u00e9se v\u00e9gs\u0151 szimb\u00f3lum\u00e1nak tekintett\u00e9k. A jogalkot\u00e1si munka \u00f3ri\u00e1si volta mindenekel\u0151tt a feloszt\u00e1s ut\u00e1n elpusztult orsz\u00e1g egyes j\u00e1r\u00e1saiban hat\u00e1lyos t\u00f6rv\u00e9nyek sokf\u00e9les\u00e9g\u00e9b\u0151l fakadt - mondta Marek Kuchci\u0144ski.<\/p>\n<p dir=\"ltr\">A Szejm marsallja azt is megjegyezte, hogy a m\u00e1sodik k\u00f6zt\u00e1rsas\u00e1g alkotm\u00e1nyoz\u00f3 gy\u0171l\u00e9se lefektette a modern lengyel demokr\u00e1cia alapjait. - Sz\u00e1z \u00e9vvel ezel\u0151tt, a nagy v\u00e1ltoz\u00e1sok idej\u00e9n, az orsz\u00e1g sz\u00e1m\u00e1ra d\u00f6nt\u0151 fontoss\u00e1g\u00fa pillanatokban, ahogyan azt Wojciech Tr\u0105mpczy\u0144ski, az Alkotm\u00e1nyoz\u00f3 Gy\u0171l\u00e9s eln\u00f6ke akkoriban mondta, a h\u00e1bor\u00fa ut\u00e1ni els\u0151 lengyel parlament az \u00e1llam \u00e9rdek\u00e9ben tett k\u00f6z\u00f6s er\u0151fesz\u00edt\u00e9ssel gy\u0151zte le a bels\u0151 ellent\u00e9teket. Ez a rendk\u00edv\u00fcli \u00fczenet ma is aktu\u00e1lis\" - z\u00e1rta Kuchci\u0144ski marsall.<\/p>\n<p dir=\"ltr\">Stanis\u0142aw Karczewski besz\u00e9d\u00e9ben hangs\u00falyozta azt az \u00f6r\u00f6m\u00f6t, amelyet a lengyelek sz\u00e1z \u00e9vvel ezel\u0151tt \u00e9reztek, amikor visszanyert\u00e9k f\u00fcggetlens\u00e9g\u00fcket. - Abban az \u00e9vben a lengyelek 75 sz\u00e1zal\u00e9ka ment el szavazni. Ez annak kifejez\u00e9se volt, hogy mennyire boldogok, hogy szabad nemzetk\u00e9nt a lengyel szejm d\u00f6nt az \u00fcgyeikr\u0151l\" - hangs\u00falyozta a szen\u00e1tusi marsall, felid\u00e9zve J\u00f3zef Pi\u0142sudski szavait, amelyeket az Alkotm\u00e1nyoz\u00f3 Gy\u0171l\u00e9s alakul\u00f3 \u00fcl\u00e9s\u00e9n mondott: - A m\u00e1sf\u00e9l \u00e9vsz\u00e1zados, olykor v\u00e9res \u00e9s \u00e1ldozatos k\u00fczdelem ma diadalmaskodott. M\u00e1sf\u00e9l \u00e9vsz\u00e1zados \u00e1lmok a szabad Lengyelorsz\u00e1gr\u00f3l v\u00e1rtak arra, hogy ebben a pillanatban beteljesedjenek. Ma nagy nemzeti \u00fcnnep\u00fcnk van, az \u00f6r\u00f6m \u00fcnnepe egy hossz\u00fa, szenved\u00e9ssel teli, kem\u00e9ny \u00e9jszaka ut\u00e1n.<\/p>\n<p dir=\"ltr\">- A demokr\u00e1cia Lengyelorsz\u00e1g sz\u00e1m\u00e1ra mindig is a modernit\u00e1s, az egyenl\u0151s\u00e9g \u00e9s a szabads\u00e1g \u00edg\u00e9ret\u00e9t jelentette. Ez az \u00edg\u00e9ret ma is vel\u00fcnk van\" - \u00e9rt\u00e9kelte a rendezv\u00e9ny els\u0151 r\u00e9sz\u00e9nek harmadik el\u0151ad\u00f3ja, Mateusz Morawiecki. A minisztereln\u00f6k r\u00e1mutatott, hogy a n\u0151k passz\u00edv \u00e9s akt\u00edv v\u00e1laszt\u00f3jog\u00e1nak bevezet\u00e9s\u00e9nek k\u00f6sz\u00f6nhet\u0151en kilenc n\u0151i k\u00e9pvisel\u0151 \u00fclt a t\u00f6rv\u00e9nyhoz\u00f3 szejmben. A korm\u00e1nyf\u0151 besz\u00e9d\u00e9ben hangs\u00falyozta, hogy az Alkotm\u00e1nyoz\u00f3 Gy\u0171l\u00e9snek a feloszt\u00e1s ut\u00e1n Lengyelorsz\u00e1g \u00fajraegyes\u00edt\u00e9s\u00e9t kellett volna megval\u00f3s\u00edtania, \u00e9s ezt a feladatot a Szejm teljes\u00edtette. - A Szejmben azt mondhatjuk: itt van Lengyelorsz\u00e1g. Volt egy francia kir\u00e1ly, aki azt mondta: \"Az \u00e1llam \u00e9n vagyok\". Mi ink\u00e1bb azt mondjuk: az \u00e1llam mi vagyunk, \u00e9s a Szejm kiv\u00e1l\u00f3an k\u00e9pviseli \u00f6n\u00f6ket\" - mondta Morawiecki minisztereln\u00f6k.<\/p>\n<p dir=\"ltr\">Andrzej Duda eln\u00f6knek a konferencia r\u00e9sztvev\u0151ihez int\u00e9zett level\u00e9t Halina Szyma\u0144ska, az eln\u00f6ki kancell\u00e1ria vezet\u0151je olvasta fel. \"A t\u00f6rv\u00e9nyhoz\u00f3 szejm \u00f6sszeh\u00edv\u00e1sa a szabad Lengyelorsz\u00e1g \u00fajj\u00e1\u00e9p\u00edt\u00e9s\u00e9nek egyik els\u0151 aktusa volt. Az \u00fajj\u00e1sz\u00fcletett Lengyelorsz\u00e1g els\u0151 szejmje a t\u00f6rv\u00e9nyhoz\u00f3 hatalom b\u00f6lcs \u00e9s felel\u0151ss\u00e9gteljes gyakorl\u00e1s\u00e1nak mintak\u00e9pe volt. Meggy\u0151z\u0151d\u00e9sem, hogy \u00e9rdemes inspir\u00e1ci\u00f3t mer\u00edteni el\u0151deink hozz\u00e1\u00e1ll\u00e1s\u00e1b\u00f3l, hogy a k\u00f6zj\u00f3\u00e9rt, a szabad nemzet\u00e9rt \u00e9s a f\u00fcggetlen \u00e1llam\u00e9rt dolgozzunk\" - \u00e9rt\u00e9kelte levelez\u00e9s\u00e9ben az eln\u00f6k.<\/p>\n<p dir=\"ltr\">A konferencia els\u0151 r\u00e9sz\u00e9t, amelynek c\u00edme \"A t\u00f6rv\u00e9nyhoz\u00f3 szejm jelent\u0151s\u00e9ge\" volt, Dr. Zbigniew Girzy\u0144ski, a toru\u0144i Nicolaus Copernicus Egyetem munkat\u00e1rsa vezette. - A pillanat, ami hi\u00e1nyzott, az a pecs\u00e9t volt, az a pillanat, amikor az eg\u00e9sz nemzet azt mondja, hogy \"igen, f\u00fcggetlenek vagyunk!\". Aznap volt a t\u00f6rv\u00e9nyhoz\u00f3 szejm beiktat\u00e1s\u00e1nak pillanata\" - mondta a volt parlamenti k\u00e9pvisel\u0151.  Prof. Jan \u017baryn szen\u00e1tor a Stefan Wyszy\u0144ski B\u00edboros Egyetemr\u0151l a rendezv\u00e9nynek ebben a r\u00e9sz\u00e9ben a m\u00e1sodik Lengyel K\u00f6zt\u00e1rsas\u00e1g els\u0151 parlamentj\u00e9nek \u00f6r\u00f6ks\u00e9g\u00e9r\u0151l besz\u00e9lt. - A t\u00f6rv\u00e9nyhoz\u00f3 szejm elfogadta az \u00f6sszes rendeletet, amelyet mind J\u0119drzej Moraczewski szocialista korm\u00e1nya, mind Ignacy Padewski szocialista korm\u00e1nya elfogadott - jegyezte meg a t\u00f6rt\u00e9n\u00e9sz. A k\u00f6vetkez\u0151 el\u0151ad\u00f3, dr. hab. Arkadiusz Adamczyk, a kielcei Jan Kochanowski Egyetem professzora a m\u00e1sodik k\u00f6zt\u00e1rsas\u00e1g els\u0151 parlamentj\u00e9nek arculat\u00e1r\u00f3l besz\u00e9lt. - A legjobb dolog a t\u00f6rv\u00e9nyhoz\u00f3 szejmr\u0151l \u00e9s annak arculat\u00e1r\u00f3l az 1939-es \u00e9v, a 20. \u00e9vfordul\u00f3 pillanata. Nem tal\u00e1lunk ott semmilyen negat\u00edv \u00e9rt\u00e9kel\u00e9st. Mindenki tisztelgett az \u00e1llamalkot\u00f3k el\u0151tt, jelezve, hogy ez a szejm bet\u00f6lt\u00f6tte a szerep\u00e9t - mondta a t\u00f6rt\u00e9n\u00e9sz. Dr. Marek Bia\u0142okur az Opolei Egyetemr\u0151l el\u0151ad\u00e1s\u00e1ban az alkotm\u00e1ny k\u00e9p\u00e9re \u00f6sszpontos\u00edtott a kort\u00e1rs t\u00f6rt\u00e9nelmi oktat\u00e1sban. - Az oktat\u00e1s nem csak lecke, iskola, nem csak tank\u00f6nyv. 2007 \u00f3ta a t\u00f6rt\u00e9nelmi olimpia keret\u00e9ben, a Szejm marsallj\u00e1nak v\u00e9dn\u00f6ks\u00e9ge alatt parlamenti tud\u00e1sversenyt rendeznek - eml\u00e9keztetett.<\/p>\n<p dir=\"ltr\">A konferencia tov\u00e1bbi \u00fcl\u00e9seit a szen\u00e1tus \u00e9p\u00fclet\u00e9ben tartott\u00e1k. Az el\u0151ad\u00e1sok t\u00f6bbek k\u00f6z\u00f6tt a v\u00e1laszt\u00e1si kamp\u00e1nyr\u00f3l \u00e9s az Alkotm\u00e1nyoz\u00f3 Gy\u0171l\u00e9s megalakul\u00e1s\u00e1r\u00f3l, a politikai vit\u00e1kr\u00f3l \u00e9s az Alkotm\u00e1nyoz\u00f3 Gy\u0171l\u00e9s \u00e1llam\u00e9p\u00edt\u00e9si eredm\u00e9nyeir\u0151l, a lengyel k\u00e9rd\u00e9s parlamenti vit\u00e1ir\u00f3l a p\u00e1rizsi b\u00e9kekonferenci\u00e1n, a parlamenti klubok 1920-as bolsevik fenyeget\u00e9shez val\u00f3 hozz\u00e1\u00e1ll\u00e1s\u00e1r\u00f3l, valamint a m\u00e1sodik k\u00f6zt\u00e1rsas\u00e1g alkotm\u00e1ny\u00e1val kapcsolatos munk\u00e1r\u00f3l sz\u00f3ltak. A kutat\u00f3k bemutatt\u00e1k az alkotm\u00e1nyoz\u00f3 szejm parlamenti k\u00e9pvisel\u0151inek profilj\u00e1t is, bemutatva t\u00f6bbek k\u00f6z\u00f6tt id\u0151sebb Ferdynand Radziwi\u0142\u0142 marsall vagy Maria Moczyd\u0142owska parlamenti k\u00e9pvisel\u0151 alakj\u00e1t.<\/p>\n<p dir=\"ltr\">A konferenci\u00e1t a kamara eredm\u00e9nyeinek szentelt ki\u00e1ll\u00edt\u00e1s k\u00eds\u00e9ri - \"A k\u00f6zt\u00e1rsas\u00e1g java a legf\u0151bb t\u00f6rv\u00e9ny\". A k\u00e9pvisel\u0151k, szen\u00e1torok, konferencia r\u00e9sztvev\u0151i \u00e9s a Parlament vend\u00e9gei a bemutatott ki\u00e1ll\u00edt\u00e1si t\u00e1rgyaknak k\u00f6sz\u00f6nhet\u0151en megismerkedhetnek a m\u00e1sodik k\u00f6zt\u00e1rsas\u00e1g els\u0151 parlamentj\u00e9nek v\u00e1laszt\u00e1si kamp\u00e1ny\u00e1nak hangulat\u00e1val, az \u00fcl\u00e9sterem alakul\u00f3 \u00fcl\u00e9s\u00e9nek menet\u00e9vel, \u00e9s felid\u00e9zhetik az \u00fcl\u00e9sterem legfontosabb jogalkot\u00e1si eredm\u00e9nyeit. - A bels\u0151 sokf\u00e9les\u00e9g ellen\u00e9re a k\u00e9pvisel\u0151k t\u00f6bbs\u00e9ge k\u00f6z\u00f6ss\u00e9gi \u00e9rz\u00e9st \u00e9s a haza ir\u00e1nti felel\u0151ss\u00e9get fejezte ki. Mindannyiukat az a meggy\u0151z\u0151d\u00e9s k\u00f6t\u00f6tte \u00f6ssze, hogy a k\u00f6zt\u00e1rsas\u00e1g k\u00fcl\u00f6nleges \u00e9rt\u00e9k, a legf\u0151bb j\u00f3. Ez volt a t\u00f6rv\u00e9nyhoz\u00f3 szejm maxim\u00e1ja\" - mondta Marek Kuchci\u0144ski, a szejm eln\u00f6ke a ki\u00e1ll\u00edt\u00e1s megnyit\u00f3j\u00e1n.<\/p>\n<p dir=\"ltr\"><em>sz\u00f6veg: CIS<\/em><\/p>\n<p dir=\"ltr\"><em>Fot\u00f3gal\u00e9ria:&nbsp;<a href=\"https:\/\/www.flickr.com\/photos\/sejmrp\/albums\/72157703184963742\" target=\"_blank\" rel=\"noopener noreferrer\">Flickr<\/a>,&nbsp;<a href=\"https:\/\/www.instagram.com\/p\/Btny2A1FUIG\/\" target=\"_blank\" rel=\"noopener noreferrer\">Instagram<\/a><\/em><\/p>\n<p dir=\"ltr\"><em>A konferencia \u00fajrak\u00f6zvet\u00edt\u00e9se:&nbsp;<a href=\"https:\/\/www.youtube.com\/watch?v=Ww26ks9d70Q\" target=\"_blank\" rel=\"noopener noreferrer\">YouTube<\/a><\/em><\/p>\n<p><a href=\"https:\/\/marekkuchcinski.pl\/wp-content\/uploads\/2019\/02\/LB1_4143.view_.jpg\"><img fetchpriority=\"high\" decoding=\"async\" class=\"alignnone size-full wp-image-13046\" src=\"https:\/\/marekkuchcinski.pl\/wp-content\/uploads\/2019\/02\/LB1_4143.view_.jpg\" alt=\"LB1_4143.view\" width=\"800\" height=\"533\" srcset=\"https:\/\/marekkuchcinski.pl\/wp-content\/uploads\/2019\/02\/LB1_4143.view_.jpg 800w, https:\/\/marekkuchcinski.pl\/wp-content\/uploads\/2019\/02\/LB1_4143.view_-300x200.jpg 300w, https:\/\/marekkuchcinski.pl\/wp-content\/uploads\/2019\/02\/LB1_4143.view_-768x512.jpg 768w\" sizes=\"(max-width: 800px) 100vw, 800px\" \/><\/a> <em>Fot\u00f3: Marta Marchlewska\/Sejm<\/em><a href=\"https:\/\/marekkuchcinski.pl\/wp-content\/uploads\/2019\/02\/MMA_2668.view_.jpg\"><img decoding=\"async\" class=\"alignnone size-full wp-image-13047\" src=\"https:\/\/marekkuchcinski.pl\/wp-content\/uploads\/2019\/02\/MMA_2668.view_.jpg\" alt=\"MMA_2668.view\" width=\"800\" height=\"534\" srcset=\"https:\/\/marekkuchcinski.pl\/wp-content\/uploads\/2019\/02\/MMA_2668.view_.jpg 800w, https:\/\/marekkuchcinski.pl\/wp-content\/uploads\/2019\/02\/MMA_2668.view_-300x200.jpg 300w, https:\/\/marekkuchcinski.pl\/wp-content\/uploads\/2019\/02\/MMA_2668.view_-768x513.jpg 768w\" sizes=\"(max-width: 800px) 100vw, 800px\" \/><\/a><em>Fot\u00f3: Rafa\u0142 Zambrzycki\/Sejm<\/em><em><a href=\"https:\/\/marekkuchcinski.pl\/wp-content\/uploads\/2019\/02\/RZ__0857.view_.jpg\"><img decoding=\"async\" class=\"alignnone size-full wp-image-13049\" src=\"https:\/\/marekkuchcinski.pl\/wp-content\/uploads\/2019\/02\/RZ__0857.view_.jpg\" alt=\"RZ__0857.view\" width=\"800\" height=\"533\" srcset=\"https:\/\/marekkuchcinski.pl\/wp-content\/uploads\/2019\/02\/RZ__0857.view_.jpg 800w, https:\/\/marekkuchcinski.pl\/wp-content\/uploads\/2019\/02\/RZ__0857.view_-300x200.jpg 300w, https:\/\/marekkuchcinski.pl\/wp-content\/uploads\/2019\/02\/RZ__0857.view_-768x512.jpg 768w\" sizes=\"(max-width: 800px) 100vw, 800px\" \/><\/a>Fot\u00f3: Adam Guz\/ KPRM<\/em><a href=\"https:\/\/marekkuchcinski.pl\/wp-content\/uploads\/2019\/02\/Dy4lHx3XQAAnu1R.jpg\"><img loading=\"lazy\" decoding=\"async\" class=\"alignnone size-full wp-image-13048\" src=\"https:\/\/marekkuchcinski.pl\/wp-content\/uploads\/2019\/02\/Dy4lHx3XQAAnu1R.jpg\" alt=\"Dy4lHx3XQAAnu1R\" width=\"1000\" height=\"667\" srcset=\"https:\/\/marekkuchcinski.pl\/wp-content\/uploads\/2019\/02\/Dy4lHx3XQAAnu1R.jpg 1000w, https:\/\/marekkuchcinski.pl\/wp-content\/uploads\/2019\/02\/Dy4lHx3XQAAnu1R-300x200.jpg 300w, https:\/\/marekkuchcinski.pl\/wp-content\/uploads\/2019\/02\/Dy4lHx3XQAAnu1R-768x512.jpg 768w\" sizes=\"(max-width: 1000px) 100vw, 1000px\" \/><\/a><\/p>","protected":false},"excerpt":{"rendered":"<p>W przededniu 100. rocznicy inauguracji Sejmu Ustawodawczego, pierwszego parlamentu niepodleg\u0142ej II Rzeczypospolitej, w Sejmie odby\u0142o si\u0119 uroczyste otwarcie konferencji naukowej \u201eFundamenty Niepodleg\u0142ej. Sejm Ustawodawczy (1919-1922)&#8221;. W wydarzeniu wzi\u0119li udzia\u0142 marsza\u0142kowie Sejmu i Senatu Marek Kuchci\u0144ski i Stanis\u0142aw Karczewski, prezes Rady Ministr\u00f3w Mateusz Morawiecki, szef Kancelarii Prezydenta Halina Szyma\u0144ska, parlamentarzy\u015bci, przedstawiciele rz\u0105du oraz nauczyciele, historycy i [&hellip;]<\/p>\n","protected":false},"author":6,"featured_media":13051,"comment_status":"open","ping_status":"open","sticky":false,"template":"","format":"standard","meta":{"ngg_post_thumbnail":0,"footnotes":""},"categories":[77,81,3],"tags":[],"class_list":["post-13045","post","type-post","status-publish","format-standard","has-post-thumbnail","hentry","category-wazne-daty","category-wiesci-z-sejmu","category-wydarzenia"],"_links":{"self":[{"href":"https:\/\/marekkuchcinski.pl\/hu\/wp-json\/wp\/v2\/posts\/13045","targetHints":{"allow":["GET"]}}],"collection":[{"href":"https:\/\/marekkuchcinski.pl\/hu\/wp-json\/wp\/v2\/posts"}],"about":[{"href":"https:\/\/marekkuchcinski.pl\/hu\/wp-json\/wp\/v2\/types\/post"}],"author":[{"embeddable":true,"href":"https:\/\/marekkuchcinski.pl\/hu\/wp-json\/wp\/v2\/users\/6"}],"replies":[{"embeddable":true,"href":"https:\/\/marekkuchcinski.pl\/hu\/wp-json\/wp\/v2\/comments?post=13045"}],"version-history":[{"count":2,"href":"https:\/\/marekkuchcinski.pl\/hu\/wp-json\/wp\/v2\/posts\/13045\/revisions"}],"predecessor-version":[{"id":15218,"href":"https:\/\/marekkuchcinski.pl\/hu\/wp-json\/wp\/v2\/posts\/13045\/revisions\/15218"}],"wp:featuredmedia":[{"embeddable":true,"href":"https:\/\/marekkuchcinski.pl\/hu\/wp-json\/wp\/v2\/media\/13051"}],"wp:attachment":[{"href":"https:\/\/marekkuchcinski.pl\/hu\/wp-json\/wp\/v2\/media?parent=13045"}],"wp:term":[{"taxonomy":"category","embeddable":true,"href":"https:\/\/marekkuchcinski.pl\/hu\/wp-json\/wp\/v2\/categories?post=13045"},{"taxonomy":"post_tag","embeddable":true,"href":"https:\/\/marekkuchcinski.pl\/hu\/wp-json\/wp\/v2\/tags?post=13045"}],"curies":[{"name":"wp","href":"https:\/\/api.w.org\/{rel}","templated":true}]}}