{"id":12892,"date":"2019-01-28T10:25:36","date_gmt":"2019-01-28T09:25:36","guid":{"rendered":"https:\/\/marekkuchcinski.pl\/?p=12892"},"modified":"2019-02-10T21:24:11","modified_gmt":"2019-02-10T20:24:11","slug":"marek-kuchcinski-kresy-stanowily-o-sile-politycznej-tozsamosci-narodowej-polakow","status":"publish","type":"post","link":"https:\/\/marekkuchcinski.pl\/hu\/wydarzenia\/marek-kuchcinski-kresy-stanowily-o-sile-politycznej-tozsamosci-narodowej-polakow\/","title":{"rendered":"Marek Kuchci\u0144ski: A hat\u00e1rvid\u00e9k jelentette a lengyelek politikai erej\u00e9t \u00e9s nemzeti identit\u00e1s\u00e1t"},"content":{"rendered":"<p><strong>A Przemysl r\u00e9gi\u00f3 Nemzeti M\u00fazeum\u00e1ban a keleti lengyelek t\u00e9m\u00e1j\u00e1t vett\u00e9k el\u0151 - ahogy Marek Kuchci\u0144ski, a szejm eln\u00f6ke mondta -, amely sokak sz\u00e1m\u00e1ra neh\u00e9z \u00e9s f\u00e1jdalmas t\u00e9ma, amely a h\u00e1bor\u00fas \u00e9s h\u00e1bor\u00fa ut\u00e1ni id\u0151szak eml\u00e9keivel - deport\u00e1l\u00e1sokkal, kitelep\u00edt\u00e9sekkel, nacionalista er\u0151szakkal \u00e9s az elvesz\u00edtett otthonnal - kapcsolatos. Otthon nemcsak csal\u00e1di \u00e9rtelemben, hanem az \u00e9vsz\u00e1zados szellemi \u00e9s anyagi \u00f6r\u00f6ks\u00e9g dimenzi\u00f3j\u00e1ban is.<\/strong><\/p>\n<p>Marek Kuchci\u0144ski hangs\u00falyozta, hogy a lengyel \u00e1llamis\u00e1g kezdetei \u00f3ta a Kresy a lengyelek politikai erej\u00e9t \u00e9s nemzeti identit\u00e1s\u00e1t k\u00e9pviselte. A Lengyel K\u00f6zt\u00e1rsas\u00e1g szerves r\u00e9sz\u00e9t k\u00e9pezt\u00e9k.<\/p>\n<p>- Tudjuk, hogyan alakult t\u00f6rt\u00e9nelm\u00fcnk a 20. sz\u00e1zad els\u0151 fel\u00e9ben, hogy 100 \u00e9vvel ezel\u0151tt milyen neh\u00e9z \u00e9s hossz\u00fa volt a hat\u00e1rok kialak\u00edt\u00e1s\u00e1nak folyamata a feloszt\u00e1sok \u00e9vei ut\u00e1n. \u00c9s hogy 20 \u00e9vvel k\u00e9s\u0151bb a jaltai konferenci\u00e1n hogyan v\u00e1ltoztatt\u00e1k meg Lengyelorsz\u00e1g hat\u00e1rait, honfit\u00e1rsaink milli\u00f3it hagyva a keleti hat\u00e1r m\u00f6g\u00f6tt\" - eml\u00e9kezett vissza a marsall. - A Kresy a n\u00e9ma igazs\u00e1g szimb\u00f3luma is, a lengyels\u00e9g nyomainak elt\u00f6rl\u00e9se, a lengyel kult\u00fara \u00e9s az eur\u00f3pai civiliz\u00e1ci\u00f3 kiirt\u00e1sa. A szovjet id\u0151kben a hat\u00e1rvid\u00e9ki \u00f6r\u00f6ks\u00e9ghez val\u00f3 ragaszkod\u00e1s megnyilv\u00e1nul\u00e1sait szigor\u00faan b\u00fcntett\u00e9k\" - hangs\u00falyozta Kuchci\u0144ski.<\/p>\n<p>A marsall felid\u00e9zte, hogy csak az 1980-as \u00e9vek v\u00e9g\u00e9n alakult meg az els\u0151 szervezet, a Lw\u00f3w Szerelmeseinek T\u00e1rsas\u00e1ga, amely a keleti ter\u00fcletek \u00f6r\u00f6ks\u00e9g\u00e9t \u00e1polja, \u00e9s seg\u00edts\u00e9get ny\u00fajt a keleti honfit\u00e1rsaknak. A T\u00e1rsas\u00e1g fi\u00f3kszervezeteket hozott l\u00e9tre orsz\u00e1gszerte. A przemysli kirendelts\u00e9g volt az egyik ilyen.<\/p>\n<p>Marek Kuchci\u0144ski szerint a lengyel \u00e1llamnak jobban \u00e9s hat\u00e9konyabban kellene t\u00e1mogatnia a Kresy-el\u0151d\u00f6k \u00e9s a jelenlegi gener\u00e1ci\u00f3k eredm\u00e9nyeit. 1,5 \u00e9s 2 milli\u00f3 ukr\u00e1n k\u00f6z\u00f6tt van a lengyelorsz\u00e1gi k\u00f6t\u0151d\u00e9s\u0171 ukr\u00e1nok sz\u00e1ma.<\/p>\n<p><em>Fot\u00f3: Marta Olejnik<\/em><\/p>\n<p><a href=\"https:\/\/marekkuchcinski.pl\/wp-content\/uploads\/2019\/01\/IMG_4942.jpg\"><img fetchpriority=\"high\" decoding=\"async\" class=\"alignnone size-full wp-image-12894\" src=\"https:\/\/marekkuchcinski.pl\/wp-content\/uploads\/2019\/01\/IMG_4942.jpg\" alt=\"IMG_4942\" width=\"5461\" height=\"3754\" srcset=\"https:\/\/marekkuchcinski.pl\/wp-content\/uploads\/2019\/01\/IMG_4942.jpg 2048w, https:\/\/marekkuchcinski.pl\/wp-content\/uploads\/2019\/01\/IMG_4942-300x206.jpg 300w, https:\/\/marekkuchcinski.pl\/wp-content\/uploads\/2019\/01\/IMG_4942-768x528.jpg 768w, https:\/\/marekkuchcinski.pl\/wp-content\/uploads\/2019\/01\/IMG_4942-1024x704.jpg 1024w\" sizes=\"(max-width: 5461px) 100vw, 5461px\" \/><\/a> <a href=\"https:\/\/marekkuchcinski.pl\/wp-content\/uploads\/2019\/01\/IMG_4938-2.jpg\"><img decoding=\"async\" class=\"alignnone size-full wp-image-12895\" src=\"https:\/\/marekkuchcinski.pl\/wp-content\/uploads\/2019\/01\/IMG_4938-2.jpg\" alt=\"IMG_4938 2\" width=\"5147\" height=\"3244\" srcset=\"https:\/\/marekkuchcinski.pl\/wp-content\/uploads\/2019\/01\/IMG_4938-2.jpg 2048w, https:\/\/marekkuchcinski.pl\/wp-content\/uploads\/2019\/01\/IMG_4938-2-300x189.jpg 300w, https:\/\/marekkuchcinski.pl\/wp-content\/uploads\/2019\/01\/IMG_4938-2-768x484.jpg 768w, https:\/\/marekkuchcinski.pl\/wp-content\/uploads\/2019\/01\/IMG_4938-2-1024x645.jpg 1024w\" sizes=\"(max-width: 5147px) 100vw, 5147px\" \/><\/a>Mise a k\u00f6vetkez\u0151 sz\u00e1nd\u00e9kkal <a href=\"https:\/\/marekkuchcinski.pl\/hu\/wydarzenia\/90-temu-urodzil-sie-zbigniew-kuchcinski-patriota-filantrop-prezes-towarzystwa-milosnikow-lwowa-kresow-poludniowo-wschodnich\/\">Zbigniew Kuchci\u0144ski<\/a><a href=\"https:\/\/marekkuchcinski.pl\/wp-content\/uploads\/2019\/01\/IMG_5017-2.jpg\"><img decoding=\"async\" class=\"alignnone size-full wp-image-12893\" src=\"https:\/\/marekkuchcinski.pl\/wp-content\/uploads\/2019\/01\/IMG_5017-2.jpg\" alt=\"IMG_5017 2\" width=\"4867\" height=\"3123\" srcset=\"https:\/\/marekkuchcinski.pl\/wp-content\/uploads\/2019\/01\/IMG_5017-2.jpg 2048w, https:\/\/marekkuchcinski.pl\/wp-content\/uploads\/2019\/01\/IMG_5017-2-300x193.jpg 300w, https:\/\/marekkuchcinski.pl\/wp-content\/uploads\/2019\/01\/IMG_5017-2-768x493.jpg 768w, https:\/\/marekkuchcinski.pl\/wp-content\/uploads\/2019\/01\/IMG_5017-2-1024x657.jpg 1024w\" sizes=\"(max-width: 4867px) 100vw, 4867px\" \/><\/a><a href=\"https:\/\/marekkuchcinski.pl\/wp-content\/uploads\/2019\/01\/IMG_5004.jpg\"><img loading=\"lazy\" decoding=\"async\" class=\"alignnone size-full wp-image-12942\" src=\"https:\/\/marekkuchcinski.pl\/wp-content\/uploads\/2019\/01\/IMG_5004.jpg\" alt=\"IMG_5004\" width=\"5336\" height=\"3830\" srcset=\"https:\/\/marekkuchcinski.pl\/wp-content\/uploads\/2019\/01\/IMG_5004.jpg 2048w, https:\/\/marekkuchcinski.pl\/wp-content\/uploads\/2019\/01\/IMG_5004-300x215.jpg 300w, https:\/\/marekkuchcinski.pl\/wp-content\/uploads\/2019\/01\/IMG_5004-768x551.jpg 768w, https:\/\/marekkuchcinski.pl\/wp-content\/uploads\/2019\/01\/IMG_5004-1024x735.jpg 1024w\" sizes=\"(max-width: 5336px) 100vw, 5336px\" \/><\/a><a href=\"https:\/\/marekkuchcinski.pl\/wp-content\/uploads\/2019\/01\/IMG_5098.jpg\"><img loading=\"lazy\" decoding=\"async\" class=\"alignnone size-full wp-image-12906\" src=\"https:\/\/marekkuchcinski.pl\/wp-content\/uploads\/2019\/01\/IMG_5098.jpg\" alt=\"IMG_5098\" width=\"5608\" height=\"4022\" srcset=\"https:\/\/marekkuchcinski.pl\/wp-content\/uploads\/2019\/01\/IMG_5098.jpg 2048w, https:\/\/marekkuchcinski.pl\/wp-content\/uploads\/2019\/01\/IMG_5098-300x215.jpg 300w, https:\/\/marekkuchcinski.pl\/wp-content\/uploads\/2019\/01\/IMG_5098-768x551.jpg 768w, https:\/\/marekkuchcinski.pl\/wp-content\/uploads\/2019\/01\/IMG_5098-1024x734.jpg 1024w\" sizes=\"(max-width: 5608px) 100vw, 5608px\" \/><\/a><a href=\"http:\/\/www.encysol.pl\/wiki\/Zygmunt_Majgier\">Zygmunt Majgier,<\/a>\u00a0Igazgat\u00f3 <a href=\"http:\/\/mnzp.pl\/\">Nemzeti M\u00fazeum Przemysl Land<\/a> Jan Jarosz<a href=\"https:\/\/marekkuchcinski.pl\/wp-content\/uploads\/2019\/01\/IMG_5096.jpg\"><img loading=\"lazy\" decoding=\"async\" class=\"alignnone size-full wp-image-12907\" src=\"https:\/\/marekkuchcinski.pl\/wp-content\/uploads\/2019\/01\/IMG_5096.jpg\" alt=\"IMG_5096\" width=\"5249\" height=\"3330\" srcset=\"https:\/\/marekkuchcinski.pl\/wp-content\/uploads\/2019\/01\/IMG_5096.jpg 2048w, https:\/\/marekkuchcinski.pl\/wp-content\/uploads\/2019\/01\/IMG_5096-300x190.jpg 300w, https:\/\/marekkuchcinski.pl\/wp-content\/uploads\/2019\/01\/IMG_5096-768x487.jpg 768w, https:\/\/marekkuchcinski.pl\/wp-content\/uploads\/2019\/01\/IMG_5096-1024x650.jpg 1024w\" sizes=\"(max-width: 5249px) 100vw, 5249px\" \/><\/a> Maria Koc, a szen\u00e1tus aleln\u00f6ke<a href=\"https:\/\/marekkuchcinski.pl\/wp-content\/uploads\/2019\/01\/IMG_5089.jpg\"><img loading=\"lazy\" decoding=\"async\" class=\"alignnone size-full wp-image-12910\" src=\"https:\/\/marekkuchcinski.pl\/wp-content\/uploads\/2019\/01\/IMG_5089.jpg\" alt=\"IMG_5089\" width=\"5308\" height=\"3586\" srcset=\"https:\/\/marekkuchcinski.pl\/wp-content\/uploads\/2019\/01\/IMG_5089.jpg 2048w, https:\/\/marekkuchcinski.pl\/wp-content\/uploads\/2019\/01\/IMG_5089-300x203.jpg 300w, https:\/\/marekkuchcinski.pl\/wp-content\/uploads\/2019\/01\/IMG_5089-768x519.jpg 768w, https:\/\/marekkuchcinski.pl\/wp-content\/uploads\/2019\/01\/IMG_5089-1024x692.jpg 1024w\" sizes=\"(max-width: 5308px) 100vw, 5308px\" \/><\/a> <a href=\"https:\/\/marekkuchcinski.pl\/wp-content\/uploads\/2019\/01\/IMG_5064-2.jpg\"><img loading=\"lazy\" decoding=\"async\" class=\"alignnone size-full wp-image-12911\" src=\"https:\/\/marekkuchcinski.pl\/wp-content\/uploads\/2019\/01\/IMG_5064-2.jpg\" alt=\"IMG_5064 2\" width=\"5148\" height=\"3085\" srcset=\"https:\/\/marekkuchcinski.pl\/wp-content\/uploads\/2019\/01\/IMG_5064-2.jpg 2048w, https:\/\/marekkuchcinski.pl\/wp-content\/uploads\/2019\/01\/IMG_5064-2-300x180.jpg 300w, https:\/\/marekkuchcinski.pl\/wp-content\/uploads\/2019\/01\/IMG_5064-2-768x460.jpg 768w, https:\/\/marekkuchcinski.pl\/wp-content\/uploads\/2019\/01\/IMG_5064-2-1024x614.jpg 1024w\" sizes=\"(max-width: 5148px) 100vw, 5148px\" \/><\/a> Prof. Jerzy Pi\u00f3recki, Dr. Jan Musia\u0142, Janusz Czarski<a href=\"https:\/\/marekkuchcinski.pl\/wp-content\/uploads\/2019\/01\/IMG_5032.jpg\"><img loading=\"lazy\" decoding=\"async\" class=\"alignnone size-full wp-image-12914\" src=\"https:\/\/marekkuchcinski.pl\/wp-content\/uploads\/2019\/01\/IMG_5032.jpg\" alt=\"IMG_5032\" width=\"5437\" height=\"3590\" srcset=\"https:\/\/marekkuchcinski.pl\/wp-content\/uploads\/2019\/01\/IMG_5032.jpg 2048w, https:\/\/marekkuchcinski.pl\/wp-content\/uploads\/2019\/01\/IMG_5032-300x198.jpg 300w, https:\/\/marekkuchcinski.pl\/wp-content\/uploads\/2019\/01\/IMG_5032-768x507.jpg 768w, https:\/\/marekkuchcinski.pl\/wp-content\/uploads\/2019\/01\/IMG_5032-1024x676.jpg 1024w\" sizes=\"(max-width: 5437px) 100vw, 5437px\" \/><\/a> <a href=\"https:\/\/marekkuchcinski.pl\/wp-content\/uploads\/2019\/01\/IMG_5124.jpg\"><img loading=\"lazy\" decoding=\"async\" class=\"alignnone size-full wp-image-12946\" src=\"https:\/\/marekkuchcinski.pl\/wp-content\/uploads\/2019\/01\/IMG_5124.jpg\" alt=\"IMG_5124\" width=\"4590\" height=\"3181\" srcset=\"https:\/\/marekkuchcinski.pl\/wp-content\/uploads\/2019\/01\/IMG_5124.jpg 2048w, https:\/\/marekkuchcinski.pl\/wp-content\/uploads\/2019\/01\/IMG_5124-300x208.jpg 300w, https:\/\/marekkuchcinski.pl\/wp-content\/uploads\/2019\/01\/IMG_5124-768x532.jpg 768w, https:\/\/marekkuchcinski.pl\/wp-content\/uploads\/2019\/01\/IMG_5124-1024x710.jpg 1024w\" sizes=\"(max-width: 4590px) 100vw, 4590px\" \/><\/a><a href=\"http:\/\/www.encysol.pl\/wiki\/Waldemar_Wiglusz\">Waldemar Wiglusz<\/a><a href=\"https:\/\/marekkuchcinski.pl\/wp-content\/uploads\/2019\/01\/IMG_5206.jpg\"><img loading=\"lazy\" decoding=\"async\" class=\"alignnone size-full wp-image-12902\" src=\"https:\/\/marekkuchcinski.pl\/wp-content\/uploads\/2019\/01\/IMG_5206.jpg\" alt=\"IMG_5206\" width=\"6240\" height=\"4160\" srcset=\"https:\/\/marekkuchcinski.pl\/wp-content\/uploads\/2019\/01\/IMG_5206.jpg 2048w, https:\/\/marekkuchcinski.pl\/wp-content\/uploads\/2019\/01\/IMG_5206-300x200.jpg 300w, https:\/\/marekkuchcinski.pl\/wp-content\/uploads\/2019\/01\/IMG_5206-768x512.jpg 768w, https:\/\/marekkuchcinski.pl\/wp-content\/uploads\/2019\/01\/IMG_5206-1024x683.jpg 1024w\" sizes=\"(max-width: 6240px) 100vw, 6240px\" \/><\/a><strong>Tiszteletes Wladyslaw Deren:<\/strong> A lengyelorsz\u00e1gi kresovjakat \u00f6ssze kell hozni, hogy visszat\u00e9rhessenek gy\u00f6kereikhez \u00e9s meg\u00faj\u00edthass\u00e1k kapcsolataikat.\u00a0<a href=\"https:\/\/marekkuchcinski.pl\/wp-content\/uploads\/2019\/01\/IMG_5208.jpg\"><img loading=\"lazy\" decoding=\"async\" class=\"alignnone size-full wp-image-12901\" src=\"https:\/\/marekkuchcinski.pl\/wp-content\/uploads\/2019\/01\/IMG_5208.jpg\" alt=\"IMG_5208\" width=\"4866\" height=\"3674\" srcset=\"https:\/\/marekkuchcinski.pl\/wp-content\/uploads\/2019\/01\/IMG_5208.jpg 2048w, https:\/\/marekkuchcinski.pl\/wp-content\/uploads\/2019\/01\/IMG_5208-300x227.jpg 300w, https:\/\/marekkuchcinski.pl\/wp-content\/uploads\/2019\/01\/IMG_5208-768x580.jpg 768w, https:\/\/marekkuchcinski.pl\/wp-content\/uploads\/2019\/01\/IMG_5208-1024x773.jpg 1024w\" sizes=\"(max-width: 4866px) 100vw, 4866px\" \/><\/a> <a href=\"https:\/\/marekkuchcinski.pl\/wp-content\/uploads\/2019\/01\/IMG_4987.jpg\"><img loading=\"lazy\" decoding=\"async\" class=\"alignnone size-full wp-image-12941\" src=\"https:\/\/marekkuchcinski.pl\/wp-content\/uploads\/2019\/01\/IMG_4987.jpg\" alt=\"IMG_4987\" width=\"5163\" height=\"3188\" srcset=\"https:\/\/marekkuchcinski.pl\/wp-content\/uploads\/2019\/01\/IMG_4987.jpg 2048w, https:\/\/marekkuchcinski.pl\/wp-content\/uploads\/2019\/01\/IMG_4987-300x185.jpg 300w, https:\/\/marekkuchcinski.pl\/wp-content\/uploads\/2019\/01\/IMG_4987-768x474.jpg 768w, https:\/\/marekkuchcinski.pl\/wp-content\/uploads\/2019\/01\/IMG_4987-1024x632.jpg 1024w\" sizes=\"(max-width: 5163px) 100vw, 5163px\" \/><\/a><strong>Zbigniew Chrzanowski:<\/strong> J\u00f3zanul kellene gondolkodnunk a fiatalok oktat\u00e1s\u00e1r\u00f3l. K\u00e9rem, ne haszn\u00e1lj\u00e1k a \"Polonia\" sz\u00f3t azokkal az emberekkel kapcsolatban, akik a hely\u00fck\u00f6n maradtak, akik nem tagadt\u00e1k meg gy\u00f6kereiket, akik megmaradtak \u00e9s akik t\u00f6r\u0151dnek ezekkel a helyekkel. Ez nem Polonia. <a href=\"https:\/\/marekkuchcinski.pl\/wp-content\/uploads\/2019\/01\/IMG_5117-1.jpg\"><img loading=\"lazy\" decoding=\"async\" class=\"alignnone size-full wp-image-12951\" src=\"https:\/\/marekkuchcinski.pl\/wp-content\/uploads\/2019\/01\/IMG_5117-1.jpg\" alt=\"IMG_5117\" width=\"6240\" height=\"4160\" srcset=\"https:\/\/marekkuchcinski.pl\/wp-content\/uploads\/2019\/01\/IMG_5117-1.jpg 2048w, https:\/\/marekkuchcinski.pl\/wp-content\/uploads\/2019\/01\/IMG_5117-1-300x200.jpg 300w, https:\/\/marekkuchcinski.pl\/wp-content\/uploads\/2019\/01\/IMG_5117-1-768x512.jpg 768w, https:\/\/marekkuchcinski.pl\/wp-content\/uploads\/2019\/01\/IMG_5117-1-1024x683.jpg 1024w\" sizes=\"(max-width: 6240px) 100vw, 6240px\" \/><\/a><strong>Anna Schmidt-Rodziewicz eur\u00f3pai parlamenti k\u00e9pvisel\u0151<\/strong> - a k\u00fclf\u00f6ldi lengyelekkel val\u00f3 kapcsolattart\u00e1ssal foglalkoz\u00f3 szejm-bizotts\u00e1g eln\u00f6ke: Hat\u00e1rvid\u00e9ki honfit\u00e1rsaink nagyon nagy \u00e1rat fizettek az\u00e9rt, hogy lengyelek legyenek, hogy bejussanak Lengyelorsz\u00e1gba, hogy \u00e1polj\u00e1k \u00e9s meg\u0151rizz\u00e9k lengyel identit\u00e1sukat.<a href=\"https:\/\/marekkuchcinski.pl\/wp-content\/uploads\/2019\/01\/IMG_5214.jpg\"> <img loading=\"lazy\" decoding=\"async\" class=\"alignnone size-full wp-image-12899\" src=\"https:\/\/marekkuchcinski.pl\/wp-content\/uploads\/2019\/01\/IMG_5214.jpg\" alt=\"IMG_5214\" width=\"6240\" height=\"4160\" srcset=\"https:\/\/marekkuchcinski.pl\/wp-content\/uploads\/2019\/01\/IMG_5214.jpg 2048w, https:\/\/marekkuchcinski.pl\/wp-content\/uploads\/2019\/01\/IMG_5214-300x200.jpg 300w, https:\/\/marekkuchcinski.pl\/wp-content\/uploads\/2019\/01\/IMG_5214-768x512.jpg 768w, https:\/\/marekkuchcinski.pl\/wp-content\/uploads\/2019\/01\/IMG_5214-1024x683.jpg 1024w\" sizes=\"(max-width: 6240px) 100vw, 6240px\" \/><\/a><strong>Emil Legowicz:<\/strong> Elfelejtettek minket, tabuk voltunk. Neh\u00e9z besz\u00e9lni azokr\u00f3l az \u00e9vekr\u0151l, amikor minden titkos volt: gy\u00f3n\u00e1s, \u00e1ldoz\u00e1s, esk\u00fcv\u0151... Az \u00e9let tragikus volt az emberi fejl\u0151d\u00e9s szempontj\u00e1b\u00f3l. De t\u00fal\u00e9lt\u00fck. Ma m\u00e1r b\u00fcszk\u00e9k lehet\u00fcnk arra, hogy ott maradtunk. Nem az\u00e9rt ment\u00fcnk el, mert v\u00e9rs\u00e9gi k\u00f6tel\u00e9k f\u0171z minket ehhez a f\u00f6ldh\u00f6z. <a href=\"https:\/\/marekkuchcinski.pl\/wp-content\/uploads\/2019\/01\/IMG_4988-1.jpg\"><img loading=\"lazy\" decoding=\"async\" class=\"alignnone size-full wp-image-12935\" src=\"https:\/\/marekkuchcinski.pl\/wp-content\/uploads\/2019\/01\/IMG_4988-1.jpg\" alt=\"IMG_4988\" width=\"5293\" height=\"3853\" srcset=\"https:\/\/marekkuchcinski.pl\/wp-content\/uploads\/2019\/01\/IMG_4988-1.jpg 2048w, https:\/\/marekkuchcinski.pl\/wp-content\/uploads\/2019\/01\/IMG_4988-1-300x218.jpg 300w, https:\/\/marekkuchcinski.pl\/wp-content\/uploads\/2019\/01\/IMG_4988-1-768x559.jpg 768w, https:\/\/marekkuchcinski.pl\/wp-content\/uploads\/2019\/01\/IMG_4988-1-1024x745.jpg 1024w\" sizes=\"(max-width: 5293px) 100vw, 5293px\" \/><\/a> <a href=\"http:\/\/www.encysol.pl\/wiki\/Marek_Kami%C5%84ski\">Marek Kami\u0144ski<\/a>, Robert Choma (Przemy\u015bl polg\u00e1rmestere 2002-t\u0151l 2018-ig)<a href=\"https:\/\/marekkuchcinski.pl\/wp-content\/uploads\/2019\/01\/IMG_5095-1.jpg\"><img loading=\"lazy\" decoding=\"async\" class=\"alignnone size-full wp-image-12936\" src=\"https:\/\/marekkuchcinski.pl\/wp-content\/uploads\/2019\/01\/IMG_5095-1.jpg\" alt=\"IMG_5095\" width=\"5766\" height=\"4027\" srcset=\"https:\/\/marekkuchcinski.pl\/wp-content\/uploads\/2019\/01\/IMG_5095-1.jpg 2048w, https:\/\/marekkuchcinski.pl\/wp-content\/uploads\/2019\/01\/IMG_5095-1-300x210.jpg 300w, https:\/\/marekkuchcinski.pl\/wp-content\/uploads\/2019\/01\/IMG_5095-1-768x536.jpg 768w, https:\/\/marekkuchcinski.pl\/wp-content\/uploads\/2019\/01\/IMG_5095-1-1024x715.jpg 1024w\" sizes=\"(max-width: 5766px) 100vw, 5766px\" \/><\/a> <a href=\"https:\/\/marekkuchcinski.pl\/wp-content\/uploads\/2019\/01\/IMG_5069.jpg\"><img loading=\"lazy\" decoding=\"async\" class=\"alignnone size-full wp-image-12944\" src=\"https:\/\/marekkuchcinski.pl\/wp-content\/uploads\/2019\/01\/IMG_5069.jpg\" alt=\"IMG_5069\" width=\"6240\" height=\"3939\" srcset=\"https:\/\/marekkuchcinski.pl\/wp-content\/uploads\/2019\/01\/IMG_5069.jpg 2048w, https:\/\/marekkuchcinski.pl\/wp-content\/uploads\/2019\/01\/IMG_5069-300x189.jpg 300w, https:\/\/marekkuchcinski.pl\/wp-content\/uploads\/2019\/01\/IMG_5069-768x485.jpg 768w, https:\/\/marekkuchcinski.pl\/wp-content\/uploads\/2019\/01\/IMG_5069-1024x646.jpg 1024w\" sizes=\"(max-width: 6240px) 100vw, 6240px\" \/><\/a><a href=\"https:\/\/marekkuchcinski.pl\/wp-content\/uploads\/2019\/01\/IMG_5101.jpg\"><img loading=\"lazy\" decoding=\"async\" class=\"alignnone size-full wp-image-12905\" src=\"https:\/\/marekkuchcinski.pl\/wp-content\/uploads\/2019\/01\/IMG_5101.jpg\" alt=\"IMG_5101\" width=\"5584\" height=\"3251\" srcset=\"https:\/\/marekkuchcinski.pl\/wp-content\/uploads\/2019\/01\/IMG_5101.jpg 2048w, https:\/\/marekkuchcinski.pl\/wp-content\/uploads\/2019\/01\/IMG_5101-300x175.jpg 300w, https:\/\/marekkuchcinski.pl\/wp-content\/uploads\/2019\/01\/IMG_5101-768x447.jpg 768w, https:\/\/marekkuchcinski.pl\/wp-content\/uploads\/2019\/01\/IMG_5101-1024x596.jpg 1024w\" sizes=\"(max-width: 5584px) 100vw, 5584px\" \/><\/a> <a href=\"https:\/\/marekkuchcinski.pl\/wp-content\/uploads\/2019\/01\/IMG_4962.jpg\"><img loading=\"lazy\" decoding=\"async\" class=\"alignnone size-full wp-image-12929\" src=\"https:\/\/marekkuchcinski.pl\/wp-content\/uploads\/2019\/01\/IMG_4962.jpg\" alt=\"IMG_4962\" width=\"6110\" height=\"3942\" srcset=\"https:\/\/marekkuchcinski.pl\/wp-content\/uploads\/2019\/01\/IMG_4962.jpg 2048w, https:\/\/marekkuchcinski.pl\/wp-content\/uploads\/2019\/01\/IMG_4962-300x194.jpg 300w, https:\/\/marekkuchcinski.pl\/wp-content\/uploads\/2019\/01\/IMG_4962-768x495.jpg 768w, https:\/\/marekkuchcinski.pl\/wp-content\/uploads\/2019\/01\/IMG_4962-1024x661.jpg 1024w\" sizes=\"(max-width: 6110px) 100vw, 6110px\" \/><\/a><span style=\"color: #0000ff;\"><a style=\"color: #0000ff;\" href=\"https:\/\/www.facebook.com\/linia102pl\/\"><strong>A 102-es vonallal<\/strong> <\/a><\/span><a href=\"https:\/\/marekkuchcinski.pl\/wp-content\/uploads\/2019\/01\/IMG_5165.jpg\"><img loading=\"lazy\" decoding=\"async\" class=\"alignnone size-full wp-image-12930\" src=\"https:\/\/marekkuchcinski.pl\/wp-content\/uploads\/2019\/01\/IMG_5165.jpg\" alt=\"IMG_5165\" width=\"5455\" height=\"3149\" srcset=\"https:\/\/marekkuchcinski.pl\/wp-content\/uploads\/2019\/01\/IMG_5165.jpg 2048w, https:\/\/marekkuchcinski.pl\/wp-content\/uploads\/2019\/01\/IMG_5165-300x173.jpg 300w, https:\/\/marekkuchcinski.pl\/wp-content\/uploads\/2019\/01\/IMG_5165-768x443.jpg 768w, https:\/\/marekkuchcinski.pl\/wp-content\/uploads\/2019\/01\/IMG_5165-1024x591.jpg 1024w\" sizes=\"(max-width: 5455px) 100vw, 5455px\" \/><\/a>A Szejm eln\u00f6ke d\u00edjakat adott \u00e1t az \"1918 - \u00faj rend K\u00f6z\u00e9p- \u00e9s Kelet-Eur\u00f3p\u00e1ban\" c\u00edm\u0171 nemzetk\u00f6zi p\u00e1ly\u00e1zat nyerteseinek.<\/p>","protected":false},"excerpt":{"rendered":"<p>W Muzeum Narodowym Ziemi Przemyskiej podj\u0119to temat Polak\u00f3w na Wschodzie &#8211; jak m\u00f3wi\u0142 marsza\u0142ek Sejmu Marek Kuchci\u0144ski &#8211; temat trudny i dla wielu bolesny, \u0142\u0105cz\u0105cy ze\u00a0wspomnieniami czas\u00f3w wojny i powojennego okresu \u2013 deportacji, przesiedle\u0144, nacjonalistycznej przemocy i utraconego domu. Domu nie tylko w znaczeniu rodzinnym, lecz w wymiarze wielowiekowego duchowego i\u00a0materialnego dorobku. Marek Kuchci\u0144ski podkre\u015bla\u0142, [&hellip;]<\/p>\n","protected":false},"author":6,"featured_media":13052,"comment_status":"open","ping_status":"open","sticky":false,"template":"","format":"standard","meta":{"ngg_post_thumbnail":0,"footnotes":""},"categories":[49,50,3],"tags":[],"class_list":["post-12892","post","type-post","status-publish","format-standard","has-post-thumbnail","hentry","category-podkarpacie","category-wspolpraca-miedzynarodowa","category-wydarzenia"],"_links":{"self":[{"href":"https:\/\/marekkuchcinski.pl\/hu\/wp-json\/wp\/v2\/posts\/12892","targetHints":{"allow":["GET"]}}],"collection":[{"href":"https:\/\/marekkuchcinski.pl\/hu\/wp-json\/wp\/v2\/posts"}],"about":[{"href":"https:\/\/marekkuchcinski.pl\/hu\/wp-json\/wp\/v2\/types\/post"}],"author":[{"embeddable":true,"href":"https:\/\/marekkuchcinski.pl\/hu\/wp-json\/wp\/v2\/users\/6"}],"replies":[{"embeddable":true,"href":"https:\/\/marekkuchcinski.pl\/hu\/wp-json\/wp\/v2\/comments?post=12892"}],"version-history":[{"count":33,"href":"https:\/\/marekkuchcinski.pl\/hu\/wp-json\/wp\/v2\/posts\/12892\/revisions"}],"predecessor-version":[{"id":13009,"href":"https:\/\/marekkuchcinski.pl\/hu\/wp-json\/wp\/v2\/posts\/12892\/revisions\/13009"}],"wp:featuredmedia":[{"embeddable":true,"href":"https:\/\/marekkuchcinski.pl\/hu\/wp-json\/wp\/v2\/media\/13052"}],"wp:attachment":[{"href":"https:\/\/marekkuchcinski.pl\/hu\/wp-json\/wp\/v2\/media?parent=12892"}],"wp:term":[{"taxonomy":"category","embeddable":true,"href":"https:\/\/marekkuchcinski.pl\/hu\/wp-json\/wp\/v2\/categories?post=12892"},{"taxonomy":"post_tag","embeddable":true,"href":"https:\/\/marekkuchcinski.pl\/hu\/wp-json\/wp\/v2\/tags?post=12892"}],"curies":[{"name":"wp","href":"https:\/\/api.w.org\/{rel}","templated":true}]}}