{"id":12734,"date":"2019-01-22T14:30:57","date_gmt":"2019-01-22T13:30:57","guid":{"rendered":"https:\/\/marekkuchcinski.pl\/?p=12734"},"modified":"2019-01-22T14:35:05","modified_gmt":"2019-01-22T13:35:05","slug":"zapraszamy-przemysla-konferencje-polacy-wschodzie","status":"publish","type":"post","link":"https:\/\/marekkuchcinski.pl\/hu\/wydarzenia\/zapraszamy-przemysla-konferencje-polacy-wschodzie\/","title":{"rendered":"Megh\u00edvjuk \u00d6nt Przemy\u015blbe a \"Lengyelek keleten\" c\u00edm\u0171 konferenci\u00e1ra."},"content":{"rendered":"<p style=\"text-align: center;\"><strong>A Przemysli Nemzeti M\u00fazeum \u00e9s a Nemzeti Eml\u00e9kezet Int\u00e9zete Rzesz\u00f3wi Fi\u00f3kja szeretettel megh\u00edvja \u00d6nt a \"Lengyelek Keleten.<\/strong><\/p>\n<p style=\"text-align: center;\"><span style=\"color: #800000;\"><strong>A konferenci\u00e1t Marek Kuchci\u0144ski, a Lengyel K\u00f6zt\u00e1rsas\u00e1g eln\u00f6ke tiszteletbeli v\u00e9dn\u00f6ks\u00e9ge alatt tartott\u00e1k.\u00a0<\/strong><\/span><\/p>\n<p style=\"text-align: center;\"><span style=\"color: #000000;\"><strong>Program:<\/strong><\/span><\/p>\n<p style=\"text-align: center;\"><strong>10.00 - Szentmise a przemy\u015bli \u00e9rseki bazilik\u00e1ban Zbigniew Kuchci\u0144ski 90. sz\u00fclet\u00e9snapja alkalm\u00e1b\u00f3l<\/strong><\/p>\n<p style=\"text-align: center;\"><strong>11.30 - Konferencia:<\/strong><\/p>\n<p style=\"text-align: center;\"><strong>Jan Jarosz, az MNZP igazgat\u00f3j\u00e1nak k\u00f6sz\u00f6nt\u0151je<\/strong><\/p>\n<p style=\"text-align: center;\"><span style=\"color: #800000;\"><strong>Marek Kuchci\u0144ski, a Szejm eln\u00f6ke besz\u00e9de<\/strong><\/span><\/p>\n<p style=\"text-align: center;\"><strong>Szovjet deport\u00e1l\u00e1sok a San foly\u00f3r\u00f3l 1940-ben. - Tomasz Bereza, Nemzeti Eml\u00e9kezet Int\u00e9zet\u00e9nek rzesz\u00f3wi fi\u00f3kja.<\/strong><\/p>\n<p style=\"text-align: center;\"><strong>Kapcsolattart\u00e1s \u00e9s seg\u00edts\u00e9gny\u00fajt\u00e1s 1989 ut\u00e1n. Jan Jarosz, a przemy\u015bli Nemzeti M\u00fazeum igazgat\u00f3ja.<\/strong><\/p>\n<p style=\"text-align: center;\"><strong>A lengyel \u00e1llam politik\u00e1ja a lengyelekkel szemben az egykori lengyel hat\u00e1rvid\u00e9ken - Maria Koc, a Lengyel K\u00f6zt\u00e1rsas\u00e1g Szen\u00e1tus\u00e1nak aleln\u00f6ke.<\/strong><\/p>\n<p style=\"text-align: center;\"><strong>A rendezv\u00e9nyre 2019. janu\u00e1r 27-\u00e9n ker\u00fcl sor a Przemysl-f\u00f6ld Nemzeti M\u00fazeum f\u0151\u00e9p\u00fclet\u00e9ben, a Berka Joselewicza 1. sz\u00e1m alatt.<\/strong><\/p>\n<p style=\"text-align: center;\">\n<p style=\"text-align: center;\"><a href=\"https:\/\/marekkuchcinski.pl\/wp-content\/uploads\/2019\/01\/plakatmaly_1.jpg\"><img fetchpriority=\"high\" decoding=\"async\" class=\"size-full wp-image-12737 aligncenter\" src=\"https:\/\/marekkuchcinski.pl\/wp-content\/uploads\/2019\/01\/plakatmaly_1.jpg\" alt=\"plakatmaly_1\" width=\"800\" height=\"1067\" srcset=\"https:\/\/marekkuchcinski.pl\/wp-content\/uploads\/2019\/01\/plakatmaly_1.jpg 800w, https:\/\/marekkuchcinski.pl\/wp-content\/uploads\/2019\/01\/plakatmaly_1-225x300.jpg 225w, https:\/\/marekkuchcinski.pl\/wp-content\/uploads\/2019\/01\/plakatmaly_1-768x1024.jpg 768w\" sizes=\"(max-width: 800px) 100vw, 800px\" \/><\/a><\/p>","protected":false},"excerpt":{"rendered":"<p>Muzeum Narodowe Ziemi Przemyskiej oraz Instytut Pami\u0119ci Narodowej Oddzia\u0142 w Rzeszowie serdecznie zapraszaj\u0105 na konferencj\u0119 pod tytu\u0142em &#8222;Polacy na wschodzie&#8221;. Konferencja obj\u0119ta zosta\u0142a honorowym patronatem Marsza\u0142ka Rzeczypospolitej Polskiej Marka Kuchci\u0144skiego.\u00a0 Program: 10.00 &#8211; Msza \u015awi\u0119ta w Bazylice Archikatedralnej w Przemy\u015blu w 90. rocznic\u0119 urodzin Zbigniewa Kuchci\u0144skiego 11.30 &#8211; Konferencja: Powitanie go\u015bci przez dyrektora MNZP\u00a0 Jana [&hellip;]<\/p>\n","protected":false},"author":6,"featured_media":12735,"comment_status":"open","ping_status":"open","sticky":false,"template":"","format":"standard","meta":{"ngg_post_thumbnail":0,"footnotes":""},"categories":[49,3],"tags":[],"class_list":["post-12734","post","type-post","status-publish","format-standard","has-post-thumbnail","hentry","category-podkarpacie","category-wydarzenia"],"_links":{"self":[{"href":"https:\/\/marekkuchcinski.pl\/hu\/wp-json\/wp\/v2\/posts\/12734","targetHints":{"allow":["GET"]}}],"collection":[{"href":"https:\/\/marekkuchcinski.pl\/hu\/wp-json\/wp\/v2\/posts"}],"about":[{"href":"https:\/\/marekkuchcinski.pl\/hu\/wp-json\/wp\/v2\/types\/post"}],"author":[{"embeddable":true,"href":"https:\/\/marekkuchcinski.pl\/hu\/wp-json\/wp\/v2\/users\/6"}],"replies":[{"embeddable":true,"href":"https:\/\/marekkuchcinski.pl\/hu\/wp-json\/wp\/v2\/comments?post=12734"}],"version-history":[{"count":2,"href":"https:\/\/marekkuchcinski.pl\/hu\/wp-json\/wp\/v2\/posts\/12734\/revisions"}],"predecessor-version":[{"id":12738,"href":"https:\/\/marekkuchcinski.pl\/hu\/wp-json\/wp\/v2\/posts\/12734\/revisions\/12738"}],"wp:featuredmedia":[{"embeddable":true,"href":"https:\/\/marekkuchcinski.pl\/hu\/wp-json\/wp\/v2\/media\/12735"}],"wp:attachment":[{"href":"https:\/\/marekkuchcinski.pl\/hu\/wp-json\/wp\/v2\/media?parent=12734"}],"wp:term":[{"taxonomy":"category","embeddable":true,"href":"https:\/\/marekkuchcinski.pl\/hu\/wp-json\/wp\/v2\/categories?post=12734"},{"taxonomy":"post_tag","embeddable":true,"href":"https:\/\/marekkuchcinski.pl\/hu\/wp-json\/wp\/v2\/tags?post=12734"}],"curies":[{"name":"wp","href":"https:\/\/api.w.org\/{rel}","templated":true}]}}