{"id":12697,"date":"2019-01-22T09:35:36","date_gmt":"2019-01-22T08:35:36","guid":{"rendered":"https:\/\/marekkuchcinski.pl\/?p=12697"},"modified":"2019-01-22T10:38:45","modified_gmt":"2019-01-22T09:38:45","slug":"marek-kuchcinski-oddal-hold-powstancom-styczniowym","status":"publish","type":"post","link":"https:\/\/marekkuchcinski.pl\/hu\/wydarzenia\/marek-kuchcinski-oddal-hold-powstancom-styczniowym\/","title":{"rendered":"Marek Kuchci\u0144ski tiszteleg a janu\u00e1ri felkel\u00e9s felkel\u0151i el\u0151tt"},"content":{"rendered":"<p>1863. janu\u00e1r 22-\u00e9n kit\u00f6rt a janu\u00e1ri felkel\u00e9s. Ez egy fegyveres felkel\u00e9s volt a c\u00e1ri rezsim ellen, amelyben az orosz elit Lengyelorsz\u00e1got jogos tulajdon\u00e1nak, Lengyelorsz\u00e1g feloszt\u00e1s\u00e1t pedig a t\u00f6rt\u00e9nelmi igazs\u00e1gszolg\u00e1ltat\u00e1s aktus\u00e1nak tekintette.<\/p>\n<p>Dr\u00e1mai lefoly\u00e1sa \u00e9s k\u00f6vetkezm\u00e9nyei ellen\u00e9re (a Lengyel Kir\u00e1lys\u00e1g teljesen elvesztette auton\u00f3mi\u00e1j\u00e1t, b\u00f6rt\u00f6n\u00f6kbe \u00e9s Szib\u00e9ri\u00e1ba ker\u00fclt) a lengyel hazafis\u00e1g, a m\u00e9lt\u00f3s\u00e1g\u00e9rt \u00e9s szabads\u00e1g\u00e9rt folytatott k\u00fczdelem nagy \u00f6r\u00f6ks\u00e9ge lett.<\/p>\n<p>Marek Kuchci\u0144ski, a szejm eln\u00f6ke a rzesz\u00f3wi temet\u0151ben a janu\u00e1ri felkel\u00e9s felkel\u0151inek eml\u00e9km\u0171v\u00e9n\u00e9l vir\u00e1got helyezett el a h\u0151s\u00f6k el\u0151tt.<\/p>\n<p><em>Fot\u00f3: M. Olejnik<\/em><\/p>\n<p><a href=\"https:\/\/marekkuchcinski.pl\/wp-content\/uploads\/2019\/01\/PSX_20190121_1735382-1.jpg\"><img fetchpriority=\"high\" decoding=\"async\" class=\"alignnone size-full wp-image-12700\" src=\"https:\/\/marekkuchcinski.pl\/wp-content\/uploads\/2019\/01\/PSX_20190121_1735382-1.jpg\" alt=\"PSX_20190121_173538~2\" width=\"4677\" height=\"3071\" srcset=\"https:\/\/marekkuchcinski.pl\/wp-content\/uploads\/2019\/01\/PSX_20190121_1735382-1.jpg 2048w, https:\/\/marekkuchcinski.pl\/wp-content\/uploads\/2019\/01\/PSX_20190121_1735382-1-300x197.jpg 300w, https:\/\/marekkuchcinski.pl\/wp-content\/uploads\/2019\/01\/PSX_20190121_1735382-1-768x504.jpg 768w, https:\/\/marekkuchcinski.pl\/wp-content\/uploads\/2019\/01\/PSX_20190121_1735382-1-1024x672.jpg 1024w\" sizes=\"(max-width: 4677px) 100vw, 4677px\" \/><\/a><a href=\"https:\/\/marekkuchcinski.pl\/wp-content\/uploads\/2019\/01\/PSX_20190121_173757.jpg\"><img decoding=\"async\" class=\"alignnone size-full wp-image-12701\" src=\"https:\/\/marekkuchcinski.pl\/wp-content\/uploads\/2019\/01\/PSX_20190121_173757.jpg\" alt=\"PSX_20190121_173757\" width=\"4690\" height=\"3063\" srcset=\"https:\/\/marekkuchcinski.pl\/wp-content\/uploads\/2019\/01\/PSX_20190121_173757.jpg 2048w, https:\/\/marekkuchcinski.pl\/wp-content\/uploads\/2019\/01\/PSX_20190121_173757-300x196.jpg 300w, https:\/\/marekkuchcinski.pl\/wp-content\/uploads\/2019\/01\/PSX_20190121_173757-768x502.jpg 768w, https:\/\/marekkuchcinski.pl\/wp-content\/uploads\/2019\/01\/PSX_20190121_173757-1024x669.jpg 1024w\" sizes=\"(max-width: 4690px) 100vw, 4690px\" \/><\/a><\/p>\n<div style=\"width: 720px;\" class=\"wp-video\"><video class=\"wp-video-shortcode\" id=\"video-12697-1\" width=\"720\" height=\"406\" preload=\"metadata\" controls=\"controls\"><source type=\"video\/mp4\" src=\"https:\/\/marekkuchcinski.pl\/wp-content\/uploads\/2019\/01\/VID_281920719_200125_429-1.mp4?_=1\" \/><a href=\"https:\/\/marekkuchcinski.pl\/wp-content\/uploads\/2019\/01\/VID_281920719_200125_429-1.mp4\">https:\/\/marekkuchcinski.pl\/wp-content\/uploads\/2019\/01\/VID_281920719_200125_429-1.mp4<\/a><\/video><\/div>","protected":false},"excerpt":{"rendered":"<p>22 stycznia 1863 roku wybuch\u0142o powstanie styczniowe. By\u0142o ono zbrojnym sprzeciwem\u00a0wobec carskiemu re\u017cimowi, w kt\u00f3rym elity rosyjskie uznawa\u0142y Polsk\u0119 za prawowit\u0105 w\u0142asno\u015b\u0107, a rozbi\u00f3r Polski za\u00a0akt historycznej \u00a0sprawiedliwo\u015bci. Mimo dramatycznego przebiegu i\u00a0konsekwencji (Kr\u00f3lestwo Polskie ca\u0142kowicie utraci\u0142o autonomi\u0119, zsy\u0142ki do wi\u0119zie\u0144 i na Sybir) zapisa\u0142o si\u0119 jako wielkie dziedzictwo polskiego patriotyzmu, walki o godno\u015b\u0107 i wolno\u015b\u0107. [&hellip;]<\/p>\n","protected":false},"author":6,"featured_media":12698,"comment_status":"open","ping_status":"open","sticky":false,"template":"","format":"standard","meta":{"ngg_post_thumbnail":0,"footnotes":""},"categories":[49,77,3],"tags":[],"class_list":["post-12697","post","type-post","status-publish","format-standard","has-post-thumbnail","hentry","category-podkarpacie","category-wazne-daty","category-wydarzenia"],"_links":{"self":[{"href":"https:\/\/marekkuchcinski.pl\/hu\/wp-json\/wp\/v2\/posts\/12697","targetHints":{"allow":["GET"]}}],"collection":[{"href":"https:\/\/marekkuchcinski.pl\/hu\/wp-json\/wp\/v2\/posts"}],"about":[{"href":"https:\/\/marekkuchcinski.pl\/hu\/wp-json\/wp\/v2\/types\/post"}],"author":[{"embeddable":true,"href":"https:\/\/marekkuchcinski.pl\/hu\/wp-json\/wp\/v2\/users\/6"}],"replies":[{"embeddable":true,"href":"https:\/\/marekkuchcinski.pl\/hu\/wp-json\/wp\/v2\/comments?post=12697"}],"version-history":[{"count":5,"href":"https:\/\/marekkuchcinski.pl\/hu\/wp-json\/wp\/v2\/posts\/12697\/revisions"}],"predecessor-version":[{"id":12723,"href":"https:\/\/marekkuchcinski.pl\/hu\/wp-json\/wp\/v2\/posts\/12697\/revisions\/12723"}],"wp:featuredmedia":[{"embeddable":true,"href":"https:\/\/marekkuchcinski.pl\/hu\/wp-json\/wp\/v2\/media\/12698"}],"wp:attachment":[{"href":"https:\/\/marekkuchcinski.pl\/hu\/wp-json\/wp\/v2\/media?parent=12697"}],"wp:term":[{"taxonomy":"category","embeddable":true,"href":"https:\/\/marekkuchcinski.pl\/hu\/wp-json\/wp\/v2\/categories?post=12697"},{"taxonomy":"post_tag","embeddable":true,"href":"https:\/\/marekkuchcinski.pl\/hu\/wp-json\/wp\/v2\/tags?post=12697"}],"curies":[{"name":"wp","href":"https:\/\/api.w.org\/{rel}","templated":true}]}}