{"id":12600,"date":"2019-01-19T22:20:24","date_gmt":"2019-01-19T21:20:24","guid":{"rendered":"https:\/\/marekkuchcinski.pl\/?p=12600"},"modified":"2019-01-22T10:14:16","modified_gmt":"2019-01-22T09:14:16","slug":"bieszczady-przyciagaja-mlodych-ludzi-stoki-juz-niebawem-maja-szanse-stac-sie-centrum-treningowym-swiatowym-poziomie","status":"publish","type":"post","link":"https:\/\/marekkuchcinski.pl\/hu\/wydarzenia\/bieszczady-przyciagaja-mlodych-ludzi-stoki-juz-niebawem-maja-szanse-stac-sie-centrum-treningowym-swiatowym-poziomie\/","title":{"rendered":"Bieszczady vonzza a lejt\u0151kre. Hamarosan es\u00e9ly\u00fck lesz arra, hogy vil\u00e1gsz\u00ednvonal\u00fa k\u00e9pz\u00e9si k\u00f6zpontt\u00e1 v\u00e1ljanak."},"content":{"rendered":"<p style=\"font-weight: 400;\">A Bieszczady-hegys\u00e9gben a Szejm eln\u00f6ke, Marek Kuchci\u0144ski tiszteletbeli v\u00e9dn\u00f6ks\u00e9ge alatt, aki \u00e9vek \u00f3ta t\u00e1mogatja a kezdem\u00e9nyez\u00e9st, elindult a Podkarpacie Gyermek \u00e9s Ifj\u00fas\u00e1gi S\u00edfut\u00f3 Liga \u00e9s az 5. Podkarpacie Gyermek \u00e9s Ifj\u00fas\u00e1gi S\u00edfut\u00f3 Liga.<\/p>\n<p style=\"font-weight: 400;\">A verseny hat koroszt\u00e1lyban zajlott a Stanis\u0142aw Nahajowskir\u00f3l elnevezett \u00fatvonalakon Ustjanowa G\u00f3rn\u00e1ban.<\/p>\n<p><a href=\"https:\/\/marekkuchcinski.pl\/wp-content\/uploads\/2019\/01\/DSCF3336.jpg\"><img fetchpriority=\"high\" decoding=\"async\" class=\"alignnone size-full wp-image-12607\" src=\"https:\/\/marekkuchcinski.pl\/wp-content\/uploads\/2019\/01\/DSCF3336.jpg\" alt=\"DSCF3336\" width=\"3587\" height=\"2142\" srcset=\"https:\/\/marekkuchcinski.pl\/wp-content\/uploads\/2019\/01\/DSCF3336.jpg 2048w, https:\/\/marekkuchcinski.pl\/wp-content\/uploads\/2019\/01\/DSCF3336-300x179.jpg 300w, https:\/\/marekkuchcinski.pl\/wp-content\/uploads\/2019\/01\/DSCF3336-768x459.jpg 768w, https:\/\/marekkuchcinski.pl\/wp-content\/uploads\/2019\/01\/DSCF3336-1024x611.jpg 1024w\" sizes=\"(max-width: 3587px) 100vw, 3587px\" \/><\/a> <a href=\"https:\/\/marekkuchcinski.pl\/wp-content\/uploads\/2019\/01\/DSCF3314-1.jpg\"><img decoding=\"async\" class=\"alignnone size-full wp-image-12604\" src=\"https:\/\/marekkuchcinski.pl\/wp-content\/uploads\/2019\/01\/DSCF3314-1.jpg\" alt=\"DSCF3314 (1)\" width=\"4352\" height=\"2501\" srcset=\"https:\/\/marekkuchcinski.pl\/wp-content\/uploads\/2019\/01\/DSCF3314-1.jpg 2048w, https:\/\/marekkuchcinski.pl\/wp-content\/uploads\/2019\/01\/DSCF3314-1-300x172.jpg 300w, https:\/\/marekkuchcinski.pl\/wp-content\/uploads\/2019\/01\/DSCF3314-1-768x441.jpg 768w, https:\/\/marekkuchcinski.pl\/wp-content\/uploads\/2019\/01\/DSCF3314-1-1024x588.jpg 1024w\" sizes=\"(max-width: 4352px) 100vw, 4352px\" \/><\/a><a href=\"https:\/\/marekkuchcinski.pl\/wp-content\/uploads\/2019\/01\/DSCF3345.jpg\"><img decoding=\"async\" class=\"alignnone size-full wp-image-12720\" src=\"https:\/\/marekkuchcinski.pl\/wp-content\/uploads\/2019\/01\/DSCF3345.jpg\" alt=\"DSCF3345\" width=\"3250\" height=\"2179\" srcset=\"https:\/\/marekkuchcinski.pl\/wp-content\/uploads\/2019\/01\/DSCF3345.jpg 2048w, https:\/\/marekkuchcinski.pl\/wp-content\/uploads\/2019\/01\/DSCF3345-300x201.jpg 300w, https:\/\/marekkuchcinski.pl\/wp-content\/uploads\/2019\/01\/DSCF3345-768x515.jpg 768w, https:\/\/marekkuchcinski.pl\/wp-content\/uploads\/2019\/01\/DSCF3345-1024x687.jpg 1024w\" sizes=\"(max-width: 3250px) 100vw, 3250px\" \/><\/a><\/p>\n<p>Marek Kuchci\u0144ski marsall kezdem\u00e9nyez\u00e9s\u00e9re Podkarpackie-ban sportberuh\u00e1z\u00e1si terv k\u00e9sz\u00fcl, amelynek k\u00f6z\u00e9ppontj\u00e1ban a K\u00f6zponti Sportk\u00f6zpont \u00e1ll. A COS-k\u00f6zpontok olyan helyek, ahol a nemzeti csapatok k\u00fcl\u00f6nb\u00f6z\u0151 szinteken edzenek. A lengyel sportegyes\u00fcletek fiatalokat \u00e9s vil\u00e1gklasszis sportol\u00f3kat k\u00e9peznek ott.<\/p>\n<p>Az ilyen k\u00f6zpontokat az orsz\u00e1g minden r\u00e9sz\u00e9b\u0151l \u00e9rkez\u0151 j\u00e1t\u00e9kosok ostromolj\u00e1k. Ha azonban j\u00f3l felszereltek \u00e9s modern infrastrukt\u00far\u00e1val rendelkeznek, akkor a k\u00fclf\u00f6ldi l\u00e1togat\u00f3k \u00e9rdekl\u0151d\u00e9s\u00e9t is felkeltik. Ez azonban nem a t\u00f6rt\u00e9net v\u00e9ge. Gyakran a COS az eg\u00e9sz r\u00e9gi\u00f3 sport\u00e9let\u00e9nek sz\u00edve. Itt tartanak speci\u00e1lis k\u00e9pz\u00e9seket, coaching konzult\u00e1ci\u00f3kat \u00e9s tudom\u00e1nyos szimp\u00f3ziumokat. T\u00f6bb sz\u00e1z sportol\u00f3 keres sz\u00e1ll\u00e1st a COS k\u00f6zel\u00e9ben. Ez tov\u00e1bbi lehet\u0151s\u00e9geket k\u00edn\u00e1l a sz\u00e1llodai, orvosi \u00e9s rehabilit\u00e1ci\u00f3s l\u00e9tes\u00edtm\u00e9nyek fejleszt\u00e9s\u00e9re.<\/p>\n<p>J\u00f3 p\u00e9lda erre a z\u00e1kopanei \u00e9s a cetniew\u00f3i COS, ahol a legjobbak \u00e1lland\u00f3an a k\u00f6zpontban \u00e9lnek, \u00e9s egyszerre t\u00f6bb tucat edz\u0151t\u00e1bort szerveznek e l\u00e9tes\u00edtm\u00e9nyek k\u00f6r\u00fcl. Nem lehet ez m\u00e1sk\u00e9pp az Ustrzyki Dolne eset\u00e9ben sem. A k\u00f6rny\u00e9ken s\u00edugr\u00f3s\u00e1ncok, lesikl\u00f3p\u00e1ly\u00e1k \u00e9s s\u00edfut\u00f3p\u00e1ly\u00e1k, valamint v\u00edzi sportok helysz\u00ednei tal\u00e1lhat\u00f3k. Bieszczady megfelel az alpesi s\u00edel\u00e9s krit\u00e9riumainak. A p\u00e1ly\u00e1k FIS-homologiz\u00e1ci\u00f3val rendelkeznek, \u00e9s a helyi liga a technikai versenyekre specializ\u00e1l\u00f3dott: szlalom, \u00f3ri\u00e1s szlalom (Laworta). - A Bieszczady COS-t m\u00e1r \"nyolcadik elemk\u00e9nt\" emlegetik. Lengyelorsz\u00e1gban h\u00e9t k\u00f6zponti sportk\u00f6zpontunk van: Cetniewo, Spala, Szczyrk, Zakopane, Vars\u00f3, W\u0142adys\u0142awowo, Gi\u017cycko \u00e9s Wa\u0142cz. Ez egy \u00fajabb lesz a sport puzzle-ban, amely a r\u00e9gi\u00f3t gazdas\u00e1gilag is \u00f6szt\u00f6n\u00f6zni hivatott. Az egyik alapvet\u0151 felt\u00e9tel a helyi hat\u00f3s\u00e1gok egy\u00fcttm\u0171k\u00f6d\u00e9se - mondta Kuchci\u0144ski marsall, aki ma tal\u00e1lkozott Ustrzyki Dolne \u00f6nkorm\u00e1nyzati tisztvisel\u0151ivel, hogy megvitass\u00e1k a COS koncepci\u00f3j\u00e1t \u00e9s meghat\u00e1rozz\u00e1k a c\u00e9lokat.<\/p>\n<p><a href=\"https:\/\/marekkuchcinski.pl\/wp-content\/uploads\/2019\/01\/DSCF3587-2-2.jpg\"><img loading=\"lazy\" decoding=\"async\" class=\"alignnone size-full wp-image-12613\" src=\"https:\/\/marekkuchcinski.pl\/wp-content\/uploads\/2019\/01\/DSCF3587-2-2.jpg\" alt=\"DSCF3587 2 2\" width=\"4896\" height=\"3264\" srcset=\"https:\/\/marekkuchcinski.pl\/wp-content\/uploads\/2019\/01\/DSCF3587-2-2.jpg 2048w, https:\/\/marekkuchcinski.pl\/wp-content\/uploads\/2019\/01\/DSCF3587-2-2-300x200.jpg 300w, https:\/\/marekkuchcinski.pl\/wp-content\/uploads\/2019\/01\/DSCF3587-2-2-768x512.jpg 768w, https:\/\/marekkuchcinski.pl\/wp-content\/uploads\/2019\/01\/DSCF3587-2-2-1024x683.jpg 1024w\" sizes=\"(max-width: 4896px) 100vw, 4896px\" \/><\/a><a href=\"https:\/\/marekkuchcinski.pl\/wp-content\/uploads\/2019\/01\/DSCF3354.jpg\"><img loading=\"lazy\" decoding=\"async\" class=\"alignnone size-full wp-image-12721\" src=\"https:\/\/marekkuchcinski.pl\/wp-content\/uploads\/2019\/01\/DSCF3354.jpg\" alt=\"DSCF3354\" width=\"3706\" height=\"2592\" srcset=\"https:\/\/marekkuchcinski.pl\/wp-content\/uploads\/2019\/01\/DSCF3354.jpg 2048w, https:\/\/marekkuchcinski.pl\/wp-content\/uploads\/2019\/01\/DSCF3354-300x210.jpg 300w, https:\/\/marekkuchcinski.pl\/wp-content\/uploads\/2019\/01\/DSCF3354-768x537.jpg 768w, https:\/\/marekkuchcinski.pl\/wp-content\/uploads\/2019\/01\/DSCF3354-1024x716.jpg 1024w\" sizes=\"(max-width: 3706px) 100vw, 3706px\" \/><\/a><a href=\"https:\/\/marekkuchcinski.pl\/wp-content\/uploads\/2019\/01\/DSCF3642.jpg\"><img loading=\"lazy\" decoding=\"async\" class=\"alignnone size-full wp-image-12716\" src=\"https:\/\/marekkuchcinski.pl\/wp-content\/uploads\/2019\/01\/DSCF3642.jpg\" alt=\"DSCF3642\" width=\"4896\" height=\"3264\" srcset=\"https:\/\/marekkuchcinski.pl\/wp-content\/uploads\/2019\/01\/DSCF3642.jpg 2048w, https:\/\/marekkuchcinski.pl\/wp-content\/uploads\/2019\/01\/DSCF3642-300x200.jpg 300w, https:\/\/marekkuchcinski.pl\/wp-content\/uploads\/2019\/01\/DSCF3642-768x512.jpg 768w, https:\/\/marekkuchcinski.pl\/wp-content\/uploads\/2019\/01\/DSCF3642-1024x683.jpg 1024w\" sizes=\"(max-width: 4896px) 100vw, 4896px\" \/><\/a> <a href=\"https:\/\/marekkuchcinski.pl\/wp-content\/uploads\/2019\/01\/DSCF3641.jpg\"><img loading=\"lazy\" decoding=\"async\" class=\"alignnone size-full wp-image-12717\" src=\"https:\/\/marekkuchcinski.pl\/wp-content\/uploads\/2019\/01\/DSCF3641.jpg\" alt=\"DSCF3641\" width=\"4896\" height=\"3264\" srcset=\"https:\/\/marekkuchcinski.pl\/wp-content\/uploads\/2019\/01\/DSCF3641.jpg 2048w, https:\/\/marekkuchcinski.pl\/wp-content\/uploads\/2019\/01\/DSCF3641-300x200.jpg 300w, https:\/\/marekkuchcinski.pl\/wp-content\/uploads\/2019\/01\/DSCF3641-768x512.jpg 768w, https:\/\/marekkuchcinski.pl\/wp-content\/uploads\/2019\/01\/DSCF3641-1024x683.jpg 1024w\" sizes=\"(max-width: 4896px) 100vw, 4896px\" \/><\/a> <a href=\"https:\/\/marekkuchcinski.pl\/wp-content\/uploads\/2019\/01\/DSCF3381.jpg\"><img loading=\"lazy\" decoding=\"async\" class=\"alignnone size-full wp-image-12718\" src=\"https:\/\/marekkuchcinski.pl\/wp-content\/uploads\/2019\/01\/DSCF3381.jpg\" alt=\"DSCF3381\" width=\"4896\" height=\"3264\" srcset=\"https:\/\/marekkuchcinski.pl\/wp-content\/uploads\/2019\/01\/DSCF3381.jpg 2048w, https:\/\/marekkuchcinski.pl\/wp-content\/uploads\/2019\/01\/DSCF3381-300x200.jpg 300w, https:\/\/marekkuchcinski.pl\/wp-content\/uploads\/2019\/01\/DSCF3381-768x512.jpg 768w, https:\/\/marekkuchcinski.pl\/wp-content\/uploads\/2019\/01\/DSCF3381-1024x683.jpg 1024w\" sizes=\"(max-width: 4896px) 100vw, 4896px\" \/><\/a> <a href=\"https:\/\/marekkuchcinski.pl\/wp-content\/uploads\/2019\/01\/DSCF3364.jpg\"><img loading=\"lazy\" decoding=\"async\" class=\"alignnone size-full wp-image-12719\" src=\"https:\/\/marekkuchcinski.pl\/wp-content\/uploads\/2019\/01\/DSCF3364.jpg\" alt=\"DSCF3364\" width=\"4340\" height=\"2832\" srcset=\"https:\/\/marekkuchcinski.pl\/wp-content\/uploads\/2019\/01\/DSCF3364.jpg 2048w, https:\/\/marekkuchcinski.pl\/wp-content\/uploads\/2019\/01\/DSCF3364-300x196.jpg 300w, https:\/\/marekkuchcinski.pl\/wp-content\/uploads\/2019\/01\/DSCF3364-768x501.jpg 768w, https:\/\/marekkuchcinski.pl\/wp-content\/uploads\/2019\/01\/DSCF3364-1024x668.jpg 1024w\" sizes=\"(max-width: 4340px) 100vw, 4340px\" \/><\/a><\/p>\n<p><em>fot\u00f3\/sz\u00f6veg mo<\/em><\/p>\n<p>&nbsp;<\/p>\n<p>&nbsp;<\/p>","protected":false},"excerpt":{"rendered":"<p>W Bieszczadach ruszy\u0142a Podkarpacka Liga Dzieci i M\u0142odzie\u017cy w Biegach Narciarskich i V Podkarpacka Liga Dzieci i M\u0142odzie\u017cy w Narciarstwie Alpejskim pod honorowym patronatem marsza\u0142ka Sejmu Marka Kuchci\u0144skiego, kt\u00f3ry wspiera inicjatyw\u0119 od lat. Rywalizacja toczy\u0142a si\u0119 w sze\u015bciu kategoriach wiekowych na trasach im. Stanis\u0142awa Nahajowskiego w Ustjanowej G\u00f3rnej. Z inicjatywy marsza\u0142ka Marka Kuchci\u0144skiego\u00a0przygotowywany jest plan [&hellip;]<\/p>\n","protected":false},"author":6,"featured_media":12607,"comment_status":"open","ping_status":"open","sticky":false,"template":"","format":"standard","meta":{"ngg_post_thumbnail":0,"footnotes":""},"categories":[49,3],"tags":[],"class_list":["post-12600","post","type-post","status-publish","format-standard","has-post-thumbnail","hentry","category-podkarpacie","category-wydarzenia"],"_links":{"self":[{"href":"https:\/\/marekkuchcinski.pl\/hu\/wp-json\/wp\/v2\/posts\/12600","targetHints":{"allow":["GET"]}}],"collection":[{"href":"https:\/\/marekkuchcinski.pl\/hu\/wp-json\/wp\/v2\/posts"}],"about":[{"href":"https:\/\/marekkuchcinski.pl\/hu\/wp-json\/wp\/v2\/types\/post"}],"author":[{"embeddable":true,"href":"https:\/\/marekkuchcinski.pl\/hu\/wp-json\/wp\/v2\/users\/6"}],"replies":[{"embeddable":true,"href":"https:\/\/marekkuchcinski.pl\/hu\/wp-json\/wp\/v2\/comments?post=12600"}],"version-history":[{"count":16,"href":"https:\/\/marekkuchcinski.pl\/hu\/wp-json\/wp\/v2\/posts\/12600\/revisions"}],"predecessor-version":[{"id":12722,"href":"https:\/\/marekkuchcinski.pl\/hu\/wp-json\/wp\/v2\/posts\/12600\/revisions\/12722"}],"wp:featuredmedia":[{"embeddable":true,"href":"https:\/\/marekkuchcinski.pl\/hu\/wp-json\/wp\/v2\/media\/12607"}],"wp:attachment":[{"href":"https:\/\/marekkuchcinski.pl\/hu\/wp-json\/wp\/v2\/media?parent=12600"}],"wp:term":[{"taxonomy":"category","embeddable":true,"href":"https:\/\/marekkuchcinski.pl\/hu\/wp-json\/wp\/v2\/categories?post=12600"},{"taxonomy":"post_tag","embeddable":true,"href":"https:\/\/marekkuchcinski.pl\/hu\/wp-json\/wp\/v2\/tags?post=12600"}],"curies":[{"name":"wp","href":"https:\/\/api.w.org\/{rel}","templated":true}]}}