{"id":12557,"date":"2019-01-18T10:51:41","date_gmt":"2019-01-18T09:51:41","guid":{"rendered":"https:\/\/marekkuchcinski.pl\/?p=12557"},"modified":"2019-01-19T16:52:51","modified_gmt":"2019-01-19T15:52:51","slug":"nowe-miejsca-pracy-rozwoj-miasta-przemyslu-zostal-przywrocony-rejon-energetyczny","status":"publish","type":"post","link":"https:\/\/marekkuchcinski.pl\/hu\/wydarzenia\/nowe-miejsca-pracy-rozwoj-miasta-przemyslu-zostal-przywrocony-rejon-energetyczny\/","title":{"rendered":"\u00daj munkahelyek \u00e9s a v\u00e1ros fejl\u0151d\u00e9se - Przemy\u015blben helyre\u00e1llt a villamosenergia-k\u00f6rzet"},"content":{"rendered":"<p style=\"text-align: justify;\"><strong>Janu\u00e1r 15. \u00f3ta Przemy\u015bl \u00e9s k\u00f6rny\u00e9ke lakoss\u00e1g\u00e1t a Przemy\u015bli Energiak\u00f6zpont szolg\u00e1lja ki. L\u00e9trehozt\u00e1k a Distribution Customer Service Pointot is. A k\u00f6telezetts\u00e9gv\u00e1llal\u00e1s c\u00e9lja a r\u00e9gi\u00f3 fejl\u0151d\u00e9s\u00e9nek biztos\u00edt\u00e1sa, \u00faj munkahelyek teremt\u00e9se \u00e9s a PGE \u00e1ltal garant\u00e1lt szolg\u00e1ltat\u00e1sok jobb el\u00e9rhet\u0151s\u00e9ge.<\/strong><!--more--><\/p>\n<p><strong>\u00a0<\/strong><strong>A 2012-2013-as \u00e9vek \u00e1tszervez\u00e9si tev\u00e9kenys\u00e9geinek r\u00e9szek\u00e9nt Przemy\u015blben v\u00e1ltoz\u00e1sok t\u00f6rt\u00e9ntek, amelyek h\u00e1tr\u00e1nyosan befoly\u00e1solt\u00e1k a PGE szervezet\u00e9nek m\u0171k\u00f6d\u00e9s\u00e9t. A v\u00e1ros potenci\u00e1lj\u00e1t cs\u00f6kkentett\u00e9k, ami k\u00f6zvetve befoly\u00e1solta a legnagyobb lengyel v\u00e1ros vonzerej\u00e9nek cs\u00f6kken\u00e9s\u00e9t, amely az orsz\u00e1g keleti hat\u00e1r\u00e1nak k\u00f6zvetlen k\u00f6zel\u00e9ben \u00e9s egy\u00fattal az Eur\u00f3pai Uni\u00f3 bels\u0151 hat\u00e1r\u00e1n fekszik. <\/strong><\/p>\n<p><strong>Ennek eredm\u00e9nyek\u00e9nt a przemy\u015bli v\u00e1rosi tan\u00e1cs 2016-ban hat\u00e1rozatot fogadott el az \u00e1llami energiaszektor fenntart\u00e1sa mellett Przemy\u015blben.<\/strong><\/p>\n<p><strong>\u00a0<\/strong>- K\u00f6sz\u00f6net a Szejm eln\u00f6ke, Marek Kuchci\u0144ski \u00e1ltal ny\u00fajtott t\u00e1mogat\u00e1s\u00e9rt - a Polish Energy Group Dystrybucja S.A. v\u00e1llalat igazgat\u00f3tan\u00e1cs\u00e1nak 2019.01.15-\u00e9n kelt hat\u00e1rozat\u00e1val. - a Przemy\u015bli Energiak\u00f6zpont \u00e9s a przemy\u015bli ter\u00fcleti diszp\u00e9cserk\u00f6zpont helyre\u00e1llt - mondta Grzegorz Pietrusza (PGE). A RE Przemy\u015bl k\u00fcl\u00f6nv\u00e1lt a RE Jaros\u0142awt\u00f3l, \u00e9s mag\u00e1ban foglalja a birczai energiaposta \u00e9s a dyn\u00f3wi energiaposta egys\u00e9geket. A PO-PSL koal\u00edci\u00f3 idej\u00e9n felsz\u00e1molt Przemy\u015bli Energiak\u00f6zpont \u00fajj\u00e1\u00e9p\u00edt\u00e9s\u00e9t nemcsak a Przemy\u015bl \u00e9s k\u00f6rny\u00e9ke dinamikusan fejl\u0151d\u0151 helyi energiapiac\u00e1val kapcsolatos \u00fczleti megfontol\u00e1sok dikt\u00e1lj\u00e1k, hanem az a sz\u00e1nd\u00e9k is, hogy a T\u00e1rsas\u00e1g \u00e1ltal az eloszt\u00f3 \u00fcgyf\u00e9l sz\u00e1m\u00e1ra ny\u00fajtott szolg\u00e1ltat\u00e1sok teljes k\u00f6r\u00e9hez val\u00f3 hozz\u00e1f\u00e9rhet\u0151s\u00e9get jav\u00edtsa a przemy\u015bli helyi k\u00f6z\u00f6ss\u00e9g sz\u00e1m\u00e1ra, a \"helyi Lengyelorsz\u00e1g\" \u00fajj\u00e1\u00e9p\u00edt\u00e9se n\u00e9ven ismert, a lakoss\u00e1g sz\u00e1m\u00e1ra a szolg\u00e1ltat\u00e1sokhoz val\u00f3 hozz\u00e1f\u00e9r\u00e9s jav\u00edt\u00e1s\u00e1nak r\u00e9szek\u00e9nt, amely a \"J\u00f3 v\u00e1ltoz\u00e1s\" lengyelorsz\u00e1gi szab\u00e1ly\u00e1nak egyik f\u0151 c\u00e9lkit\u0171z\u00e9se - teszi hozz\u00e1.<\/p>\n<p>Grzegorz Pietrusza szerint a PGE Dystrybucja S.A. \u00e1ltal ny\u00fajtott szolg\u00e1ltat\u00e1sok hozz\u00e1f\u00e9rhet\u0151s\u00e9g\u00e9nek jav\u00edt\u00e1s\u00e1n t\u00falmen\u0151en, az RE Przemy\u015bl rekonstrukci\u00f3ja \u00faj munkahelyek megjelen\u00e9s\u00e9t is jelenti a przemy\u015bli villamosenergia-iparban, ami az energiaker\u00fclet \u00faj ter\u00fcleteinek kiszolg\u00e1l\u00e1s\u00e1val, valamint a T\u00e1rsas\u00e1g magasabb szervezeti szintj\u00e9n bel\u00fcl \u00faj tev\u00e9kenys\u00e9gek megval\u00f3s\u00edt\u00e1s\u00e1val kapcsolatos, ami a przemy\u015bli villamosenergia-posta szintj\u00e9r\u0151l az energiaker\u00fclet szintj\u00e9re val\u00f3 felemelked\u00e9st jelenti, valamint a PGE Dystrybucja S.A. t\u00e1rsas\u00e1g szervezeti strukt\u00far\u00e1j\u00e1nak tervezett j\u00f6v\u0151beli kieg\u00e9sz\u00edt\u00e9s\u00e9t az egyes energiaker\u00fcleteken bel\u00fcli szakoszt\u00e1lyokkal. Ugyanakkor nem szabad elfelejteni, hogy egy munkahely az energiaiparban legal\u00e1bb h\u00e1rom munkahelyet teremt a k\u00f6rnyez\u0151 gazdas\u00e1gban, ami k\u00fcl\u00f6n\u00f6sen kedvez\u0151 a helyi munkaer\u0151piac fejl\u0151d\u00e9s\u00e9re Przemy\u015blben.<\/p>\n<p><a href=\"https:\/\/marekkuchcinski.pl\/wp-content\/uploads\/2019\/01\/IMG_20190107_194151_498.jpg\"><img fetchpriority=\"high\" decoding=\"async\" class=\"alignnone size-full wp-image-12558\" src=\"https:\/\/marekkuchcinski.pl\/wp-content\/uploads\/2019\/01\/IMG_20190107_194151_498.jpg\" alt=\"IMG_20190107_194151_498\" width=\"4873\" height=\"2760\" srcset=\"https:\/\/marekkuchcinski.pl\/wp-content\/uploads\/2019\/01\/IMG_20190107_194151_498.jpg 2048w, https:\/\/marekkuchcinski.pl\/wp-content\/uploads\/2019\/01\/IMG_20190107_194151_498-300x170.jpg 300w, https:\/\/marekkuchcinski.pl\/wp-content\/uploads\/2019\/01\/IMG_20190107_194151_498-768x435.jpg 768w, https:\/\/marekkuchcinski.pl\/wp-content\/uploads\/2019\/01\/IMG_20190107_194151_498-1024x580.jpg 1024w\" sizes=\"(max-width: 4873px) 100vw, 4873px\" \/><\/a><em>Przemy\u015bl, fot\u00f3: M. Olejnik<\/em><\/p>","protected":false},"excerpt":{"rendered":"<p>Janu\u00e1r 15. \u00f3ta Przemy\u015bl \u00e9s k\u00f6rny\u00e9ke lakoss\u00e1g\u00e1t a Przemy\u015bli Energiak\u00f6zpont szolg\u00e1lja ki. L\u00e9trehozt\u00e1k a Distribution Customer Service Pointot is. A k\u00f6telezetts\u00e9gv\u00e1llal\u00e1s c\u00e9lja a r\u00e9gi\u00f3 fejl\u0151d\u00e9s\u00e9nek biztos\u00edt\u00e1sa, \u00faj munkahelyek teremt\u00e9se \u00e9s a PGE \u00e1ltal garant\u00e1lt szolg\u00e1ltat\u00e1sok jobb el\u00e9rhet\u0151s\u00e9ge.<\/p>","protected":false},"author":6,"featured_media":12558,"comment_status":"open","ping_status":"open","sticky":false,"template":"","format":"standard","meta":{"ngg_post_thumbnail":0,"footnotes":""},"categories":[49,3],"tags":[],"class_list":["post-12557","post","type-post","status-publish","format-standard","has-post-thumbnail","hentry","category-podkarpacie","category-wydarzenia"],"_links":{"self":[{"href":"https:\/\/marekkuchcinski.pl\/hu\/wp-json\/wp\/v2\/posts\/12557","targetHints":{"allow":["GET"]}}],"collection":[{"href":"https:\/\/marekkuchcinski.pl\/hu\/wp-json\/wp\/v2\/posts"}],"about":[{"href":"https:\/\/marekkuchcinski.pl\/hu\/wp-json\/wp\/v2\/types\/post"}],"author":[{"embeddable":true,"href":"https:\/\/marekkuchcinski.pl\/hu\/wp-json\/wp\/v2\/users\/6"}],"replies":[{"embeddable":true,"href":"https:\/\/marekkuchcinski.pl\/hu\/wp-json\/wp\/v2\/comments?post=12557"}],"version-history":[{"count":17,"href":"https:\/\/marekkuchcinski.pl\/hu\/wp-json\/wp\/v2\/posts\/12557\/revisions"}],"predecessor-version":[{"id":12599,"href":"https:\/\/marekkuchcinski.pl\/hu\/wp-json\/wp\/v2\/posts\/12557\/revisions\/12599"}],"wp:featuredmedia":[{"embeddable":true,"href":"https:\/\/marekkuchcinski.pl\/hu\/wp-json\/wp\/v2\/media\/12558"}],"wp:attachment":[{"href":"https:\/\/marekkuchcinski.pl\/hu\/wp-json\/wp\/v2\/media?parent=12557"}],"wp:term":[{"taxonomy":"category","embeddable":true,"href":"https:\/\/marekkuchcinski.pl\/hu\/wp-json\/wp\/v2\/categories?post=12557"},{"taxonomy":"post_tag","embeddable":true,"href":"https:\/\/marekkuchcinski.pl\/hu\/wp-json\/wp\/v2\/tags?post=12557"}],"curies":[{"name":"wp","href":"https:\/\/api.w.org\/{rel}","templated":true}]}}