{"id":12471,"date":"2019-01-15T17:01:33","date_gmt":"2019-01-15T16:01:33","guid":{"rendered":"https:\/\/marekkuchcinski.pl\/?p=12471"},"modified":"2019-01-15T17:01:33","modified_gmt":"2019-01-15T16:01:33","slug":"marek-kuchcinski-wreczyl-krzyz-wolnosci-solidarnosci-ks-pralatowi-eugeniuszowi-dryniakowi","status":"publish","type":"post","link":"https:\/\/marekkuchcinski.pl\/hu\/wydarzenia\/marek-kuchcinski-wreczyl-krzyz-wolnosci-solidarnosci-ks-pralatowi-eugeniuszowi-dryniakowi\/","title":{"rendered":"Marek Kuchci\u0144ski \u00e1tadta a Szabads\u00e1g \u00e9s Szolidarit\u00e1s Keresztj\u00e9t Monsignore Eugeniusz Dryniaknak."},"content":{"rendered":"<p dir=\"ltr\">- Az 1980-as \u00e9vekben Eugeniusz atya a Szolidarit\u00e1s k\u00e1pl\u00e1nja volt Rzesz\u00f3wban, majd Przemy\u015blben. B\u00e1tor hazafias pr\u00e9dik\u00e1ci\u00f3kat tartott, saj\u00e1t lak\u00e1s\u00e1ban szervezte meg a f\u00f6ldalatti aktivist\u00e1k tal\u00e1lkoz\u00f3it - eml\u00edtette a pap \u00e9rdemeit Marek Kuchci\u0144ski, a szejm eln\u00f6ke, aki az eln\u00f6k nev\u00e9ben janu\u00e1r 11-\u00e9n adta \u00e1t a kit\u00fcntet\u00e9st a podkarpatszki Nowy Zag\u00f3rze egykori pl\u00e9b\u00e1nos\u00e1nak.<\/p>\n<p dir=\"ltr\">A kommunizmus idej\u00e9n, \u00e9s k\u00fcl\u00f6n\u00f6sen a stat\u00e1rium idej\u00e9n a katolikus egyh\u00e1z \u00f3ri\u00e1si szerepet j\u00e1tszott. Egyr\u00e9szt seg\u00edtett a t\u00e1rsadalomnak megszervezni mag\u00e1t a hat\u00f3s\u00e1gok \u00e1ltal er\u0151ltetett szocialista t\u00e1rsadalom v\u00edzi\u00f3j\u00e1val szemben, m\u00e1sr\u00e9szt az egyh\u00e1z t\u00e1rsadalmi tan\u00edt\u00e1sa alternat\u00edv\u00e1t jelentett a kommunista v\u00edzi\u00f3val szemben. A Lengyel N\u00e9pk\u00f6zt\u00e1rsas\u00e1gban uralkod\u00f3 \u00e9letk\u00f6r\u00fclm\u00e9nyek k\u00f6z\u00f6tt ezt a seg\u00edts\u00e9get nem lehet t\u00falbecs\u00fclni.<\/p>\n<p dir=\"ltr\">A stat\u00e1rium idej\u00e9n sok pap konkr\u00e9t seg\u00edts\u00e9get ny\u00fajtott a totalit\u00e1rius hatalomnak ellen\u00e1ll\u00f3 t\u00e1rsadalomnak. K\u00f6z\u00e9j\u00fck tartozott az 1980-ban felszentelt Dryniak atya, akit a Rzesz\u00f3w-i Drabinianka pl\u00e9b\u00e1ni\u00e1j\u00e1nak pl\u00e9b\u00e1nosak\u00e9nt a p\u00fcsp\u00f6k (Ignacy Tokarczuk) a DLP (Dolgoz\u00f3 Emberek Apostols\u00e1ga) k\u00e1pl\u00e1nj\u00e1v\u00e1 nevezett ki. A DLP 1984 j\u00falius\u00e1ban tartott alakul\u00f3 \u00fcl\u00e9s\u00e9n az SB becsl\u00e9sei szerint mintegy nyolcsz\u00e1zan vettek r\u00e9szt. Eugeniusz atya t\u00e1mogatta az ellenz\u00e9ki k\u00f6r\u00f6ket, \u00e9s nem hivatalosan egy\u00fcttm\u0171k\u00f6d\u00f6tt az RKW-vel (a \"Szolidarit\u00e1s\" Region\u00e1lis V\u00e9grehajt\u00f3 Bizotts\u00e1g\u00e1val).<\/p>\n<p dir=\"ltr\">T\u00e1rsszervez\u0151je volt a helyi \u00e9s orsz\u00e1gos underground sajt\u00f3 kiad\u00e1s\u00e1nak \u00e9s terjeszt\u00e9s\u00e9nek, t\u00f6bbek k\u00f6z\u00f6tt a \"Tygodnik Mazowsze\", a \"Wola\", a \"Przegl\u0105d Wiadomo\u015bci Agencyjnych\", a \"Hutnik\", valamint a \"Tapasztalat \u00e9s j\u00f6v\u0151\" konvergencia besz\u00e1mol\u00f3inak. Lak\u00e1sa pap\u00edr- \u00e9s m\u00e1trixrakt\u00e1rk\u00e9nt, valamint az underground sajt\u00f3 \u00e9s kiadv\u00e1nyok eloszt\u00f3helyek\u00e9nt szolg\u00e1lt. T\u00e1rsszervez\u0151je \u00e9s lelki vezet\u0151je volt a Jasna G\u00f3ra-i Rzesz\u00f3wi \u00e9s Przemy\u015bli Szolidarit\u00e1s zar\u00e1ndoklatoknak - a dolgoz\u00f3 emberek nemzeti zar\u00e1ndoklatainak. T\u00e1rsszervez\u0151je volt a II. J\u00e1nos P\u00e1l lengyelorsz\u00e1gi l\u00e1togat\u00e1sai alkalm\u00e1val Vars\u00f3ba szervezett utaknak, valamint Jerzy Popie\u0142uszko atya temet\u00e9s\u00e9re \u00e9s a k\u00e9s\u0151bbi \u00e9vekben a s\u00edrj\u00e1hoz is. A rzesz\u00f3wi WUSW IV. oszt\u00e1lya akt\u00edvan vizsg\u00e1lta.<\/p>\n<p dir=\"ltr\">A Szabads\u00e1g \u00e9s Szolidarit\u00e1s Keresztje egyed\u00fcl\u00e1ll\u00f3 \u00e1llami kit\u00fcntet\u00e9s, amelyet a Lengyel K\u00f6zt\u00e1rsas\u00e1g eln\u00f6ke a Nemzeti Eml\u00e9kezet Int\u00e9zet\u00e9nek felk\u00e9r\u00e9s\u00e9re az 1956 \u00e9s 1989 k\u00f6z\u00f6tti \u00e9vek ellenz\u00e9ki aktivist\u00e1inak adom\u00e1nyoz. Dryniak prel\u00e1tus kor\u00e1bban f\u00f6ldalatti tev\u00e9kenys\u00e9g\u00e9\u00e9rt megkapta a Polonia Restituta Rend lovagkeresztj\u00e9t, \u00e9s az elesett haj\u00f3gy\u00e1ri munk\u00e1sok eml\u00e9km\u0171v\u00e9nek (gda\u0144ski keresztek) szobr\u00e1val is kit\u00fcntett\u00e9k.<\/p>\n<p dir=\"ltr\"><a href=\"https:\/\/marekkuchcinski.pl\/wp-content\/uploads\/2019\/01\/k1.jpg\"><img fetchpriority=\"high\" decoding=\"async\" class=\"alignnone size-full wp-image-12475\" src=\"https:\/\/marekkuchcinski.pl\/wp-content\/uploads\/2019\/01\/k1.jpg\" alt=\"k1\" width=\"1252\" height=\"896\" srcset=\"https:\/\/marekkuchcinski.pl\/wp-content\/uploads\/2019\/01\/k1.jpg 1252w, https:\/\/marekkuchcinski.pl\/wp-content\/uploads\/2019\/01\/k1-300x215.jpg 300w, https:\/\/marekkuchcinski.pl\/wp-content\/uploads\/2019\/01\/k1-768x550.jpg 768w, https:\/\/marekkuchcinski.pl\/wp-content\/uploads\/2019\/01\/k1-1024x733.jpg 1024w\" sizes=\"(max-width: 1252px) 100vw, 1252px\" \/><\/a> <a href=\"https:\/\/marekkuchcinski.pl\/wp-content\/uploads\/2019\/01\/k2-1.jpg\"><img decoding=\"async\" class=\"alignnone size-full wp-image-12476\" src=\"https:\/\/marekkuchcinski.pl\/wp-content\/uploads\/2019\/01\/k2-1.jpg\" alt=\"k2\" width=\"836\" height=\"526\" srcset=\"https:\/\/marekkuchcinski.pl\/wp-content\/uploads\/2019\/01\/k2-1.jpg 836w, https:\/\/marekkuchcinski.pl\/wp-content\/uploads\/2019\/01\/k2-1-300x189.jpg 300w, https:\/\/marekkuchcinski.pl\/wp-content\/uploads\/2019\/01\/k2-1-768x483.jpg 768w\" sizes=\"(max-width: 836px) 100vw, 836px\" \/><\/a><\/p>","protected":false},"excerpt":{"rendered":"<p>&#8211; W latach 80. ks. Eugeniusz by\u0142 kapelanem Solidarno\u015bci w Rzeszowie,\u00a0 p\u00f3\u017aniej w Przemy\u015blu. G\u0142osi\u0142 odwa\u017cne kazania patriotyczne, wsp\u00f3\u0142organizowa\u0142 we w\u0142asnym mieszkaniu spotkania dzia\u0142aczy podziemia &#8211; wymieni\u0142 zas\u0142ugi kap\u0142ana marsza\u0142ek Sejmu Marek Kuchci\u0144ski, kt\u00f3ry wr\u0119czy\u0142 odznaczenie w imieniu Prezydenta by\u0142emu proboszczowi parafii w Nowym Zag\u00f3rzu na Podkarpaciu 11 stycznia. Ko\u015bci\u00f3\u0142 katolicki, w okresie komunizmu, a [&hellip;]<\/p>\n","protected":false},"author":6,"featured_media":12474,"comment_status":"open","ping_status":"open","sticky":false,"template":"","format":"standard","meta":{"ngg_post_thumbnail":0,"footnotes":""},"categories":[49,3],"tags":[],"class_list":["post-12471","post","type-post","status-publish","format-standard","has-post-thumbnail","hentry","category-podkarpacie","category-wydarzenia"],"_links":{"self":[{"href":"https:\/\/marekkuchcinski.pl\/hu\/wp-json\/wp\/v2\/posts\/12471","targetHints":{"allow":["GET"]}}],"collection":[{"href":"https:\/\/marekkuchcinski.pl\/hu\/wp-json\/wp\/v2\/posts"}],"about":[{"href":"https:\/\/marekkuchcinski.pl\/hu\/wp-json\/wp\/v2\/types\/post"}],"author":[{"embeddable":true,"href":"https:\/\/marekkuchcinski.pl\/hu\/wp-json\/wp\/v2\/users\/6"}],"replies":[{"embeddable":true,"href":"https:\/\/marekkuchcinski.pl\/hu\/wp-json\/wp\/v2\/comments?post=12471"}],"version-history":[{"count":2,"href":"https:\/\/marekkuchcinski.pl\/hu\/wp-json\/wp\/v2\/posts\/12471\/revisions"}],"predecessor-version":[{"id":12477,"href":"https:\/\/marekkuchcinski.pl\/hu\/wp-json\/wp\/v2\/posts\/12471\/revisions\/12477"}],"wp:featuredmedia":[{"embeddable":true,"href":"https:\/\/marekkuchcinski.pl\/hu\/wp-json\/wp\/v2\/media\/12474"}],"wp:attachment":[{"href":"https:\/\/marekkuchcinski.pl\/hu\/wp-json\/wp\/v2\/media?parent=12471"}],"wp:term":[{"taxonomy":"category","embeddable":true,"href":"https:\/\/marekkuchcinski.pl\/hu\/wp-json\/wp\/v2\/categories?post=12471"},{"taxonomy":"post_tag","embeddable":true,"href":"https:\/\/marekkuchcinski.pl\/hu\/wp-json\/wp\/v2\/tags?post=12471"}],"curies":[{"name":"wp","href":"https:\/\/api.w.org\/{rel}","templated":true}]}}