{"id":12405,"date":"2019-01-09T16:00:04","date_gmt":"2019-01-09T15:00:04","guid":{"rendered":"https:\/\/marekkuchcinski.pl\/?p=12405"},"modified":"2019-01-09T16:00:04","modified_gmt":"2019-01-09T15:00:04","slug":"450-temu-rozpoczely-sie-obrady-sejmu-poprzedzajace-zawarcie-unii-polsko-litewskiej","status":"publish","type":"post","link":"https:\/\/marekkuchcinski.pl\/hu\/wydarzenia\/450-temu-rozpoczely-sie-obrady-sejmu-poprzedzajace-zawarcie-unii-polsko-litewskiej\/","title":{"rendered":"450 \u00e9vvel ezel\u0151tt kezd\u0151dtek a lengyel-litv\u00e1n uni\u00f3 megk\u00f6t\u00e9s\u00e9t megel\u0151z\u0151 szejmi tan\u00e1cskoz\u00e1sok."},"content":{"rendered":"<p><strong>1569. janu\u00e1r 10-\u00e9n a lublini kast\u00e9lyban a szejm megkezdte a lengyel-litv\u00e1n uni\u00f3 megk\u00f6t\u00e9s\u00e9t megel\u0151z\u0151 \u00fcl\u00e9seit, amely egy geopolitikai nagyhatalmat hozott l\u00e9tre.<\/strong><\/p>\n<p>A Szejm c\u00e9lja a Korona \u00e9s a Litv\u00e1n Nagyhercegs\u00e9g v\u00e9gleges egyes\u00edt\u00e9se volt. \u00daj \u00e1llam j\u00f6tt l\u00e9tre, amely eg\u00e9szen a 18. sz\u00e1zadig fennmaradt. - A Lengyel-Litv\u00e1n Nemzetk\u00f6z\u00f6ss\u00e9g (Rzeczpospolita Obojga Narod\u00f3w).<\/p>\n<p>- A m\u00falt arra tan\u00edt benn\u00fcnket, hogy amikor egy\u00fctt voltunk, nagyszer\u0171ek \u00e9s er\u0151sek voltunk\" - mondta Marek Kuchci\u0144ski, a Szejm eln\u00f6ke tavaly a litv\u00e1niai Szejmben. - Szeretn\u00e9nk helyre\u00e1ll\u00edtani a lengyel \u00e9s a litv\u00e1n parlamenti k\u00f6zgy\u0171l\u00e9s tev\u00e9kenys\u00e9g\u00e9t; a mai nap a parlamenti diplom\u00e1cia sz\u00e1m\u00e1ra egy signum temporis, k\u00fcl\u00f6n\u00f6sen Eur\u00f3pa mi r\u00e9sz\u00e9n - mondta a h\u00e1zeln\u00f6k.<\/p>\n<p><a href=\"https:\/\/marekkuchcinski.pl\/wp-content\/uploads\/2019\/01\/J._Matejko_unia_lubelska.png\"><img fetchpriority=\"high\" decoding=\"async\" class=\"alignnone size-full wp-image-12406\" src=\"https:\/\/marekkuchcinski.pl\/wp-content\/uploads\/2019\/01\/J._Matejko_unia_lubelska.png\" alt=\"J._Matejko_unia_lubelska\" width=\"1280\" height=\"743\" srcset=\"https:\/\/marekkuchcinski.pl\/wp-content\/uploads\/2019\/01\/J._Matejko_unia_lubelska.png 1280w, https:\/\/marekkuchcinski.pl\/wp-content\/uploads\/2019\/01\/J._Matejko_unia_lubelska-300x174.png 300w, https:\/\/marekkuchcinski.pl\/wp-content\/uploads\/2019\/01\/J._Matejko_unia_lubelska-768x446.png 768w, https:\/\/marekkuchcinski.pl\/wp-content\/uploads\/2019\/01\/J._Matejko_unia_lubelska-1024x594.png 1024w\" sizes=\"(max-width: 1280px) 100vw, 1280px\" \/><\/a><em>festm\u00e9ny: Jan Matejko \"Union of Lubesa<\/em><a href=\"https:\/\/marekkuchcinski.pl\/wp-content\/uploads\/2019\/01\/550-wyb-6.jpg\"><img decoding=\"async\" class=\"alignnone size-full wp-image-12407\" src=\"https:\/\/marekkuchcinski.pl\/wp-content\/uploads\/2019\/01\/550-wyb-6.jpg\" alt=\"550 wyb 6\" width=\"2895\" height=\"2008\" srcset=\"https:\/\/marekkuchcinski.pl\/wp-content\/uploads\/2019\/01\/550-wyb-6.jpg 2048w, https:\/\/marekkuchcinski.pl\/wp-content\/uploads\/2019\/01\/550-wyb-6-300x208.jpg 300w, https:\/\/marekkuchcinski.pl\/wp-content\/uploads\/2019\/01\/550-wyb-6-768x533.jpg 768w, https:\/\/marekkuchcinski.pl\/wp-content\/uploads\/2019\/01\/550-wyb-6-1024x710.jpg 1024w\" sizes=\"(max-width: 2895px) 100vw, 2895px\" \/><\/a>Marek Kuchci\u0144ski, a szejm eln\u00f6ke \u00e9s Viktoras Pranckietis, a szejm eln\u00f6ke Vars\u00f3ban, a lengyel parlamentarizmus 550. \u00e9vfordul\u00f3j\u00e1nak \u00fcnneps\u00e9gein.<\/p>","protected":false},"excerpt":{"rendered":"<p>10 I 1569 roku na zamku w Lublinie rozpocz\u0119\u0142y si\u0119 obrady Sejmu poprzedzaj\u0105ce zawarcie unii polsko-litewskiej, kt\u00f3ra stworzy\u0142a geopolityczne mocarstwo. Celem wspomnianego Sejmu mia\u0142o by\u0107 trwa\u0142e po\u0142\u0105czenie Korony i Wielkiego Ksi\u0119stwa Litewskiego. Powsta\u0142o nowe pa\u0144stwo, kt\u00f3re przetrwa\u0142o do XVIII w. &#8211; Rzeczpospolita Obojga Narod\u00f3w. &#8211; Przesz\u0142o\u015b\u0107 uczy nas, \u017ce wtedy, gdy byli\u015bmy razem, byli\u015bmy wielcy [&hellip;]<\/p>\n","protected":false},"author":6,"featured_media":12406,"comment_status":"open","ping_status":"open","sticky":false,"template":"","format":"standard","meta":{"ngg_post_thumbnail":0,"footnotes":""},"categories":[77,81,3],"tags":[],"class_list":["post-12405","post","type-post","status-publish","format-standard","has-post-thumbnail","hentry","category-wazne-daty","category-wiesci-z-sejmu","category-wydarzenia"],"_links":{"self":[{"href":"https:\/\/marekkuchcinski.pl\/hu\/wp-json\/wp\/v2\/posts\/12405","targetHints":{"allow":["GET"]}}],"collection":[{"href":"https:\/\/marekkuchcinski.pl\/hu\/wp-json\/wp\/v2\/posts"}],"about":[{"href":"https:\/\/marekkuchcinski.pl\/hu\/wp-json\/wp\/v2\/types\/post"}],"author":[{"embeddable":true,"href":"https:\/\/marekkuchcinski.pl\/hu\/wp-json\/wp\/v2\/users\/6"}],"replies":[{"embeddable":true,"href":"https:\/\/marekkuchcinski.pl\/hu\/wp-json\/wp\/v2\/comments?post=12405"}],"version-history":[{"count":1,"href":"https:\/\/marekkuchcinski.pl\/hu\/wp-json\/wp\/v2\/posts\/12405\/revisions"}],"predecessor-version":[{"id":12408,"href":"https:\/\/marekkuchcinski.pl\/hu\/wp-json\/wp\/v2\/posts\/12405\/revisions\/12408"}],"wp:featuredmedia":[{"embeddable":true,"href":"https:\/\/marekkuchcinski.pl\/hu\/wp-json\/wp\/v2\/media\/12406"}],"wp:attachment":[{"href":"https:\/\/marekkuchcinski.pl\/hu\/wp-json\/wp\/v2\/media?parent=12405"}],"wp:term":[{"taxonomy":"category","embeddable":true,"href":"https:\/\/marekkuchcinski.pl\/hu\/wp-json\/wp\/v2\/categories?post=12405"},{"taxonomy":"post_tag","embeddable":true,"href":"https:\/\/marekkuchcinski.pl\/hu\/wp-json\/wp\/v2\/tags?post=12405"}],"curies":[{"name":"wp","href":"https:\/\/api.w.org\/{rel}","templated":true}]}}