{"id":12357,"date":"2019-01-06T13:40:33","date_gmt":"2019-01-06T12:40:33","guid":{"rendered":"https:\/\/marekkuchcinski.pl\/?p=12357"},"modified":"2019-04-01T13:51:25","modified_gmt":"2019-04-01T11:51:25","slug":"marek-kuchcinski-przemyslu-cel-jeden-polska-jako-dom-ktorym-zapewnione-godne-sprawiedliwe-zycie","status":"publish","type":"post","link":"https:\/\/marekkuchcinski.pl\/hu\/wydarzenia\/marek-kuchcinski-przemyslu-cel-jeden-polska-jako-dom-ktorym-zapewnione-godne-sprawiedliwe-zycie\/","title":{"rendered":"Marek Kuchci\u0144ski Przemy\u015blben: A c\u00e9l egy - Lengyelorsz\u00e1g, mint olyan otthon, ahol m\u00e9lt\u00f3s\u00e1gteljes \u00e9s igazs\u00e1gos \u00e9letet biztos\u00edtanak sz\u00e1munkra."},"content":{"rendered":"<hr><hr>\n<p><strong>Politikusok, aktivist\u00e1k \u00e9s a Jog \u00e9s Igazs\u00e1goss\u00e1g t\u00e1mogat\u00f3i tal\u00e1lkoztak Przemy\u015blben, hogy egy\u00fctt \u00e9nekeljenek, ossz\u00e1k meg az osty\u00e1t \u00e9s \u00f6sszegezz\u00e9k az elm\u00falt \u00e9vet.&nbsp;<\/strong><\/p>\n<p>Marek Kuchci\u0144ski, a szejm eln\u00f6ke hangs\u00falyozta, hogy a lengyelek 2018-at az 1989 ut\u00e1ni egyik legjobb \u00e9vk\u00e9nt \u00e9rt\u00e9kelik - Sz\u00e1mos helyi, region\u00e1lis szint\u0171 d\u00f6nt\u00e9s a PiS 2015-ben tett \u00edg\u00e9reteinek teljes\u00edt\u00e9sek\u00e9nt k\u00f6nyvelhet\u0151 el. Ezek k\u00f6z\u00e9 tartozik az ad\u00f3mentes \u00f6sszeg, a legalacsonyabb fizet\u00e9sek emel\u00e9se, a v\u00e1llalkoz\u00f3i szellem fejl\u0151d\u00e9s\u00e9t el\u0151seg\u00edt\u0151 int\u00e9zked\u00e9sek, a jobb fejl\u0151d\u00e9st \u00e9s a polg\u00e1rok p\u00e9nz\u00e9t szolg\u00e1l\u00f3 beruh\u00e1z\u00e1sok, az \u00d6nkorm\u00e1nyzati \u00datalap - sorolta a h\u00e1zeln\u00f6k.<\/p>\n<p>2018 k\u00fcl\u00f6n\u00f6sen gy\u00fcm\u00f6lcs\u00f6z\u0151 \u00e9v volt a Przemy\u015bl sz\u00e1m\u00e1ra. Mint a marsall hangs\u00falyozta, a lakosok sok gener\u00e1ci\u00f3j\u00e1nak \u00e1lmai val\u00f3sultak meg, politikai opci\u00f3t\u00f3l f\u00fcggetlen\u00fcl. A v\u00e1ros \u00e9s a przemy\u015bli er\u0151d is felker\u00fclt a t\u00f6rt\u00e9nelmi m\u0171eml\u00e9kek list\u00e1j\u00e1ra, a Przemysl-f\u00f6ld Nemzeti M\u00fazeumot december \u00f3ta a kultur\u00e1lis miniszt\u00e9rium t\u00e1rskezeli. Vannak tervek a Przemy\u015bl, Chyr\u00f3w, Kro\u015bcienko \u00e9s Ustrzyki Dolne k\u00f6z\u00f6tt k\u00f6zleked\u0151 t\u00f6rt\u00e9nelmi vonat helyre\u00e1ll\u00edt\u00e1s\u00e1ra, amelyek Marek Kuchci\u0144ski szerint minden bizonnyal megval\u00f3sulnak. A marsall eml\u00e9keztetett arra, hogy tavaly m\u00e1s - nemzetk\u00f6zi - kezdem\u00e9nyez\u00e9sekkel is tal\u00e1lkozunk majd, amelyek nemcsak a K\u00e1rp\u00e1ti Eur\u00f3p\u00e1hoz kapcsol\u00f3dnak, hanem vas\u00fatvonalakkal vagy utakkal is, mint p\u00e9ld\u00e1ul a Via Carpatia, amelyek a Przemy\u015bl-f\u00f6ld \u00e9s az eg\u00e9sz Podkarpatszkaja vajdas\u00e1g rangj\u00e1nak emel\u00e9s\u00e9t, valamint munkahelyteremt\u00e9st eredm\u00e9nyeznek. - Tev\u00e9kenys\u00e9geink c\u00e9lja a lengyel \u00e1llam meger\u0151s\u00edt\u00e9se \u00e9s a biztons\u00e1g\u00e9rzet biztos\u00edt\u00e1sa minden polg\u00e1ra sz\u00e1m\u00e1ra. \u00dagy tekintenek r\u00e1nk, mint akik t\u00fal er\u0151teljesen harcolnak a saj\u00e1t \u00e9rdekeik\u00e9rt, de az Eur\u00f3pai Uni\u00f3ban ennek \u00edgy kell lennie. Azt akarjuk, hogy Lengyelorsz\u00e1got szuver\u00e9n \u00e1llamk\u00e9nt kezelj\u00e9k a szabad \u00e1llamok Eur\u00f3p\u00e1j\u00e1ban, hogy ugyan\u00fagy b\u00e1njanak vel\u00fcnk, mint az olaszokkal vagy a n\u00e9metekkel\" - mondta a h\u00e1zeln\u00f6k. Kuchci\u0144ski megeml\u00edtette a lengyel parlamentarizmus 550. \u00e9vfordul\u00f3ja alkalm\u00e1b\u00f3l Przemy\u015blben rendezett konferenci\u00e1t, valamint azt a t\u00e9nyt, hogy a szejm egyik legkiv\u00e1l\u00f3bb \u00e9s legjelent\u0151sebb eln\u00f6ke, Andrzej Maksymilian Fredro Przemy\u015blb\u0151l sz\u00e1rmazik. A marsall arra buzd\u00edtotta az embereket, hogy a k\u00f6z\u00e9letben a Fredro \u00e1ltal vallott er\u00e9nyek, valamint a k\u00f6zj\u00f3 vez\u00e9relje \u0151ket. - A Podkarpacie r\u00e9gi\u00f3ban \u00fagy \u00e9p\u00edtett\u00fck ki az er\u0151nket, hogy elker\u00fclt\u00fck a f\u00e9lre\u00e9rt\u00e9seket \u00e9s a bels\u0151 megosztotts\u00e1got, \u00e9s b\u00e1tor\u00edtottuk a m\u00e1s csoportosul\u00e1sokban l\u00e9v\u0151k k\u00f6z\u00f6tti egy\u00fcttm\u0171k\u00f6d\u00e9st. Egyetlen c\u00e9lunk van: Lengyelorsz\u00e1g, mint otthon, ahol m\u00e9lt\u00f3s\u00e1gteljes \u00e9s igazs\u00e1gos \u00e9letet \u00e9lhet\u00fcnk - mondta Marek Kuchci\u0144ski.<\/p>\n<p>Ewa Leniart, Podkarpackie vajd\u00e1ja az elm\u00falt \u00e9vet \u00f6sszefoglalva sikeres \u00e9s fontos kezdem\u00e9nyez\u00e9seket eml\u00edtett, p\u00e9ld\u00e1ul a csal\u00e1dok t\u00e1mogat\u00e1s\u00e1t \u00e9s a beruh\u00e1z\u00e1sokat, k\u00fcl\u00f6n\u00f6sen az utakba. A podkarpatszki szoci\u00e1lpolitik\u00e1ra k\u00f6zel 2,7 milli\u00e1rd zlotyt k\u00fcl\u00f6n\u00edtettek el, 1,4 milli\u00e1rd zlotyt a podkarpatszki csal\u00e1dok sz\u00e1m\u00e1ra az 500 plusz program v\u00e9grehajt\u00e1s\u00e1ra. Ewa Leniart megeml\u00edtette a b\u00f6lcs\u0151dei f\u00e9r\u0151helyek sz\u00e1m\u00e1nak n\u00f6vel\u00e9s\u00e9t, az id\u0151sek sz\u00e1m\u00e1ra szervezett programokat \u00e9s a term\u00e9szeti katasztr\u00f3f\u00e1k kezel\u00e9s\u00e9hez sz\u00fcks\u00e9ges jelent\u0151s forr\u00e1sokat is. Hangs\u00falyozta, hogy az eg\u00e9szs\u00e9g\u00fcgyi szolg\u00e1ltat\u00e1s reformja ter\u00e9n t\u00f6rt\u00e9nt egy l\u00e9p\u00e9s.<\/p>\n<p>A tal\u00e1lkoz\u00f3n r\u00e9szt vett Anna Schmidt-Rodziewicz parlamenti k\u00e9pvisel\u0151, Lucyna Podhalicz Podkarpacie vajda helyettese, Piotr Pilch Podkarpacie marsall helyettese is.<\/p>\n<p><em>Fot\u00f3: Marta Olejnik<\/em><\/p>\n<p><a href=\"https:\/\/marekkuchcinski.pl\/wp-content\/uploads\/2019\/01\/DSCF2950-1.jpg\"><img fetchpriority=\"high\" decoding=\"async\" class=\"alignnone size-full wp-image-12360\" src=\"https:\/\/marekkuchcinski.pl\/wp-content\/uploads\/2019\/01\/DSCF2950-1.jpg\" alt=\"DSCF2950 (1)\" width=\"3368\" height=\"2058\" srcset=\"https:\/\/marekkuchcinski.pl\/wp-content\/uploads\/2019\/01\/DSCF2950-1.jpg 2048w, https:\/\/marekkuchcinski.pl\/wp-content\/uploads\/2019\/01\/DSCF2950-1-300x183.jpg 300w, https:\/\/marekkuchcinski.pl\/wp-content\/uploads\/2019\/01\/DSCF2950-1-768x469.jpg 768w, https:\/\/marekkuchcinski.pl\/wp-content\/uploads\/2019\/01\/DSCF2950-1-1024x626.jpg 1024w\" sizes=\"(max-width: 3368px) 100vw, 3368px\" \/><\/a> <a href=\"https:\/\/marekkuchcinski.pl\/wp-content\/uploads\/2019\/01\/IMG_2430-1.jpg\"><img decoding=\"async\" class=\"alignnone size-full wp-image-12363\" src=\"https:\/\/marekkuchcinski.pl\/wp-content\/uploads\/2019\/01\/IMG_2430-1.jpg\" alt=\"IMG_2430 (1)\" width=\"3998\" height=\"3005\" srcset=\"https:\/\/marekkuchcinski.pl\/wp-content\/uploads\/2019\/01\/IMG_2430-1.jpg 2048w, https:\/\/marekkuchcinski.pl\/wp-content\/uploads\/2019\/01\/IMG_2430-1-300x225.jpg 300w, https:\/\/marekkuchcinski.pl\/wp-content\/uploads\/2019\/01\/IMG_2430-1-768x577.jpg 768w, https:\/\/marekkuchcinski.pl\/wp-content\/uploads\/2019\/01\/IMG_2430-1-1024x770.jpg 1024w\" sizes=\"(max-width: 3998px) 100vw, 3998px\" \/><\/a> <a href=\"https:\/\/marekkuchcinski.pl\/wp-content\/uploads\/2019\/01\/IMG_2426-1.jpg\"><img decoding=\"async\" class=\"alignnone size-full wp-image-12380\" src=\"https:\/\/marekkuchcinski.pl\/wp-content\/uploads\/2019\/01\/IMG_2426-1.jpg\" alt=\"IMG_2426 (1)\" width=\"4420\" height=\"2914\" srcset=\"https:\/\/marekkuchcinski.pl\/wp-content\/uploads\/2019\/01\/IMG_2426-1.jpg 2048w, https:\/\/marekkuchcinski.pl\/wp-content\/uploads\/2019\/01\/IMG_2426-1-300x198.jpg 300w, https:\/\/marekkuchcinski.pl\/wp-content\/uploads\/2019\/01\/IMG_2426-1-768x506.jpg 768w, https:\/\/marekkuchcinski.pl\/wp-content\/uploads\/2019\/01\/IMG_2426-1-1024x675.jpg 1024w\" sizes=\"(max-width: 4420px) 100vw, 4420px\" \/><\/a><a href=\"https:\/\/marekkuchcinski.pl\/wp-content\/uploads\/2019\/01\/IMG_2392.jpg\"><img loading=\"lazy\" decoding=\"async\" class=\"alignnone size-full wp-image-12378\" src=\"https:\/\/marekkuchcinski.pl\/wp-content\/uploads\/2019\/01\/IMG_2392.jpg\" alt=\"IMG_2392\" width=\"4752\" height=\"3168\" srcset=\"https:\/\/marekkuchcinski.pl\/wp-content\/uploads\/2019\/01\/IMG_2392.jpg 2048w, https:\/\/marekkuchcinski.pl\/wp-content\/uploads\/2019\/01\/IMG_2392-300x200.jpg 300w, https:\/\/marekkuchcinski.pl\/wp-content\/uploads\/2019\/01\/IMG_2392-768x512.jpg 768w, https:\/\/marekkuchcinski.pl\/wp-content\/uploads\/2019\/01\/IMG_2392-1024x683.jpg 1024w\" sizes=\"(max-width: 4752px) 100vw, 4752px\" \/><\/a><a href=\"https:\/\/marekkuchcinski.pl\/wp-content\/uploads\/2019\/01\/IMG_2395-1.jpg\"><img loading=\"lazy\" decoding=\"async\" class=\"alignnone size-full wp-image-12385\" src=\"https:\/\/marekkuchcinski.pl\/wp-content\/uploads\/2019\/01\/IMG_2395-1.jpg\" alt=\"IMG_2395 (1)\" width=\"4367\" height=\"3019\" srcset=\"https:\/\/marekkuchcinski.pl\/wp-content\/uploads\/2019\/01\/IMG_2395-1.jpg 2048w, https:\/\/marekkuchcinski.pl\/wp-content\/uploads\/2019\/01\/IMG_2395-1-300x207.jpg 300w, https:\/\/marekkuchcinski.pl\/wp-content\/uploads\/2019\/01\/IMG_2395-1-768x531.jpg 768w, https:\/\/marekkuchcinski.pl\/wp-content\/uploads\/2019\/01\/IMG_2395-1-1024x708.jpg 1024w\" sizes=\"(max-width: 4367px) 100vw, 4367px\" \/><\/a><a href=\"https:\/\/marekkuchcinski.pl\/wp-content\/uploads\/2019\/01\/DSCF2787-2.jpg\"><img loading=\"lazy\" decoding=\"async\" class=\"alignnone size-full wp-image-12368\" src=\"https:\/\/marekkuchcinski.pl\/wp-content\/uploads\/2019\/01\/DSCF2787-2.jpg\" alt=\"DSCF2787 2\" width=\"4896\" height=\"3264\" srcset=\"https:\/\/marekkuchcinski.pl\/wp-content\/uploads\/2019\/01\/DSCF2787-2.jpg 2048w, https:\/\/marekkuchcinski.pl\/wp-content\/uploads\/2019\/01\/DSCF2787-2-300x200.jpg 300w, https:\/\/marekkuchcinski.pl\/wp-content\/uploads\/2019\/01\/DSCF2787-2-768x512.jpg 768w, https:\/\/marekkuchcinski.pl\/wp-content\/uploads\/2019\/01\/DSCF2787-2-1024x683.jpg 1024w\" sizes=\"(max-width: 4896px) 100vw, 4896px\" \/><\/a> <a href=\"https:\/\/marekkuchcinski.pl\/wp-content\/uploads\/2019\/01\/IMG_2429.jpg\"><img loading=\"lazy\" decoding=\"async\" class=\"alignnone size-full wp-image-12370\" src=\"https:\/\/marekkuchcinski.pl\/wp-content\/uploads\/2019\/01\/IMG_2429.jpg\" alt=\"IMG_2429\" width=\"4752\" height=\"3168\" srcset=\"https:\/\/marekkuchcinski.pl\/wp-content\/uploads\/2019\/01\/IMG_2429.jpg 2048w, https:\/\/marekkuchcinski.pl\/wp-content\/uploads\/2019\/01\/IMG_2429-300x200.jpg 300w, https:\/\/marekkuchcinski.pl\/wp-content\/uploads\/2019\/01\/IMG_2429-768x512.jpg 768w, https:\/\/marekkuchcinski.pl\/wp-content\/uploads\/2019\/01\/IMG_2429-1024x683.jpg 1024w\" sizes=\"(max-width: 4752px) 100vw, 4752px\" \/><\/a><a href=\"https:\/\/marekkuchcinski.pl\/wp-content\/uploads\/2019\/01\/prz-n-www.jpg\"><img loading=\"lazy\" decoding=\"async\" class=\"alignnone size-full wp-image-12375\" src=\"https:\/\/marekkuchcinski.pl\/wp-content\/uploads\/2019\/01\/prz-n-www.jpg\" alt=\"prz n www\" width=\"3858\" height=\"2737\" srcset=\"https:\/\/marekkuchcinski.pl\/wp-content\/uploads\/2019\/01\/prz-n-www.jpg 2048w, https:\/\/marekkuchcinski.pl\/wp-content\/uploads\/2019\/01\/prz-n-www-300x213.jpg 300w, https:\/\/marekkuchcinski.pl\/wp-content\/uploads\/2019\/01\/prz-n-www-768x545.jpg 768w, https:\/\/marekkuchcinski.pl\/wp-content\/uploads\/2019\/01\/prz-n-www-1024x726.jpg 1024w\" sizes=\"(max-width: 3858px) 100vw, 3858px\" \/><\/a><a href=\"https:\/\/marekkuchcinski.pl\/wp-content\/uploads\/2019\/01\/49539511_350764142377069_8085356692990066688_n.jpg\"><img loading=\"lazy\" decoding=\"async\" class=\"alignnone size-full wp-image-12376\" src=\"https:\/\/marekkuchcinski.pl\/wp-content\/uploads\/2019\/01\/49539511_350764142377069_8085356692990066688_n.jpg\" alt=\"49539511_350764142377069_8085356692990066688_n\" width=\"1749\" height=\"1158\" srcset=\"https:\/\/marekkuchcinski.pl\/wp-content\/uploads\/2019\/01\/49539511_350764142377069_8085356692990066688_n.jpg 1749w, https:\/\/marekkuchcinski.pl\/wp-content\/uploads\/2019\/01\/49539511_350764142377069_8085356692990066688_n-300x199.jpg 300w, https:\/\/marekkuchcinski.pl\/wp-content\/uploads\/2019\/01\/49539511_350764142377069_8085356692990066688_n-768x508.jpg 768w, https:\/\/marekkuchcinski.pl\/wp-content\/uploads\/2019\/01\/49539511_350764142377069_8085356692990066688_n-1024x678.jpg 1024w\" sizes=\"(max-width: 1749px) 100vw, 1749px\" \/><\/a><a href=\"https:\/\/marekkuchcinski.pl\/wp-content\/uploads\/2019\/01\/DSCF2999-1.jpg\"><img loading=\"lazy\" decoding=\"async\" class=\"alignnone size-full wp-image-12362\" src=\"https:\/\/marekkuchcinski.pl\/wp-content\/uploads\/2019\/01\/DSCF2999-1.jpg\" alt=\"DSCF2999 (1)\" width=\"4758\" height=\"3081\" srcset=\"https:\/\/marekkuchcinski.pl\/wp-content\/uploads\/2019\/01\/DSCF2999-1.jpg 2048w, https:\/\/marekkuchcinski.pl\/wp-content\/uploads\/2019\/01\/DSCF2999-1-300x194.jpg 300w, https:\/\/marekkuchcinski.pl\/wp-content\/uploads\/2019\/01\/DSCF2999-1-768x497.jpg 768w, https:\/\/marekkuchcinski.pl\/wp-content\/uploads\/2019\/01\/DSCF2999-1-1024x663.jpg 1024w\" sizes=\"(max-width: 4758px) 100vw, 4758px\" \/><\/a><\/p>\n\n\n<figure class=\"wp-block-image\"><img loading=\"lazy\" decoding=\"async\" width=\"1024\" height=\"684\" src=\"https:\/\/marekkuchcinski.pl\/wp-content\/uploads\/2019\/04\/PSX_20190401_134844-1024x684.jpg\" alt=\"\" class=\"wp-image-14396\" srcset=\"https:\/\/marekkuchcinski.pl\/wp-content\/uploads\/2019\/04\/PSX_20190401_134844-1024x684.jpg 1024w, https:\/\/marekkuchcinski.pl\/wp-content\/uploads\/2019\/04\/PSX_20190401_134844-300x200.jpg 300w, https:\/\/marekkuchcinski.pl\/wp-content\/uploads\/2019\/04\/PSX_20190401_134844-768x513.jpg 768w, https:\/\/marekkuchcinski.pl\/wp-content\/uploads\/2019\/04\/PSX_20190401_134844.jpg 2048w\" sizes=\"(max-width: 1024px) 100vw, 1024px\" \/><\/figure>","protected":false},"excerpt":{"rendered":"<p>Politycy, dzia\u0142acze i sympatycy Prawa i Sprawiedliwo\u015bci z Przemy\u015bla spotkali si\u0119, by wsp\u00f3lnie kol\u0119dowa\u0107, podzieli\u0107 si\u0119 op\u0142atkiem i podsumowa\u0107 miniony rok.&nbsp; Marsza\u0142ek Sejmu Marek Kuchci\u0144ski podkre\u015bli\u0142, \u017ce rok 2018 Polacy oceniaj\u0105 jako jeden z najlepszych po 1989. &#8212; Wiele decyzji podejmowanych na poziomie lokalnym, regionalnym mo\u017cna zaliczy\u0107 do zrealizowanych obietnic, kt\u00f3re PiS z\u0142o\u017cy\u0142 w 2015 [&hellip;]<\/p>","protected":false},"author":6,"featured_media":14395,"comment_status":"open","ping_status":"open","sticky":false,"template":"","format":"standard","meta":{"ngg_post_thumbnail":0,"footnotes":""},"categories":[49,82,3],"tags":[87,133,88,135,134,128],"class_list":["post-12357","post","type-post","status-publish","format-standard","has-post-thumbnail","hentry","category-podkarpacie","category-prawo-i-sprawiedliwosc","category-wydarzenia","tag-marek-kuchcinski","tag-marszalek","tag-marszalek-sejmu","tag-pis","tag-podkarpacie","tag-przemysl"],"yoast_head":"<!-- This site is optimized with the Yoast SEO plugin v24.7 - https:\/\/yoast.com\/wordpress\/plugins\/seo\/ -->\n<title>Marek Kuchci\u0144ski w Przemy\u015blu: Cel jest jeden \u2013 Polska jako dom, w kt\u00f3rym mamy zapewnione godne i sprawiedliwe \u017cycie &#8211; Marek Kuchci\u0144ski<\/title>\n<meta name=\"robots\" content=\"index, follow, max-snippet:-1, max-image-preview:large, max-video-preview:-1\" \/>\n<link rel=\"canonical\" href=\"https:\/\/marekkuchcinski.pl\/hu\/wydarzenia\/marek-kuchcinski-przemyslu-cel-jeden-polska-jako-dom-ktorym-zapewnione-godne-sprawiedliwe-zycie\/\" \/>\n<meta property=\"og:locale\" content=\"hu_HU\" \/>\n<meta property=\"og:type\" content=\"article\" \/>\n<meta property=\"og:title\" content=\"Marek Kuchci\u0144ski w Przemy\u015blu: Cel jest jeden \u2013 Polska jako dom, w kt\u00f3rym mamy zapewnione godne i sprawiedliwe \u017cycie &#8211; Marek Kuchci\u0144ski\" \/>\n<meta property=\"og:description\" content=\"Politycy, dzia\u0142acze i sympatycy Prawa i Sprawiedliwo\u015bci z Przemy\u015bla spotkali si\u0119, by wsp\u00f3lnie kol\u0119dowa\u0107, podzieli\u0107 si\u0119 op\u0142atkiem i podsumowa\u0107 miniony rok.&nbsp; Marsza\u0142ek Sejmu Marek Kuchci\u0144ski podkre\u015bli\u0142, \u017ce rok 2018 Polacy oceniaj\u0105 jako jeden z najlepszych po 1989. &#8212; Wiele decyzji podejmowanych na poziomie lokalnym, regionalnym mo\u017cna zaliczy\u0107 do zrealizowanych obietnic, kt\u00f3re PiS z\u0142o\u017cy\u0142 w 2015 [&hellip;]\" \/>\n<meta property=\"og:url\" content=\"https:\/\/marekkuchcinski.pl\/hu\/wydarzenia\/marek-kuchcinski-przemyslu-cel-jeden-polska-jako-dom-ktorym-zapewnione-godne-sprawiedliwe-zycie\/\" \/>\n<meta property=\"og:site_name\" content=\"Marek Kuchci\u0144ski\" \/>\n<meta property=\"article:published_time\" content=\"2019-01-06T12:40:33+00:00\" \/>\n<meta property=\"article:modified_time\" content=\"2019-04-01T11:51:25+00:00\" \/>\n<meta property=\"og:image\" content=\"https:\/\/marekkuchcinski.pl\/wp-content\/uploads\/2019\/01\/PSX_20190401_134844.jpg\" \/>\n\t<meta property=\"og:image:width\" content=\"2048\" \/>\n\t<meta property=\"og:image:height\" content=\"1368\" \/>\n\t<meta property=\"og:image:type\" content=\"image\/jpeg\" \/>\n<meta name=\"author\" content=\"admin\" \/>\n<meta name=\"twitter:card\" content=\"summary_large_image\" \/>\n<meta name=\"twitter:label1\" content=\"Szerz\u0151:\" \/>\n\t<meta name=\"twitter:data1\" content=\"admin\" \/>\n\t<meta name=\"twitter:label2\" content=\"Becs\u00fclt olvas\u00e1si id\u0151\" \/>\n\t<meta name=\"twitter:data2\" content=\"3 perc\" \/>\n<script type=\"application\/ld+json\" class=\"yoast-schema-graph\">{\"@context\":\"https:\/\/schema.org\",\"@graph\":[{\"@type\":\"Article\",\"@id\":\"https:\/\/marekkuchcinski.pl\/sk\/wydarzenia\/marek-kuchcinski-przemyslu-cel-jeden-polska-jako-dom-ktorym-zapewnione-godne-sprawiedliwe-zycie\/#article\",\"isPartOf\":{\"@id\":\"https:\/\/marekkuchcinski.pl\/sk\/wydarzenia\/marek-kuchcinski-przemyslu-cel-jeden-polska-jako-dom-ktorym-zapewnione-godne-sprawiedliwe-zycie\/\"},\"author\":{\"name\":\"admin\",\"@id\":\"https:\/\/marekkuchcinski.pl\/#\/schema\/person\/6f62700996b4d950b6ea2d1183b6c6be\"},\"headline\":\"Marek Kuchci\u0144ski w Przemy\u015blu: Cel jest jeden \u2013 Polska jako dom, w kt\u00f3rym mamy zapewnione godne i sprawiedliwe \u017cycie\",\"datePublished\":\"2019-01-06T12:40:33+00:00\",\"dateModified\":\"2019-04-01T11:51:25+00:00\",\"mainEntityOfPage\":{\"@id\":\"https:\/\/marekkuchcinski.pl\/sk\/wydarzenia\/marek-kuchcinski-przemyslu-cel-jeden-polska-jako-dom-ktorym-zapewnione-godne-sprawiedliwe-zycie\/\"},\"wordCount\":553,\"commentCount\":0,\"publisher\":{\"@id\":\"https:\/\/marekkuchcinski.pl\/#organization\"},\"image\":{\"@id\":\"https:\/\/marekkuchcinski.pl\/sk\/wydarzenia\/marek-kuchcinski-przemyslu-cel-jeden-polska-jako-dom-ktorym-zapewnione-godne-sprawiedliwe-zycie\/#primaryimage\"},\"thumbnailUrl\":\"https:\/\/marekkuchcinski.pl\/wp-content\/uploads\/2019\/01\/PSX_20190401_134844.jpg\",\"keywords\":[\"Marek Kuchci\u0144ski\",\"marsza\u0142ek\",\"marsza\u0142ek Sejmu\",\"PiS\",\"Podkarpacie\",\"Przemy\u015bl\"],\"articleSection\":[\"Podkarpacie\",\"Prawo i Sprawiedliwo\u015b\u0107\",\"Wydarzenia\"],\"inLanguage\":\"hu\",\"potentialAction\":[{\"@type\":\"CommentAction\",\"name\":\"Comment\",\"target\":[\"https:\/\/marekkuchcinski.pl\/sk\/wydarzenia\/marek-kuchcinski-przemyslu-cel-jeden-polska-jako-dom-ktorym-zapewnione-godne-sprawiedliwe-zycie\/#respond\"]}]},{\"@type\":\"WebPage\",\"@id\":\"https:\/\/marekkuchcinski.pl\/sk\/wydarzenia\/marek-kuchcinski-przemyslu-cel-jeden-polska-jako-dom-ktorym-zapewnione-godne-sprawiedliwe-zycie\/\",\"url\":\"https:\/\/marekkuchcinski.pl\/sk\/wydarzenia\/marek-kuchcinski-przemyslu-cel-jeden-polska-jako-dom-ktorym-zapewnione-godne-sprawiedliwe-zycie\/\",\"name\":\"Marek Kuchci\u0144ski w Przemy\u015blu: Cel jest jeden \u2013 Polska jako dom, w kt\u00f3rym mamy zapewnione godne i sprawiedliwe \u017cycie &#8211; Marek Kuchci\u0144ski\",\"isPartOf\":{\"@id\":\"https:\/\/marekkuchcinski.pl\/#website\"},\"primaryImageOfPage\":{\"@id\":\"https:\/\/marekkuchcinski.pl\/sk\/wydarzenia\/marek-kuchcinski-przemyslu-cel-jeden-polska-jako-dom-ktorym-zapewnione-godne-sprawiedliwe-zycie\/#primaryimage\"},\"image\":{\"@id\":\"https:\/\/marekkuchcinski.pl\/sk\/wydarzenia\/marek-kuchcinski-przemyslu-cel-jeden-polska-jako-dom-ktorym-zapewnione-godne-sprawiedliwe-zycie\/#primaryimage\"},\"thumbnailUrl\":\"https:\/\/marekkuchcinski.pl\/wp-content\/uploads\/2019\/01\/PSX_20190401_134844.jpg\",\"datePublished\":\"2019-01-06T12:40:33+00:00\",\"dateModified\":\"2019-04-01T11:51:25+00:00\",\"breadcrumb\":{\"@id\":\"https:\/\/marekkuchcinski.pl\/sk\/wydarzenia\/marek-kuchcinski-przemyslu-cel-jeden-polska-jako-dom-ktorym-zapewnione-godne-sprawiedliwe-zycie\/#breadcrumb\"},\"inLanguage\":\"hu\",\"potentialAction\":[{\"@type\":\"ReadAction\",\"target\":[\"https:\/\/marekkuchcinski.pl\/sk\/wydarzenia\/marek-kuchcinski-przemyslu-cel-jeden-polska-jako-dom-ktorym-zapewnione-godne-sprawiedliwe-zycie\/\"]}]},{\"@type\":\"ImageObject\",\"inLanguage\":\"hu\",\"@id\":\"https:\/\/marekkuchcinski.pl\/sk\/wydarzenia\/marek-kuchcinski-przemyslu-cel-jeden-polska-jako-dom-ktorym-zapewnione-godne-sprawiedliwe-zycie\/#primaryimage\",\"url\":\"https:\/\/marekkuchcinski.pl\/wp-content\/uploads\/2019\/01\/PSX_20190401_134844.jpg\",\"contentUrl\":\"https:\/\/marekkuchcinski.pl\/wp-content\/uploads\/2019\/01\/PSX_20190401_134844.jpg\",\"width\":2048,\"height\":1368},{\"@type\":\"BreadcrumbList\",\"@id\":\"https:\/\/marekkuchcinski.pl\/sk\/wydarzenia\/marek-kuchcinski-przemyslu-cel-jeden-polska-jako-dom-ktorym-zapewnione-godne-sprawiedliwe-zycie\/#breadcrumb\",\"itemListElement\":[{\"@type\":\"ListItem\",\"position\":1,\"name\":\"Strona g\u0142\u00f3wna\",\"item\":\"https:\/\/marekkuchcinski.pl\/\"},{\"@type\":\"ListItem\",\"position\":2,\"name\":\"Marek Kuchci\u0144ski w Przemy\u015blu: Cel jest jeden \u2013 Polska jako dom, w kt\u00f3rym mamy zapewnione godne i sprawiedliwe \u017cycie\"}]},{\"@type\":\"WebSite\",\"@id\":\"https:\/\/marekkuchcinski.pl\/#website\",\"url\":\"https:\/\/marekkuchcinski.pl\/\",\"name\":\"Marek Kuchci\u0144ski\",\"description\":\"Pose\u0142 na sejm RP &ndash; okr\u0119g nr 22\",\"publisher\":{\"@id\":\"https:\/\/marekkuchcinski.pl\/#organization\"},\"potentialAction\":[{\"@type\":\"SearchAction\",\"target\":{\"@type\":\"EntryPoint\",\"urlTemplate\":\"https:\/\/marekkuchcinski.pl\/?s={search_term_string}\"},\"query-input\":{\"@type\":\"PropertyValueSpecification\",\"valueRequired\":true,\"valueName\":\"search_term_string\"}}],\"inLanguage\":\"hu\"},{\"@type\":\"Organization\",\"@id\":\"https:\/\/marekkuchcinski.pl\/#organization\",\"name\":\"Marek Kuchci\u0144ski\",\"url\":\"https:\/\/marekkuchcinski.pl\/\",\"logo\":{\"@type\":\"ImageObject\",\"inLanguage\":\"hu\",\"@id\":\"https:\/\/marekkuchcinski.pl\/#\/schema\/logo\/image\/\",\"url\":\"https:\/\/marekkuchcinski.pl\/wp-content\/uploads\/2022\/09\/Marek.jpg\",\"contentUrl\":\"https:\/\/marekkuchcinski.pl\/wp-content\/uploads\/2022\/09\/Marek.jpg\",\"width\":1600,\"height\":971,\"caption\":\"Marek Kuchci\u0144ski\"},\"image\":{\"@id\":\"https:\/\/marekkuchcinski.pl\/#\/schema\/logo\/image\/\"}},{\"@type\":\"Person\",\"@id\":\"https:\/\/marekkuchcinski.pl\/#\/schema\/person\/6f62700996b4d950b6ea2d1183b6c6be\",\"name\":\"admin\",\"image\":{\"@type\":\"ImageObject\",\"inLanguage\":\"hu\",\"@id\":\"https:\/\/marekkuchcinski.pl\/#\/schema\/person\/image\/\",\"url\":\"https:\/\/secure.gravatar.com\/avatar\/4bab693b9d55c3d6b52c0296a8765085?s=96&d=mm&r=g\",\"contentUrl\":\"https:\/\/secure.gravatar.com\/avatar\/4bab693b9d55c3d6b52c0296a8765085?s=96&d=mm&r=g\",\"caption\":\"admin\"},\"url\":\"https:\/\/marekkuchcinski.pl\/hu\/author\/marta-olejnik\/\"}]}<\/script>\n<!-- \/ Yoast SEO plugin. -->","yoast_head_json":{"title":"Marek Kuchci\u0144ski w Przemy\u015blu: Cel jest jeden \u2013 Polska jako dom, w kt\u00f3rym mamy zapewnione godne i sprawiedliwe \u017cycie &#8211; Marek Kuchci\u0144ski","robots":{"index":"index","follow":"follow","max-snippet":"max-snippet:-1","max-image-preview":"max-image-preview:large","max-video-preview":"max-video-preview:-1"},"canonical":"https:\/\/marekkuchcinski.pl\/hu\/wydarzenia\/marek-kuchcinski-przemyslu-cel-jeden-polska-jako-dom-ktorym-zapewnione-godne-sprawiedliwe-zycie\/","og_locale":"hu_HU","og_type":"article","og_title":"Marek Kuchci\u0144ski w Przemy\u015blu: Cel jest jeden \u2013 Polska jako dom, w kt\u00f3rym mamy zapewnione godne i sprawiedliwe \u017cycie &#8211; Marek Kuchci\u0144ski","og_description":"Politycy, dzia\u0142acze i sympatycy Prawa i Sprawiedliwo\u015bci z Przemy\u015bla spotkali si\u0119, by wsp\u00f3lnie kol\u0119dowa\u0107, podzieli\u0107 si\u0119 op\u0142atkiem i podsumowa\u0107 miniony rok.&nbsp; Marsza\u0142ek Sejmu Marek Kuchci\u0144ski podkre\u015bli\u0142, \u017ce rok 2018 Polacy oceniaj\u0105 jako jeden z najlepszych po 1989. &#8212; Wiele decyzji podejmowanych na poziomie lokalnym, regionalnym mo\u017cna zaliczy\u0107 do zrealizowanych obietnic, kt\u00f3re PiS z\u0142o\u017cy\u0142 w 2015 [&hellip;]","og_url":"https:\/\/marekkuchcinski.pl\/hu\/wydarzenia\/marek-kuchcinski-przemyslu-cel-jeden-polska-jako-dom-ktorym-zapewnione-godne-sprawiedliwe-zycie\/","og_site_name":"Marek Kuchci\u0144ski","article_published_time":"2019-01-06T12:40:33+00:00","article_modified_time":"2019-04-01T11:51:25+00:00","og_image":[{"width":2048,"height":1368,"url":"https:\/\/marekkuchcinski.pl\/wp-content\/uploads\/2019\/01\/PSX_20190401_134844.jpg","type":"image\/jpeg"}],"author":"admin","twitter_card":"summary_large_image","twitter_misc":{"Szerz\u0151:":"admin","Becs\u00fclt olvas\u00e1si id\u0151":"3 perc"},"schema":{"@context":"https:\/\/schema.org","@graph":[{"@type":"Article","@id":"https:\/\/marekkuchcinski.pl\/sk\/wydarzenia\/marek-kuchcinski-przemyslu-cel-jeden-polska-jako-dom-ktorym-zapewnione-godne-sprawiedliwe-zycie\/#article","isPartOf":{"@id":"https:\/\/marekkuchcinski.pl\/sk\/wydarzenia\/marek-kuchcinski-przemyslu-cel-jeden-polska-jako-dom-ktorym-zapewnione-godne-sprawiedliwe-zycie\/"},"author":{"name":"admin","@id":"https:\/\/marekkuchcinski.pl\/#\/schema\/person\/6f62700996b4d950b6ea2d1183b6c6be"},"headline":"Marek Kuchci\u0144ski w Przemy\u015blu: Cel jest jeden \u2013 Polska jako dom, w kt\u00f3rym mamy zapewnione godne i sprawiedliwe \u017cycie","datePublished":"2019-01-06T12:40:33+00:00","dateModified":"2019-04-01T11:51:25+00:00","mainEntityOfPage":{"@id":"https:\/\/marekkuchcinski.pl\/sk\/wydarzenia\/marek-kuchcinski-przemyslu-cel-jeden-polska-jako-dom-ktorym-zapewnione-godne-sprawiedliwe-zycie\/"},"wordCount":553,"commentCount":0,"publisher":{"@id":"https:\/\/marekkuchcinski.pl\/#organization"},"image":{"@id":"https:\/\/marekkuchcinski.pl\/sk\/wydarzenia\/marek-kuchcinski-przemyslu-cel-jeden-polska-jako-dom-ktorym-zapewnione-godne-sprawiedliwe-zycie\/#primaryimage"},"thumbnailUrl":"https:\/\/marekkuchcinski.pl\/wp-content\/uploads\/2019\/01\/PSX_20190401_134844.jpg","keywords":["Marek Kuchci\u0144ski","marsza\u0142ek","marsza\u0142ek Sejmu","PiS","Podkarpacie","Przemy\u015bl"],"articleSection":["Podkarpacie","Prawo i Sprawiedliwo\u015b\u0107","Wydarzenia"],"inLanguage":"hu","potentialAction":[{"@type":"CommentAction","name":"Comment","target":["https:\/\/marekkuchcinski.pl\/sk\/wydarzenia\/marek-kuchcinski-przemyslu-cel-jeden-polska-jako-dom-ktorym-zapewnione-godne-sprawiedliwe-zycie\/#respond"]}]},{"@type":"WebPage","@id":"https:\/\/marekkuchcinski.pl\/sk\/wydarzenia\/marek-kuchcinski-przemyslu-cel-jeden-polska-jako-dom-ktorym-zapewnione-godne-sprawiedliwe-zycie\/","url":"https:\/\/marekkuchcinski.pl\/sk\/wydarzenia\/marek-kuchcinski-przemyslu-cel-jeden-polska-jako-dom-ktorym-zapewnione-godne-sprawiedliwe-zycie\/","name":"Marek Kuchci\u0144ski w Przemy\u015blu: Cel jest jeden \u2013 Polska jako dom, w kt\u00f3rym mamy zapewnione godne i sprawiedliwe \u017cycie &#8211; Marek Kuchci\u0144ski","isPartOf":{"@id":"https:\/\/marekkuchcinski.pl\/#website"},"primaryImageOfPage":{"@id":"https:\/\/marekkuchcinski.pl\/sk\/wydarzenia\/marek-kuchcinski-przemyslu-cel-jeden-polska-jako-dom-ktorym-zapewnione-godne-sprawiedliwe-zycie\/#primaryimage"},"image":{"@id":"https:\/\/marekkuchcinski.pl\/sk\/wydarzenia\/marek-kuchcinski-przemyslu-cel-jeden-polska-jako-dom-ktorym-zapewnione-godne-sprawiedliwe-zycie\/#primaryimage"},"thumbnailUrl":"https:\/\/marekkuchcinski.pl\/wp-content\/uploads\/2019\/01\/PSX_20190401_134844.jpg","datePublished":"2019-01-06T12:40:33+00:00","dateModified":"2019-04-01T11:51:25+00:00","breadcrumb":{"@id":"https:\/\/marekkuchcinski.pl\/sk\/wydarzenia\/marek-kuchcinski-przemyslu-cel-jeden-polska-jako-dom-ktorym-zapewnione-godne-sprawiedliwe-zycie\/#breadcrumb"},"inLanguage":"hu","potentialAction":[{"@type":"ReadAction","target":["https:\/\/marekkuchcinski.pl\/sk\/wydarzenia\/marek-kuchcinski-przemyslu-cel-jeden-polska-jako-dom-ktorym-zapewnione-godne-sprawiedliwe-zycie\/"]}]},{"@type":"ImageObject","inLanguage":"hu","@id":"https:\/\/marekkuchcinski.pl\/sk\/wydarzenia\/marek-kuchcinski-przemyslu-cel-jeden-polska-jako-dom-ktorym-zapewnione-godne-sprawiedliwe-zycie\/#primaryimage","url":"https:\/\/marekkuchcinski.pl\/wp-content\/uploads\/2019\/01\/PSX_20190401_134844.jpg","contentUrl":"https:\/\/marekkuchcinski.pl\/wp-content\/uploads\/2019\/01\/PSX_20190401_134844.jpg","width":2048,"height":1368},{"@type":"BreadcrumbList","@id":"https:\/\/marekkuchcinski.pl\/sk\/wydarzenia\/marek-kuchcinski-przemyslu-cel-jeden-polska-jako-dom-ktorym-zapewnione-godne-sprawiedliwe-zycie\/#breadcrumb","itemListElement":[{"@type":"ListItem","position":1,"name":"Strona g\u0142\u00f3wna","item":"https:\/\/marekkuchcinski.pl\/"},{"@type":"ListItem","position":2,"name":"Marek Kuchci\u0144ski w Przemy\u015blu: Cel jest jeden \u2013 Polska jako dom, w kt\u00f3rym mamy zapewnione godne i sprawiedliwe \u017cycie"}]},{"@type":"WebSite","@id":"https:\/\/marekkuchcinski.pl\/#website","url":"https:\/\/marekkuchcinski.pl\/","name":"Marek Kuchci\u0144ski","description":"Pose\u0142 na sejm RP &ndash; okr\u0119g nr 22","publisher":{"@id":"https:\/\/marekkuchcinski.pl\/#organization"},"potentialAction":[{"@type":"SearchAction","target":{"@type":"EntryPoint","urlTemplate":"https:\/\/marekkuchcinski.pl\/?s={search_term_string}"},"query-input":{"@type":"PropertyValueSpecification","valueRequired":true,"valueName":"search_term_string"}}],"inLanguage":"hu"},{"@type":"Organization","@id":"https:\/\/marekkuchcinski.pl\/#organization","name":"Marek Kuchci\u0144ski","url":"https:\/\/marekkuchcinski.pl\/","logo":{"@type":"ImageObject","inLanguage":"hu","@id":"https:\/\/marekkuchcinski.pl\/#\/schema\/logo\/image\/","url":"https:\/\/marekkuchcinski.pl\/wp-content\/uploads\/2022\/09\/Marek.jpg","contentUrl":"https:\/\/marekkuchcinski.pl\/wp-content\/uploads\/2022\/09\/Marek.jpg","width":1600,"height":971,"caption":"Marek Kuchci\u0144ski"},"image":{"@id":"https:\/\/marekkuchcinski.pl\/#\/schema\/logo\/image\/"}},{"@type":"Person","@id":"https:\/\/marekkuchcinski.pl\/#\/schema\/person\/6f62700996b4d950b6ea2d1183b6c6be","name":"admin","image":{"@type":"ImageObject","inLanguage":"hu","@id":"https:\/\/marekkuchcinski.pl\/#\/schema\/person\/image\/","url":"https:\/\/secure.gravatar.com\/avatar\/4bab693b9d55c3d6b52c0296a8765085?s=96&d=mm&r=g","contentUrl":"https:\/\/secure.gravatar.com\/avatar\/4bab693b9d55c3d6b52c0296a8765085?s=96&d=mm&r=g","caption":"admin"},"url":"https:\/\/marekkuchcinski.pl\/hu\/author\/marta-olejnik\/"}]}},"_links":{"self":[{"href":"https:\/\/marekkuchcinski.pl\/hu\/wp-json\/wp\/v2\/posts\/12357","targetHints":{"allow":["GET"]}}],"collection":[{"href":"https:\/\/marekkuchcinski.pl\/hu\/wp-json\/wp\/v2\/posts"}],"about":[{"href":"https:\/\/marekkuchcinski.pl\/hu\/wp-json\/wp\/v2\/types\/post"}],"author":[{"embeddable":true,"href":"https:\/\/marekkuchcinski.pl\/hu\/wp-json\/wp\/v2\/users\/6"}],"replies":[{"embeddable":true,"href":"https:\/\/marekkuchcinski.pl\/hu\/wp-json\/wp\/v2\/comments?post=12357"}],"version-history":[{"count":22,"href":"https:\/\/marekkuchcinski.pl\/hu\/wp-json\/wp\/v2\/posts\/12357\/revisions"}],"predecessor-version":[{"id":14397,"href":"https:\/\/marekkuchcinski.pl\/hu\/wp-json\/wp\/v2\/posts\/12357\/revisions\/14397"}],"wp:featuredmedia":[{"embeddable":true,"href":"https:\/\/marekkuchcinski.pl\/hu\/wp-json\/wp\/v2\/media\/14395"}],"wp:attachment":[{"href":"https:\/\/marekkuchcinski.pl\/hu\/wp-json\/wp\/v2\/media?parent=12357"}],"wp:term":[{"taxonomy":"category","embeddable":true,"href":"https:\/\/marekkuchcinski.pl\/hu\/wp-json\/wp\/v2\/categories?post=12357"},{"taxonomy":"post_tag","embeddable":true,"href":"https:\/\/marekkuchcinski.pl\/hu\/wp-json\/wp\/v2\/tags?post=12357"}],"curies":[{"name":"wp","href":"https:\/\/api.w.org\/{rel}","templated":true}]}}