{"id":12319,"date":"2019-01-02T12:11:43","date_gmt":"2019-01-02T11:11:43","guid":{"rendered":"https:\/\/marekkuchcinski.pl\/?p=12319"},"modified":"2019-01-02T13:48:50","modified_gmt":"2019-01-02T12:48:50","slug":"dobre-zmiany-podkarpaciu-2018-roku","status":"publish","type":"post","link":"https:\/\/marekkuchcinski.pl\/hu\/wydarzenia\/dobre-zmiany-podkarpaciu-2018-roku\/","title":{"rendered":"J\u00f3 v\u00e1ltoz\u00e1sok Podkarpacie-ban 2018-ban"},"content":{"rendered":"<p>2018-ban infrastruktur\u00e1lis, eg\u00e9szs\u00e9g\u00fcgyi \u00e9s szoci\u00e1lis programokat hajtottak v\u00e9gre Podkarpacie-ban. A programhoz <strong>\"Csal\u00e1di 500 plusz\" <\/strong>a korm\u00e1nyz\u00f3 k\u00f6lts\u00e9gvet\u00e9s\u00e9b\u0151l t\u00f6bb mint 1,4 milli\u00e1rd eur\u00f3t k\u00fcl\u00f6n\u00edtettek el a programra. <strong>\"Senior plusz\"<\/strong> - 5 milli\u00f3 EUR, a <strong>\"J\u00f3 kezd\u00e9s\"<\/strong> - t\u00f6bb mint 80 milli\u00f3 PLN.<\/p>\n<p>A Podkarpatszkaja Region\u00e1lis Operat\u00edv Program 2014-2020 p\u00e9nz\u00e9nek k\u00f6sz\u00f6nhet\u0151en, legfeljebb 5 ezer. <strong>az \u00f3vodai f\u00e9r\u0151helyek sz\u00e1ma n\u0151tt.<\/strong>. T\u00f6bb mint 150 projektet hajtottak v\u00e9gre, amelyek \u00f6ssz\u00e9rt\u00e9ke meghaladta a 100 milli\u00f3 PLN-t. A speci\u00e1lis \u00e9s integr\u00e1lt \u00f3vod\u00e1k \u00e9s a fogyat\u00e9kkal \u00e9l\u0151 gyermekek t\u00e1mogat\u00e1s\u00e1ra is elk\u00fcl\u00f6n\u00edtettek forr\u00e1sokat.<\/p>\n<p>T\u00f6bb mint 11,5 milli\u00f3 PLN miniszteri t\u00e1mogat\u00e1sban r\u00e9szes\u00fcltek a podkarpatszki r\u00e9gi\u00f3 k\u00f3rh\u00e1zai a k\u00f6vetkez\u0151kre vonatkoz\u00f3an <strong>k\u00f3rh\u00e1zi s\u00fcrg\u0151ss\u00e9gi oszt\u00e1lyok ut\u00f3lagos felszerel\u00e9se vagy \u00e9p\u00edt\u00e9se<\/strong>. Tarnobrzeg, Stalowa Wola, Krosno, Rzesz\u00f3w \u00e9s Przemy\u015bl telep\u00fcl\u00e9seken \u00faj orvosi felszerel\u00e9seket biztos\u00edtottak. Egymilli\u00f3 zloty \u00f6sszeg\u0171 t\u00e1mogat\u00e1snak k\u00f6sz\u00f6nhet\u0151en az Ustrzyki k\u00f6rzeti k\u00f3rh\u00e1z egy modern ultrahangk\u00e9sz\u00fcl\u00e9ket v\u00e1s\u00e1rolhatott.<\/p>\n<p>A 2016 \u00e9s 2018 k\u00f6z\u00f6tti id\u0151szakban p\u00e9nzeszk\u00f6z\u00f6ket fizettek a k\u00f6vetkez\u0151knek is <strong>a term\u00e9szeti katasztr\u00f3f\u00e1k \u00e9s f\u00f6ldcsuszaml\u00e1sok k\u00f6vetkezm\u00e9nyeinek kezel\u00e9se<\/strong> - A PO-PSL-korm\u00e1ny idej\u00e9n keletkezett elmarad\u00e1s 2007-re ny\u00falik vissza. 2018-ban mintegy 124 milli\u00f3 PLN-t k\u00fcl\u00f6n\u00edtettek el 430 feladat v\u00e9grehajt\u00e1s\u00e1ra.<\/p>\n<p><strong>Fel\u00faj\u00edtva, \u00e1t\u00e9p\u00edtve\u00a0<\/strong><strong>t\u00f6bb mint 260 km \u00f6nkorm\u00e1nyzati \u00e9s k\u00f6rzeti utat, 53 h\u00eddszerkezetet \u00e9s \u00e1tereszeket \u00e9p\u00edtettek \u00e1t \u00f6nkorm\u00e1nyzati \u00e9s k\u00f6rzeti utakon.<\/strong><\/p>\n<p>K\u00f6zel 5 milli\u00f3 zlotyt adom\u00e1nyoztak a Lesk\u00f3i j\u00e1r\u00e1sban tal\u00e1lhat\u00f3 Terka k\u00f6zs\u00e9gben tal\u00e1lhat\u00f3, t\u00f6bb \u00e9vtizede nem \u00fajj\u00e1\u00e9p\u00edtett h\u00edd teljes rekonstrukci\u00f3j\u00e1ra. Keskeny volt, f\u00e1b\u00f3l k\u00e9sz\u00fclt \u00e9s alacsony teherb\u00edr\u00e1s\u00fa. A Bieszczadyba tart\u00f3 turist\u00e1knak gyalog kellett \u00e1tkelni\u00fck rajta, mert t\u00fal vesz\u00e9lyes volt. Most a h\u00edd t\u00e9gl\u00e1b\u00f3l k\u00e9sz\u00fclt, sz\u00e9les \u00e9s nagy teherb\u00edr\u00e1s\u00fa. Az aut\u00f3buszos kir\u00e1ndul\u00f3k most m\u00e1r biztons\u00e1gosan \u00e1tkelhetnek rajta.<\/p>\n<p>2018-ban a helyi utak \u00e9s hidak jav\u00edt\u00e1s\u00e1ra \u00e9s fel\u00faj\u00edt\u00e1s\u00e1ra k\u00e9t programb\u00f3l ny\u00fajtottak t\u00e1mogat\u00e1st:<\/p>\n<p>1) Az \u00d6nkorm\u00e1nyzati \u00e9s k\u00f6rzeti \u00fatinfrastrukt\u00fara-fejleszt\u00e9si program 2016-2018, amelyb\u0151l 2018-ban t\u00f6bb mint 50 milli\u00f3 200 ezer forintot k\u00fcl\u00f6n\u00edtettek el a korm\u00e1nyz\u00f3 \u00fatj\u00e1n t\u00f6bb mint 92 km \u00fatra.<\/p>\n<p>2) A r\u00e9gi\u00f3k fejleszt\u00e9s\u00e9re \u00e9s versenyk\u00e9pess\u00e9g\u00e9re ir\u00e1nyul\u00f3 korm\u00e1nyprogram a helyi k\u00f6z\u00fati infrastrukt\u00fara t\u00e1mogat\u00e1s\u00e1n kereszt\u00fcl 2018-ban, amelyre t\u00f6bb mint 81 milli\u00f3 PLN-t (50 milli\u00f3 200 ezer PLN a korm\u00e1nyt\u00f3l \u00e9s 31 milli\u00f3 PLN a korm\u00e1nyz\u00f3t\u00f3l) k\u00fcl\u00f6n\u00edtettek el mintegy 150 km \u00fatra.<\/p>\n<p>A legut\u00f3bbi program r\u00e9szek\u00e9nt t\u00f6bbek k\u00f6z\u00f6tt a przemy\u015bli J\u00f3zef Wysocki utcai \u00fat finansz\u00edroz\u00e1s\u00e1t biztos\u00edtott\u00e1k, amelyet 40 \u00e9ve csak ideiglenesen jav\u00edtottak ki.<\/p>\n<p>A PiS-korm\u00e1ny kiemelt k\u00f6zleked\u00e9si projektje, az \u00fatvonal <strong>Via Carpatia<\/strong>. A r\u00e9gi\u00f3 fejl\u0151d\u00e9s\u00e9nek motorja kell, hogy legyen; \u00f6szt\u00f6n\u00f6zze a gazdas\u00e1got, vonzza a beruh\u00e1z\u00e1sokat \u00e9s n\u00f6veli a munkahelyek sz\u00e1m\u00e1t. A Podkarpacie r\u00e9gi\u00f3ban az S-19-es \u00fat szakasza v\u00e9g\u00fcl 174 km hossz\u00fa lesz - Barwinekt\u0151l a Lubelskie vajdas\u00e1g hat\u00e1r\u00e1ig.<\/p>\n<p>&nbsp;<\/p>\n<p>&nbsp;<\/p>\n<p>&nbsp;<\/p>\n<p>&nbsp;<\/p>\n<p>&nbsp;<\/p>\n<p>&nbsp;<\/p>\n<p>&nbsp;<\/p>","protected":false},"excerpt":{"rendered":"<p>W 2018 roku na Podkarpaciu wdro\u017cono programy infrastrukturalne, zdrowotne i spo\u0142eczne. Na program \u201eRodzina 500 plus\u201d z bud\u017cetu wojewody przeznaczono ponad 1,4 mld, na program \u201eSenior plus\u201d \u2013 5 mln, na \u201eDobry start\u201d \u2013 ponad 80 mln z\u0142. Dzi\u0119ki pieni\u0105dzom z regionalnego programu operacyjnego woj. podkarpackiego na lata 2014-2020 do 5 tys. zwi\u0119kszy\u0142a si\u0119 liczba [&hellip;]<\/p>\n","protected":false},"author":6,"featured_media":12327,"comment_status":"open","ping_status":"open","sticky":false,"template":"","format":"standard","meta":{"ngg_post_thumbnail":0,"footnotes":""},"categories":[49,82,3],"tags":[],"class_list":["post-12319","post","type-post","status-publish","format-standard","has-post-thumbnail","hentry","category-podkarpacie","category-prawo-i-sprawiedliwosc","category-wydarzenia"],"_links":{"self":[{"href":"https:\/\/marekkuchcinski.pl\/hu\/wp-json\/wp\/v2\/posts\/12319","targetHints":{"allow":["GET"]}}],"collection":[{"href":"https:\/\/marekkuchcinski.pl\/hu\/wp-json\/wp\/v2\/posts"}],"about":[{"href":"https:\/\/marekkuchcinski.pl\/hu\/wp-json\/wp\/v2\/types\/post"}],"author":[{"embeddable":true,"href":"https:\/\/marekkuchcinski.pl\/hu\/wp-json\/wp\/v2\/users\/6"}],"replies":[{"embeddable":true,"href":"https:\/\/marekkuchcinski.pl\/hu\/wp-json\/wp\/v2\/comments?post=12319"}],"version-history":[{"count":14,"href":"https:\/\/marekkuchcinski.pl\/hu\/wp-json\/wp\/v2\/posts\/12319\/revisions"}],"predecessor-version":[{"id":12338,"href":"https:\/\/marekkuchcinski.pl\/hu\/wp-json\/wp\/v2\/posts\/12319\/revisions\/12338"}],"wp:featuredmedia":[{"embeddable":true,"href":"https:\/\/marekkuchcinski.pl\/hu\/wp-json\/wp\/v2\/media\/12327"}],"wp:attachment":[{"href":"https:\/\/marekkuchcinski.pl\/hu\/wp-json\/wp\/v2\/media?parent=12319"}],"wp:term":[{"taxonomy":"category","embeddable":true,"href":"https:\/\/marekkuchcinski.pl\/hu\/wp-json\/wp\/v2\/categories?post=12319"},{"taxonomy":"post_tag","embeddable":true,"href":"https:\/\/marekkuchcinski.pl\/hu\/wp-json\/wp\/v2\/tags?post=12319"}],"curies":[{"name":"wp","href":"https:\/\/api.w.org\/{rel}","templated":true}]}}