{"id":12303,"date":"2019-01-01T20:07:18","date_gmt":"2019-01-01T19:07:18","guid":{"rendered":"https:\/\/marekkuchcinski.pl\/?p=12303"},"modified":"2019-04-19T13:07:02","modified_gmt":"2019-04-19T11:07:02","slug":"polska-wiara-ostoja-europy","status":"publish","type":"post","link":"https:\/\/marekkuchcinski.pl\/hu\/wydarzenia\/polska-wiara-ostoja-europy\/","title":{"rendered":"A lengyel hit mint Eur\u00f3pa mened\u00e9ke"},"content":{"rendered":"<div class=\"gs\">\n<div class=\"\">\n<div id=\":1fu\" class=\"ii gt adO\">\n<div id=\":1fw\" class=\"a3s aXjCH\">\n<div dir=\"ltr\">\n<div dir=\"ltr\">\n<div><strong>A kar\u00e1csony a m\u00e9ly elm\u00e9lked\u00e9s \u00fcnnepe. Eur\u00f3p\u00e1ban senki sem n\u00e9z olyan gyakran a saj\u00e1t sz\u00edv\u00e9be kar\u00e1csonykor \u00e9s minden nap, mint a lengyelek.<\/strong><\/div>\n<div>&nbsp;<\/div>\n<div>A b\u00f6lcsek sok szava id\u0151t\u00e1ll\u00f3v\u00e1 v\u00e1lik. \u00cdgy van ez t\u00f6bbek k\u00f6z\u00f6tt II. J\u00e1nos P\u00e1l Szentatya v\u00e9lem\u00e9ny\u00e9vel is. 1988-ban az Eur\u00f3pai Parlamentben Strasbourgban tartott besz\u00e9d\u00e9ben egy eml\u00e9kezetes mondatot mondott: \"A r\u00e9gi Eur\u00f3p\u00e1nak \u00faj evangeliz\u00e1ci\u00f3ra van sz\u00fcks\u00e9ge\". Ez ma is aktu\u00e1lis, amint azt az amerikai Pew Research Center int\u00e9zet legut\u00f3bbi, a kontinens\u00fcnk\u00f6n \u00e9l\u0151 katolikus egyh\u00e1zr\u00f3l sz\u00f3l\u00f3 tanulm\u00e1nya is bizony\u00edtja.  A 34 orsz\u00e1gban v\u00e9gzett felm\u00e9r\u00e9s szerint Lengyelorsz\u00e1gban a lakosok 87%-a vallja mag\u00e1t katolikusnak. Ez a legmagasabb ar\u00e1ny az eg\u00e9sz kontinensen.<\/div>\n<div>&nbsp;<\/div>\n<div>2018-ban, az uni\u00f3s tag\u00e1llamok parlamenti eln\u00f6keinek tallinni konferenci\u00e1j\u00e1n Marek Kuchci\u0144ski, a szejm eln\u00f6ke azzal a javaslattal \u00e1llt el\u0151, hogy a kereszt\u00e9nys\u00e9g - az eur\u00f3pai \u00e9rt\u00e9kek, mint a tolerancia, egyenl\u0151s\u00e9g, demokr\u00e1cia alapja - ker\u00fclj\u00f6n be a konferencia k\u00f6vetkeztet\u00e9seibe. A magyar \u00e9s a litv\u00e1n parlament eln\u00f6ke t\u00e1mogatta.<\/div>\n<div>&nbsp;<\/div>\n<div>Ha az eur\u00f3pai identit\u00e1s bizonyos v\u00e1ls\u00e1g\u00e1r\u00f3l besz\u00e9l\u00fcnk, annak gy\u00f6kerei a hit v\u00e1ls\u00e1g\u00e1ban gy\u00f6kerezhetnek. A Pew Research Center szak\u00e9rt\u0151i eml\u00e9keztetnek arra, hogy a 20. sz\u00e1zad elej\u00e9n a legt\u00f6bb katolikus Eur\u00f3p\u00e1ban \u00e9lt. T\u00f6bb mint sz\u00e1z \u00e9vvel ezel\u0151tt, 1910-ben ez az ar\u00e1ny a h\u00edv\u0151k 65 sz\u00e1zal\u00e9ka volt. M\u00e1ra ez 24 sz\u00e1zal\u00e9kra cs\u00f6kkent.<\/div>\n<div>&nbsp;<\/div>\n<div>Az amerikai jelent\u00e9s tartalm\u00e1t elemz\u0151 Katolikus H\u00edr\u00fcgyn\u00f6ks\u00e9g r\u00e1mutat, hogy a katolikusok D\u00e9l- \u00e9s K\u00f6z\u00e9p-Eur\u00f3p\u00e1ban vannak t\u00fals\u00falyban, a vil\u00e1g ezen r\u00e9sz\u00e9nek legn\u00e9pesebb orsz\u00e1gai k\u00f6z\u00fcl Lengyelorsz\u00e1gban a legmagasabb a h\u00edv\u0151k ar\u00e1nya az \u00f6sszlakoss\u00e1ghoz viszony\u00edtva: 87 sz\u00e1zal\u00e9k, ezt k\u00f6veti: Olaszorsz\u00e1g 78 sz\u00e1zal\u00e9kkal \u00e9s Portug\u00e1lia 77 sz\u00e1zal\u00e9kkal, majd Spanyolorsz\u00e1g k\u00f6vetkezik 60 sz\u00e1zal\u00e9kkal \u00e9s Magyarorsz\u00e1g 56 sz\u00e1zal\u00e9kkal. De a r\u00e9gi\u00f3n k\u00edv\u00fcli orsz\u00e1gokban is magas az ar\u00e1ny: Litv\u00e1nia - 75 sz\u00e1zal\u00e9k \u00e9s \u00cdrorsz\u00e1g - 72. Sokkal alacsonyabb, b\u00e1r szint\u00e9n jelent\u0151s a katolikusok ar\u00e1nya az Egyes\u00fclt Kir\u00e1lys\u00e1gban \u00e9s Hollandi\u00e1ban - egyenk\u00e9nt 19 sz\u00e1zal\u00e9k, valamint Ukrajn\u00e1ban - 10, ahol az ut\u00f3bbi orsz\u00e1gban a helyi katolikusok t\u00f6bbs\u00e9ge g\u00f6r\u00f6g katolikus.<\/div>\n<div>&nbsp;<\/div>\n<div>A k\u00f6z\u00e9p- \u00e9s kelet-eur\u00f3pai h\u00edv\u0151k vall\u00e1sosabbak, mint nyugati vall\u00e1st\u00e1rsaik. K\u00f6z\u00e9p- \u00e9s Kelet-Eur\u00f3p\u00e1ban a h\u00edvek \u00e1tlagosan 44 sz\u00e1zal\u00e9ka j\u00e1r havonta legal\u00e1bb egyszer templomba, m\u00edg Nyugat-Eur\u00f3p\u00e1ban ez az ar\u00e1ny 33 sz\u00e1zal\u00e9k. A naponta im\u00e1dkoz\u00f3 h\u00edvek sz\u00e1zal\u00e9kos ar\u00e1nya k\u00f6z\u00f6tt ennek megfelel\u0151en nagy a k\u00fcl\u00f6nbs\u00e9g: 36-13 sz\u00e1zal\u00e9k, \u00e9s nagyon fontosnak tartj\u00e1k a vall\u00e1st az \u00e9let\u00fckben: 31 sz\u00e1zal\u00e9k a 13 sz\u00e1zal\u00e9kkal szemben, az Istenben h\u00edv\u0151k pedig 91 sz\u00e1zal\u00e9k a 80 sz\u00e1zal\u00e9kkal szemben 56 sz\u00e1zal\u00e9k. Franciaorsz\u00e1gban a naponta im\u00e1dkoz\u00f3k ar\u00e1nya 9 sz\u00e1zal\u00e9k.<\/div>\n<div>&nbsp;<\/div>\n<div>Az eur\u00f3pai norm\u00e1kr\u00f3l sz\u00f3l\u00f3 vit\u00e1k sor\u00e1n gyakran megfeledkeznek az egyes orsz\u00e1gok lakoss\u00e1g\u00e1nak bels\u0151 meggy\u0151z\u0151d\u00e9s\u00e9r\u0151l, amely nagym\u00e9rt\u00e9kben kapcsol\u00f3dik a hit\u00fckh\u00f6z. A Pew Research jelent\u00e9se szerint<\/div>\n<div>A k\u00f6z\u00e9p- \u00e9s kelet-eur\u00f3pai katolikusok is konzervat\u00edvabbak, mint nyugati hittestv\u00e9reik. A nyugati orsz\u00e1gokban a h\u00edv\u0151k t\u00f6bbs\u00e9ge t\u00e1mogatja az azonos nem\u0171ek h\u00e1zass\u00e1g\u00e1nak legaliz\u00e1l\u00e1s\u00e1t. Ha azonban k\u00f6zelebbr\u0151l megvizsg\u00e1ljuk a kutat\u00e1st, azt tal\u00e1ljuk, hogy a k\u00f6z\u00e9p- \u00e9s kelet-eur\u00f3pai katolikusok nem \u00e9rtenek egyet az ilyen megold\u00e1sokkal (Ukrajn\u00e1ban \u00e9s Bosznia-Hercegovin\u00e1ban kevesebb, mint 10%). A leg\u00e1lis abortusz t\u00e1mogatotts\u00e1ga K\u00f6z\u00e9p- \u00e9s Kelet-Eur\u00f3p\u00e1ban sokkal alacsonyabb, mint Nyugaton, b\u00e1r viszonylag magas is: 47 sz\u00e1zal\u00e9k a 71 sz\u00e1zal\u00e9kkal szemben.<\/div>\n<\/div>\n<div>&nbsp;<\/div>\n<\/div>\n<\/div>\n<\/div>\n<div id=\":1fu\" class=\"ii gt adO\">\n<div id=\":1fw\" class=\"a3s aXjCH\">\n<div dir=\"ltr\">\n<div dir=\"ltr\">\n<div><em>sz\u00f6veg\/fot\u00f3 Marta Olejnik <\/em><\/div>\n<div><em>A KAI \u00e9s a&nbsp; <a href=\"http:\/\/www.pewresearch.org\/fact-tank\/2018\/12\/19\/5-facts-about-catholics-in-europe\/\" target=\"_blank\" rel=\"noopener noreferrer\" data-saferedirecturl=\"https:\/\/www.google.com\/url?q=http:\/\/www.pewresearch.org\/fact-tank\/2018\/12\/19\/5-facts-about-catholics-in-europe\/&amp;source=gmail&amp;ust=1546339313658000&amp;usg=AFQjCNEIBffs2sIse-vtDIv79nMIdGU8zg\">http:\/\/www.pewresearch.org\/fact-tank\/2018\/12\/19\/5-facts-about-catholics-in-europe\/<\/a><\/em><\/div>\n<\/div>\n<div><a href=\"https:\/\/marekkuchcinski.pl\/wp-content\/uploads\/2019\/01\/image.png\"><img fetchpriority=\"high\" decoding=\"async\" class=\"alignnone size-full wp-image-12304\" src=\"https:\/\/marekkuchcinski.pl\/wp-content\/uploads\/2019\/01\/image.png\" alt=\"image\" width=\"1281\" height=\"1139\" srcset=\"https:\/\/marekkuchcinski.pl\/wp-content\/uploads\/2019\/01\/image.png 1281w, https:\/\/marekkuchcinski.pl\/wp-content\/uploads\/2019\/01\/image-300x267.png 300w, https:\/\/marekkuchcinski.pl\/wp-content\/uploads\/2019\/01\/image-768x683.png 768w, https:\/\/marekkuchcinski.pl\/wp-content\/uploads\/2019\/01\/image-1024x910.png 1024w\" sizes=\"(max-width: 1281px) 100vw, 1281px\" \/><\/a><\/div>\n<\/div>\n<div><img decoding=\"async\" class=\"CToWUd\" src=\"https:\/\/ci4.googleusercontent.com\/proxy\/ntOC2_mavWZ95awjaNsavIrz-P3kATKcnTB-qCxWv0cZE0QSC-38JmKvpV3S5oiW9zgK3fkV6kSb_YspsoaQkODoemnPilFYlDhN2QH585ugGhnzhneoj9j38kpws4WNA2dBmFH6O7kdwRA45PBn5q8nx3ihRbWJ52XXI6WXTEMWHKXEHZWRsexcGi9Wi8udCeWegA=s0-d-e1-ft#https:\/\/mailfoogae.appspot.com\/t?sender=ab2JlcmV6b3dza2lAZ21haWwuY29t&amp;type=zerocontent&amp;guid=4658e8a0-d4fb-4ed6-86e0-271502b2a5bf\" alt=\"\"><span style=\"color: #ffffff; font-size: xx-small;\">\u1427<\/span><\/div>\n<div class=\"yj6qo ajU\">\n<div id=\":1fi\" class=\"ajR\" tabindex=\"0\" data-tooltip=\"Poka\u017c skr\u00f3con\u0105 tre\u015b\u0107\"><img decoding=\"async\" class=\"ajT\" src=\"https:\/\/ssl.gstatic.com\/ui\/v1\/icons\/mail\/images\/cleardot.gif\"><\/div>\n<\/div>\n<\/div>\n<\/div>\n<div class=\"hi\">&nbsp;<\/div>\n<\/div>\n<\/div>\n\n\n<figure class=\"wp-block-image\"><img decoding=\"async\" width=\"1024\" height=\"856\" src=\"https:\/\/marekkuchcinski.pl\/wp-content\/uploads\/2019\/04\/kk-1024x856.jpg\" alt=\"\" class=\"wp-image-14974\" srcset=\"https:\/\/marekkuchcinski.pl\/wp-content\/uploads\/2019\/04\/kk-1024x856.jpg 1024w, https:\/\/marekkuchcinski.pl\/wp-content\/uploads\/2019\/04\/kk-300x251.jpg 300w, https:\/\/marekkuchcinski.pl\/wp-content\/uploads\/2019\/04\/kk-768x642.jpg 768w, https:\/\/marekkuchcinski.pl\/wp-content\/uploads\/2019\/04\/kk.jpg 2048w\" sizes=\"(max-width: 1024px) 100vw, 1024px\" \/><\/figure>","protected":false},"excerpt":{"rendered":"<p>Bo\u017ce Narodzenie to \u015bwi\u0119to g\u0142\u0119bokiej refleksji. Nikt w Europie tak cz\u0119sto nie zagl\u0105da do w\u0142asnych serc w \u015bwi\u0119ta i na co dzie\u0144 jak Polacy. &nbsp; Wiele s\u0142\u00f3w m\u0105drych ludzi staje si\u0119 ponadczasowych. Tak jest mi\u0119dzy innymi z opiniami Ojca \u015awi\u0119tego Jana Paw\u0142a II. W 1988 roku podczas przem\u00f3wienia w Parlamencie Europejskim w Strasburgu &nbsp; wypowiedzia\u0142 [&hellip;]<\/p>\n","protected":false},"author":6,"featured_media":12305,"comment_status":"open","ping_status":"open","sticky":false,"template":"","format":"standard","meta":{"ngg_post_thumbnail":0,"footnotes":""},"categories":[50,3],"tags":[],"class_list":["post-12303","post","type-post","status-publish","format-standard","has-post-thumbnail","hentry","category-wspolpraca-miedzynarodowa","category-wydarzenia"],"_links":{"self":[{"href":"https:\/\/marekkuchcinski.pl\/hu\/wp-json\/wp\/v2\/posts\/12303","targetHints":{"allow":["GET"]}}],"collection":[{"href":"https:\/\/marekkuchcinski.pl\/hu\/wp-json\/wp\/v2\/posts"}],"about":[{"href":"https:\/\/marekkuchcinski.pl\/hu\/wp-json\/wp\/v2\/types\/post"}],"author":[{"embeddable":true,"href":"https:\/\/marekkuchcinski.pl\/hu\/wp-json\/wp\/v2\/users\/6"}],"replies":[{"embeddable":true,"href":"https:\/\/marekkuchcinski.pl\/hu\/wp-json\/wp\/v2\/comments?post=12303"}],"version-history":[{"count":7,"href":"https:\/\/marekkuchcinski.pl\/hu\/wp-json\/wp\/v2\/posts\/12303\/revisions"}],"predecessor-version":[{"id":14975,"href":"https:\/\/marekkuchcinski.pl\/hu\/wp-json\/wp\/v2\/posts\/12303\/revisions\/14975"}],"wp:featuredmedia":[{"embeddable":true,"href":"https:\/\/marekkuchcinski.pl\/hu\/wp-json\/wp\/v2\/media\/12305"}],"wp:attachment":[{"href":"https:\/\/marekkuchcinski.pl\/hu\/wp-json\/wp\/v2\/media?parent=12303"}],"wp:term":[{"taxonomy":"category","embeddable":true,"href":"https:\/\/marekkuchcinski.pl\/hu\/wp-json\/wp\/v2\/categories?post=12303"},{"taxonomy":"post_tag","embeddable":true,"href":"https:\/\/marekkuchcinski.pl\/hu\/wp-json\/wp\/v2\/tags?post=12303"}],"curies":[{"name":"wp","href":"https:\/\/api.w.org\/{rel}","templated":true}]}}