{"id":12297,"date":"2018-12-31T10:25:27","date_gmt":"2018-12-31T09:25:27","guid":{"rendered":"https:\/\/marekkuchcinski.pl\/?p=12297"},"modified":"2019-01-01T20:47:46","modified_gmt":"2019-01-01T19:47:46","slug":"podsumowanie-najwazniejszych-ustaw-przyjetych-2018-roku","status":"publish","type":"post","link":"https:\/\/marekkuchcinski.pl\/hu\/wydarzenia\/podsumowanie-najwazniejszych-ustaw-przyjetych-2018-roku\/","title":{"rendered":"A Szejm \u00e1ltal 2018-ban elfogadott legfontosabb t\u00f6rv\u00e9nyek"},"content":{"rendered":"<blockquote>\n<div dir=\"ltr\">\n<p><strong><span style=\"font-family: sans-serif; font-size: small;\">Az elm\u00falt 12 h\u00f3nap intenz\u00edv id\u0151szak volt vid\u00e9ken. 2018-ban. A Szejm sz\u00e1mos, a lengyelek sz\u00e1m\u00e1ra fontos t\u00f6rv\u00e9nyt fogadott el. Az al\u00e1bbiakban a fontos t\u00f6rv\u00e9nyek v\u00e1ltoz\u00e1sainak havi \u00f6sszefoglal\u00f3ja k\u00f6vetkezik<\/span><\/strong><\/p>\n<p><span style=\"font-family: sans-serif; font-size: small;\"><b>Janu\u00e1r<\/b><\/span><\/p>\n<p><span style=\"font-family: sans-serif; font-size: small;\">A k\u00e9pvisel\u0151h\u00e1z egy, a helyi k\u00f6z\u00f6ss\u00e9gek sz\u00e1m\u00e1ra fontos t\u00f6rv\u00e9ny elfogad\u00e1s\u00e1val kezdte a 2018-as \u00e9vet. A szejm \u00fagy d\u00f6nt\u00f6tt, hogy a helyi hat\u00f3s\u00e1gok hivatali idej\u00e9t n\u00e9gyr\u0151l \u00f6t \u00e9vre hosszabb\u00edtja meg, \u00e9s \u00fagy hat\u00e1rozott, hogy egy polg\u00e1rmester vagy v\u00e1rosvezet\u0151 nem t\u00f6lthet be k\u00e9t ciklusn\u00e1l hosszabb id\u0151szakot. A k\u00e9pvisel\u0151k meger\u0151s\u00edtett\u00e9k a helyi polg\u00e1ri k\u00f6lts\u00e9gvet\u00e9sek szerep\u00e9t is, \u00e9s fokozt\u00e1k a helyi hat\u00f3s\u00e1gok tev\u00e9kenys\u00e9ge feletti t\u00e1rsadalmi ellen\u0151rz\u00e9st.<\/span><\/p>\n<p><span style=\"font-family: sans-serif; font-size: small;\">A kiskereskedelmi \u00fczletek alkalmazottai a vas\u00e1rnapokat a munka helyett szeretteikkel t\u00f6ltik majd - janu\u00e1rban a Szejm elfogadta a munkasz\u00fcneti napokon t\u00f6rt\u00e9n\u0151 kereskedelmet korl\u00e1toz\u00f3 polg\u00e1ri t\u00f6rv\u00e9nyt.<\/span><\/p>\n<p><span style=\"font-family: sans-serif; font-size: small;\">Az elektromobilit\u00e1sr\u00f3l \u00e9s az alternat\u00edv \u00fczemanyagokr\u00f3l sz\u00f3l\u00f3 t\u00f6rv\u00e9ny rendelkez\u00e9seinek k\u00f6sz\u00f6nhet\u0151en viszont tiszt\u00e1bb leveg\u0151t fogunk l\u00e9legezni. A t\u00f6rv\u00e9ny \u00e1tfog\u00f3an meghat\u00e1rozza a megfelel\u0151 infrastrukt\u00fara ki\u00e9p\u00edt\u00e9s\u00e9nek elveit. Az elektromos j\u00e1rm\u0171vek vezet\u0151i sz\u00e1mos jogot \u00e9s el\u0151nyt kaptak a Seymt\u0151l, az \u00f6nkorm\u00e1nyzatok pedig jogot kaptak arra, hogy tiszta k\u00f6zleked\u00e9si \u00f6vezeteket hozzanak l\u00e9tre a ter\u00fclet\u00fck\u00f6n.<\/span><\/p>\n<p><span style=\"font-family: sans-serif; font-size: small;\"><b>Febru\u00e1r<\/b><\/span><\/p>\n<p><span style=\"font-family: sans-serif; font-size: small;\">A k\u00e9pvisel\u0151k egyebek mellett a v\u00e9grehajt\u00f3i v\u00e9grehajt\u00e1s k\u00f6lts\u00e9geinek szab\u00e1lyoz\u00e1s\u00e1r\u00f3l \u00e9s cs\u00f6kkent\u00e9s\u00e9r\u0151l d\u00f6nt\u00f6ttek.<\/span><\/p>\n<p><span style=\"font-family: sans-serif; font-size: small;\">A Szejm a Magyarorsz\u00e1ggal val\u00f3 bar\u00e1ti kapcsolatok er\u0151s\u00edt\u00e9se \u00e9rdek\u00e9ben fontos d\u00f6nt\u00e9st hozott: t\u00f6rv\u00e9nyt fogadott el a Wac\u0142aw Felczak Lengyel-Magyar Egy\u00fcttm\u0171k\u00f6d\u00e9si Int\u00e9zet l\u00e9trehoz\u00e1s\u00e1r\u00f3l.<\/span><\/p>\n<p><span style=\"font-family: sans-serif; font-size: small;\"><b>M\u00e1rcius<\/b><\/span><\/p>\n<p><span style=\"font-family: sans-serif; font-size: small;\">Ez hat\u00e1rozottan j\u00f3 h\u00f3nap volt a v\u00e1llalkoz\u00f3k sz\u00e1m\u00e1ra - a kis- \u00e9s k\u00f6z\u00e9pv\u00e1llalkoz\u00e1soknak, valamint a legnagyobbaknak egyar\u00e1nt. A szejm elfogadta az \u00fagynevezett \u00fczleti alkotm\u00e1nyt l\u00e9trehoz\u00f3 t\u00f6rv\u00e9nycsomagot. A H\u00e1z elfogadta t\u00f6bbek k\u00f6z\u00f6tt a v\u00e1llalkoz\u00f3kr\u00f3l sz\u00f3l\u00f3 t\u00f6rv\u00e9nyt, amelynek k\u00f6sz\u00f6nhet\u0151en a v\u00e1llalkoz\u00f3k sz\u00e1m\u00e1ra egy\u00e9rtelm\u0171bben \u00e9rezhet\u0151v\u00e9 v\u00e1lik a gazdas\u00e1gi tev\u00e9kenys\u00e9g szabads\u00e1g\u00e1nak alkotm\u00e1nyos elve. A parlamenti t\u00f6rv\u00e9nynek k\u00f6sz\u00f6nhet\u0151en a mikro-, kis- \u00e9s k\u00f6z\u00e9pv\u00e1llalkoz\u00f3knak saj\u00e1t ombudsmanjuk van. \u0150 vigy\u00e1zni fog a jogaikra.<\/span><\/p>\n<p><span style=\"font-family: sans-serif; font-size: small;\"><b>\u00c1prilis<\/b><\/span><\/p>\n<p><span style=\"font-family: sans-serif; font-size: small;\">Annak a j\u00e1rm\u0171vezet\u0151nek, aki v\u00e9szhelyzetben (pl. valaki \u00e9let\u00e9t mentve) 50 km\/h-n\u00e1l nagyobb sebess\u00e9ggel l\u00e9pi t\u00fal a megengedett sebess\u00e9ghat\u00e1rt lakott ter\u00fcleten, nem kell automatikusan h\u00e1rom h\u00f3napra elb\u00facs\u00faznia a vezet\u0151i enged\u00e9ly\u00e9t\u0151l.<\/span><\/p>\n<p><span style=\"font-family: sans-serif; font-size: small;\"><b>M\u00e1jus<\/b><\/span><\/p>\n<p><span style=\"font-family: sans-serif; font-size: small;\">A fogyat\u00e9kkal \u00e9l\u0151k \u00e9s gondoz\u00f3ik a m\u00e1jusban elfogadott k\u00e9t t\u00f6rv\u00e9ny c\u00e9lpontjai. A szejm \u00fagy d\u00f6nt\u00f6tt, hogy megemeli az \u0151ket megillet\u0151 szoci\u00e1lis nyugd\u00edjat, \u00e9s k\u00fcl\u00f6nleges jogokat biztos\u00edt a s\u00falyos fogyat\u00e9koss\u00e1ggal \u00e9l\u0151k sz\u00e1m\u00e1ra az eg\u00e9szs\u00e9g\u00fcgyi szolg\u00e1ltat\u00e1sokhoz, a gy\u00f3gyszer\u00e9szeti szolg\u00e1ltat\u00e1sokhoz \u00e9s a gy\u00f3gy\u00e1szati term\u00e9kekhez val\u00f3 hozz\u00e1f\u00e9r\u00e9s ter\u00e9n.<\/span><\/p>\n<p><span style=\"font-family: sans-serif; font-size: small;\">Ebben a h\u00f3napban a H\u00e1z megteremtette a jogi alapot a k\u00f6zponti k\u00f6zleked\u00e9si kik\u00f6t\u0151 z\u00f6kken\u0151mentes \u00e9s gyors \u00e9p\u00edt\u00e9s\u00e9hez.<\/span><\/p>\n<p><span style=\"font-family: sans-serif; font-size: small;\">A Szejm m\u00e1jusi hat\u00e1rozatainak k\u00f6sz\u00f6nhet\u0151en a j\u00e1rm\u0171vezet\u0151knek t\u00f6bb\u00e9 nem kell magukkal vinni\u00fck a j\u00e1rm\u0171 forgalmi enged\u00e9ly\u00e9t \u00e9s a felel\u0151ss\u00e9gbiztos\u00edt\u00e1si szerz\u0151d\u00e9s megk\u00f6t\u00e9s\u00e9nek igazol\u00e1s\u00e1t. Minden adat a k\u00f6z\u00fati ellen\u0151rz\u00e9st v\u00e9gz\u0151 rend\u0151r rendelkez\u00e9s\u00e9re \u00e1ll.<\/span><\/p>\n<p><span style=\"font-family: sans-serif; font-size: small;\"><b>J\u00fanius<\/b><\/span><\/p>\n<p><span style=\"font-family: sans-serif; font-size: small;\">Az \u00e9v k\u00f6zep\u00e9n a Seym tov\u00e1bbi megold\u00e1sokat fogadott el a tiszta leveg\u0151\u00e9rt folytatott k\u00fczdelemben. A k\u00e9pvisel\u0151k \u00fagy d\u00f6nt\u00f6ttek, hogy l\u00e9trehozz\u00e1k az alacsony kibocs\u00e1t\u00e1s\u00fa k\u00f6zleked\u00e9si alapot. Ez egy \u00fajabb eszk\u00f6z lesz a lengyelorsz\u00e1gi elektromobilit\u00e1si politika t\u00e1mogat\u00e1s\u00e1ra - t\u00f6bbek k\u00f6z\u00f6tt p\u00e9nz\u00fcgyileg t\u00e1mogatja a f\u00f6ldg\u00e1z-, foly\u00e9kony bio\u00fczemanyagok \u00e9s egy\u00e9b alternat\u00edv \u00fczemanyagok tankol\u00e1s\u00e1hoz, valamint az elektromos j\u00e1rm\u0171vek t\u00f6lt\u00e9s\u00e9hez sz\u00fcks\u00e9ges infrastrukt\u00fara fejleszt\u00e9s\u00e9t.<\/span><\/p>\n<p><span style=\"font-family: sans-serif; font-size: small;\"><b>J\u00falius - augusztus<\/b><\/span><\/p>\n<p><span style=\"font-family: sans-serif; font-size: small;\">A Szejm sz\u00e1mos k\u00fcl\u00f6n\u00f6sen fontos t\u00f6rv\u00e9nyt fogadott el \u00e9s az eln\u00f6k is al\u00e1\u00edrt.<\/span><\/p>\n<p><span style=\"font-family: sans-serif; font-size: small;\">A tudom\u00e1nyos k\u00f6z\u00f6ss\u00e9g megkapta az \u00fagynevezett Tudom\u00e1nyos Alkotm\u00e1nyt. \u00daj fels\u0151oktat\u00e1si \u00e9s tudom\u00e1nyos t\u00f6rv\u00e9ny, amely \u00e1tfog\u00f3an szab\u00e1lyozza az \u00e9let ezen ter\u00fclet\u00e9t.<\/span><\/p>\n<p><span style=\"font-family: sans-serif; font-size: small;\">J\u00faliusban a Szejm a Mieszkanie Plus program v\u00e9grehajt\u00e1sa szempontj\u00e1b\u00f3l fontos jogszab\u00e1lyokat is elfogadott. A k\u00e9pvisel\u0151k cs\u00f6kkentett\u00e9k a lak\u00e1sokat \u00e9p\u00edt\u0151 befektet\u0151k el\u0151tt \u00e1ll\u00f3 jogi akad\u00e1lyokat, \u00e9s arr\u00f3l is d\u00f6nt\u00f6ttek, hogy az \u00e1llam anyagilag t\u00e1mogatja az alacsony j\u00f6vedelm\u0171 embereket az els\u0151 \u00f6n\u00e1ll\u00f3 lak\u00e1suk b\u00e9rl\u00e9s\u00e9ben.<\/span><\/p>\n<p><span style=\"font-family: sans-serif; font-size: small;\">A H\u00e1z arr\u00f3l is d\u00f6nt\u00f6tt, hogy t\u00f6bb milli\u00f3 ingatlantulajdonnal rendelkez\u0151 lengyel tulajdon\u00e1ba ker\u00fcl az a f\u00f6ldter\u00fclet, amelyen lak\u00e1suk vagy h\u00e1zuk \u00e1ll, amelyet eddig csak \u00f6r\u00f6k\u00f6s haszon\u00e9lvezettel birtokoltak.<\/span><\/p>\n<p><span style=\"font-family: sans-serif; font-size: small;\">A Szejm a lengyelek biztons\u00e1ga \u00e9s eg\u00e9szs\u00e9ge ir\u00e1nti aggodalm\u00e1b\u00f3l megk\u00f6nny\u00edtette az illet\u00e9kes szolg\u00e1latok sz\u00e1m\u00e1ra az \u00fagynevezett \"leg\u00e1lis k\u00e1b\u00edt\u00f3szerek\" elleni k\u00fczdelmet, mivel azokat jogilag a k\u00e1b\u00edt\u00f3szerekkel egyen\u00e9rt\u00e9k\u0171v\u00e9 tette.<\/span><\/p>\n<p><span style=\"font-family: sans-serif; font-size: small;\"><b>Szeptember<\/b><\/span><\/p>\n<p><span style=\"font-family: sans-serif; font-size: small;\">A k\u00e9pvisel\u0151k szeptemberben szavaztak a Lengyelorsz\u00e1g hat\u00e1rain t\u00fali m\u0171veletek veter\u00e1njainak sors\u00e1r\u00f3l. Szeptemberben az eur\u00f3pai parlamenti k\u00e9pvisel\u0151k az EU hat\u00e1rain k\u00edv\u00fcli m\u0171veletek veter\u00e1njainak k\u00e9rd\u00e9s\u00e9r\u0151l szavaztak, ami megk\u00f6nny\u00edti a k\u00fclf\u00f6ld\u00f6n szolg\u00e1l\u00f3 katon\u00e1k \u00e9s tisztek sz\u00e1m\u00e1ra a veter\u00e1nst\u00e1tusz megszerz\u00e9s\u00e9t \u00e9s az \u0151ket megillet\u0151 jogok megszerz\u00e9s\u00e9t.<\/span><\/p>\n<p><span style=\"font-family: sans-serif; font-size: small;\"><b>Okt\u00f3ber<\/b><\/span><\/p>\n<p><span style=\"font-family: sans-serif; font-size: small;\">\u0150sszel a Szejm \u00fatt\u00f6r\u0151 v\u00e1ltoz\u00e1sokat vezetett be a nyugd\u00edjrendszerben. A munkav\u00e1llal\u00f3i t\u0151keprogramoknak k\u00f6sz\u00f6nhet\u0151en minden munkav\u00e1llal\u00f3 a munk\u00e1ltat\u00f3 \u00e9s az \u00e1llam t\u00e1mogat\u00e1s\u00e1val tov\u00e1bbi p\u00e9nzeszk\u00f6z\u00f6ket tehet f\u00e9lre, hogy nyugd\u00edjaskor\u00e1ban biztos\u00edtsa j\u00f6v\u0151j\u00e9t.<\/span><\/p>\n<p><span style=\"font-family: sans-serif; font-size: small;\">Az eur\u00f3pai parlamenti k\u00e9pvisel\u0151k ism\u00e9t gondoskodtak a fogyat\u00e9kkal \u00e9l\u0151kr\u0151l is. Szoci\u00e1lis, foglalkoztat\u00e1si \u00e9s eg\u00e9szs\u00e9g\u00fcgyi t\u00e1mogat\u00e1sban r\u00e9szes\u00fclnek a t\u00f6rv\u00e9ny \u00e1ltal l\u00e9trehozott Fogyat\u00e9kkal \u00c9l\u0151k Szolidarit\u00e1si Alapj\u00e1b\u00f3l.<\/span><\/p>\n<p><span style=\"font-family: sans-serif; font-size: small;\">A PIT-et fizet\u0151 valamennyi ad\u00f3fizet\u0151 sz\u00e1m\u00e1ra el\u0151ny\u00f6sek lesznek az erre az ad\u00f3ra vonatkoz\u00f3 t\u00f6rv\u00e9nyi v\u00e1ltoz\u00e1sok. Az ad\u00f3bevall\u00e1st a hivatal t\u00f6lti ki sz\u00e1mukra. Megsz\u0171nik az \u00e9ves PIT-bevall\u00e1s beny\u00fajt\u00e1s\u00e1nak k\u00f6telezetts\u00e9ge. Az az ad\u00f3z\u00f3, aki nem \u00e9l a nyomtatv\u00e1ny k\u00e9zzel t\u00f6rt\u00e9n\u0151 kit\u00f6lt\u00e9s\u00e9nek jog\u00e1val, \u00e9s nem ny\u00fajtja be a hivatalhoz, nem b\u00fcntethet\u0151. A hivatal a saj\u00e1t maga \u00e1ltal beny\u00fajtott bevall\u00e1st \u00e9rv\u00e9nyesnek \u00e9s beny\u00fajtottnak tekinti.<\/span><\/p>\n<p><span style=\"font-family: sans-serif; font-size: small;\">A kisv\u00e1llalatok kevesebb p\u00e9nzsz\u00e1ll\u00edt\u00e1st fizetnek. Okt\u00f3berben a szejm \u00fagy d\u00f6nt\u00f6tt, hogy 9 sz\u00e1zal\u00e9kra cs\u00f6kkenti az ar\u00e1nyt.<\/span><\/p>\n<p><span style=\"font-family: sans-serif; font-size: small;\">A k\u00e9pvisel\u0151k a Helyi \u00datalap l\u00e9trehoz\u00e1s\u00e1r\u00f3l is d\u00f6nt\u00f6ttek. E t\u00f6rv\u00e9nynek k\u00f6sz\u00f6nhet\u0151en a helyi hat\u00f3s\u00e1gok p\u00e9nzeszk\u00f6z\u00f6kh\u00f6z juthatnak az \u00fatinfrastrukt\u00fara fel\u00faj\u00edt\u00e1s\u00e1ra \u00e9s b\u0151v\u00edt\u00e9s\u00e9re.<\/span><\/p>\n<p><span style=\"font-family: sans-serif; font-size: small;\"><b>November<\/b><\/span><\/p>\n<p><span style=\"font-family: sans-serif; font-size: small;\">Novemberben a H\u00e1z tov\u00e1bbi megold\u00e1sokat fogadott el a l\u00e9gszennyez\u00e9s cs\u00f6kkent\u00e9s\u00e9re. Ezt seg\u00edti t\u00f6bbek k\u00f6z\u00f6tt a h\u0151moderniz\u00e1ci\u00f3s t\u00e1mogat\u00e1s, azaz azoknak ny\u00fajtott t\u00e1mogat\u00e1s, akik felhagynak a lak\u00e1suk f\u0171t\u00e9s\u00e9nek legk\u00e1rosabb m\u00f3dszereivel.<\/span><\/p>\n<p><span style=\"font-family: sans-serif; font-size: small;\"><b>December<\/b><\/span><\/p>\n<p><span style=\"font-family: sans-serif; font-size: small;\">A szem\u00e9lyazonos\u00edt\u00f3 igazolv\u00e1nyokr\u00f3l sz\u00f3l\u00f3 t\u00f6rv\u00e9ny m\u00f3dos\u00edt\u00e1s\u00e1nak k\u00f6sz\u00f6nhet\u0151en minden ilyen t\u00edpus\u00fa dokumentum \u00fagynevezett elektronikus r\u00e9teggel fog rendelkezni. Az e-k\u00e1rtya lehet\u0151v\u00e9 teszi a birtokos elektronikus azonos\u00edt\u00e1s\u00e1t, jelenl\u00e9t\u00e9nek meger\u0151s\u00edt\u00e9s\u00e9t \u00e9s elektronikus al\u00e1\u00edr\u00e1s elhelyez\u00e9s\u00e9t.<\/span><\/p>\n<p><span style=\"font-family: sans-serif; font-size: small;\">A Parlament 2018-as utols\u00f3 \u00fcl\u00e9s\u00e9n hozott d\u00f6nt\u00e9seknek k\u00f6sz\u00f6nhet\u0151en a lengyeleknek nem kell tartaniuk a villamosenergia-\u00e1rak emelked\u00e9s\u00e9t\u0151l. A szejm t\u00f6bbek k\u00f6z\u00f6tt \u00fagy d\u00f6nt\u00f6tt, hogy cs\u00f6kkenti a villamos energia j\u00f6ved\u00e9ki ad\u00f3j\u00e1t, \u00e9s kompenz\u00e1lja a v\u00e1llalkoz\u00e1soknak \u00e9s az \u00f6nkorm\u00e1nyzatoknak villamos energi\u00e1t \u00e9rt\u00e9kes\u00edt\u0151 v\u00e1llalatokat.<\/span><\/p>\n<\/div>\n<\/blockquote>\n<div dir=\"ltr\"><em>Sz\u00f6veg CIS\/a Szejm<\/em><\/div>","protected":false},"excerpt":{"rendered":"<p>Minione 12 miesi\u0119cy to intensywny czas na Wiejskiej. W 2018 r. Sejm uchwali\u0142 szereg ustaw wa\u017cnych dla Polak\u00f3w. Poni\u017cej miesi\u0119czne zestawienie zmian istotnych zmian w prawie Stycze\u0144 Izba rok 2018 rozpocz\u0119\u0142a od uchwalenia ustawy wa\u017cnej dla lokalnych spo\u0142eczno\u015bci. Sejm zdecydowa\u0142 o wyd\u0142u\u017ceniu kadencji samorz\u0105d\u00f3w z czterech do pi\u0119ciu lat oraz postanowi\u0142, \u017ce w\u00f3jt burmistrz czy [&hellip;]<\/p>","protected":false},"author":6,"featured_media":12318,"comment_status":"open","ping_status":"open","sticky":false,"template":"","format":"standard","meta":{"ngg_post_thumbnail":0,"footnotes":""},"categories":[82,81,3],"tags":[],"class_list":["post-12297","post","type-post","status-publish","format-standard","has-post-thumbnail","hentry","category-prawo-i-sprawiedliwosc","category-wiesci-z-sejmu","category-wydarzenia"],"yoast_head":"<!-- This site is optimized with the Yoast SEO plugin v24.7 - https:\/\/yoast.com\/wordpress\/plugins\/seo\/ -->\n<title>Najwa\u017cniejsze ustawy przyj\u0119te przez Sejm w 2018 roku &#8211; Marek Kuchci\u0144ski<\/title>\n<meta name=\"robots\" content=\"index, follow, max-snippet:-1, max-image-preview:large, max-video-preview:-1\" \/>\n<link rel=\"canonical\" href=\"https:\/\/marekkuchcinski.pl\/hu\/wydarzenia\/podsumowanie-najwazniejszych-ustaw-przyjetych-2018-roku\/\" \/>\n<meta property=\"og:locale\" content=\"hu_HU\" \/>\n<meta property=\"og:type\" content=\"article\" \/>\n<meta property=\"og:title\" content=\"Najwa\u017cniejsze ustawy przyj\u0119te przez Sejm w 2018 roku &#8211; Marek Kuchci\u0144ski\" \/>\n<meta property=\"og:description\" content=\"Minione 12 miesi\u0119cy to intensywny czas na Wiejskiej. W 2018 r. Sejm uchwali\u0142 szereg ustaw wa\u017cnych dla Polak\u00f3w. Poni\u017cej miesi\u0119czne zestawienie zmian istotnych zmian w prawie Stycze\u0144 Izba rok 2018 rozpocz\u0119\u0142a od uchwalenia ustawy wa\u017cnej dla lokalnych spo\u0142eczno\u015bci. Sejm zdecydowa\u0142 o wyd\u0142u\u017ceniu kadencji samorz\u0105d\u00f3w z czterech do pi\u0119ciu lat oraz postanowi\u0142, \u017ce w\u00f3jt burmistrz czy [&hellip;]\" \/>\n<meta property=\"og:url\" content=\"https:\/\/marekkuchcinski.pl\/hu\/wydarzenia\/podsumowanie-najwazniejszych-ustaw-przyjetych-2018-roku\/\" \/>\n<meta property=\"og:site_name\" content=\"Marek Kuchci\u0144ski\" \/>\n<meta property=\"article:published_time\" content=\"2018-12-31T09:25:27+00:00\" \/>\n<meta property=\"article:modified_time\" content=\"2019-01-01T19:47:46+00:00\" \/>\n<meta property=\"og:image\" content=\"https:\/\/marekkuchcinski.pl\/wp-content\/uploads\/2018\/12\/KB__0027-2.jpg\" \/>\n\t<meta property=\"og:image:width\" content=\"2048\" \/>\n\t<meta property=\"og:image:height\" content=\"1365\" \/>\n\t<meta property=\"og:image:type\" content=\"image\/jpeg\" \/>\n<meta name=\"author\" content=\"admin\" \/>\n<meta name=\"twitter:card\" content=\"summary_large_image\" \/>\n<meta name=\"twitter:label1\" content=\"Szerz\u0151:\" \/>\n\t<meta name=\"twitter:data1\" content=\"admin\" \/>\n\t<meta name=\"twitter:label2\" content=\"Becs\u00fclt olvas\u00e1si id\u0151\" \/>\n\t<meta name=\"twitter:data2\" content=\"5 perc\" \/>\n<script type=\"application\/ld+json\" class=\"yoast-schema-graph\">{\"@context\":\"https:\/\/schema.org\",\"@graph\":[{\"@type\":\"Article\",\"@id\":\"https:\/\/marekkuchcinski.pl\/ro\/wydarzenia\/podsumowanie-najwazniejszych-ustaw-przyjetych-2018-roku\/#article\",\"isPartOf\":{\"@id\":\"https:\/\/marekkuchcinski.pl\/ro\/wydarzenia\/podsumowanie-najwazniejszych-ustaw-przyjetych-2018-roku\/\"},\"author\":{\"name\":\"admin\",\"@id\":\"https:\/\/marekkuchcinski.pl\/#\/schema\/person\/6f62700996b4d950b6ea2d1183b6c6be\"},\"headline\":\"Najwa\u017cniejsze ustawy przyj\u0119te przez Sejm w 2018 roku\",\"datePublished\":\"2018-12-31T09:25:27+00:00\",\"dateModified\":\"2019-01-01T19:47:46+00:00\",\"mainEntityOfPage\":{\"@id\":\"https:\/\/marekkuchcinski.pl\/ro\/wydarzenia\/podsumowanie-najwazniejszych-ustaw-przyjetych-2018-roku\/\"},\"wordCount\":1070,\"commentCount\":0,\"publisher\":{\"@id\":\"https:\/\/marekkuchcinski.pl\/#organization\"},\"image\":{\"@id\":\"https:\/\/marekkuchcinski.pl\/ro\/wydarzenia\/podsumowanie-najwazniejszych-ustaw-przyjetych-2018-roku\/#primaryimage\"},\"thumbnailUrl\":\"https:\/\/marekkuchcinski.pl\/wp-content\/uploads\/2018\/12\/KB__0027-2.jpg\",\"articleSection\":[\"Prawo i Sprawiedliwo\u015b\u0107\",\"Wie\u015bci z Sejmu\",\"Wydarzenia\"],\"inLanguage\":\"hu\",\"potentialAction\":[{\"@type\":\"CommentAction\",\"name\":\"Comment\",\"target\":[\"https:\/\/marekkuchcinski.pl\/ro\/wydarzenia\/podsumowanie-najwazniejszych-ustaw-przyjetych-2018-roku\/#respond\"]}]},{\"@type\":\"WebPage\",\"@id\":\"https:\/\/marekkuchcinski.pl\/ro\/wydarzenia\/podsumowanie-najwazniejszych-ustaw-przyjetych-2018-roku\/\",\"url\":\"https:\/\/marekkuchcinski.pl\/ro\/wydarzenia\/podsumowanie-najwazniejszych-ustaw-przyjetych-2018-roku\/\",\"name\":\"Najwa\u017cniejsze ustawy przyj\u0119te przez Sejm w 2018 roku &#8211; Marek Kuchci\u0144ski\",\"isPartOf\":{\"@id\":\"https:\/\/marekkuchcinski.pl\/#website\"},\"primaryImageOfPage\":{\"@id\":\"https:\/\/marekkuchcinski.pl\/ro\/wydarzenia\/podsumowanie-najwazniejszych-ustaw-przyjetych-2018-roku\/#primaryimage\"},\"image\":{\"@id\":\"https:\/\/marekkuchcinski.pl\/ro\/wydarzenia\/podsumowanie-najwazniejszych-ustaw-przyjetych-2018-roku\/#primaryimage\"},\"thumbnailUrl\":\"https:\/\/marekkuchcinski.pl\/wp-content\/uploads\/2018\/12\/KB__0027-2.jpg\",\"datePublished\":\"2018-12-31T09:25:27+00:00\",\"dateModified\":\"2019-01-01T19:47:46+00:00\",\"breadcrumb\":{\"@id\":\"https:\/\/marekkuchcinski.pl\/ro\/wydarzenia\/podsumowanie-najwazniejszych-ustaw-przyjetych-2018-roku\/#breadcrumb\"},\"inLanguage\":\"hu\",\"potentialAction\":[{\"@type\":\"ReadAction\",\"target\":[\"https:\/\/marekkuchcinski.pl\/ro\/wydarzenia\/podsumowanie-najwazniejszych-ustaw-przyjetych-2018-roku\/\"]}]},{\"@type\":\"ImageObject\",\"inLanguage\":\"hu\",\"@id\":\"https:\/\/marekkuchcinski.pl\/ro\/wydarzenia\/podsumowanie-najwazniejszych-ustaw-przyjetych-2018-roku\/#primaryimage\",\"url\":\"https:\/\/marekkuchcinski.pl\/wp-content\/uploads\/2018\/12\/KB__0027-2.jpg\",\"contentUrl\":\"https:\/\/marekkuchcinski.pl\/wp-content\/uploads\/2018\/12\/KB__0027-2.jpg\",\"width\":2048,\"height\":1365},{\"@type\":\"BreadcrumbList\",\"@id\":\"https:\/\/marekkuchcinski.pl\/ro\/wydarzenia\/podsumowanie-najwazniejszych-ustaw-przyjetych-2018-roku\/#breadcrumb\",\"itemListElement\":[{\"@type\":\"ListItem\",\"position\":1,\"name\":\"Strona g\u0142\u00f3wna\",\"item\":\"https:\/\/marekkuchcinski.pl\/\"},{\"@type\":\"ListItem\",\"position\":2,\"name\":\"Najwa\u017cniejsze ustawy przyj\u0119te przez Sejm w 2018 roku\"}]},{\"@type\":\"WebSite\",\"@id\":\"https:\/\/marekkuchcinski.pl\/#website\",\"url\":\"https:\/\/marekkuchcinski.pl\/\",\"name\":\"Marek Kuchci\u0144ski\",\"description\":\"Pose\u0142 na sejm RP &ndash; okr\u0119g nr 22\",\"publisher\":{\"@id\":\"https:\/\/marekkuchcinski.pl\/#organization\"},\"potentialAction\":[{\"@type\":\"SearchAction\",\"target\":{\"@type\":\"EntryPoint\",\"urlTemplate\":\"https:\/\/marekkuchcinski.pl\/?s={search_term_string}\"},\"query-input\":{\"@type\":\"PropertyValueSpecification\",\"valueRequired\":true,\"valueName\":\"search_term_string\"}}],\"inLanguage\":\"hu\"},{\"@type\":\"Organization\",\"@id\":\"https:\/\/marekkuchcinski.pl\/#organization\",\"name\":\"Marek Kuchci\u0144ski\",\"url\":\"https:\/\/marekkuchcinski.pl\/\",\"logo\":{\"@type\":\"ImageObject\",\"inLanguage\":\"hu\",\"@id\":\"https:\/\/marekkuchcinski.pl\/#\/schema\/logo\/image\/\",\"url\":\"https:\/\/marekkuchcinski.pl\/wp-content\/uploads\/2022\/09\/Marek.jpg\",\"contentUrl\":\"https:\/\/marekkuchcinski.pl\/wp-content\/uploads\/2022\/09\/Marek.jpg\",\"width\":1600,\"height\":971,\"caption\":\"Marek Kuchci\u0144ski\"},\"image\":{\"@id\":\"https:\/\/marekkuchcinski.pl\/#\/schema\/logo\/image\/\"}},{\"@type\":\"Person\",\"@id\":\"https:\/\/marekkuchcinski.pl\/#\/schema\/person\/6f62700996b4d950b6ea2d1183b6c6be\",\"name\":\"admin\",\"image\":{\"@type\":\"ImageObject\",\"inLanguage\":\"hu\",\"@id\":\"https:\/\/marekkuchcinski.pl\/#\/schema\/person\/image\/\",\"url\":\"https:\/\/secure.gravatar.com\/avatar\/4bab693b9d55c3d6b52c0296a8765085?s=96&d=mm&r=g\",\"contentUrl\":\"https:\/\/secure.gravatar.com\/avatar\/4bab693b9d55c3d6b52c0296a8765085?s=96&d=mm&r=g\",\"caption\":\"admin\"},\"url\":\"https:\/\/marekkuchcinski.pl\/hu\/author\/marta-olejnik\/\"}]}<\/script>\n<!-- \/ Yoast SEO plugin. -->","yoast_head_json":{"title":"Najwa\u017cniejsze ustawy przyj\u0119te przez Sejm w 2018 roku &#8211; Marek Kuchci\u0144ski","robots":{"index":"index","follow":"follow","max-snippet":"max-snippet:-1","max-image-preview":"max-image-preview:large","max-video-preview":"max-video-preview:-1"},"canonical":"https:\/\/marekkuchcinski.pl\/hu\/wydarzenia\/podsumowanie-najwazniejszych-ustaw-przyjetych-2018-roku\/","og_locale":"hu_HU","og_type":"article","og_title":"Najwa\u017cniejsze ustawy przyj\u0119te przez Sejm w 2018 roku &#8211; Marek Kuchci\u0144ski","og_description":"Minione 12 miesi\u0119cy to intensywny czas na Wiejskiej. W 2018 r. Sejm uchwali\u0142 szereg ustaw wa\u017cnych dla Polak\u00f3w. Poni\u017cej miesi\u0119czne zestawienie zmian istotnych zmian w prawie Stycze\u0144 Izba rok 2018 rozpocz\u0119\u0142a od uchwalenia ustawy wa\u017cnej dla lokalnych spo\u0142eczno\u015bci. Sejm zdecydowa\u0142 o wyd\u0142u\u017ceniu kadencji samorz\u0105d\u00f3w z czterech do pi\u0119ciu lat oraz postanowi\u0142, \u017ce w\u00f3jt burmistrz czy [&hellip;]","og_url":"https:\/\/marekkuchcinski.pl\/hu\/wydarzenia\/podsumowanie-najwazniejszych-ustaw-przyjetych-2018-roku\/","og_site_name":"Marek Kuchci\u0144ski","article_published_time":"2018-12-31T09:25:27+00:00","article_modified_time":"2019-01-01T19:47:46+00:00","og_image":[{"width":2048,"height":1365,"url":"https:\/\/marekkuchcinski.pl\/wp-content\/uploads\/2018\/12\/KB__0027-2.jpg","type":"image\/jpeg"}],"author":"admin","twitter_card":"summary_large_image","twitter_misc":{"Szerz\u0151:":"admin","Becs\u00fclt olvas\u00e1si id\u0151":"5 perc"},"schema":{"@context":"https:\/\/schema.org","@graph":[{"@type":"Article","@id":"https:\/\/marekkuchcinski.pl\/ro\/wydarzenia\/podsumowanie-najwazniejszych-ustaw-przyjetych-2018-roku\/#article","isPartOf":{"@id":"https:\/\/marekkuchcinski.pl\/ro\/wydarzenia\/podsumowanie-najwazniejszych-ustaw-przyjetych-2018-roku\/"},"author":{"name":"admin","@id":"https:\/\/marekkuchcinski.pl\/#\/schema\/person\/6f62700996b4d950b6ea2d1183b6c6be"},"headline":"Najwa\u017cniejsze ustawy przyj\u0119te przez Sejm w 2018 roku","datePublished":"2018-12-31T09:25:27+00:00","dateModified":"2019-01-01T19:47:46+00:00","mainEntityOfPage":{"@id":"https:\/\/marekkuchcinski.pl\/ro\/wydarzenia\/podsumowanie-najwazniejszych-ustaw-przyjetych-2018-roku\/"},"wordCount":1070,"commentCount":0,"publisher":{"@id":"https:\/\/marekkuchcinski.pl\/#organization"},"image":{"@id":"https:\/\/marekkuchcinski.pl\/ro\/wydarzenia\/podsumowanie-najwazniejszych-ustaw-przyjetych-2018-roku\/#primaryimage"},"thumbnailUrl":"https:\/\/marekkuchcinski.pl\/wp-content\/uploads\/2018\/12\/KB__0027-2.jpg","articleSection":["Prawo i Sprawiedliwo\u015b\u0107","Wie\u015bci z Sejmu","Wydarzenia"],"inLanguage":"hu","potentialAction":[{"@type":"CommentAction","name":"Comment","target":["https:\/\/marekkuchcinski.pl\/ro\/wydarzenia\/podsumowanie-najwazniejszych-ustaw-przyjetych-2018-roku\/#respond"]}]},{"@type":"WebPage","@id":"https:\/\/marekkuchcinski.pl\/ro\/wydarzenia\/podsumowanie-najwazniejszych-ustaw-przyjetych-2018-roku\/","url":"https:\/\/marekkuchcinski.pl\/ro\/wydarzenia\/podsumowanie-najwazniejszych-ustaw-przyjetych-2018-roku\/","name":"Najwa\u017cniejsze ustawy przyj\u0119te przez Sejm w 2018 roku &#8211; Marek Kuchci\u0144ski","isPartOf":{"@id":"https:\/\/marekkuchcinski.pl\/#website"},"primaryImageOfPage":{"@id":"https:\/\/marekkuchcinski.pl\/ro\/wydarzenia\/podsumowanie-najwazniejszych-ustaw-przyjetych-2018-roku\/#primaryimage"},"image":{"@id":"https:\/\/marekkuchcinski.pl\/ro\/wydarzenia\/podsumowanie-najwazniejszych-ustaw-przyjetych-2018-roku\/#primaryimage"},"thumbnailUrl":"https:\/\/marekkuchcinski.pl\/wp-content\/uploads\/2018\/12\/KB__0027-2.jpg","datePublished":"2018-12-31T09:25:27+00:00","dateModified":"2019-01-01T19:47:46+00:00","breadcrumb":{"@id":"https:\/\/marekkuchcinski.pl\/ro\/wydarzenia\/podsumowanie-najwazniejszych-ustaw-przyjetych-2018-roku\/#breadcrumb"},"inLanguage":"hu","potentialAction":[{"@type":"ReadAction","target":["https:\/\/marekkuchcinski.pl\/ro\/wydarzenia\/podsumowanie-najwazniejszych-ustaw-przyjetych-2018-roku\/"]}]},{"@type":"ImageObject","inLanguage":"hu","@id":"https:\/\/marekkuchcinski.pl\/ro\/wydarzenia\/podsumowanie-najwazniejszych-ustaw-przyjetych-2018-roku\/#primaryimage","url":"https:\/\/marekkuchcinski.pl\/wp-content\/uploads\/2018\/12\/KB__0027-2.jpg","contentUrl":"https:\/\/marekkuchcinski.pl\/wp-content\/uploads\/2018\/12\/KB__0027-2.jpg","width":2048,"height":1365},{"@type":"BreadcrumbList","@id":"https:\/\/marekkuchcinski.pl\/ro\/wydarzenia\/podsumowanie-najwazniejszych-ustaw-przyjetych-2018-roku\/#breadcrumb","itemListElement":[{"@type":"ListItem","position":1,"name":"Strona g\u0142\u00f3wna","item":"https:\/\/marekkuchcinski.pl\/"},{"@type":"ListItem","position":2,"name":"Najwa\u017cniejsze ustawy przyj\u0119te przez Sejm w 2018 roku"}]},{"@type":"WebSite","@id":"https:\/\/marekkuchcinski.pl\/#website","url":"https:\/\/marekkuchcinski.pl\/","name":"Marek Kuchci\u0144ski","description":"Pose\u0142 na sejm RP &ndash; okr\u0119g nr 22","publisher":{"@id":"https:\/\/marekkuchcinski.pl\/#organization"},"potentialAction":[{"@type":"SearchAction","target":{"@type":"EntryPoint","urlTemplate":"https:\/\/marekkuchcinski.pl\/?s={search_term_string}"},"query-input":{"@type":"PropertyValueSpecification","valueRequired":true,"valueName":"search_term_string"}}],"inLanguage":"hu"},{"@type":"Organization","@id":"https:\/\/marekkuchcinski.pl\/#organization","name":"Marek Kuchci\u0144ski","url":"https:\/\/marekkuchcinski.pl\/","logo":{"@type":"ImageObject","inLanguage":"hu","@id":"https:\/\/marekkuchcinski.pl\/#\/schema\/logo\/image\/","url":"https:\/\/marekkuchcinski.pl\/wp-content\/uploads\/2022\/09\/Marek.jpg","contentUrl":"https:\/\/marekkuchcinski.pl\/wp-content\/uploads\/2022\/09\/Marek.jpg","width":1600,"height":971,"caption":"Marek Kuchci\u0144ski"},"image":{"@id":"https:\/\/marekkuchcinski.pl\/#\/schema\/logo\/image\/"}},{"@type":"Person","@id":"https:\/\/marekkuchcinski.pl\/#\/schema\/person\/6f62700996b4d950b6ea2d1183b6c6be","name":"admin","image":{"@type":"ImageObject","inLanguage":"hu","@id":"https:\/\/marekkuchcinski.pl\/#\/schema\/person\/image\/","url":"https:\/\/secure.gravatar.com\/avatar\/4bab693b9d55c3d6b52c0296a8765085?s=96&d=mm&r=g","contentUrl":"https:\/\/secure.gravatar.com\/avatar\/4bab693b9d55c3d6b52c0296a8765085?s=96&d=mm&r=g","caption":"admin"},"url":"https:\/\/marekkuchcinski.pl\/hu\/author\/marta-olejnik\/"}]}},"_links":{"self":[{"href":"https:\/\/marekkuchcinski.pl\/hu\/wp-json\/wp\/v2\/posts\/12297","targetHints":{"allow":["GET"]}}],"collection":[{"href":"https:\/\/marekkuchcinski.pl\/hu\/wp-json\/wp\/v2\/posts"}],"about":[{"href":"https:\/\/marekkuchcinski.pl\/hu\/wp-json\/wp\/v2\/types\/post"}],"author":[{"embeddable":true,"href":"https:\/\/marekkuchcinski.pl\/hu\/wp-json\/wp\/v2\/users\/6"}],"replies":[{"embeddable":true,"href":"https:\/\/marekkuchcinski.pl\/hu\/wp-json\/wp\/v2\/comments?post=12297"}],"version-history":[{"count":4,"href":"https:\/\/marekkuchcinski.pl\/hu\/wp-json\/wp\/v2\/posts\/12297\/revisions"}],"predecessor-version":[{"id":12314,"href":"https:\/\/marekkuchcinski.pl\/hu\/wp-json\/wp\/v2\/posts\/12297\/revisions\/12314"}],"wp:featuredmedia":[{"embeddable":true,"href":"https:\/\/marekkuchcinski.pl\/hu\/wp-json\/wp\/v2\/media\/12318"}],"wp:attachment":[{"href":"https:\/\/marekkuchcinski.pl\/hu\/wp-json\/wp\/v2\/media?parent=12297"}],"wp:term":[{"taxonomy":"category","embeddable":true,"href":"https:\/\/marekkuchcinski.pl\/hu\/wp-json\/wp\/v2\/categories?post=12297"},{"taxonomy":"post_tag","embeddable":true,"href":"https:\/\/marekkuchcinski.pl\/hu\/wp-json\/wp\/v2\/tags?post=12297"}],"curies":[{"name":"wp","href":"https:\/\/api.w.org\/{rel}","templated":true}]}}