{"id":12294,"date":"2018-12-31T09:28:05","date_gmt":"2018-12-31T08:28:05","guid":{"rendered":"https:\/\/marekkuchcinski.pl\/?p=12294"},"modified":"2018-12-31T09:28:05","modified_gmt":"2018-12-31T08:28:05","slug":"dyplomacja-parlamentarna-2018-r-najwazniejsze-wydarzenia","status":"publish","type":"post","link":"https:\/\/marekkuchcinski.pl\/hu\/wspolpraca-miedzynarodowa\/dyplomacja-parlamentarna-2018-r-najwazniejsze-wydarzenia\/","title":{"rendered":"Parlamenti diplom\u00e1cia 2018-ban. Kiemelt inform\u00e1ci\u00f3k"},"content":{"rendered":"<p dir=\"ltr\">Az elm\u00falt 12 h\u00f3nap k\u00fcl\u00f6nleges \u00e9v volt a parlamenti diplom\u00e1cia sz\u00e1m\u00e1ra. A Lengyel K\u00f6zt\u00e1rsas\u00e1g parlamentarizmus\u00e1nak 550. \u00e9vfordul\u00f3ja alkalm\u00e1b\u00f3l a szejm k\u00fclf\u00f6ldi partnerei az \u00e9vfordul\u00f3nak szentelt nemzetk\u00f6zi rendezv\u00e9nyek keret\u00e9ben megismerkedhettek ezzel a t\u00f6bb mint f\u00e9l \u00e9vsz\u00e1zados hagyom\u00e1nnyal. Emellett a Wiejska utc\u00e1ban ker\u00fclt sor a NATO Parlamenti K\u00f6zgy\u0171l\u00e9s \u00fcl\u00e9s\u00e9re \u00e9s a k\u00f6z\u00e9p- \u00e9s kelet-eur\u00f3pai parlamentek eln\u00f6keinek EUROWAW2018 cs\u00facstal\u00e1lkoz\u00f3j\u00e1ra. A Szejm eln\u00f6ke \u00e9s az Eln\u00f6ks\u00e9g tagjai sz\u00e1mos k\u00fclf\u00f6ldi l\u00e1togat\u00e1st tettek \u00e9s rangos vend\u00e9geket fogadtak.<\/p>\n<p dir=\"ltr\">\n<u><strong>Janu\u00e1r<\/strong><\/u><\/p>\n<p dir=\"ltr\">Az \u00e9v Marek Kuchci\u0144ski, a szejm eln\u00f6ke \u00e9s Ryszard Terlecki, a szejm aleln\u00f6ke k\u00f6z\u00f6tti tal\u00e1lkoz\u00f3val kezd\u0151d\u00f6tt.\u00a0<strong><u>a Szlov\u00e1k Nemzeti Tan\u00e1cs Lengyelorsz\u00e1ggal val\u00f3 bar\u00e1ts\u00e1g\u00e9rt felel\u0151s parlamenti k\u00e9pvisel\u0151csoportj\u00e1nak k\u00fcld\u00f6tts\u00e9g\u00e9vel<\/u><\/strong>\u00a0(janu\u00e1r 25.).<\/p>\n<p dir=\"ltr\">A h\u00f3nap v\u00e9g\u00e9n (janu\u00e1r 28-29-\u00e9n) az Eur\u00f3pai Uni\u00f3 parlamentjeinek f\u0151titk\u00e1rai Tallinnban tal\u00e1lkoztak. A Szejmet Agnieszka Kaczmarska, a Szejm kancell\u00e1ri\u00e1j\u00e1nak vezet\u0151je k\u00e9pviselte.<\/p>\n<p dir=\"ltr\">\n<strong><u>Febru\u00e1r<\/u><\/strong><\/p>\n<p dir=\"ltr\">Febru\u00e1r egyik legfontosabb esem\u00e9nye volt\u00a0<strong><u>Marek Kuchci\u0144ski berlini l\u00e1togat\u00e1sa<\/u><\/strong>\u00a0(febru\u00e1r 1.). A h\u00e1zeln\u00f6k tal\u00e1lkozott n\u00e9met koll\u00e9g\u00e1j\u00e1val, Wolfgang Sch\u00e4uble-val. A politikusok t\u00f6bbek k\u00f6z\u00f6tt a lengyel-n\u00e9met parlamenti egy\u00fcttm\u0171k\u00f6d\u00e9sr\u0151l, a weimari h\u00e1romsz\u00f6g szerep\u00e9r\u0151l \u00e9s az Eur\u00f3pai Uni\u00f3 j\u00f6v\u0151j\u00e9r\u0151l t\u00e1rgyaltak.<\/p>\n<p dir=\"ltr\">Szint\u00e9n febru\u00e1rban a Szejm eln\u00f6ke hivatalos l\u00e1togat\u00e1st tett Pozsonyban (febru\u00e1r 19-20.). A Szejm eln\u00f6ke a d\u00e9li szomsz\u00e9dunk legfontosabb politikusaival (Andrej Danko, a Nemzeti Tan\u00e1cs eln\u00f6ke, Robert Fico minisztereln\u00f6k \u00e9s Andrej Kiska eln\u00f6k) folytatott megbesz\u00e9l\u00e9sek sor\u00e1n t\u00f6bbek k\u00f6z\u00f6tt a k\u00e9t orsz\u00e1g k\u00f6z\u00f6tti politikai, katonai \u00e9s gazdas\u00e1gi egy\u00fcttm\u0171k\u00f6d\u00e9sr\u0151l t\u00e1rgyalt.<\/p>\n<p dir=\"ltr\">Kuchci\u0144ski marsall Terlecki marsall-helyettessel egy\u00fctt r\u00e9szt vett a K\u00e1rp\u00e1tok Eur\u00f3p\u00e1ja konferencia 20. \u00e9vfordul\u00f3j\u00e1n Przemy\u015blben (febru\u00e1r 17-\u00e9n).<\/p>\n<p dir=\"ltr\">\nAgnieszka Kaczmarska, a Szejm kancell\u00e1ri\u00e1j\u00e1nak vezet\u0151je r\u00e9szt vett a parlamenti vezet\u0151k konferenci\u00e1j\u00e1n az izraeli Knesszetben.<\/p>\n<p dir=\"ltr\">\n<strong><u>M\u00e1rcius<\/u><\/strong><\/p>\n<p dir=\"ltr\">m\u00e1rcius 1.\u00a0<strong><u>Viktoras Pranckietis, a litv\u00e1n Seimas eln\u00f6ke megjelent a lengyel parlamentben<\/u><\/strong>. A l\u00e1togat\u00e1s a Litv\u00e1n K\u00f6zt\u00e1rsas\u00e1g \u00fajj\u00e1sz\u00fclet\u00e9s\u00e9nek 100. \u00e9vfordul\u00f3ja alkalm\u00e1b\u00f3l rendezett \u00fcnneps\u00e9gekhez kapcsol\u00f3dott. Pranckietis eln\u00f6k tal\u00e1lkozott a Szejm \u00e9s a szen\u00e1tus eln\u00f6k\u00e9vel, valamint Beata Mazurek, Ryszard Terlecki \u00e9s Ma\u0142gorzata Kidawa-B\u0142o\u0144ska aleln\u00f6k\u00f6kkel.<\/p>\n<p dir=\"ltr\">Szint\u00e9n m\u00e1rciusban a Szejm eln\u00f6ke a szen\u00e1tus eln\u00f6k\u00e9vel egy\u00fctt r\u00e9szt vett a\u00a0<strong><u>A visegr\u00e1di parlamentek eln\u00f6keinek tal\u00e1lkoz\u00f3ja Budapesten<\/u><\/strong>\u00a0(m\u00e1rcius 1-2.). \"K\u00f6z\u00e9p-Eur\u00f3pa az eg\u00e9sz Eur\u00f3pai Uni\u00f3 legdinamikusabb r\u00e9sz\u00e9v\u00e9 v\u00e1lik\". -hangs\u00falyozta Marek Kuchci\u0144ski a tal\u00e1lkoz\u00f3 sor\u00e1n. A cs\u00facstal\u00e1lkoz\u00f3 f\u0151 t\u00e9m\u00e1ja az EU-n bel\u00fcli parlamenti egy\u00fcttm\u0171k\u00f6d\u00e9s meger\u0151s\u00edt\u00e9se volt. Kuchci\u0144ski \u00e9s Karczewski marsallok budapesti tart\u00f3zkod\u00e1suk alatt megkapt\u00e1k a Magyar \u00c9rdemrend Nagykeresztj\u00e9t.<\/p>\n<p dir=\"ltr\">M\u00e1rcius 10-\u00e9n \u00e9s 11-\u00e9n Litv\u00e1nia \u00fcnnepelte f\u00fcggetlens\u00e9g\u00e9nek \u00fajj\u00e1sz\u00fclet\u00e9s\u00e9t. Az \u00fcnnep\u00e9lyes \u00fcnneps\u00e9g egyik vend\u00e9ge a lengyel Szejm eln\u00f6ke volt. \"Litv\u00e1nia visszat\u00e9r\u00e9se a szuver\u00e9n \u00e1llamok csoportj\u00e1ba nagy jelent\u0151s\u00e9ggel b\u00edr sz\u00e1munkra\" - mondta Marek Kuchcinski h\u00e1zeln\u00f6k a litv\u00e1n Szejmben.<\/p>\n<p dir=\"ltr\">A szejm eln\u00f6ke r\u00e9szt vett a Rzesz\u00f3w melletti Jasionk\u00e1ban (m\u00e1rcius 14.) megrendezett 11. Eur\u00f3pa-Ukrajna F\u00f3rumon is. Az esem\u00e9nyen r\u00e9szt vett Beata Mazurek aleln\u00f6k is.<\/p>\n<p dir=\"ltr\">M\u00e1rcius 22-\u00e9n a Szejm elfogadta\u00a0<strong><u>a Lengyelorsz\u00e1g \u00e9s Gr\u00fazia Parlamenti K\u00f6zgy\u0171l\u00e9s\u00e9nek l\u00e9trehoz\u00e1s\u00e1r\u00f3l sz\u00f3l\u00f3 hat\u00e1rozat<\/u><\/strong>.<\/p>\n<p dir=\"ltr\">\n<strong><u>\u00c1prilis<\/u><\/strong><\/p>\n<p dir=\"ltr\">\u00c1prilis legjelent\u0151sebb esem\u00e9nye volt\u00a0<strong><u>Az uni\u00f3s parlamenti eln\u00f6k\u00f6k konferenci\u00e1ja Tallinnban<\/u><\/strong>\u00a0(\u00e1prilis 23-24.). Lengyelorsz\u00e1got a Szejm \u00e9s a Szen\u00e1tus eln\u00f6ke, valamint A. Kaczmarska, a Szejm kancell\u00e1ri\u00e1j\u00e1nak vezet\u0151je k\u00e9pviselte. A Szejm eln\u00f6ke felsz\u00f3lalt az EU j\u00f6v\u0151j\u00e9r\u0151l sz\u00f3l\u00f3 vit\u00e1ban. Ahogy Marke Kuchci\u0144ski mondta, \"Lengyelorsz\u00e1g l\u00e1tja a hi\u00e1nyoss\u00e1gokat \u00e9s az uni\u00f3s reformok sz\u00fcks\u00e9gess\u00e9g\u00e9t\". A h\u00e1zeln\u00f6k hozz\u00e1tette, hogy Lengyelorsz\u00e1gnak fontos az EU sikere, mert - mint hangs\u00falyozta - \"sz\u00e1munkra kedvez\u0151 a tags\u00e1g m\u00e9rlege\".<\/p>\n<p dir=\"ltr\">A lengyel parlamentarizmus 550. \u00e9vfordul\u00f3ja alkalm\u00e1b\u00f3l rendezett \u00fcnneps\u00e9gek r\u00e9szek\u00e9nt nemzetk\u00f6zi tudom\u00e1nyos konferenci\u00e1t tartottak a vars\u00f3i kir\u00e1lyi kast\u00e9lyban, amelyen r\u00e9szt vett a szejm eln\u00f6ke, Mazurek \u00e9s Terlecki aleln\u00f6k\u00f6k, valamint a szejm kancell\u00e1ri\u00e1j\u00e1nak vezet\u0151s\u00e9ge.<\/p>\n<p dir=\"ltr\">\n<strong><u>M\u00e1jus<\/u><\/strong><\/p>\n<p dir=\"ltr\">M\u00e1jusban a Parlament megtartotta tavaszi\u00a0<strong><u>A NATO Parlamenti K\u00f6zgy\u0171l\u00e9s \u00fcl\u00e9se<\/u><\/strong>. (m\u00e1jus 25-28.). Ezen a fontos esem\u00e9nyen r\u00e9szt vett t\u00f6bbek k\u00f6z\u00f6tt Andrzej Duda eln\u00f6k \u00e9s Jens Stoltenberg, a Sz\u00f6vets\u00e9g f\u0151titk\u00e1ra is. A r\u00e9sztvev\u0151k k\u00f6z\u00f6s hangon meger\u0151s\u00edtett\u00e9k a Sz\u00f6vets\u00e9g egys\u00e9g\u00e9t, \u00e9s hangs\u00falyozt\u00e1k, hogy az egyik sz\u00f6vets\u00e9ges elleni t\u00e1mad\u00e1s az eg\u00e9sz szervezet elleni t\u00e1mad\u00e1s.<\/p>\n<p dir=\"ltr\">A Szejm eln\u00f6ke m\u00e1jusban k\u00e9t hivatalos l\u00e1togat\u00e1st tett: a Cseh K\u00f6zt\u00e1rsas\u00e1gba (m\u00e1jus 23-24.) \u00e9s Sv\u00e9dorsz\u00e1gba (m\u00e1jus 28.). Pr\u00e1g\u00e1ban tal\u00e1lkozott t\u00f6bbek k\u00f6z\u00f6tt Radek Vondr\u00e1\u010dekkel, a Cseh K\u00f6zt\u00e1rsas\u00e1g k\u00e9pvisel\u0151h\u00e1z\u00e1nak eln\u00f6k\u00e9vel \u00e9s Andrej Babi\u0161 minisztereln\u00f6kkel. A h\u00e1zeln\u00f6k felh\u00edv\u00e1st int\u00e9zett cseh partnereihez, hogy ellenezz\u00e9k az uni\u00f3s forr\u00e1sok Kelet-Eur\u00f3p\u00e1b\u00f3l D\u00e9l-Eur\u00f3p\u00e1ba t\u00f6rt\u00e9n\u0151 \u00e1tcsoportos\u00edt\u00e1s\u00e1t. Marek Kuchci\u0144skit Stockholmban fogadta XVI. K\u00e1roly Guszt\u00e1v kir\u00e1ly. A szejm eln\u00f6ke megbesz\u00e9l\u00e9st folytatott koll\u00e9g\u00e1j\u00e1val, Urban Ahlinnal is.<\/p>\n<p dir=\"ltr\">A litv\u00e1n parlament nyilatkozatot fogadott el a m\u00e1jus 3-i alkotm\u00e1nyr\u00f3l val\u00f3 megeml\u00e9kez\u00e9sr\u0151l (m\u00e1jus 8.).<\/p>\n<p dir=\"ltr\">\n<strong><u>J\u00fanius<\/u><\/strong><\/p>\n<p dir=\"ltr\">A hatodik lengyel-spanyol parlamenti f\u00f3rumra (j\u00fanius 24-25.) a spanyolorsz\u00e1gi Santiago de Compostel\u00e1ban ker\u00fclt sor. A Szejmet Beata Mazurek \u00e9s Ryszard Terlecki aleln\u00f6k\u00f6k, valamint a Szejm kancell\u00e1ri\u00e1j\u00e1nak vezet\u0151je k\u00e9pviselte.<\/p>\n<p dir=\"ltr\">A Lengyelorsz\u00e1g \u00e9s N\u00e9metorsz\u00e1g k\u00f6z\u00f6tti j\u00f3 parlamenti kapcsolatokat meger\u0151s\u00edtette a k\u00e9t orsz\u00e1g parlamenti kamar\u00e1inak vezet\u0151i idei m\u00e1sodik tal\u00e1lkoz\u00f3ja.\u00a0<strong><u>Marek Kuchci\u0144ski \u00e9s Wolfgang Sch\u00e4uble ez\u00fattal Vars\u00f3ban<\/u><\/strong>. A parlamenti egy\u00fcttm\u0171k\u00f6d\u00e9s elm\u00e9ly\u00edt\u00e9s\u00e9r\u0151l \u00e9s az Eur\u00f3pai Uni\u00f3 el\u0151tt \u00e1ll\u00f3 jelenlegi kih\u00edv\u00e1sokr\u00f3l<\/p>\n<p dir=\"ltr\">A Szejm eln\u00f6ke a cseh k\u00e9pvisel\u0151h\u00e1z eln\u00f6k\u00e9nek, Radek Vondr\u00e1\u010deknek a vend\u00e9ge volt (j\u00fanius 9.). A politikusok egyet\u00e9rtettek abban, hogy tov\u00e1bb kell fejleszteni a k\u00e9t parlament k\u00f6z\u00f6tti egy\u00fcttm\u0171k\u00f6d\u00e9st.<\/p>\n<p dir=\"ltr\">J\u00faniusban a Lengyel-Ukrajna Parlamenti K\u00f6zgy\u0171l\u00e9s tagjai a 10. \u00fcl\u00e9sre gy\u0171ltek \u00f6ssze (j\u00fanius 12.). Terlecki h\u00e1zeln\u00f6k-helyettes r\u00e9szt vett az \u00fcl\u00e9sen, \u00e9s hangs\u00falyozta, hogy Ukrajna k\u00f6vetkezetesen t\u00f6rekszik az eur\u00f3pai strukt\u00far\u00e1kban val\u00f3 r\u00e9szv\u00e9telre. Az \u00fcl\u00e9sen Mazurek aleln\u00f6k is r\u00e9szt vett.<\/p>\n<p dir=\"ltr\">\n<strong><u>J\u00falius<\/u><\/strong><\/p>\n<p dir=\"ltr\">J\u00faliusban k\u00e9t fontos esem\u00e9nyre ker\u00fclt sor a Wiejska utc\u00e1ban a lengyel parlamentarizmus 550. \u00e9vfordul\u00f3j\u00e1nak eg\u00e9sz \u00e9ves \u00fcnneps\u00e9gsorozat\u00e1nak r\u00e9szek\u00e9nt. T\u00f6bb mint 20 orsz\u00e1gb\u00f3l \u00e9rkeztek k\u00fcld\u00f6tts\u00e9gek, hogy r\u00e9szt vegyenek a<strong><u>\u00a0EUROWAW2018 K\u00f6z\u00e9p-, Kelet- \u00e9s D\u00e9l-Eur\u00f3pa eln\u00f6keinek cs\u00facstal\u00e1lkoz\u00f3ja<\/u><\/strong>\u00a0(j\u00falius 12.). \"A biztons\u00e1ggal, az infrastrukt\u00fara \u00e9s a kommunik\u00e1ci\u00f3 fejleszt\u00e9s\u00e9vel, a demogr\u00e1fiai politik\u00e1val vagy a szoci\u00e1lis programokkal kapcsolatos alapvet\u0151 k\u00e9rd\u00e9sek egyes\u00edtenek benn\u00fcnket. Mi is a szabad nemzetek Eur\u00f3p\u00e1ja vagyunk\" - mondta Kuchci\u0144ski marsall a tal\u00e1lkoz\u00f3 r\u00e9sztvev\u0151inek.<\/p>\n<p dir=\"ltr\">A k\u00fclf\u00f6ldi vend\u00e9gek is r\u00e9szt vettek\u00a0<strong><u>\u00fcnnep\u00e9lyes nemzetgy\u0171l\u00e9s<\/u><\/strong>\u00a0a f\u0151v\u00e1rosi kir\u00e1lyi v\u00e1rban (j\u00falius 13.). A k\u00e9pvisel\u0151k, szen\u00e1torok \u00e9s a k\u00fclf\u00f6ldi parlamentek megh\u00edvott k\u00e9pvisel\u0151i meghallgatt\u00e1k Andrzej Duda eln\u00f6k besz\u00e9d\u00e9t.<\/p>\n<p dir=\"ltr\">A j\u00faliusi \u00fcnneps\u00e9gek alkalmat adtak arra is, hogy a Szejm eln\u00f6ke \u00e9s a h\u00e1zeln\u00f6k-helyettesek sz\u00e1mos k\u00e9toldal\u00fa megbesz\u00e9l\u00e9st folytassanak.<\/p>\n<p dir=\"ltr\">A Lengyel-Moldovai Parlamenti K\u00f6zgy\u0171l\u00e9s \u00f6t\u00f6dik \u00fcl\u00e9s\u00e9re j\u00falius 23-24-\u00e9n ker\u00fclt sor Kisinyovban. A lengyel deleg\u00e1ci\u00f3t Terlecki h\u00e1zeln\u00f6k-helyettes vezette.<\/p>\n<p dir=\"ltr\">\n<strong><u>Augusztus<\/u><\/strong><\/p>\n<p dir=\"ltr\">A ny\u00e1ri sz\u00fcnet v\u00e9g\u00e9n Jurat\u00e1n k\u00f6z\u00f6s \u00fcl\u00e9st tartottak\u00a0<strong><u>a Szejm \u00e9s a Cseh K\u00f6zt\u00e1rsas\u00e1g k\u00e9pvisel\u0151h\u00e1z\u00e1nak eln\u00f6ks\u00e9gei<\/u><\/strong>\u00a0(augusztus 29.). A megbesz\u00e9l\u00e9sek t\u00e9m\u00e1i k\u00f6z\u00f6tt szerepelt a parlamenti egy\u00fcttm\u0171k\u00f6d\u00e9s, az infrastrukt\u00fara \u00e9s a kommunik\u00e1ci\u00f3, valamint az Eur\u00f3pai Uni\u00f3 j\u00f6v\u0151je. A szejmet Marek Kuchci\u0144ski, a szejm eln\u00f6ke, valamint Barbara Dolniak, Ma\u0142gorzata Kidawa-B\u0142o\u0144ska, Beata Mazurek, Ryszard Terlecki \u00e9s Stanis\u0142aw Tyszka aleln\u00f6k\u00f6k k\u00e9pviselt\u00e9k.<\/p>\n<p dir=\"ltr\">Ryszard Terlecki a Szejmben tal\u00e1lkozott az amerikai k\u00e9pvisel\u0151h\u00e1z k\u00e9pvisel\u0151ivel. A h\u00e1zeln\u00f6k-helyettes hangs\u00falyozta, hogy az Egyes\u00fclt \u00c1llamok Lengyelorsz\u00e1g legfontosabb sz\u00f6vets\u00e9gese.<\/p>\n<p dir=\"ltr\">\n<strong><u>Szeptember<\/u><\/strong><\/p>\n<p dir=\"ltr\">Szeptember elej\u00e9n a Krynic\u00e1ban megrendezett gazdas\u00e1gi f\u00f3rum szok\u00e1s szerint Lengyelorsz\u00e1g hat\u00e1rain messze t\u00falmutat\u00f3 jelent\u0151s\u00e9g\u0171 esem\u00e9ny volt. Ennek elv\u00e1laszthatatlan r\u00e9sze a K\u00e1rp\u00e1tok Eur\u00f3pa konferenci\u00e1ja,<strong><u>\u00a0kezdem\u00e9nyezte \u00e9vekkel ezel\u0151tt Marek Kuchci\u0144ski<\/u><\/strong>\u00a0(szeptember 5-6.).<\/p>\n<p dir=\"ltr\">A Szejm eln\u00f6ke ism\u00e9t Pr\u00e1g\u00e1ba l\u00e1togatott, ahol r\u00e9szt vett a \"sPOLeCZne. Lengyel-cseh \u00e9vfordul\u00f3k 1918-2018\". (szeptember 10.) A Szejm eln\u00f6ke hangs\u00falyozta, hogy a k\u00e9t nemzet c\u00e9ljai \u00e9s \u00e9rdekei k\u00f6z\u00f6sek.<\/p>\n<p dir=\"ltr\">Budapesten Marek Kuchci\u0144ski r\u00e9szt vett J\u00f3zef Pi\u0142sudski mellszobr\u00e1nak leleplez\u00e9si \u00fcnneps\u00e9g\u00e9n (szeptember 26.). A l\u00e1togat\u00e1s \u00fajabb alkalom volt a k\u00e9t nemzetet \u00f6sszek\u00f6t\u0151 bar\u00e1ti k\u00f6tel\u00e9kek meger\u0151s\u00edt\u00e9s\u00e9re.<\/p>\n<p dir=\"ltr\">A Szejm \u00e9s a szen\u00e1tus \u00e9p\u00fclete volt a helysz\u00edne a\u00a0<strong><u>V. Lengyel \u00e9s K\u00fclf\u00f6ldi Lengyelek Vil\u00e1gkongresszusa<\/u><\/strong>\u00a0(szeptember 20-22.). A plen\u00e1ris teremben \u00f6sszegy\u0171lt vend\u00e9geket a Szejm eln\u00f6ke k\u00f6sz\u00f6nt\u00f6tte.<\/p>\n<p dir=\"ltr\">\n<strong><u>Okt\u00f3ber<\/u><\/strong><\/p>\n<p dir=\"ltr\">A Visegr\u00e1di Csoport parlamenti eln\u00f6keinek inform\u00e1lis tal\u00e1lkoz\u00f3ja a szlov\u00e1kiai Kass\u00e1n (okt\u00f3ber 13.) az okt\u00f3beri \u00e9v egyik legfontosabb esem\u00e9nye volt. \"Az Eur\u00f3pai Uni\u00f3 j\u00f6v\u0151j\u00e9t a szolid\u00e1ris \u00e1llamok Uni\u00f3jak\u00e9nt l\u00e1tjuk, a haz\u00e1k Eur\u00f3p\u00e1jak\u00e9nt, ahogyan II. J\u00e1nos P\u00e1l Szentatya mondta, egy olyan Eur\u00f3pak\u00e9nt, amely egym\u00e1st t\u00e1mogatja a fejleszt\u00e9spolitika folyamat\u00e1ban\" - mondta. - Kuchci\u0144ski marsall a tal\u00e1lkoz\u00f3t k\u00f6vet\u0151en elmondta.<\/p>\n<p dir=\"ltr\">A lengyel parlamentarizmus 550. \u00e9vfordul\u00f3ja alkalm\u00e1b\u00f3l rendezett \u00fcnneps\u00e9gek r\u00e9szek\u00e9nt a lengyelorsz\u00e1gi\u00a0<strong><u>Ki\u00e1ll\u00edt\u00e1s a strasbourgi Eur\u00f3pai Parlamentben<\/u><\/strong>. A megnyit\u00f3n r\u00e9szt vett a Szejm eln\u00f6ke (okt\u00f3ber 3.).<\/p>\n<p dir=\"ltr\">Rzesz\u00f3wban Marek Kuchci\u0144ski nyitotta meg a Nemzetk\u00f6zi K\u00e1rp\u00e1ti Egy\u00fcttm\u0171k\u00f6d\u00e9si F\u00f3rumot (okt\u00f3ber 11.).<\/p>\n<p dir=\"ltr\">\n<strong><u>November<\/u><\/strong><\/p>\n<p dir=\"ltr\">November legfontosabb esem\u00e9nye a parlamenti diplom\u00e1cia szempontj\u00e1b\u00f3l a Szejm eln\u00f6k\u00e9nek gr\u00faziai l\u00e1togat\u00e1sa volt (november 5-6.). F\u0151 pontja az volt, hogy\u00a0<strong><u>a lengyel-gr\u00faz parlamenti k\u00f6zgy\u0171l\u00e9s alapokm\u00e1ny\u00e1nak al\u00e1\u00edr\u00e1s\u00e1r\u00f3l<\/u><\/strong>\u00a0Irakli Kobakhidze-vel egy\u00fctt. A k\u00fcld\u00f6tts\u00e9gben parlamenti k\u00e9pvisel\u0151k - a k\u00f6zgy\u0171l\u00e9s tagjai \u00e9s Agnieszka Kaczmarska, a Szejm kancell\u00e1ri\u00e1j\u00e1nak vezet\u0151je - is r\u00e9szt vettek. A k\u00e9t kamara eln\u00f6kei is r\u00e9szt vettek a Lengyel K\u00f6nyvt\u00e1r \u00fcnnep\u00e9lyes megnyit\u00f3j\u00e1n.<\/p>\n<p dir=\"ltr\">Marek Kuchci\u0144ski r\u00e9szt vett a visegr\u00e1di orsz\u00e1gok parlamenti eln\u00f6keinek pozsonyi tal\u00e1lkoz\u00f3j\u00e1n is (november 15.).<\/p>\n<p dir=\"ltr\">A Szejm eln\u00f6k\u00e9nek \u00e9s magyar koll\u00e9g\u00e1j\u00e1nak, K\u00f6v\u00e9r L\u00e1szl\u00f3nak a Krasiczynban tartott tal\u00e1lkoz\u00f3ja (november 24.) \u00fajabb alkalmat adott a k\u00e9t parlament egy\u00fcttm\u0171k\u00f6d\u00e9s\u00e9nek \u00e9s az EU-n bel\u00fcli k\u00f6z\u00f6s V4-tev\u00e9kenys\u00e9geknek a megvitat\u00e1s\u00e1ra.<\/p>\n<p dir=\"ltr\">\n<strong><u>December<\/u><\/strong><\/p>\n<p dir=\"ltr\"><strong><u>A Lengyel K\u00f6zt\u00e1rsas\u00e1g parlamentarizmus\u00e1nak 550. \u00e9vfordul\u00f3ja alkalm\u00e1b\u00f3l rendezett ki\u00e1ll\u00edt\u00e1s megnyit\u00f3ja<\/u><\/strong>\u00a0volt a Szejm marsallja decemberi vilniusi l\u00e1togat\u00e1s\u00e1nak (december 19.) f\u0151 pontja. Marek Kuchci\u0144ski eml\u00e9keztetett arra, hogy 2019-ben \u00fcnnepelj\u00fck a lublini uni\u00f3 450. \u00e9vfordul\u00f3j\u00e1t, amely \u00e9vsz\u00e1zadokkal ezel\u0151tt a lengyel-litv\u00e1n testv\u00e9ri kapcsolatok alapj\u00e1t k\u00e9pezte.<\/p>\n<p dir=\"ltr\">Decemberben Kuchci\u0144ski marsall a magyar parlamentben tartott, Lengyelorsz\u00e1g f\u00fcggetlens\u00e9g\u00e9nek visszaszerz\u00e9s\u00e9nek 100. \u00e9vfordul\u00f3ja (december 8.) alkalm\u00e1b\u00f3l rendezett \u00fcnnepi konferencia vend\u00e9ge is volt. K\u00f6v\u00e9r L. eln\u00f6k kezdem\u00e9nyez\u00e9s\u00e9re k\u00e9sz\u00fclt.<\/p>\n<p dir=\"ltr\"><em>sejm.gov.pl<\/em><\/p>\n<p dir=\"ltr\">\n<p><strong><u>A Szejm eln\u00f6ke, Marek Kuchci\u0144ski k\u00fclf\u00f6ldi l\u00e1togat\u00e1sainak list\u00e1ja a Szejmben <\/u><\/strong><\/p>\n<p><strong><u>2018-ban<\/u><\/strong><\/p>\n<p>&nbsp;<\/p>\n<p><strong><u>Eln\u00f6k\u00f6k \/ minisztereln\u00f6k\u00f6k:<\/u><\/strong><\/p>\n<ol>\n<li>A Cseh K\u00f6zt\u00e1rsas\u00e1g eln\u00f6ke, Milo\u0161 ZEMAN \u00far<\/li>\n<li>ORB\u00c1N Viktor, Magyarorsz\u00e1g minisztereln\u00f6ke<\/li>\n<\/ol>\n<p><strong><u>A Lengyel K\u00f6zt\u00e1rsas\u00e1gba akkredit\u00e1lt nagyk\u00f6vetek:<\/u><\/strong><\/p>\n<ol>\n<li>A Spanyol Kir\u00e1lys\u00e1g lengyelorsz\u00e1gi nagyk\u00f6vete, Francisco Javier SANABRIA \u00far<\/li>\n<li>A K\u00ednai N\u00e9pk\u00f6zt\u00e1rsas\u00e1g nagyk\u00f6vete - \u0150fels\u00e9ge Xu JIAN \u00far (a misszi\u00f3 v\u00e9ge)<\/li>\n<li>Az Osztr\u00e1k K\u00f6zt\u00e1rsas\u00e1g nagyk\u00f6vete, Werner ALMHOFER \u00far<\/li>\n<li>A Sv\u00e9d Kir\u00e1lys\u00e1g nagyk\u00f6vete, \u0150excellenci\u00e1ja Stefan GULLGREN \u00far<\/li>\n<li>A K\u00ednai N\u00e9pk\u00f6zt\u00e1rsas\u00e1g nagyk\u00f6vete, Liu GUANGYUAN \u00far<\/li>\n<li>Az Egyes\u00fclt \u00c1llamok lengyelorsz\u00e1gi nagyk\u00f6vete - Georgette MOSBACHER asszony<\/li>\n<li>A lengyelorsz\u00e1gi apostoli nuncius, \u0150eminenci\u00e1ja Salvatore PENNACCHIO \u00e9rsek<\/li>\n<\/ol>\n<p><strong><u>A Lengyel K\u00f6zt\u00e1rsas\u00e1g k\u00fclf\u00f6ld\u00f6n akkredit\u00e1lt nagyk\u00f6vetei:<\/u><\/strong><\/p>\n<ol>\n<li>Nagyk\u00f6vet - a Lengyel K\u00f6zt\u00e1rsas\u00e1g br\u00fcsszeli \u00e1lland\u00f3 k\u00e9pvisel\u0151je - Andrzej SADO\u015a \u00far<\/li>\n<\/ol>\n<p><strong><u>Parlamenti szint\u0171 l\u00e1togat\u00e1sok:<\/u><\/strong><\/p>\n<ol>\n<li>Radek VONDR\u00c1\u010cEK, a Cseh K\u00f6zt\u00e1rsas\u00e1g k\u00e9pvisel\u0151h\u00e1z\u00e1nak eln\u00f6ke<\/li>\n<li>A Marokk\u00f3i Kir\u00e1lys\u00e1g k\u00e9pvisel\u0151h\u00e1z\u00e1nak eln\u00f6ke,<br \/>\nHabib EL MALKI \u00far<\/li>\n<li>Alojz KOV\u0160CA, a Szlov\u00e9n K\u00f6zt\u00e1rsas\u00e1g \u00c1llamtan\u00e1cs\u00e1nak eln\u00f6ke<\/li>\n<li>A Litv\u00e1n K\u00f6zt\u00e1rsas\u00e1g Szejmj\u00e9nek eln\u00f6ke, VICTORAS PRANCKIETIS \u00far<\/li>\n<li style=\"text-align: left;\">P\u00edo Garc\u00eda-Escudero, a Spanyol Kir\u00e1lys\u00e1g Szen\u00e1tus\u00e1nak eln\u00f6ke<br \/>\nM\u00c1RQUEZ<\/li>\n<li>a Francia K\u00f6zt\u00e1rsas\u00e1g Szen\u00e1tus\u00e1nak eln\u00f6ke, G\u00e9rard LARCHER \u00far<\/li>\n<li>a rom\u00e1n szen\u00e1tus eln\u00f6ke, C\u0103lin POPESCU - T\u0102RICEANU \u00far<\/li>\n<li>K\u00d6V\u00c9R L\u00c1SZL\u00d3, az Orsz\u00e1ggy\u0171l\u00e9s eln\u00f6ke<\/li>\n<\/ol>\n<p><strong><u>Miniszteri l\u00e1togat\u00e1sok:<\/u><\/strong><\/p>\n<ol>\n<li>A G\u00f6r\u00f6g K\u00f6zt\u00e1rsas\u00e1g v\u00e9delmi minisztere, Panagiotis KAMMENOS<\/li>\n<li>Gr\u00fazia k\u00fcl\u00fcgyminisztere, David ZALKALIANI \u00far<\/li>\n<\/ol>\n<p><strong><u>Egy\u00e9b l\u00e1togat\u00e1sok:<\/u><\/strong><\/p>\n<ol>\n<li>Martin FEDOR \u00far, a Szlov\u00e1k K\u00f6zt\u00e1rsas\u00e1g Nemzeti Tan\u00e1csa Lengyel Bar\u00e1ti Csoportj\u00e1nak eln\u00f6ke<\/li>\n<\/ol>\n<p>&nbsp;<\/p>","protected":false},"excerpt":{"rendered":"<p>Ostatnie 12 miesi\u0119cy by\u0142o dla dyplomacji parlamentarnej rokiem szczeg\u00f3lnym. Z okazji jubileuszu 550-lecia Parlamentaryzmu Rzeczypospolitej zagraniczni partnerzy Sejmu mieli okazj\u0119 pozna\u0107 t\u0119 licz\u0105c\u0105 ponad p\u00f3\u0142 wieku tradycj\u0119 dzi\u0119ki licznym wydarzeniom mi\u0119dzynarodowym po\u015bwi\u0119conym jubileuszowi. Na Wiejskiej odby\u0142y si\u0119 ponadto sesja Zgromadzenia Parlamentarnego NATO oraz szczyt przewodnicz\u0105cych parlament\u00f3w Europy \u015arodkowej i Wschodniej EUROWAW2018. Marsza\u0142ek Sejmu oraz cz\u0142onkowie [&hellip;]<\/p>","protected":false},"author":6,"featured_media":12295,"comment_status":"open","ping_status":"open","sticky":false,"template":"","format":"standard","meta":{"ngg_post_thumbnail":0,"footnotes":""},"categories":[50],"tags":[],"class_list":["post-12294","post","type-post","status-publish","format-standard","has-post-thumbnail","hentry","category-wspolpraca-miedzynarodowa"],"yoast_head":"<!-- This site is optimized with the Yoast SEO plugin v24.7 - https:\/\/yoast.com\/wordpress\/plugins\/seo\/ -->\n<title>Dyplomacja parlamentarna w 2018 r. Najwa\u017cniejsze wydarzenia &#8211; Marek Kuchci\u0144ski<\/title>\n<meta name=\"robots\" content=\"index, follow, max-snippet:-1, max-image-preview:large, max-video-preview:-1\" \/>\n<link rel=\"canonical\" href=\"https:\/\/marekkuchcinski.pl\/hu\/wspolpraca-miedzynarodowa\/dyplomacja-parlamentarna-2018-r-najwazniejsze-wydarzenia\/\" \/>\n<meta property=\"og:locale\" content=\"hu_HU\" \/>\n<meta property=\"og:type\" content=\"article\" \/>\n<meta property=\"og:title\" content=\"Dyplomacja parlamentarna w 2018 r. Najwa\u017cniejsze wydarzenia &#8211; Marek Kuchci\u0144ski\" \/>\n<meta property=\"og:description\" content=\"Ostatnie 12 miesi\u0119cy by\u0142o dla dyplomacji parlamentarnej rokiem szczeg\u00f3lnym. Z okazji jubileuszu 550-lecia Parlamentaryzmu Rzeczypospolitej zagraniczni partnerzy Sejmu mieli okazj\u0119 pozna\u0107 t\u0119 licz\u0105c\u0105 ponad p\u00f3\u0142 wieku tradycj\u0119 dzi\u0119ki licznym wydarzeniom mi\u0119dzynarodowym po\u015bwi\u0119conym jubileuszowi. Na Wiejskiej odby\u0142y si\u0119 ponadto sesja Zgromadzenia Parlamentarnego NATO oraz szczyt przewodnicz\u0105cych parlament\u00f3w Europy \u015arodkowej i Wschodniej EUROWAW2018. Marsza\u0142ek Sejmu oraz cz\u0142onkowie [&hellip;]\" \/>\n<meta property=\"og:url\" content=\"https:\/\/marekkuchcinski.pl\/hu\/wspolpraca-miedzynarodowa\/dyplomacja-parlamentarna-2018-r-najwazniejsze-wydarzenia\/\" \/>\n<meta property=\"og:site_name\" content=\"Marek Kuchci\u0144ski\" \/>\n<meta property=\"article:published_time\" content=\"2018-12-31T08:28:05+00:00\" \/>\n<meta property=\"og:image\" content=\"https:\/\/marekkuchcinski.pl\/wp-content\/uploads\/2018\/12\/KU313542.jpg\" \/>\n\t<meta property=\"og:image:width\" content=\"1885\" \/>\n\t<meta property=\"og:image:height\" content=\"1232\" \/>\n\t<meta property=\"og:image:type\" content=\"image\/jpeg\" \/>\n<meta name=\"author\" content=\"admin\" \/>\n<meta name=\"twitter:card\" content=\"summary_large_image\" \/>\n<meta name=\"twitter:label1\" content=\"Szerz\u0151:\" \/>\n\t<meta name=\"twitter:data1\" content=\"admin\" \/>\n\t<meta name=\"twitter:label2\" content=\"Becs\u00fclt olvas\u00e1si id\u0151\" \/>\n\t<meta name=\"twitter:data2\" content=\"9 perc\" \/>\n<script type=\"application\/ld+json\" class=\"yoast-schema-graph\">{\"@context\":\"https:\/\/schema.org\",\"@graph\":[{\"@type\":\"Article\",\"@id\":\"https:\/\/marekkuchcinski.pl\/hu\/wspolpraca-miedzynarodowa\/dyplomacja-parlamentarna-2018-r-najwazniejsze-wydarzenia\/#article\",\"isPartOf\":{\"@id\":\"https:\/\/marekkuchcinski.pl\/hu\/wspolpraca-miedzynarodowa\/dyplomacja-parlamentarna-2018-r-najwazniejsze-wydarzenia\/\"},\"author\":{\"name\":\"admin\",\"@id\":\"https:\/\/marekkuchcinski.pl\/#\/schema\/person\/6f62700996b4d950b6ea2d1183b6c6be\"},\"headline\":\"Dyplomacja parlamentarna w 2018 r. Najwa\u017cniejsze wydarzenia\",\"datePublished\":\"2018-12-31T08:28:05+00:00\",\"mainEntityOfPage\":{\"@id\":\"https:\/\/marekkuchcinski.pl\/hu\/wspolpraca-miedzynarodowa\/dyplomacja-parlamentarna-2018-r-najwazniejsze-wydarzenia\/\"},\"wordCount\":1862,\"commentCount\":0,\"publisher\":{\"@id\":\"https:\/\/marekkuchcinski.pl\/#organization\"},\"image\":{\"@id\":\"https:\/\/marekkuchcinski.pl\/hu\/wspolpraca-miedzynarodowa\/dyplomacja-parlamentarna-2018-r-najwazniejsze-wydarzenia\/#primaryimage\"},\"thumbnailUrl\":\"https:\/\/marekkuchcinski.pl\/wp-content\/uploads\/2018\/12\/KU313542.jpg\",\"articleSection\":[\"Wsp\u00f3\u0142praca mi\u0119dzynarodowa\"],\"inLanguage\":\"hu\",\"potentialAction\":[{\"@type\":\"CommentAction\",\"name\":\"Comment\",\"target\":[\"https:\/\/marekkuchcinski.pl\/hu\/wspolpraca-miedzynarodowa\/dyplomacja-parlamentarna-2018-r-najwazniejsze-wydarzenia\/#respond\"]}]},{\"@type\":\"WebPage\",\"@id\":\"https:\/\/marekkuchcinski.pl\/hu\/wspolpraca-miedzynarodowa\/dyplomacja-parlamentarna-2018-r-najwazniejsze-wydarzenia\/\",\"url\":\"https:\/\/marekkuchcinski.pl\/hu\/wspolpraca-miedzynarodowa\/dyplomacja-parlamentarna-2018-r-najwazniejsze-wydarzenia\/\",\"name\":\"Dyplomacja parlamentarna w 2018 r. Najwa\u017cniejsze wydarzenia &#8211; Marek Kuchci\u0144ski\",\"isPartOf\":{\"@id\":\"https:\/\/marekkuchcinski.pl\/#website\"},\"primaryImageOfPage\":{\"@id\":\"https:\/\/marekkuchcinski.pl\/hu\/wspolpraca-miedzynarodowa\/dyplomacja-parlamentarna-2018-r-najwazniejsze-wydarzenia\/#primaryimage\"},\"image\":{\"@id\":\"https:\/\/marekkuchcinski.pl\/hu\/wspolpraca-miedzynarodowa\/dyplomacja-parlamentarna-2018-r-najwazniejsze-wydarzenia\/#primaryimage\"},\"thumbnailUrl\":\"https:\/\/marekkuchcinski.pl\/wp-content\/uploads\/2018\/12\/KU313542.jpg\",\"datePublished\":\"2018-12-31T08:28:05+00:00\",\"breadcrumb\":{\"@id\":\"https:\/\/marekkuchcinski.pl\/hu\/wspolpraca-miedzynarodowa\/dyplomacja-parlamentarna-2018-r-najwazniejsze-wydarzenia\/#breadcrumb\"},\"inLanguage\":\"hu\",\"potentialAction\":[{\"@type\":\"ReadAction\",\"target\":[\"https:\/\/marekkuchcinski.pl\/hu\/wspolpraca-miedzynarodowa\/dyplomacja-parlamentarna-2018-r-najwazniejsze-wydarzenia\/\"]}]},{\"@type\":\"ImageObject\",\"inLanguage\":\"hu\",\"@id\":\"https:\/\/marekkuchcinski.pl\/hu\/wspolpraca-miedzynarodowa\/dyplomacja-parlamentarna-2018-r-najwazniejsze-wydarzenia\/#primaryimage\",\"url\":\"https:\/\/marekkuchcinski.pl\/wp-content\/uploads\/2018\/12\/KU313542.jpg\",\"contentUrl\":\"https:\/\/marekkuchcinski.pl\/wp-content\/uploads\/2018\/12\/KU313542.jpg\",\"width\":1885,\"height\":1232},{\"@type\":\"BreadcrumbList\",\"@id\":\"https:\/\/marekkuchcinski.pl\/hu\/wspolpraca-miedzynarodowa\/dyplomacja-parlamentarna-2018-r-najwazniejsze-wydarzenia\/#breadcrumb\",\"itemListElement\":[{\"@type\":\"ListItem\",\"position\":1,\"name\":\"Strona g\u0142\u00f3wna\",\"item\":\"https:\/\/marekkuchcinski.pl\/\"},{\"@type\":\"ListItem\",\"position\":2,\"name\":\"Dyplomacja parlamentarna w 2018 r. Najwa\u017cniejsze wydarzenia\"}]},{\"@type\":\"WebSite\",\"@id\":\"https:\/\/marekkuchcinski.pl\/#website\",\"url\":\"https:\/\/marekkuchcinski.pl\/\",\"name\":\"Marek Kuchci\u0144ski\",\"description\":\"Pose\u0142 na sejm RP &ndash; okr\u0119g nr 22\",\"publisher\":{\"@id\":\"https:\/\/marekkuchcinski.pl\/#organization\"},\"potentialAction\":[{\"@type\":\"SearchAction\",\"target\":{\"@type\":\"EntryPoint\",\"urlTemplate\":\"https:\/\/marekkuchcinski.pl\/?s={search_term_string}\"},\"query-input\":{\"@type\":\"PropertyValueSpecification\",\"valueRequired\":true,\"valueName\":\"search_term_string\"}}],\"inLanguage\":\"hu\"},{\"@type\":\"Organization\",\"@id\":\"https:\/\/marekkuchcinski.pl\/#organization\",\"name\":\"Marek Kuchci\u0144ski\",\"url\":\"https:\/\/marekkuchcinski.pl\/\",\"logo\":{\"@type\":\"ImageObject\",\"inLanguage\":\"hu\",\"@id\":\"https:\/\/marekkuchcinski.pl\/#\/schema\/logo\/image\/\",\"url\":\"https:\/\/marekkuchcinski.pl\/wp-content\/uploads\/2022\/09\/Marek.jpg\",\"contentUrl\":\"https:\/\/marekkuchcinski.pl\/wp-content\/uploads\/2022\/09\/Marek.jpg\",\"width\":1600,\"height\":971,\"caption\":\"Marek Kuchci\u0144ski\"},\"image\":{\"@id\":\"https:\/\/marekkuchcinski.pl\/#\/schema\/logo\/image\/\"}},{\"@type\":\"Person\",\"@id\":\"https:\/\/marekkuchcinski.pl\/#\/schema\/person\/6f62700996b4d950b6ea2d1183b6c6be\",\"name\":\"admin\",\"image\":{\"@type\":\"ImageObject\",\"inLanguage\":\"hu\",\"@id\":\"https:\/\/marekkuchcinski.pl\/#\/schema\/person\/image\/\",\"url\":\"https:\/\/secure.gravatar.com\/avatar\/4bab693b9d55c3d6b52c0296a8765085?s=96&d=mm&r=g\",\"contentUrl\":\"https:\/\/secure.gravatar.com\/avatar\/4bab693b9d55c3d6b52c0296a8765085?s=96&d=mm&r=g\",\"caption\":\"admin\"},\"url\":\"https:\/\/marekkuchcinski.pl\/hu\/author\/marta-olejnik\/\"}]}<\/script>\n<!-- \/ Yoast SEO plugin. -->","yoast_head_json":{"title":"Dyplomacja parlamentarna w 2018 r. Najwa\u017cniejsze wydarzenia &#8211; Marek Kuchci\u0144ski","robots":{"index":"index","follow":"follow","max-snippet":"max-snippet:-1","max-image-preview":"max-image-preview:large","max-video-preview":"max-video-preview:-1"},"canonical":"https:\/\/marekkuchcinski.pl\/hu\/wspolpraca-miedzynarodowa\/dyplomacja-parlamentarna-2018-r-najwazniejsze-wydarzenia\/","og_locale":"hu_HU","og_type":"article","og_title":"Dyplomacja parlamentarna w 2018 r. Najwa\u017cniejsze wydarzenia &#8211; Marek Kuchci\u0144ski","og_description":"Ostatnie 12 miesi\u0119cy by\u0142o dla dyplomacji parlamentarnej rokiem szczeg\u00f3lnym. Z okazji jubileuszu 550-lecia Parlamentaryzmu Rzeczypospolitej zagraniczni partnerzy Sejmu mieli okazj\u0119 pozna\u0107 t\u0119 licz\u0105c\u0105 ponad p\u00f3\u0142 wieku tradycj\u0119 dzi\u0119ki licznym wydarzeniom mi\u0119dzynarodowym po\u015bwi\u0119conym jubileuszowi. Na Wiejskiej odby\u0142y si\u0119 ponadto sesja Zgromadzenia Parlamentarnego NATO oraz szczyt przewodnicz\u0105cych parlament\u00f3w Europy \u015arodkowej i Wschodniej EUROWAW2018. Marsza\u0142ek Sejmu oraz cz\u0142onkowie [&hellip;]","og_url":"https:\/\/marekkuchcinski.pl\/hu\/wspolpraca-miedzynarodowa\/dyplomacja-parlamentarna-2018-r-najwazniejsze-wydarzenia\/","og_site_name":"Marek Kuchci\u0144ski","article_published_time":"2018-12-31T08:28:05+00:00","og_image":[{"width":1885,"height":1232,"url":"https:\/\/marekkuchcinski.pl\/wp-content\/uploads\/2018\/12\/KU313542.jpg","type":"image\/jpeg"}],"author":"admin","twitter_card":"summary_large_image","twitter_misc":{"Szerz\u0151:":"admin","Becs\u00fclt olvas\u00e1si id\u0151":"9 perc"},"schema":{"@context":"https:\/\/schema.org","@graph":[{"@type":"Article","@id":"https:\/\/marekkuchcinski.pl\/hu\/wspolpraca-miedzynarodowa\/dyplomacja-parlamentarna-2018-r-najwazniejsze-wydarzenia\/#article","isPartOf":{"@id":"https:\/\/marekkuchcinski.pl\/hu\/wspolpraca-miedzynarodowa\/dyplomacja-parlamentarna-2018-r-najwazniejsze-wydarzenia\/"},"author":{"name":"admin","@id":"https:\/\/marekkuchcinski.pl\/#\/schema\/person\/6f62700996b4d950b6ea2d1183b6c6be"},"headline":"Dyplomacja parlamentarna w 2018 r. Najwa\u017cniejsze wydarzenia","datePublished":"2018-12-31T08:28:05+00:00","mainEntityOfPage":{"@id":"https:\/\/marekkuchcinski.pl\/hu\/wspolpraca-miedzynarodowa\/dyplomacja-parlamentarna-2018-r-najwazniejsze-wydarzenia\/"},"wordCount":1862,"commentCount":0,"publisher":{"@id":"https:\/\/marekkuchcinski.pl\/#organization"},"image":{"@id":"https:\/\/marekkuchcinski.pl\/hu\/wspolpraca-miedzynarodowa\/dyplomacja-parlamentarna-2018-r-najwazniejsze-wydarzenia\/#primaryimage"},"thumbnailUrl":"https:\/\/marekkuchcinski.pl\/wp-content\/uploads\/2018\/12\/KU313542.jpg","articleSection":["Wsp\u00f3\u0142praca mi\u0119dzynarodowa"],"inLanguage":"hu","potentialAction":[{"@type":"CommentAction","name":"Comment","target":["https:\/\/marekkuchcinski.pl\/hu\/wspolpraca-miedzynarodowa\/dyplomacja-parlamentarna-2018-r-najwazniejsze-wydarzenia\/#respond"]}]},{"@type":"WebPage","@id":"https:\/\/marekkuchcinski.pl\/hu\/wspolpraca-miedzynarodowa\/dyplomacja-parlamentarna-2018-r-najwazniejsze-wydarzenia\/","url":"https:\/\/marekkuchcinski.pl\/hu\/wspolpraca-miedzynarodowa\/dyplomacja-parlamentarna-2018-r-najwazniejsze-wydarzenia\/","name":"Dyplomacja parlamentarna w 2018 r. Najwa\u017cniejsze wydarzenia &#8211; Marek Kuchci\u0144ski","isPartOf":{"@id":"https:\/\/marekkuchcinski.pl\/#website"},"primaryImageOfPage":{"@id":"https:\/\/marekkuchcinski.pl\/hu\/wspolpraca-miedzynarodowa\/dyplomacja-parlamentarna-2018-r-najwazniejsze-wydarzenia\/#primaryimage"},"image":{"@id":"https:\/\/marekkuchcinski.pl\/hu\/wspolpraca-miedzynarodowa\/dyplomacja-parlamentarna-2018-r-najwazniejsze-wydarzenia\/#primaryimage"},"thumbnailUrl":"https:\/\/marekkuchcinski.pl\/wp-content\/uploads\/2018\/12\/KU313542.jpg","datePublished":"2018-12-31T08:28:05+00:00","breadcrumb":{"@id":"https:\/\/marekkuchcinski.pl\/hu\/wspolpraca-miedzynarodowa\/dyplomacja-parlamentarna-2018-r-najwazniejsze-wydarzenia\/#breadcrumb"},"inLanguage":"hu","potentialAction":[{"@type":"ReadAction","target":["https:\/\/marekkuchcinski.pl\/hu\/wspolpraca-miedzynarodowa\/dyplomacja-parlamentarna-2018-r-najwazniejsze-wydarzenia\/"]}]},{"@type":"ImageObject","inLanguage":"hu","@id":"https:\/\/marekkuchcinski.pl\/hu\/wspolpraca-miedzynarodowa\/dyplomacja-parlamentarna-2018-r-najwazniejsze-wydarzenia\/#primaryimage","url":"https:\/\/marekkuchcinski.pl\/wp-content\/uploads\/2018\/12\/KU313542.jpg","contentUrl":"https:\/\/marekkuchcinski.pl\/wp-content\/uploads\/2018\/12\/KU313542.jpg","width":1885,"height":1232},{"@type":"BreadcrumbList","@id":"https:\/\/marekkuchcinski.pl\/hu\/wspolpraca-miedzynarodowa\/dyplomacja-parlamentarna-2018-r-najwazniejsze-wydarzenia\/#breadcrumb","itemListElement":[{"@type":"ListItem","position":1,"name":"Strona g\u0142\u00f3wna","item":"https:\/\/marekkuchcinski.pl\/"},{"@type":"ListItem","position":2,"name":"Dyplomacja parlamentarna w 2018 r. Najwa\u017cniejsze wydarzenia"}]},{"@type":"WebSite","@id":"https:\/\/marekkuchcinski.pl\/#website","url":"https:\/\/marekkuchcinski.pl\/","name":"Marek Kuchci\u0144ski","description":"Pose\u0142 na sejm RP &ndash; okr\u0119g nr 22","publisher":{"@id":"https:\/\/marekkuchcinski.pl\/#organization"},"potentialAction":[{"@type":"SearchAction","target":{"@type":"EntryPoint","urlTemplate":"https:\/\/marekkuchcinski.pl\/?s={search_term_string}"},"query-input":{"@type":"PropertyValueSpecification","valueRequired":true,"valueName":"search_term_string"}}],"inLanguage":"hu"},{"@type":"Organization","@id":"https:\/\/marekkuchcinski.pl\/#organization","name":"Marek Kuchci\u0144ski","url":"https:\/\/marekkuchcinski.pl\/","logo":{"@type":"ImageObject","inLanguage":"hu","@id":"https:\/\/marekkuchcinski.pl\/#\/schema\/logo\/image\/","url":"https:\/\/marekkuchcinski.pl\/wp-content\/uploads\/2022\/09\/Marek.jpg","contentUrl":"https:\/\/marekkuchcinski.pl\/wp-content\/uploads\/2022\/09\/Marek.jpg","width":1600,"height":971,"caption":"Marek Kuchci\u0144ski"},"image":{"@id":"https:\/\/marekkuchcinski.pl\/#\/schema\/logo\/image\/"}},{"@type":"Person","@id":"https:\/\/marekkuchcinski.pl\/#\/schema\/person\/6f62700996b4d950b6ea2d1183b6c6be","name":"admin","image":{"@type":"ImageObject","inLanguage":"hu","@id":"https:\/\/marekkuchcinski.pl\/#\/schema\/person\/image\/","url":"https:\/\/secure.gravatar.com\/avatar\/4bab693b9d55c3d6b52c0296a8765085?s=96&d=mm&r=g","contentUrl":"https:\/\/secure.gravatar.com\/avatar\/4bab693b9d55c3d6b52c0296a8765085?s=96&d=mm&r=g","caption":"admin"},"url":"https:\/\/marekkuchcinski.pl\/hu\/author\/marta-olejnik\/"}]}},"_links":{"self":[{"href":"https:\/\/marekkuchcinski.pl\/hu\/wp-json\/wp\/v2\/posts\/12294","targetHints":{"allow":["GET"]}}],"collection":[{"href":"https:\/\/marekkuchcinski.pl\/hu\/wp-json\/wp\/v2\/posts"}],"about":[{"href":"https:\/\/marekkuchcinski.pl\/hu\/wp-json\/wp\/v2\/types\/post"}],"author":[{"embeddable":true,"href":"https:\/\/marekkuchcinski.pl\/hu\/wp-json\/wp\/v2\/users\/6"}],"replies":[{"embeddable":true,"href":"https:\/\/marekkuchcinski.pl\/hu\/wp-json\/wp\/v2\/comments?post=12294"}],"version-history":[{"count":1,"href":"https:\/\/marekkuchcinski.pl\/hu\/wp-json\/wp\/v2\/posts\/12294\/revisions"}],"predecessor-version":[{"id":12296,"href":"https:\/\/marekkuchcinski.pl\/hu\/wp-json\/wp\/v2\/posts\/12294\/revisions\/12296"}],"wp:featuredmedia":[{"embeddable":true,"href":"https:\/\/marekkuchcinski.pl\/hu\/wp-json\/wp\/v2\/media\/12295"}],"wp:attachment":[{"href":"https:\/\/marekkuchcinski.pl\/hu\/wp-json\/wp\/v2\/media?parent=12294"}],"wp:term":[{"taxonomy":"category","embeddable":true,"href":"https:\/\/marekkuchcinski.pl\/hu\/wp-json\/wp\/v2\/categories?post=12294"},{"taxonomy":"post_tag","embeddable":true,"href":"https:\/\/marekkuchcinski.pl\/hu\/wp-json\/wp\/v2\/tags?post=12294"}],"curies":[{"name":"wp","href":"https:\/\/api.w.org\/{rel}","templated":true}]}}