{"id":12285,"date":"2018-12-29T13:14:58","date_gmt":"2018-12-29T12:14:58","guid":{"rendered":"https:\/\/marekkuchcinski.pl\/?p=12285"},"modified":"2018-12-29T13:16:43","modified_gmt":"2018-12-29T12:16:43","slug":"sejm-zdecydowal-by-podwyzszac-cen-pradu","status":"publish","type":"post","link":"https:\/\/marekkuchcinski.pl\/hu\/bez-kategorii\/sejm-zdecydowal-by-podwyzszac-cen-pradu\/","title":{"rendered":"A szejm \u00fagy d\u00f6nt\u00f6tt, hogy nem emeli a villamos energia \u00e1r\u00e1t"},"content":{"rendered":"<p><strong>A Szejm 75. rendk\u00edv\u00fcli \u00fcl\u00e9s\u00e9n t\u00f6rv\u00e9nyt fogadott el, amely t\u00f6bbek k\u00f6z\u00f6tt az energia j\u00f6ved\u00e9ki ad\u00f3j\u00e1nak n\u00e9gyszeres cs\u00f6kkent\u00e9s\u00e9r\u0151l \u00e9s az \u00e1tmeneti ad\u00f3 95 sz\u00e1zal\u00e9kos cs\u00f6kkent\u00e9s\u00e9r\u0151l rendelkezik.<\/strong><\/p>\n<p>A v\u00e1ltoz\u00e1sok t\u00f6bb mint 3,5 milli\u00e1rd zlotyval cs\u00f6kkentik az egy\u00e9ni fogyaszt\u00f3k, valamint a v\u00e1llalkoz\u00e1sok \u00e9s az \u00f6nkorm\u00e1nyzatok sz\u00e1ml\u00e1it, az energia\u00e1rak pedig a 2018 els\u0151 f\u00e9l\u00e9vi szinten maradnak.<\/p>\n<p>Ez a megold\u00e1s 2019-ben A lengyelek, a v\u00e1llalkoz\u00f3k \u00e9s az \u00f6nkorm\u00e1nyzatok k\u00f6zel 8 milli\u00e1rd zlotyval kevesebbet fognak fizetni.<\/p>\n<p>Az EB j\u00f3v\u00e1hagy\u00e1s\u00e1val a korm\u00e1ny 2019-ben eladhatja.<br \/>\nfel nem haszn\u00e1lt CO2-kibocs\u00e1t\u00e1si egys\u00e9gek, ami v\u00e1rhat\u00f3an 5 milli\u00e1rd PLN bev\u00e9telt hoz.<\/p>\n<p>A t\u00f6rv\u00e9ny szerint azok az elad\u00f3k, akik 2019-ben a piacon a meghat\u00e1rozott elad\u00e1si \u00e1rn\u00e1l dr\u00e1g\u00e1bban v\u00e1s\u00e1rolnak energi\u00e1t, a t\u00f6rv\u00e9ny \u00e1ltal l\u00e9trehozott \u00e1rk\u00fcl\u00f6nb\u00f6zet-kifizet\u00e9si alapb\u00f3l k\u00f6zvetlen\u00fcl kapj\u00e1k vissza a kies\u0151 bev\u00e9telt.<\/p>\n<p>Mateusz Morawiecki minisztereln\u00f6k eml\u00e9keztetett arra, hogy a lengyelorsz\u00e1gi villamosenergia-\u00e1rak jelenleg az egyik legalacsonyabbak a h\u00e1ztart\u00e1sok sz\u00e1m\u00e1ra eg\u00e9sz Eur\u00f3p\u00e1ban.<\/p>\n<p>A megtakar\u00edtott p\u00e9nzeszk\u00f6z\u00f6kb\u0151l egymilli\u00e1rd PLN-t a k\u00f6vetkez\u0151kre ford\u00edtanak<br \/>\nz\u00f6ld beruh\u00e1z\u00e1sok.<\/p>\n<p><a href=\"https:\/\/marekkuchcinski.pl\/wp-content\/uploads\/2018\/12\/75-ps.jpg\"><img fetchpriority=\"high\" decoding=\"async\" class=\"alignnone size-full wp-image-12287\" src=\"https:\/\/marekkuchcinski.pl\/wp-content\/uploads\/2018\/12\/75-ps.jpg\" alt=\"75 ps\" width=\"1620\" height=\"1080\" srcset=\"https:\/\/marekkuchcinski.pl\/wp-content\/uploads\/2018\/12\/75-ps.jpg 1620w, https:\/\/marekkuchcinski.pl\/wp-content\/uploads\/2018\/12\/75-ps-300x200.jpg 300w, https:\/\/marekkuchcinski.pl\/wp-content\/uploads\/2018\/12\/75-ps-768x512.jpg 768w, https:\/\/marekkuchcinski.pl\/wp-content\/uploads\/2018\/12\/75-ps-1024x683.jpg 1024w\" sizes=\"(max-width: 1620px) 100vw, 1620px\" \/><\/a><\/p>","protected":false},"excerpt":{"rendered":"<p>Na 75., nadzwyczajnym posiedzeniu\u00a0Sejm\u00a0przyj\u0105\u0142 ustaw\u0119 zak\u0142adaj\u0105c\u0105 m.in. czterokrotne obni\u017cenie stawki akcyzy na energi\u0119 oraz zredukowanie o 95 proc. op\u0142aty przej\u015bciowej. Dzi\u0119ki zmianom nast\u0105pi obni\u017cenie rachunk\u00f3w odbiorc\u00f3w indywidualnych oraz przedsi\u0119biorstw i samorz\u0105d\u00f3w o ponad 3,5 miliarda z\u0142otych, a ceny energii utrzymaj\u0105 si\u0119 na poziomie z pierwszej po\u0142owy 2018 roku. Rozwi\u0105zanie to sprawi, \u017ce w\u00a02019 r. Polacy, [&hellip;]<\/p>\n","protected":false},"author":6,"featured_media":12287,"comment_status":"open","ping_status":"open","sticky":false,"template":"","format":"standard","meta":{"ngg_post_thumbnail":0,"footnotes":""},"categories":[1,81,3],"tags":[],"class_list":["post-12285","post","type-post","status-publish","format-standard","has-post-thumbnail","hentry","category-bez-kategorii","category-wiesci-z-sejmu","category-wydarzenia"],"_links":{"self":[{"href":"https:\/\/marekkuchcinski.pl\/hu\/wp-json\/wp\/v2\/posts\/12285","targetHints":{"allow":["GET"]}}],"collection":[{"href":"https:\/\/marekkuchcinski.pl\/hu\/wp-json\/wp\/v2\/posts"}],"about":[{"href":"https:\/\/marekkuchcinski.pl\/hu\/wp-json\/wp\/v2\/types\/post"}],"author":[{"embeddable":true,"href":"https:\/\/marekkuchcinski.pl\/hu\/wp-json\/wp\/v2\/users\/6"}],"replies":[{"embeddable":true,"href":"https:\/\/marekkuchcinski.pl\/hu\/wp-json\/wp\/v2\/comments?post=12285"}],"version-history":[{"count":2,"href":"https:\/\/marekkuchcinski.pl\/hu\/wp-json\/wp\/v2\/posts\/12285\/revisions"}],"predecessor-version":[{"id":12288,"href":"https:\/\/marekkuchcinski.pl\/hu\/wp-json\/wp\/v2\/posts\/12285\/revisions\/12288"}],"wp:featuredmedia":[{"embeddable":true,"href":"https:\/\/marekkuchcinski.pl\/hu\/wp-json\/wp\/v2\/media\/12287"}],"wp:attachment":[{"href":"https:\/\/marekkuchcinski.pl\/hu\/wp-json\/wp\/v2\/media?parent=12285"}],"wp:term":[{"taxonomy":"category","embeddable":true,"href":"https:\/\/marekkuchcinski.pl\/hu\/wp-json\/wp\/v2\/categories?post=12285"},{"taxonomy":"post_tag","embeddable":true,"href":"https:\/\/marekkuchcinski.pl\/hu\/wp-json\/wp\/v2\/tags?post=12285"}],"curies":[{"name":"wp","href":"https:\/\/api.w.org\/{rel}","templated":true}]}}