{"id":12122,"date":"2018-12-20T11:51:15","date_gmt":"2018-12-20T10:51:15","guid":{"rendered":"https:\/\/marekkuchcinski.pl\/?p=12122"},"modified":"2018-12-22T12:28:05","modified_gmt":"2018-12-22T11:28:05","slug":"marek-kuchcinski-zycze-panstwu-oraz-panstwa-najblizszym-spokoju-wytchnienia-trosk-codziennego-kazdy-dzien-nowego-roku-bedzie-pelen-pomyslnosci-zyciu-zawodowym-osobistym-a","status":"publish","type":"post","link":"https:\/\/marekkuchcinski.pl\/hu\/wydarzenia\/marek-kuchcinski-zycze-panstwu-oraz-panstwa-najblizszym-spokoju-wytchnienia-trosk-codziennego-kazdy-dzien-nowego-roku-bedzie-pelen-pomyslnosci-zyciu-zawodowym-osobistym-a\/","title":{"rendered":"Marek Kuchci\u0144ski: K\u00edv\u00e1nok \u00d6nnek \u00e9s szeretteinek sok b\u00e9k\u00e9t \u00e9s pihen\u00e9st a mindennapi \u00e9let gondjait\u00f3l. Legyen az \u00faj \u00e9v minden napja tele j\u00f3l\u00e9ttel szakmai \u00e9s mag\u00e1n\u00e9let\u00e9ben, \u00e9s \u00e9ljen j\u00f3 eg\u00e9szs\u00e9gben!"},"content":{"rendered":"<p><strong>Marek Kuchci\u0144ski, a szejm eln\u00f6ke kar\u00e1csonyi j\u00f3k\u00edv\u00e1ns\u00e1gokat k\u00fcld\u00f6tt Przemy\u015bl polg\u00e1rmester\u00e9nek, a sztaroszt\u00e1nak \u00e9s sz\u00fcl\u0151v\u00e1rosa lak\u00f3inak.<\/strong><\/p>\n<p><em>A kar\u00e1csony k\u00fcl\u00f6nleges id\u0151szak.  Egy \u00f6r\u00f6mteli, melegs\u00e9ggel \u00e9s k\u00f6lcs\u00f6n\u00f6s meg\u00e9rt\u00e9ssel teli id\u0151szak. Hagyom\u00e1nny\u00e1 v\u00e1ltak az osty\u00e1s \u00f6sszej\u00f6vetelek, amelyek sor\u00e1n bar\u00e1tok \u00e9s ismer\u0151s\u00f6k t\u00e1rsas\u00e1g\u00e1ban \u00e9lj\u00fck \u00e1t a k\u00f6zelg\u0151 kar\u00e1csony \u00f6r\u00f6m\u00e9t. Elm\u00e9lked\u00fcnk, megt\u00f6rj\u00fck a jelk\u00e9pes kenyeret, \u00e9s a j\u00f6v\u0151be vetett rem\u00e9nnyel telve j\u00f3t k\u00edv\u00e1nunk egym\u00e1snak.<\/em><\/p>\n<p><em>Megragadom ezt a k\u00fcl\u00f6nleges alkalmat, hogy sok b\u00e9k\u00e9t \u00e9s pihen\u00e9st k\u00edv\u00e1njak \u00d6nnek \u00e9s szeretteinek a mindennapi \u00e9let gondjait\u00f3l. Legyen az \u00faj \u00e9v minden napja tele sikerrel szakmai \u00e9s mag\u00e1n\u00e9let\u00e9ben, \u00e9s t\u00f6ltse azt j\u00f3 eg\u00e9szs\u00e9gben.<\/em><\/p>\n<p><em>M\u00e9g egyszer, legmelegebb \u00fcdv\u00f6zletem \u00e9s legjobb k\u00edv\u00e1ns\u00e1gaim.<\/em><\/p>\n<p><em>Marek Kuchci\u0144ski<\/em><\/p>\n<p><span style=\"color: #000000;\"><strong><a style=\"color: #000000;\" href=\"https:\/\/marekkuchcinski.pl\/wp-content\/uploads\/2018\/12\/Przemy\u015bl.pdf\">LIST<\/a><\/strong><\/span><\/p>\n<p><a href=\"https:\/\/marekkuchcinski.pl\/wp-content\/uploads\/2018\/12\/m-cho.jpg\"><img fetchpriority=\"high\" decoding=\"async\" class=\"alignnone size-full wp-image-12126\" src=\"https:\/\/marekkuchcinski.pl\/wp-content\/uploads\/2018\/12\/m-cho.jpg\" alt=\"m cho\" width=\"4896\" height=\"3264\" srcset=\"https:\/\/marekkuchcinski.pl\/wp-content\/uploads\/2018\/12\/m-cho.jpg 2048w, https:\/\/marekkuchcinski.pl\/wp-content\/uploads\/2018\/12\/m-cho-300x200.jpg 300w, https:\/\/marekkuchcinski.pl\/wp-content\/uploads\/2018\/12\/m-cho-768x512.jpg 768w, https:\/\/marekkuchcinski.pl\/wp-content\/uploads\/2018\/12\/m-cho-1024x683.jpg 1024w\" sizes=\"(max-width: 4896px) 100vw, 4896px\" \/><\/a><\/p>","protected":false},"excerpt":{"rendered":"<p>Marsza\u0142ek Sejmu Marek Kuchci\u0144ski przekaza\u0142 \u015bwi\u0105teczne \u017cyczenia Prezydentowi Przemy\u015bla, Staro\u015bcie oraz mieszka\u0144com swojego rodzinnego miasta. \u015awi\u0119ta\u00a0 Bo\u017cego\u00a0 Narodzenia\u00a0 to czas\u00a0 wyj\u0105tkowy.\u00a0 Czas\u00a0 pe\u0142en\u00a0 rado\u015bci,\u00a0 ciep\u0142a i wzajemnego zrozumienia. Dobr\u0105 tradycj\u0105 sta\u0142y si\u0119 spotkania op\u0142atkowe, podczas kt\u00f3rych w gronie przyjaci\u00f3\u0142 i znajomych prze\u017cywamy rado\u015b\u0107 z okazji zbli\u017caj\u0105cych si\u0119 \u015awi\u0105t. Zatrzymujemy si\u0119 na chwil\u0119 refleksji, prze\u0142amujemy symboliczny [&hellip;]<\/p>\n","protected":false},"author":6,"featured_media":12143,"comment_status":"open","ping_status":"open","sticky":false,"template":"","format":"standard","meta":{"ngg_post_thumbnail":0,"footnotes":""},"categories":[104,49,3],"tags":[],"class_list":["post-12122","post","type-post","status-publish","format-standard","has-post-thumbnail","hentry","category-lms","category-podkarpacie","category-wydarzenia"],"_links":{"self":[{"href":"https:\/\/marekkuchcinski.pl\/hu\/wp-json\/wp\/v2\/posts\/12122","targetHints":{"allow":["GET"]}}],"collection":[{"href":"https:\/\/marekkuchcinski.pl\/hu\/wp-json\/wp\/v2\/posts"}],"about":[{"href":"https:\/\/marekkuchcinski.pl\/hu\/wp-json\/wp\/v2\/types\/post"}],"author":[{"embeddable":true,"href":"https:\/\/marekkuchcinski.pl\/hu\/wp-json\/wp\/v2\/users\/6"}],"replies":[{"embeddable":true,"href":"https:\/\/marekkuchcinski.pl\/hu\/wp-json\/wp\/v2\/comments?post=12122"}],"version-history":[{"count":5,"href":"https:\/\/marekkuchcinski.pl\/hu\/wp-json\/wp\/v2\/posts\/12122\/revisions"}],"predecessor-version":[{"id":12131,"href":"https:\/\/marekkuchcinski.pl\/hu\/wp-json\/wp\/v2\/posts\/12122\/revisions\/12131"}],"wp:featuredmedia":[{"embeddable":true,"href":"https:\/\/marekkuchcinski.pl\/hu\/wp-json\/wp\/v2\/media\/12143"}],"wp:attachment":[{"href":"https:\/\/marekkuchcinski.pl\/hu\/wp-json\/wp\/v2\/media?parent=12122"}],"wp:term":[{"taxonomy":"category","embeddable":true,"href":"https:\/\/marekkuchcinski.pl\/hu\/wp-json\/wp\/v2\/categories?post=12122"},{"taxonomy":"post_tag","embeddable":true,"href":"https:\/\/marekkuchcinski.pl\/hu\/wp-json\/wp\/v2\/tags?post=12122"}],"curies":[{"name":"wp","href":"https:\/\/api.w.org\/{rel}","templated":true}]}}