{"id":12080,"date":"2018-12-20T10:43:39","date_gmt":"2018-12-20T09:43:39","guid":{"rendered":"https:\/\/marekkuchcinski.pl\/?p=12080"},"modified":"2018-12-20T10:43:39","modified_gmt":"2018-12-20T09:43:39","slug":"wilno-otwarcie-wystawy-okazji-550-lecia-parlamentaryzmu-rzeczypospolitej-laczy-nas-sojusz-strategiczny-poczuciu-wspolnych-wyzwan","status":"publish","type":"post","link":"https:\/\/marekkuchcinski.pl\/hu\/wspolpraca-miedzynarodowa\/wilno-otwarcie-wystawy-okazji-550-lecia-parlamentaryzmu-rzeczypospolitej-laczy-nas-sojusz-strategiczny-poczuciu-wspolnych-wyzwan\/","title":{"rendered":"Vilnius. A k\u00f6zt\u00e1rsas\u00e1g parlamentarizmus\u00e1nak 550. \u00e9vfordul\u00f3ja alkalm\u00e1b\u00f3l rendezett ki\u00e1ll\u00edt\u00e1s megnyit\u00f3ja. \"Strat\u00e9giai sz\u00f6vets\u00e9g k\u00f6t \u00f6ssze benn\u00fcnket, a k\u00f6z\u00f6s kih\u00edv\u00e1sok tudat\u00e1ban\"."},"content":{"rendered":"<p dir=\"ltr\">\u00d6t \u00e9s f\u00e9l \u00e9vsz\u00e1zaddal az els\u0151 k\u00e9tkamar\u00e1s szejm megalakul\u00e1sa \u00f3ta Piotrk\u00f3wban - 2018 a lengyel t\u00e1rsadalmi \u00e9s politikai \u00e9let egyik legfontosabb \u00e9vfordul\u00f3ja. Ugyanakkor az 550. \u00e9vfordul\u00f3 \u00e9vsz\u00e1zados sz\u00f6vets\u00e9ges\u00fcnkh\u00f6z is k\u00f6t\u0151dik, akivel t\u00f6bb sz\u00e1z \u00e9ven kereszt\u00fcl egy \u00e1llamot alkottunk. Marek Kuchci\u0144ski, a szejm eln\u00f6k\u00e9nek szerdai vilniusi l\u00e1togat\u00e1s\u00e1n a k\u00e9t nemzetet \u00f6sszek\u00f6t\u0151 k\u00f6z\u00f6s t\u00f6rt\u00e9nelem, hagyom\u00e1nyok \u00e9s k\u00f6tel\u00e9kek, valamint a \"Lengyelorsz\u00e1g. A parlamentarizmus hagyom\u00e1nyai 1791-ig\" c\u00edm\u0171, a Szejmben megnyitott ki\u00e1ll\u00edt\u00e1s a legjobb bizony\u00edt\u00e9k erre.<\/p>\n<p dir=\"ltr\">- Szeretn\u00e9m felid\u00e9zni 1569. j\u00falius 1-j\u00e9t, a lublini uni\u00f3 megk\u00f6t\u00e9s\u00e9nek napj\u00e1t. Olyan nemzetk\u00f6zi \u00e9s bels\u0151 rendet alak\u00edtott ki, amely p\u00e9ld\u00e1tlan volt, \u00e9vsz\u00e1zadokkal megel\u0151zve a modern integr\u00e1ci\u00f3s modellt. Ez v\u00edzv\u00e1laszt\u00f3 pillanat volt az eur\u00f3pai demokr\u00e1cia fejl\u0151d\u00e9s\u00e9ben. Az Egyes\u00fclt \u00c1llamok \u00faj parlamenti rendszert hozott l\u00e9tre Eur\u00f3p\u00e1ban. A lublini uni\u00f3r\u00f3l sz\u00f3l\u00f3 t\u00f6rv\u00e9ny 2018-ban felker\u00fclt az UNESCO Vil\u00e1geml\u00e9kezet programj\u00e1nak vil\u00e1glist\u00e1j\u00e1ra. Ez k\u00f6z\u00f6s er\u0151fesz\u00edt\u00e9s\u00fcnk eredm\u00e9nye volt, hiszen Lengyelorsz\u00e1g, Litv\u00e1nia, valamint Lettorsz\u00e1g, Feh\u00e9roroszorsz\u00e1g \u00e9s Ukrajna k\u00f6z\u00f6sen t\u00f6rekedett arra, hogy a dokumentumot bejegyezz\u00e9k - mondta Kuchci\u0144ski marsall a ki\u00e1ll\u00edt\u00e1s megnyit\u00f3j\u00e1n.<\/p>\n<p dir=\"ltr\">A ki\u00e1ll\u00edt\u00e1s a parlamentarizmus fejl\u0151d\u00e9s\u00e9nek kulcsfontoss\u00e1g\u00fa esem\u00e9nyeit mutatja be a 14. sz\u00e1zadt\u00f3l a 18. sz\u00e1zadig. A ki\u00e1ll\u00edt\u00e1s eredeti koncepci\u00f3j\u00e1t Ewa Tomaszewska, parlamenti k\u00e9pvisel\u0151 dolgozta ki.<\/p>\n<p dir=\"ltr\">2019-ben \u00fcnnepelj\u00fck a lublini uni\u00f3 450. \u00e9vfordul\u00f3j\u00e1t. \u00c9vsz\u00e1zadokkal ezel\u0151tt ez k\u00e9pezte a lengyel-litv\u00e1n testv\u00e9ri kapcsolatok alapj\u00e1t. Ez az er\u0151 \u00e9s hatalom ma abban a t\u00e1mogat\u00e1sban gy\u00fcm\u00f6lcsterm\u0151dik, amelyet egym\u00e1snak ny\u00fajtunk a r\u00e9gi\u00f3ban, az Eur\u00f3pai Uni\u00f3ban \u00e9s az \u00c9szak-atlanti Sz\u00f6vets\u00e9gben val\u00f3 egy\u00fcttm\u0171k\u00f6d\u00e9s\u00fcnk sor\u00e1n. Nemzeteink \u00e9rdek\u00e9ben strat\u00e9giai sz\u00f6vets\u00e9g k\u00f6t \u00f6ssze benn\u00fcnket, a k\u00f6z\u00f6s kih\u00edv\u00e1sok \u00e9s fenyeget\u00e9sek tudat\u00e1ban, amelyek ism\u00e9t az eur\u00f3pai kontinens felett lebegnek\" - \u00e9rt\u00e9kelte Marek Kuchci\u0144ski.<\/p>\n<p dir=\"ltr\">A litv\u00e1n Seimas eln\u00f6ke, Viktoras Pranckietis professzor viszont azt hangs\u00falyozta, hogy Vars\u00f3nak \u00e9s Vilniusnak sok k\u00f6z\u00f6s von\u00e1sa van, m\u00e9g a nemzeti k\u00e9pviselet neve is. - A most v\u00e9get \u00e9r\u0151 k\u00fcl\u00f6nleges \u00e9vben orsz\u00e1gaink \u00fajj\u00e1sz\u00fclet\u00e9s\u00e9nek sz\u00e1zadik \u00e9vfordul\u00f3j\u00e1t \u00fcnnepelt\u00fck, \u00e9s egy\u00fctt \u00fcnnepelt\u00fck. Lengyelorsz\u00e1g strat\u00e9giai partner\u00fcnk a r\u00e9gi\u00f3ban, amellyel rendk\u00edv\u00fcl szoros kapcsolatokat \u00e1polunk.<\/p>\n<p dir=\"ltr\">A k\u00e9t politikus sajt\u00f3t\u00e1j\u00e9koztat\u00f3j\u00e1n a Seimas eln\u00f6k\u00e9t a bejelentett lengyel-litv\u00e1n parlamenti k\u00f6zgy\u0171l\u00e9sr\u0151l k\u00e9rdezt\u00e9k. - Neh\u00e9z \u00fajj\u00e1\u00e9p\u00edteni a szem\u00e9lyk\u00f6zi - \u00e9s a parlamentk\u00f6zi - kapcsolatokat, ha azokat t\u00f6bb gener\u00e1ci\u00f3n kereszt\u00fcl felsz\u00e1molt\u00e1k \u00e9s megsemmis\u00edtett\u00e9k. Azonban nagyon gyors el\u0151rehalad\u00e1st \u00e9rt\u00fcnk el. A vil\u00e1gszerte \u00e9s Eur\u00f3p\u00e1ban is gyorsan v\u00e1ltoz\u00f3 politikai \u00e9s t\u00e1rsadalmi viszonyok arra k\u00e9nyszer\u00edtenek benn\u00fcnket, hogy felgyors\u00edtsuk ezeket a kapcsolatokat. K\u00e9szen \u00e1llunk a parlamenti k\u00f6zgy\u0171l\u00e9s elind\u00edt\u00e1s\u00e1ra - jegyezte meg Marek Kuchci\u0144ski.<\/p>\n<p dir=\"ltr\">A vilniusi l\u00e1togat\u00e1s koszor\u00faz\u00e1ssal kezd\u0151d\u00f6tt a R\u00f3zsa utcai Fi\u00faanya \u00e9s Sz\u00edve Mauz\u00f3leumn\u00e1l. Maria Pi\u0142sudska ott nyugszik, mellette fia, J\u00f3zef sz\u00edve egy krist\u00e1lyurn\u00e1ban.<br \/>\nA k\u00fcld\u00f6tts\u00e9g megtekintette a Litv\u00e1n Nagyhercegek Palot\u00e1j\u00e1ban tal\u00e1lhat\u00f3 Nemzeti M\u00fazeum Adam Mickiewicznek szentelt ki\u00e1ll\u00edt\u00e1s\u00e1t is.<\/p>\n<p dir=\"ltr\">A l\u00e1togat\u00e1s sor\u00e1n a lengyel felet a szejm eln\u00f6k\u00e9n k\u00edv\u00fcl Agnieszka Kaczmarska, a kancell\u00e1ria vezet\u0151je, valamint Ewa Tomaszewska, Grzegorz Janik, Tadeusz Aziewicz \u00e9s Bartosz J\u00f3zwiak k\u00e9pvisel\u0151k k\u00e9pviselt\u00e9k.<\/p>\n<p dir=\"ltr\"><em>Sz\u00f6veg CIS\/ sejm.gov.pl<\/em><\/p>\n<p><a href=\"https:\/\/marekkuchcinski.pl\/wp-content\/uploads\/2018\/12\/RZ__7074.jpg\"><img fetchpriority=\"high\" decoding=\"async\" class=\"alignnone size-full wp-image-12082\" src=\"https:\/\/marekkuchcinski.pl\/wp-content\/uploads\/2018\/12\/RZ__7074.jpg\" alt=\"RZ__7074\" width=\"3360\" height=\"2240\" srcset=\"https:\/\/marekkuchcinski.pl\/wp-content\/uploads\/2018\/12\/RZ__7074.jpg 2048w, https:\/\/marekkuchcinski.pl\/wp-content\/uploads\/2018\/12\/RZ__7074-300x200.jpg 300w, https:\/\/marekkuchcinski.pl\/wp-content\/uploads\/2018\/12\/RZ__7074-768x512.jpg 768w, https:\/\/marekkuchcinski.pl\/wp-content\/uploads\/2018\/12\/RZ__7074-1024x683.jpg 1024w\" sizes=\"(max-width: 3360px) 100vw, 3360px\" \/><\/a> <a href=\"https:\/\/marekkuchcinski.pl\/wp-content\/uploads\/2018\/12\/RZ__7101.jpg\"><img decoding=\"async\" class=\"alignnone size-full wp-image-12083\" src=\"https:\/\/marekkuchcinski.pl\/wp-content\/uploads\/2018\/12\/RZ__7101.jpg\" alt=\"RZ__7101\" width=\"3360\" height=\"2240\" srcset=\"https:\/\/marekkuchcinski.pl\/wp-content\/uploads\/2018\/12\/RZ__7101.jpg 2048w, https:\/\/marekkuchcinski.pl\/wp-content\/uploads\/2018\/12\/RZ__7101-300x200.jpg 300w, https:\/\/marekkuchcinski.pl\/wp-content\/uploads\/2018\/12\/RZ__7101-768x512.jpg 768w, https:\/\/marekkuchcinski.pl\/wp-content\/uploads\/2018\/12\/RZ__7101-1024x683.jpg 1024w\" sizes=\"(max-width: 3360px) 100vw, 3360px\" \/><\/a> <a href=\"https:\/\/marekkuchcinski.pl\/wp-content\/uploads\/2018\/12\/RZ__7166.jpg\"><img decoding=\"async\" class=\"alignnone size-full wp-image-12084\" src=\"https:\/\/marekkuchcinski.pl\/wp-content\/uploads\/2018\/12\/RZ__7166.jpg\" alt=\"RZ__7166\" width=\"3360\" height=\"2240\" srcset=\"https:\/\/marekkuchcinski.pl\/wp-content\/uploads\/2018\/12\/RZ__7166.jpg 2048w, https:\/\/marekkuchcinski.pl\/wp-content\/uploads\/2018\/12\/RZ__7166-300x200.jpg 300w, https:\/\/marekkuchcinski.pl\/wp-content\/uploads\/2018\/12\/RZ__7166-768x512.jpg 768w, https:\/\/marekkuchcinski.pl\/wp-content\/uploads\/2018\/12\/RZ__7166-1024x683.jpg 1024w\" sizes=\"(max-width: 3360px) 100vw, 3360px\" \/><\/a> <a href=\"https:\/\/marekkuchcinski.pl\/wp-content\/uploads\/2018\/12\/RZ__7289.jpg\"><img loading=\"lazy\" decoding=\"async\" class=\"alignnone size-full wp-image-12085\" src=\"https:\/\/marekkuchcinski.pl\/wp-content\/uploads\/2018\/12\/RZ__7289.jpg\" alt=\"RZ__7289\" width=\"3360\" height=\"2240\" srcset=\"https:\/\/marekkuchcinski.pl\/wp-content\/uploads\/2018\/12\/RZ__7289.jpg 2048w, https:\/\/marekkuchcinski.pl\/wp-content\/uploads\/2018\/12\/RZ__7289-300x200.jpg 300w, https:\/\/marekkuchcinski.pl\/wp-content\/uploads\/2018\/12\/RZ__7289-768x512.jpg 768w, https:\/\/marekkuchcinski.pl\/wp-content\/uploads\/2018\/12\/RZ__7289-1024x683.jpg 1024w\" sizes=\"(max-width: 3360px) 100vw, 3360px\" \/><\/a> <a href=\"https:\/\/marekkuchcinski.pl\/wp-content\/uploads\/2018\/12\/RZ__7397.jpg\"><img loading=\"lazy\" decoding=\"async\" class=\"alignnone size-full wp-image-12086\" src=\"https:\/\/marekkuchcinski.pl\/wp-content\/uploads\/2018\/12\/RZ__7397.jpg\" alt=\"RZ__7397\" width=\"3360\" height=\"2240\" srcset=\"https:\/\/marekkuchcinski.pl\/wp-content\/uploads\/2018\/12\/RZ__7397.jpg 2048w, https:\/\/marekkuchcinski.pl\/wp-content\/uploads\/2018\/12\/RZ__7397-300x200.jpg 300w, https:\/\/marekkuchcinski.pl\/wp-content\/uploads\/2018\/12\/RZ__7397-768x512.jpg 768w, https:\/\/marekkuchcinski.pl\/wp-content\/uploads\/2018\/12\/RZ__7397-1024x683.jpg 1024w\" sizes=\"(max-width: 3360px) 100vw, 3360px\" \/><\/a> <a href=\"https:\/\/marekkuchcinski.pl\/wp-content\/uploads\/2018\/12\/RZ__7413.jpg\"><img loading=\"lazy\" decoding=\"async\" class=\"alignnone size-full wp-image-12087\" src=\"https:\/\/marekkuchcinski.pl\/wp-content\/uploads\/2018\/12\/RZ__7413.jpg\" alt=\"RZ__7413\" width=\"3360\" height=\"2240\" srcset=\"https:\/\/marekkuchcinski.pl\/wp-content\/uploads\/2018\/12\/RZ__7413.jpg 2048w, https:\/\/marekkuchcinski.pl\/wp-content\/uploads\/2018\/12\/RZ__7413-300x200.jpg 300w, https:\/\/marekkuchcinski.pl\/wp-content\/uploads\/2018\/12\/RZ__7413-768x512.jpg 768w, https:\/\/marekkuchcinski.pl\/wp-content\/uploads\/2018\/12\/RZ__7413-1024x683.jpg 1024w\" sizes=\"(max-width: 3360px) 100vw, 3360px\" \/><\/a> <a href=\"https:\/\/marekkuchcinski.pl\/wp-content\/uploads\/2018\/12\/RZ__7441.jpg\"><img loading=\"lazy\" decoding=\"async\" class=\"alignnone size-full wp-image-12088\" src=\"https:\/\/marekkuchcinski.pl\/wp-content\/uploads\/2018\/12\/RZ__7441.jpg\" alt=\"RZ__7441\" width=\"3360\" height=\"2240\" srcset=\"https:\/\/marekkuchcinski.pl\/wp-content\/uploads\/2018\/12\/RZ__7441.jpg 2048w, https:\/\/marekkuchcinski.pl\/wp-content\/uploads\/2018\/12\/RZ__7441-300x200.jpg 300w, https:\/\/marekkuchcinski.pl\/wp-content\/uploads\/2018\/12\/RZ__7441-768x512.jpg 768w, https:\/\/marekkuchcinski.pl\/wp-content\/uploads\/2018\/12\/RZ__7441-1024x683.jpg 1024w\" sizes=\"(max-width: 3360px) 100vw, 3360px\" \/><\/a> <a href=\"https:\/\/marekkuchcinski.pl\/wp-content\/uploads\/2018\/12\/RZ__7488.jpg\"><img loading=\"lazy\" decoding=\"async\" class=\"alignnone size-full wp-image-12089\" src=\"https:\/\/marekkuchcinski.pl\/wp-content\/uploads\/2018\/12\/RZ__7488.jpg\" alt=\"RZ__7488\" width=\"3360\" height=\"2240\" srcset=\"https:\/\/marekkuchcinski.pl\/wp-content\/uploads\/2018\/12\/RZ__7488.jpg 2048w, https:\/\/marekkuchcinski.pl\/wp-content\/uploads\/2018\/12\/RZ__7488-300x200.jpg 300w, https:\/\/marekkuchcinski.pl\/wp-content\/uploads\/2018\/12\/RZ__7488-768x512.jpg 768w, https:\/\/marekkuchcinski.pl\/wp-content\/uploads\/2018\/12\/RZ__7488-1024x683.jpg 1024w\" sizes=\"(max-width: 3360px) 100vw, 3360px\" \/><\/a> <a href=\"https:\/\/marekkuchcinski.pl\/wp-content\/uploads\/2018\/12\/RZ__7582.jpg\"><img loading=\"lazy\" decoding=\"async\" class=\"alignnone size-full wp-image-12091\" src=\"https:\/\/marekkuchcinski.pl\/wp-content\/uploads\/2018\/12\/RZ__7582.jpg\" alt=\"RZ__7582\" width=\"3360\" height=\"2240\" srcset=\"https:\/\/marekkuchcinski.pl\/wp-content\/uploads\/2018\/12\/RZ__7582.jpg 2048w, https:\/\/marekkuchcinski.pl\/wp-content\/uploads\/2018\/12\/RZ__7582-300x200.jpg 300w, https:\/\/marekkuchcinski.pl\/wp-content\/uploads\/2018\/12\/RZ__7582-768x512.jpg 768w, https:\/\/marekkuchcinski.pl\/wp-content\/uploads\/2018\/12\/RZ__7582-1024x683.jpg 1024w\" sizes=\"(max-width: 3360px) 100vw, 3360px\" \/><\/a> <a href=\"https:\/\/marekkuchcinski.pl\/wp-content\/uploads\/2018\/12\/RZ__7600.jpg\"><img loading=\"lazy\" decoding=\"async\" class=\"alignnone size-full wp-image-12092\" src=\"https:\/\/marekkuchcinski.pl\/wp-content\/uploads\/2018\/12\/RZ__7600.jpg\" alt=\"RZ__7600\" width=\"3360\" height=\"2240\" srcset=\"https:\/\/marekkuchcinski.pl\/wp-content\/uploads\/2018\/12\/RZ__7600.jpg 2048w, https:\/\/marekkuchcinski.pl\/wp-content\/uploads\/2018\/12\/RZ__7600-300x200.jpg 300w, https:\/\/marekkuchcinski.pl\/wp-content\/uploads\/2018\/12\/RZ__7600-768x512.jpg 768w, https:\/\/marekkuchcinski.pl\/wp-content\/uploads\/2018\/12\/RZ__7600-1024x683.jpg 1024w\" sizes=\"(max-width: 3360px) 100vw, 3360px\" \/><\/a><\/p>\n<p><em>Fot\u00f3: Rafa\u0142 Zambrzycki\/ Sejm<\/em><\/p>","protected":false},"excerpt":{"rendered":"<p>Pi\u0119\u0107 i p\u00f3\u0142 wieku od pierwszego Sejmu dwuizbowego w Piotrkowie &#8211; na 2018 r. przypad\u0142a jedna z najwa\u017cniejszych rocznic dla polskiego \u017cycia spo\u0142ecznego i politycznego. Jednocze\u015bnie 550-lecie jest tak\u017ce zwi\u0105zane z naszym wielowiekowym sojusznikiem, z kt\u00f3rym przez kilkaset lat tworzyli\u015bmy jedno pa\u0144stwo. \u015arodowa wizyta marsza\u0142ka Sejmu Marka Kuchci\u0144skiego w Wilnie up\u0142yn\u0119\u0142a pod znakiem wsp\u00f3lnej historii, [&hellip;]<\/p>\n","protected":false},"author":6,"featured_media":12087,"comment_status":"open","ping_status":"open","sticky":false,"template":"","format":"standard","meta":{"ngg_post_thumbnail":0,"footnotes":""},"categories":[50],"tags":[],"class_list":["post-12080","post","type-post","status-publish","format-standard","has-post-thumbnail","hentry","category-wspolpraca-miedzynarodowa"],"_links":{"self":[{"href":"https:\/\/marekkuchcinski.pl\/hu\/wp-json\/wp\/v2\/posts\/12080","targetHints":{"allow":["GET"]}}],"collection":[{"href":"https:\/\/marekkuchcinski.pl\/hu\/wp-json\/wp\/v2\/posts"}],"about":[{"href":"https:\/\/marekkuchcinski.pl\/hu\/wp-json\/wp\/v2\/types\/post"}],"author":[{"embeddable":true,"href":"https:\/\/marekkuchcinski.pl\/hu\/wp-json\/wp\/v2\/users\/6"}],"replies":[{"embeddable":true,"href":"https:\/\/marekkuchcinski.pl\/hu\/wp-json\/wp\/v2\/comments?post=12080"}],"version-history":[{"count":2,"href":"https:\/\/marekkuchcinski.pl\/hu\/wp-json\/wp\/v2\/posts\/12080\/revisions"}],"predecessor-version":[{"id":12121,"href":"https:\/\/marekkuchcinski.pl\/hu\/wp-json\/wp\/v2\/posts\/12080\/revisions\/12121"}],"wp:featuredmedia":[{"embeddable":true,"href":"https:\/\/marekkuchcinski.pl\/hu\/wp-json\/wp\/v2\/media\/12087"}],"wp:attachment":[{"href":"https:\/\/marekkuchcinski.pl\/hu\/wp-json\/wp\/v2\/media?parent=12080"}],"wp:term":[{"taxonomy":"category","embeddable":true,"href":"https:\/\/marekkuchcinski.pl\/hu\/wp-json\/wp\/v2\/categories?post=12080"},{"taxonomy":"post_tag","embeddable":true,"href":"https:\/\/marekkuchcinski.pl\/hu\/wp-json\/wp\/v2\/tags?post=12080"}],"curies":[{"name":"wp","href":"https:\/\/api.w.org\/{rel}","templated":true}]}}