{"id":11973,"date":"2018-12-18T11:24:06","date_gmt":"2018-12-18T10:24:06","guid":{"rendered":"https:\/\/marekkuchcinski.pl\/?p=11973"},"modified":"2018-12-18T11:24:06","modified_gmt":"2018-12-18T10:24:06","slug":"listopadowe-porady-prawne-biurze-poselskim-marka-kuchcinskiego","status":"publish","type":"post","link":"https:\/\/marekkuchcinski.pl\/hu\/wydarzenia\/listopadowe-porady-prawne-biurze-poselskim-marka-kuchcinskiego\/","title":{"rendered":"Listopadowe porady prawne w biurze poselskim Marka Kuchci\u0144skiego"},"content":{"rendered":"<p><strong>Biuro Interwencji i Porad Prawnych PiS w Przemy\u015blu jest stref\u0105 parlamentarnej pracy marsza\u0142ka Sejmu Marka Kuchci\u0144skiego. Anga\u017cuje si\u0119 ono w rozwi\u0105zywanie problem\u00f3w wojew\u00f3dztwa podkarpackiego i polityki regionalnej.<\/strong><\/p>\n<p><strong>Biuro s\u0142u\u017cy pomoc\u0105 ka\u017cdemu, kogo dotkn\u0119\u0142a niesprawiedliwo\u015b\u0107, niekompetencja lub arogancja urz\u0119d\u00f3w i instytucji, kto potrzebuje wskaz\u00f3wki w korzystaniu z przys\u0142uguj\u0105cych mu praw. Bez wzgl\u0119du na narodowo\u015b\u0107, pogl\u0105dy polityczne czy status spo\u0142eczny.<\/strong><\/p>\n<p>W listopadzie 2018 r. odby\u0142y si\u0119 \u0142\u0105cznie <strong>53<\/strong> porady. Dominowa\u0142y sprawy z zakresu prawa cywilnego.<\/p>\n<p>Now\u0105 kwesti\u0105, kt\u00f3ra pojawi\u0142a si\u0119 w Biurze, jest sprawa pracownicza, dotycz\u0105ca zmiany warunk\u00f3w wynagrodzenia. Stronie zaproponowano podpisanie aneksu zmniejszaj\u0105cego jej wynagrodzenie, na co strona si\u0119 nie zgodzi\u0142a. Czy jednoznaczne jest to z wypowiedzeniem umowy o prac\u0119? Nie.<\/p>\n<p>Je\u015bli zmiana warunk\u00f3w wynagrodzenia nie dojdzie do skutku na podstawie porozumienia stron, to pracodawca chc\u0105c zmieni\u0107 te warunki, musi wyst\u0105pi\u0107 do pracownika z tzw. wypowiedzeniem zmieniaj\u0105cym.<\/p>\n<p>Jest ono podobne do wypowiedzenia umowy o prac\u0119, \u017ce pracownik od jego otrzymania ma czas r\u00f3wny przys\u0142uguj\u0105cemu mu okresu wypowiedzenia do przyj\u0119cia nowych warunk\u00f3w lub ich odrzucenia. Przyk\u0142adowo, je\u015bli przewidziany jest miesi\u0119czny okres wypowiedzenia to pracownik ma ten w\u0142a\u015bnie miesi\u0105c na podj\u0119cie decyzji. Wa\u017cne, jest \u017ce wypowiedzenie zmieniaj\u0105ce musi by\u0107 sporz\u0105dzone na pi\u015bmie, aby nios\u0142o za sob\u0105 skutki prawne. Pracownik mo\u017ce r\u00f3wnie\u017c,\u00a0w terminie 7 dni\u00a0o dnia otrzymania wypowiedzenia zmieniaj\u0105cego, odwo\u0142a\u0107 si\u0119 do\u00a0s\u0105du pracy, kwestionuj\u0105c jego zasadno\u015b\u0107.<\/p>\n<p>Ponadto Biuro Interwencji i Porad PIS w Przemy\u015blu przy Biurze Poselskim Marsza\u0142ka Sejmu Marka Kuchci\u0144skiego\u00a0 w okresie od 01.11.2018-30.11.2018 r. r. udziela\u0142o porad prawnych dotycz\u0105cych spraw zwi\u0105zanych z poni\u017csz\u0105 tematyk\u0105:<\/p>\n<ol>\n<li>prawa karnego i wykroczeniowego;<\/li>\n<li>og\u00f3lnego zakresu prawa cywilnego;<\/li>\n<li>prawa rodzinnego;<\/li>\n<li>prawa administracyjnego;<\/li>\n<li>prawa pracy i ubezpiecze\u0144 spo\u0142ecznych;<\/li>\n<\/ol>\n<p>Z uwzgl\u0119dnieniem powy\u017cszych punkt\u00f3w porady dotyczy\u0142y:<\/p>\n<p><strong>Ad 1. Z zakresu prawa karnego i wykroczeniowego:<\/strong><\/p>\n<ul>\n<li>pobicia;<\/li>\n<li>wy\u0142udzenia pieni\u0119dzy;<\/li>\n<\/ul>\n<p><strong>Ad 2. Z zakresu og\u00f3lnego prawa cywilnego:<\/strong><\/p>\n<ul>\n<li>odwo\u0142ania darowizny;<\/li>\n<li>upad\u0142o\u015bci konsumenckiej;<\/li>\n<li>egzekucji z nieruchomo\u015bci;<\/li>\n<li>odszkodowania z tytu\u0142u zalania mieszkania;<\/li>\n<li>sp\u0142aty zad\u0142u\u017cenia;<\/li>\n<li>skargi nadzwyczajnej w sprawie budowlanej;<\/li>\n<li>sporu ze sp\u00f3\u0142dzielni\u0105 mieszkaniow\u0105 o wykonanie niezb\u0119dnych prac na nieruchomo\u015bci;<\/li>\n<li>rozwi\u0105zania umowy z operatorem telefonicznym;<\/li>\n<\/ul>\n<p><strong>Ad 3. Z zakresu prawa rodzinnego:<\/strong><\/p>\n<ul>\n<li>pozwu o rozwi\u0105zanie ma\u0142\u017ce\u0144stwa z zaniechaniem orzekania o winie;<\/li>\n<li>zmiany kontakt\u00f3w z ma\u0142oletnim dzieckiem;<\/li>\n<li>uchylenia aliment\u00f3w;<\/li>\n<li>apelacji od wyroku rozwodowego;<\/li>\n<\/ul>\n<p><strong>Ad 4. Z zakresu prawa administracyjnego:<\/strong><\/p>\n<ul>\n<li>usuni\u0119cia barier architektonicznych;<\/li>\n<li>wgl\u0105du do akt sp\u00f3\u0142dzielni mieszkaniowej;<\/li>\n<li>przesuni\u0119cia granic nieruchomo\u015bci;<\/li>\n<li>modernizacji grunt\u00f3w;<\/li>\n<li>strat \u0142owieckich;<\/li>\n<\/ul>\n<p><strong>Ad. 5 Z zakresu prawa pracy i ubezpiecze\u0144 spo\u0142ecznych: <\/strong><\/p>\n<ul>\n<li>uzyskanie zaleg\u0142ego wynagrodzenia od pracodawcy;<\/li>\n<li>zmiany warunk\u00f3w pracy i p\u0142acy<\/li>\n<\/ul>\n<p>&nbsp;<\/p>","protected":false},"excerpt":{"rendered":"<p>Biuro Interwencji i Porad Prawnych PiS w Przemy\u015blu jest stref\u0105 parlamentarnej pracy marsza\u0142ka Sejmu Marka Kuchci\u0144skiego. Anga\u017cuje si\u0119 ono w rozwi\u0105zywanie problem\u00f3w wojew\u00f3dztwa podkarpackiego i polityki regionalnej. Biuro s\u0142u\u017cy pomoc\u0105 ka\u017cdemu, kogo dotkn\u0119\u0142a niesprawiedliwo\u015b\u0107, niekompetencja lub arogancja urz\u0119d\u00f3w i instytucji, kto potrzebuje wskaz\u00f3wki w korzystaniu z przys\u0142uguj\u0105cych mu praw. Bez wzgl\u0119du na narodowo\u015b\u0107, pogl\u0105dy polityczne [&hellip;]<\/p>\n","protected":false},"author":1,"featured_media":11976,"comment_status":"open","ping_status":"open","sticky":false,"template":"","format":"standard","meta":{"ngg_post_thumbnail":0,"footnotes":""},"categories":[79,82,3],"tags":[],"class_list":["post-11973","post","type-post","status-publish","format-standard","has-post-thumbnail","hentry","category-biuro-interwencji-i-porad-pis","category-prawo-i-sprawiedliwosc","category-wydarzenia"],"yoast_head":"<!-- This site is optimized with the Yoast SEO plugin v28.4 - https:\/\/yoast.com\/product\/yoast-seo-wordpress\/ -->\n<title>Listopadowe porady prawne w biurze poselskim Marka Kuchci\u0144skiego &#8211; Marek Kuchci\u0144ski<\/title>\n<meta name=\"robots\" content=\"index, follow, max-snippet:-1, max-image-preview:large, max-video-preview:-1\" \/>\n<link rel=\"canonical\" href=\"https:\/\/marekkuchcinski.pl\/hu\/wydarzenia\/listopadowe-porady-prawne-biurze-poselskim-marka-kuchcinskiego\/\" \/>\n<meta property=\"og:locale\" content=\"hu_HU\" \/>\n<meta property=\"og:type\" content=\"article\" \/>\n<meta property=\"og:title\" content=\"Listopadowe porady prawne w biurze poselskim Marka Kuchci\u0144skiego &#8211; Marek Kuchci\u0144ski\" \/>\n<meta property=\"og:description\" content=\"Biuro Interwencji i Porad Prawnych PiS w Przemy\u015blu jest stref\u0105 parlamentarnej pracy marsza\u0142ka Sejmu Marka Kuchci\u0144skiego. Anga\u017cuje si\u0119 ono w rozwi\u0105zywanie problem\u00f3w wojew\u00f3dztwa podkarpackiego i polityki regionalnej. Biuro s\u0142u\u017cy pomoc\u0105 ka\u017cdemu, kogo dotkn\u0119\u0142a niesprawiedliwo\u015b\u0107, niekompetencja lub arogancja urz\u0119d\u00f3w i instytucji, kto potrzebuje wskaz\u00f3wki w korzystaniu z przys\u0142uguj\u0105cych mu praw. Bez wzgl\u0119du na narodowo\u015b\u0107, pogl\u0105dy polityczne [&hellip;]\" \/>\n<meta property=\"og:url\" content=\"https:\/\/marekkuchcinski.pl\/hu\/wydarzenia\/listopadowe-porady-prawne-biurze-poselskim-marka-kuchcinskiego\/\" \/>\n<meta property=\"og:site_name\" content=\"Marek Kuchci\u0144ski\" \/>\n<meta property=\"article:published_time\" content=\"2018-12-18T10:24:06+00:00\" \/>\n<meta property=\"og:image\" content=\"https:\/\/marekkuchcinski.pl\/wp-content\/uploads\/2018\/12\/BIURO-INTERWENCJI-I-PORAD-PRAWNYCH.jpg\" \/>\n\t<meta property=\"og:image:width\" content=\"1024\" \/>\n\t<meta property=\"og:image:height\" content=\"768\" \/>\n\t<meta property=\"og:image:type\" content=\"image\/jpeg\" \/>\n<meta name=\"author\" content=\"admin\" \/>\n<meta name=\"twitter:card\" content=\"summary_large_image\" \/>\n<meta name=\"twitter:label1\" content=\"Written by\" \/>\n\t<meta name=\"twitter:data1\" content=\"admin\" \/>\n\t<meta name=\"twitter:label2\" content=\"Est. reading time\" \/>\n\t<meta name=\"twitter:data2\" content=\"2 minutes\" \/>\n<script type=\"application\/ld+json\" class=\"yoast-schema-graph\">{\"@context\":\"https:\\\/\\\/schema.org\",\"@graph\":[{\"@type\":\"Article\",\"@id\":\"https:\\\/\\\/marekkuchcinski.pl\\\/wydarzenia\\\/listopadowe-porady-prawne-biurze-poselskim-marka-kuchcinskiego\\\/#article\",\"isPartOf\":{\"@id\":\"https:\\\/\\\/marekkuchcinski.pl\\\/wydarzenia\\\/listopadowe-porady-prawne-biurze-poselskim-marka-kuchcinskiego\\\/\"},\"author\":{\"name\":\"admin\",\"@id\":\"https:\\\/\\\/marekkuchcinski.pl\\\/#\\\/schema\\\/person\\\/3df5731f1d989baf25555b5a344773d5\"},\"headline\":\"Listopadowe porady prawne w biurze poselskim Marka Kuchci\u0144skiego\",\"datePublished\":\"2018-12-18T10:24:06+00:00\",\"mainEntityOfPage\":{\"@id\":\"https:\\\/\\\/marekkuchcinski.pl\\\/wydarzenia\\\/listopadowe-porady-prawne-biurze-poselskim-marka-kuchcinskiego\\\/\"},\"wordCount\":487,\"commentCount\":0,\"publisher\":{\"@id\":\"https:\\\/\\\/marekkuchcinski.pl\\\/#organization\"},\"image\":{\"@id\":\"https:\\\/\\\/marekkuchcinski.pl\\\/wydarzenia\\\/listopadowe-porady-prawne-biurze-poselskim-marka-kuchcinskiego\\\/#primaryimage\"},\"thumbnailUrl\":\"https:\\\/\\\/marekkuchcinski.pl\\\/wp-content\\\/uploads\\\/2018\\\/12\\\/BIURO-INTERWENCJI-I-PORAD-PRAWNYCH.jpg\",\"articleSection\":[\"Biuro Interwencji i Porad Prawnych\",\"Prawo i Sprawiedliwo\u015b\u0107\",\"Wydarzenia\"],\"inLanguage\":\"hu-HU\",\"potentialAction\":[{\"@type\":\"CommentAction\",\"name\":\"Comment\",\"target\":[\"https:\\\/\\\/marekkuchcinski.pl\\\/wydarzenia\\\/listopadowe-porady-prawne-biurze-poselskim-marka-kuchcinskiego\\\/#respond\"]}]},{\"@type\":\"WebPage\",\"@id\":\"https:\\\/\\\/marekkuchcinski.pl\\\/wydarzenia\\\/listopadowe-porady-prawne-biurze-poselskim-marka-kuchcinskiego\\\/\",\"url\":\"https:\\\/\\\/marekkuchcinski.pl\\\/wydarzenia\\\/listopadowe-porady-prawne-biurze-poselskim-marka-kuchcinskiego\\\/\",\"name\":\"Listopadowe porady prawne w biurze poselskim Marka Kuchci\u0144skiego &#8211; Marek Kuchci\u0144ski\",\"isPartOf\":{\"@id\":\"https:\\\/\\\/marekkuchcinski.pl\\\/#website\"},\"primaryImageOfPage\":{\"@id\":\"https:\\\/\\\/marekkuchcinski.pl\\\/wydarzenia\\\/listopadowe-porady-prawne-biurze-poselskim-marka-kuchcinskiego\\\/#primaryimage\"},\"image\":{\"@id\":\"https:\\\/\\\/marekkuchcinski.pl\\\/wydarzenia\\\/listopadowe-porady-prawne-biurze-poselskim-marka-kuchcinskiego\\\/#primaryimage\"},\"thumbnailUrl\":\"https:\\\/\\\/marekkuchcinski.pl\\\/wp-content\\\/uploads\\\/2018\\\/12\\\/BIURO-INTERWENCJI-I-PORAD-PRAWNYCH.jpg\",\"datePublished\":\"2018-12-18T10:24:06+00:00\",\"breadcrumb\":{\"@id\":\"https:\\\/\\\/marekkuchcinski.pl\\\/wydarzenia\\\/listopadowe-porady-prawne-biurze-poselskim-marka-kuchcinskiego\\\/#breadcrumb\"},\"inLanguage\":\"hu-HU\",\"potentialAction\":[{\"@type\":\"ReadAction\",\"target\":[\"https:\\\/\\\/marekkuchcinski.pl\\\/wydarzenia\\\/listopadowe-porady-prawne-biurze-poselskim-marka-kuchcinskiego\\\/\"]}]},{\"@type\":\"ImageObject\",\"inLanguage\":\"hu-HU\",\"@id\":\"https:\\\/\\\/marekkuchcinski.pl\\\/wydarzenia\\\/listopadowe-porady-prawne-biurze-poselskim-marka-kuchcinskiego\\\/#primaryimage\",\"url\":\"https:\\\/\\\/marekkuchcinski.pl\\\/wp-content\\\/uploads\\\/2018\\\/12\\\/BIURO-INTERWENCJI-I-PORAD-PRAWNYCH.jpg\",\"contentUrl\":\"https:\\\/\\\/marekkuchcinski.pl\\\/wp-content\\\/uploads\\\/2018\\\/12\\\/BIURO-INTERWENCJI-I-PORAD-PRAWNYCH.jpg\",\"width\":1024,\"height\":768},{\"@type\":\"BreadcrumbList\",\"@id\":\"https:\\\/\\\/marekkuchcinski.pl\\\/wydarzenia\\\/listopadowe-porady-prawne-biurze-poselskim-marka-kuchcinskiego\\\/#breadcrumb\",\"itemListElement\":[{\"@type\":\"ListItem\",\"position\":1,\"name\":\"Strona g\u0142\u00f3wna\",\"item\":\"https:\\\/\\\/marekkuchcinski.pl\\\/\"},{\"@type\":\"ListItem\",\"position\":2,\"name\":\"Listopadowe porady prawne w biurze poselskim Marka Kuchci\u0144skiego\"}]},{\"@type\":\"WebSite\",\"@id\":\"https:\\\/\\\/marekkuchcinski.pl\\\/#website\",\"url\":\"https:\\\/\\\/marekkuchcinski.pl\\\/\",\"name\":\"Marek Kuchci\u0144ski\",\"description\":\"Marek Kuchci\u0144ski \",\"publisher\":{\"@id\":\"https:\\\/\\\/marekkuchcinski.pl\\\/#organization\"},\"potentialAction\":[{\"@type\":\"SearchAction\",\"target\":{\"@type\":\"EntryPoint\",\"urlTemplate\":\"https:\\\/\\\/marekkuchcinski.pl\\\/?s={search_term_string}\"},\"query-input\":{\"@type\":\"PropertyValueSpecification\",\"valueRequired\":true,\"valueName\":\"search_term_string\"}}],\"inLanguage\":\"hu-HU\"},{\"@type\":\"Organization\",\"@id\":\"https:\\\/\\\/marekkuchcinski.pl\\\/#organization\",\"name\":\"Marek Kuchci\u0144ski\",\"url\":\"https:\\\/\\\/marekkuchcinski.pl\\\/\",\"logo\":{\"@type\":\"ImageObject\",\"inLanguage\":\"hu-HU\",\"@id\":\"https:\\\/\\\/marekkuchcinski.pl\\\/#\\\/schema\\\/logo\\\/image\\\/\",\"url\":\"https:\\\/\\\/marekkuchcinski.pl\\\/wp-content\\\/uploads\\\/2022\\\/09\\\/Marek.jpg\",\"contentUrl\":\"https:\\\/\\\/marekkuchcinski.pl\\\/wp-content\\\/uploads\\\/2022\\\/09\\\/Marek.jpg\",\"width\":1600,\"height\":971,\"caption\":\"Marek Kuchci\u0144ski\"},\"image\":{\"@id\":\"https:\\\/\\\/marekkuchcinski.pl\\\/#\\\/schema\\\/logo\\\/image\\\/\"}},{\"@type\":\"Person\",\"@id\":\"https:\\\/\\\/marekkuchcinski.pl\\\/#\\\/schema\\\/person\\\/3df5731f1d989baf25555b5a344773d5\",\"name\":\"admin\",\"image\":{\"@type\":\"ImageObject\",\"inLanguage\":\"hu-HU\",\"@id\":\"https:\\\/\\\/secure.gravatar.com\\\/avatar\\\/8fdd2bf34b2a04a8cfb92bbed2c60d558452e5d61a8064e677da4778b9cf4898?s=96&d=mm&r=g\",\"url\":\"https:\\\/\\\/secure.gravatar.com\\\/avatar\\\/8fdd2bf34b2a04a8cfb92bbed2c60d558452e5d61a8064e677da4778b9cf4898?s=96&d=mm&r=g\",\"contentUrl\":\"https:\\\/\\\/secure.gravatar.com\\\/avatar\\\/8fdd2bf34b2a04a8cfb92bbed2c60d558452e5d61a8064e677da4778b9cf4898?s=96&d=mm&r=g\",\"caption\":\"admin\"},\"sameAs\":[\"https:\\\/\\\/marekkuchcinski.pl\"],\"url\":\"https:\\\/\\\/marekkuchcinski.pl\\\/hu\\\/author\\\/admin\\\/\"}]}<\/script>\n<!-- \/ Yoast SEO plugin. -->","yoast_head_json":{"title":"Listopadowe porady prawne w biurze poselskim Marka Kuchci\u0144skiego &#8211; Marek Kuchci\u0144ski","robots":{"index":"index","follow":"follow","max-snippet":"max-snippet:-1","max-image-preview":"max-image-preview:large","max-video-preview":"max-video-preview:-1"},"canonical":"https:\/\/marekkuchcinski.pl\/hu\/wydarzenia\/listopadowe-porady-prawne-biurze-poselskim-marka-kuchcinskiego\/","og_locale":"hu_HU","og_type":"article","og_title":"Listopadowe porady prawne w biurze poselskim Marka Kuchci\u0144skiego &#8211; Marek Kuchci\u0144ski","og_description":"Biuro Interwencji i Porad Prawnych PiS w Przemy\u015blu jest stref\u0105 parlamentarnej pracy marsza\u0142ka Sejmu Marka Kuchci\u0144skiego. Anga\u017cuje si\u0119 ono w rozwi\u0105zywanie problem\u00f3w wojew\u00f3dztwa podkarpackiego i polityki regionalnej. Biuro s\u0142u\u017cy pomoc\u0105 ka\u017cdemu, kogo dotkn\u0119\u0142a niesprawiedliwo\u015b\u0107, niekompetencja lub arogancja urz\u0119d\u00f3w i instytucji, kto potrzebuje wskaz\u00f3wki w korzystaniu z przys\u0142uguj\u0105cych mu praw. Bez wzgl\u0119du na narodowo\u015b\u0107, pogl\u0105dy polityczne [&hellip;]","og_url":"https:\/\/marekkuchcinski.pl\/hu\/wydarzenia\/listopadowe-porady-prawne-biurze-poselskim-marka-kuchcinskiego\/","og_site_name":"Marek Kuchci\u0144ski","article_published_time":"2018-12-18T10:24:06+00:00","og_image":[{"width":1024,"height":768,"url":"https:\/\/marekkuchcinski.pl\/wp-content\/uploads\/2018\/12\/BIURO-INTERWENCJI-I-PORAD-PRAWNYCH.jpg","type":"image\/jpeg"}],"author":"admin","twitter_card":"summary_large_image","twitter_misc":{"Written by":"admin","Est. reading time":"2 minutes"},"schema":{"@context":"https:\/\/schema.org","@graph":[{"@type":"Article","@id":"https:\/\/marekkuchcinski.pl\/wydarzenia\/listopadowe-porady-prawne-biurze-poselskim-marka-kuchcinskiego\/#article","isPartOf":{"@id":"https:\/\/marekkuchcinski.pl\/wydarzenia\/listopadowe-porady-prawne-biurze-poselskim-marka-kuchcinskiego\/"},"author":{"name":"admin","@id":"https:\/\/marekkuchcinski.pl\/#\/schema\/person\/3df5731f1d989baf25555b5a344773d5"},"headline":"Listopadowe porady prawne w biurze poselskim Marka Kuchci\u0144skiego","datePublished":"2018-12-18T10:24:06+00:00","mainEntityOfPage":{"@id":"https:\/\/marekkuchcinski.pl\/wydarzenia\/listopadowe-porady-prawne-biurze-poselskim-marka-kuchcinskiego\/"},"wordCount":487,"commentCount":0,"publisher":{"@id":"https:\/\/marekkuchcinski.pl\/#organization"},"image":{"@id":"https:\/\/marekkuchcinski.pl\/wydarzenia\/listopadowe-porady-prawne-biurze-poselskim-marka-kuchcinskiego\/#primaryimage"},"thumbnailUrl":"https:\/\/marekkuchcinski.pl\/wp-content\/uploads\/2018\/12\/BIURO-INTERWENCJI-I-PORAD-PRAWNYCH.jpg","articleSection":["Biuro Interwencji i Porad Prawnych","Prawo i Sprawiedliwo\u015b\u0107","Wydarzenia"],"inLanguage":"hu-HU","potentialAction":[{"@type":"CommentAction","name":"Comment","target":["https:\/\/marekkuchcinski.pl\/wydarzenia\/listopadowe-porady-prawne-biurze-poselskim-marka-kuchcinskiego\/#respond"]}]},{"@type":"WebPage","@id":"https:\/\/marekkuchcinski.pl\/wydarzenia\/listopadowe-porady-prawne-biurze-poselskim-marka-kuchcinskiego\/","url":"https:\/\/marekkuchcinski.pl\/wydarzenia\/listopadowe-porady-prawne-biurze-poselskim-marka-kuchcinskiego\/","name":"Listopadowe porady prawne w biurze poselskim Marka Kuchci\u0144skiego &#8211; Marek Kuchci\u0144ski","isPartOf":{"@id":"https:\/\/marekkuchcinski.pl\/#website"},"primaryImageOfPage":{"@id":"https:\/\/marekkuchcinski.pl\/wydarzenia\/listopadowe-porady-prawne-biurze-poselskim-marka-kuchcinskiego\/#primaryimage"},"image":{"@id":"https:\/\/marekkuchcinski.pl\/wydarzenia\/listopadowe-porady-prawne-biurze-poselskim-marka-kuchcinskiego\/#primaryimage"},"thumbnailUrl":"https:\/\/marekkuchcinski.pl\/wp-content\/uploads\/2018\/12\/BIURO-INTERWENCJI-I-PORAD-PRAWNYCH.jpg","datePublished":"2018-12-18T10:24:06+00:00","breadcrumb":{"@id":"https:\/\/marekkuchcinski.pl\/wydarzenia\/listopadowe-porady-prawne-biurze-poselskim-marka-kuchcinskiego\/#breadcrumb"},"inLanguage":"hu-HU","potentialAction":[{"@type":"ReadAction","target":["https:\/\/marekkuchcinski.pl\/wydarzenia\/listopadowe-porady-prawne-biurze-poselskim-marka-kuchcinskiego\/"]}]},{"@type":"ImageObject","inLanguage":"hu-HU","@id":"https:\/\/marekkuchcinski.pl\/wydarzenia\/listopadowe-porady-prawne-biurze-poselskim-marka-kuchcinskiego\/#primaryimage","url":"https:\/\/marekkuchcinski.pl\/wp-content\/uploads\/2018\/12\/BIURO-INTERWENCJI-I-PORAD-PRAWNYCH.jpg","contentUrl":"https:\/\/marekkuchcinski.pl\/wp-content\/uploads\/2018\/12\/BIURO-INTERWENCJI-I-PORAD-PRAWNYCH.jpg","width":1024,"height":768},{"@type":"BreadcrumbList","@id":"https:\/\/marekkuchcinski.pl\/wydarzenia\/listopadowe-porady-prawne-biurze-poselskim-marka-kuchcinskiego\/#breadcrumb","itemListElement":[{"@type":"ListItem","position":1,"name":"Strona g\u0142\u00f3wna","item":"https:\/\/marekkuchcinski.pl\/"},{"@type":"ListItem","position":2,"name":"Listopadowe porady prawne w biurze poselskim Marka Kuchci\u0144skiego"}]},{"@type":"WebSite","@id":"https:\/\/marekkuchcinski.pl\/#website","url":"https:\/\/marekkuchcinski.pl\/","name":"Marek Kuchci\u0144ski","description":"Marek Kuchci\u0144ski","publisher":{"@id":"https:\/\/marekkuchcinski.pl\/#organization"},"potentialAction":[{"@type":"SearchAction","target":{"@type":"EntryPoint","urlTemplate":"https:\/\/marekkuchcinski.pl\/?s={search_term_string}"},"query-input":{"@type":"PropertyValueSpecification","valueRequired":true,"valueName":"search_term_string"}}],"inLanguage":"hu-HU"},{"@type":"Organization","@id":"https:\/\/marekkuchcinski.pl\/#organization","name":"Marek Kuchci\u0144ski","url":"https:\/\/marekkuchcinski.pl\/","logo":{"@type":"ImageObject","inLanguage":"hu-HU","@id":"https:\/\/marekkuchcinski.pl\/#\/schema\/logo\/image\/","url":"https:\/\/marekkuchcinski.pl\/wp-content\/uploads\/2022\/09\/Marek.jpg","contentUrl":"https:\/\/marekkuchcinski.pl\/wp-content\/uploads\/2022\/09\/Marek.jpg","width":1600,"height":971,"caption":"Marek Kuchci\u0144ski"},"image":{"@id":"https:\/\/marekkuchcinski.pl\/#\/schema\/logo\/image\/"}},{"@type":"Person","@id":"https:\/\/marekkuchcinski.pl\/#\/schema\/person\/3df5731f1d989baf25555b5a344773d5","name":"admin","image":{"@type":"ImageObject","inLanguage":"hu-HU","@id":"https:\/\/secure.gravatar.com\/avatar\/8fdd2bf34b2a04a8cfb92bbed2c60d558452e5d61a8064e677da4778b9cf4898?s=96&d=mm&r=g","url":"https:\/\/secure.gravatar.com\/avatar\/8fdd2bf34b2a04a8cfb92bbed2c60d558452e5d61a8064e677da4778b9cf4898?s=96&d=mm&r=g","contentUrl":"https:\/\/secure.gravatar.com\/avatar\/8fdd2bf34b2a04a8cfb92bbed2c60d558452e5d61a8064e677da4778b9cf4898?s=96&d=mm&r=g","caption":"admin"},"sameAs":["https:\/\/marekkuchcinski.pl"],"url":"https:\/\/marekkuchcinski.pl\/hu\/author\/admin\/"}]}},"_links":{"self":[{"href":"https:\/\/marekkuchcinski.pl\/hu\/wp-json\/wp\/v2\/posts\/11973","targetHints":{"allow":["GET"]}}],"collection":[{"href":"https:\/\/marekkuchcinski.pl\/hu\/wp-json\/wp\/v2\/posts"}],"about":[{"href":"https:\/\/marekkuchcinski.pl\/hu\/wp-json\/wp\/v2\/types\/post"}],"author":[{"embeddable":true,"href":"https:\/\/marekkuchcinski.pl\/hu\/wp-json\/wp\/v2\/users\/1"}],"replies":[{"embeddable":true,"href":"https:\/\/marekkuchcinski.pl\/hu\/wp-json\/wp\/v2\/comments?post=11973"}],"version-history":[{"count":2,"href":"https:\/\/marekkuchcinski.pl\/hu\/wp-json\/wp\/v2\/posts\/11973\/revisions"}],"predecessor-version":[{"id":11977,"href":"https:\/\/marekkuchcinski.pl\/hu\/wp-json\/wp\/v2\/posts\/11973\/revisions\/11977"}],"wp:featuredmedia":[{"embeddable":true,"href":"https:\/\/marekkuchcinski.pl\/hu\/wp-json\/wp\/v2\/media\/11976"}],"wp:attachment":[{"href":"https:\/\/marekkuchcinski.pl\/hu\/wp-json\/wp\/v2\/media?parent=11973"}],"wp:term":[{"taxonomy":"category","embeddable":true,"href":"https:\/\/marekkuchcinski.pl\/hu\/wp-json\/wp\/v2\/categories?post=11973"},{"taxonomy":"post_tag","embeddable":true,"href":"https:\/\/marekkuchcinski.pl\/hu\/wp-json\/wp\/v2\/tags?post=11973"}],"curies":[{"name":"wp","href":"https:\/\/api.w.org\/{rel}","templated":true}]}}